{"id":32145,"date":"2019-11-20T14:40:10","date_gmt":"2019-11-20T17:40:10","guid":{"rendered":"http:\/\/www.gaveanews.com\/?p=32145"},"modified":"2019-11-20T14:40:19","modified_gmt":"2019-11-20T17:40:19","slug":"video-arrepiante-rafinha-revela-o-que-disse-para-jogadores-do-flamengo-antes-de-virada-sobre-o-emelec","status":"publish","type":"post","link":"https:\/\/www.gaveanews.com\/index.php\/2019\/11\/20\/video-arrepiante-rafinha-revela-o-que-disse-para-jogadores-do-flamengo-antes-de-virada-sobre-o-emelec\/","title":{"rendered":"V\u00eddeo: Arrepiante! Rafinha revela o que disse para jogadores do Flamengo antes de virada sobre o Emelec"},"content":{"rendered":"\n<p>O Flamengo est\u00e1 prestes a decidir o t\u00edtulo da Copa Libertadores da Am\u00e9rica, em jogo marcado para a tarde deste s\u00e1bado (23), contra o River Plate. Por\u00e9m, at\u00e9 chegar \u00e0 final, o Rubro-Negro teve grandes desafios. Um deles foi nas oitavas de final do torneio, quando saiu perdendo por 2 a 0 para o Emelec, conseguiu devolver o placar no Maracan\u00e3 e passar nos p\u00eanaltis. <\/p>\n\n\n\n<p>O lateral Rafinha, ali\u00e1s, foi pe\u00e7a-chave para a classifica\u00e7\u00e3o, tanto dentro quanto fora das quatro linhas.<\/p>\n\n\n\n<p>Em entrevista concedida ao perfil oficial da competi\u00e7\u00e3o, o experiente defensor contou como foram os bastidores da virada constru\u00edda pelo Rubro-Negro. Rafinha contou que, logo ap\u00f3s a derrota no Equador, ele fez quest\u00e3o de passar confian\u00e7a aos jogadores e garantir que o placar seria revertido no Maracan\u00e3.<\/p>\n\n\n\n<p>\u2013 Foi um jogo (de ida, contra o Emelec) diferente dos que estamos tendo no Flamengo agora. Era minha primeira vez na Libertadores, encontramos uma equipe j\u00e1 acostumada com essas decis\u00f5es. O Mister me colocou na ponta, pelo lado direito. Eu j\u00e1 tinha atuado nessa posi\u00e7\u00e3o, pelo Bayern de Munique. Mas como o jogo estava pegado, sem a bola parar no ch\u00e3o, ficou mais dif\u00edcil. A equipe deles chegou uma vez no primeiro tempo e marcou. No segundo tempo, foi a mesma coisa. N\u00e3o conseguiram dominar, massacrar a gente -, disse ele, antes de prosseguir:<\/p>\n\n\n\n<p>\u2013 Foi um resultado inesperado, mas eu deixei bem claro para os jogadores, falei para eles: \u201cN\u00f3s vamos vencer esse jogo, fiquem tranquilos. N\u00f3s vamos fazer o necess\u00e1rio, confiem, nosso time \u00e9 bom. A gente vai conseguir a classifica\u00e7\u00e3o\u201d. A torcida abra\u00e7ou tamb\u00e9m a ideia. Foi sofrido, mas deu tudo certo.<\/p>\n\n\n\n<p><strong>ASSISTA \u00c0 ENTREVISTA NA \u00cdNTEGRA:<\/strong><\/p>\n\n\n\n<figure class=\"wp-block-embed-youtube wp-block-embed is-type-video is-provider-youtube wp-embed-aspect-16-9 wp-has-aspect-ratio\"><div class=\"wp-block-embed__wrapper\">\n<iframe loading=\"lazy\" title=\"Rafinha: &quot; Outras torcidas n\u00e3o chegam perto! \u00c9 insaci\u00e1vel. O #Flamengo nunca joga fora de casa&quot;\" width=\"640\" height=\"360\" src=\"https:\/\/www.youtube.com\/embed\/Y9aIdrroLUk?feature=oembed\" frameborder=\"0\" allow=\"accelerometer; autoplay; clipboard-write; encrypted-media; gyroscope; picture-in-picture; web-share\" referrerpolicy=\"strict-origin-when-cross-origin\" allowfullscreen><\/iframe>\n<\/div><\/figure>\n\n\n\n<p>Retirado de: <a href=\"https:\/\/colunadofla.com\/2019\/11\/arrepiante-rafinha-revela-o-que-disse-para-jogadores-do-flamengo-antes-de-virada-sobre-o-emelec\/\">Coluna do Fla<\/a><\/p>\n","protected":false},"excerpt":{"rendered":"<p>O Flamengo est\u00e1 prestes a decidir o t\u00edtulo da Copa Libertadores da Am\u00e9rica, em jogo marcado para a tarde deste s\u00e1bado (23), contra o River Plate. Por\u00e9m, at\u00e9 chegar \u00e0 final, o Rubro-Negro teve grandes desafios. Um deles foi nas oitavas de final do torneio, quando saiu perdendo por 2 a 0 para o Emelec, [&hellip;]<\/p>\n","protected":false},"author":1,"featured_media":28891,"comment_status":"open","ping_status":"open","sticky":false,"template":"","format":"standard","meta":{"footnotes":""},"categories":[40],"tags":[],"class_list":["post-32145","post","type-post","status-publish","format-standard","has-post-thumbnail","hentry","category-video"],"yoast_head":"<!-- This site is optimized with the Yoast SEO Premium plugin v24.2 (Yoast SEO v26.9) - https:\/\/yoast.com\/product\/yoast-seo-premium-wordpress\/ -->\n<title>V\u00eddeo: Arrepiante! Rafinha revela o que disse para jogadores do Flamengo antes de virada sobre o Emelec<\/title>\n<meta name=\"robots\" content=\"index, follow, max-snippet:-1, max-image-preview:large, max-video-preview:-1\" \/>\n<link rel=\"canonical\" href=\"https:\/\/www.gaveanews.com\/index.php\/2019\/11\/20\/video-arrepiante-rafinha-revela-o-que-disse-para-jogadores-do-flamengo-antes-de-virada-sobre-o-emelec\/\" \/>\n<meta property=\"og:locale\" content=\"pt_BR\" \/>\n<meta property=\"og:type\" content=\"article\" \/>\n<meta property=\"og:title\" content=\"V\u00eddeo: Arrepiante! Rafinha revela o que disse para jogadores do Flamengo antes de virada sobre o Emelec\" \/>\n<meta property=\"og:description\" content=\"O Flamengo est\u00e1 prestes a decidir o t\u00edtulo da Copa Libertadores da Am\u00e9rica, em jogo marcado para a tarde deste s\u00e1bado (23), contra o River Plate. Por\u00e9m, at\u00e9 chegar \u00e0 final, o Rubro-Negro teve grandes desafios. Um deles foi nas oitavas de final do torneio, quando saiu perdendo por 2 a 0 para o Emelec, [&hellip;]\" \/>\n<meta property=\"og:url\" content=\"https:\/\/www.gaveanews.com\/index.php\/2019\/11\/20\/video-arrepiante-rafinha-revela-o-que-disse-para-jogadores-do-flamengo-antes-de-virada-sobre-o-emelec\/\" \/>\n<meta property=\"og:site_name\" content=\"G\u00e1vea News\" \/>\n<meta property=\"article:publisher\" content=\"https:\/\/facebook.com\/gaveaNews\/\" \/>\n<meta property=\"article:published_time\" content=\"2019-11-20T17:40:10+00:00\" \/>\n<meta property=\"article:modified_time\" content=\"2019-11-20T17:40:19+00:00\" \/>\n<meta property=\"og:image\" content=\"https:\/\/www.gaveanews.com\/wp-content\/uploads\/Lateral-Rafinha-durante-uma-partida-do-Flamengo.webp\" \/>\n\t<meta property=\"og:image:width\" content=\"900\" \/>\n\t<meta property=\"og:image:height\" content=\"600\" \/>\n\t<meta property=\"og:image:type\" content=\"image\/jpeg\" \/>\n<meta name=\"author\" content=\"Equipe G\u00e1vea News\" \/>\n<meta name=\"twitter:card\" content=\"summary_large_image\" \/>\n<meta name=\"twitter:label1\" content=\"Escrito por\" \/>\n\t<meta name=\"twitter:data1\" content=\"Equipe G\u00e1vea News\" \/>\n\t<meta name=\"twitter:label2\" content=\"Est. tempo de leitura\" \/>\n\t<meta name=\"twitter:data2\" content=\"2 minutos\" \/>\n<script type=\"application\/ld+json\" class=\"yoast-schema-graph\">{\"@context\":\"https:\/\/schema.org\",\"@graph\":[{\"@type\":\"NewsArticle\",\"@id\":\"https:\/\/www.gaveanews.com\/index.php\/2019\/11\/20\/video-arrepiante-rafinha-revela-o-que-disse-para-jogadores-do-flamengo-antes-de-virada-sobre-o-emelec\/#article\",\"isPartOf\":{\"@id\":\"https:\/\/www.gaveanews.com\/index.php\/2019\/11\/20\/video-arrepiante-rafinha-revela-o-que-disse-para-jogadores-do-flamengo-antes-de-virada-sobre-o-emelec\/\"},\"author\":{\"name\":\"Equipe G\u00e1vea News\",\"@id\":\"https:\/\/www.gaveanews.com\/#\/schema\/person\/2ec14f73fb96be2caf28f91afb14749d\"},\"headline\":\"V\u00eddeo: Arrepiante! Rafinha revela o que disse para jogadores do Flamengo antes de virada sobre o Emelec\",\"datePublished\":\"2019-11-20T17:40:10+00:00\",\"dateModified\":\"2019-11-20T17:40:19+00:00\",\"mainEntityOfPage\":{\"@id\":\"https:\/\/www.gaveanews.com\/index.php\/2019\/11\/20\/video-arrepiante-rafinha-revela-o-que-disse-para-jogadores-do-flamengo-antes-de-virada-sobre-o-emelec\/\"},\"wordCount\":330,\"commentCount\":0,\"image\":{\"@id\":\"https:\/\/www.gaveanews.com\/index.php\/2019\/11\/20\/video-arrepiante-rafinha-revela-o-que-disse-para-jogadores-do-flamengo-antes-de-virada-sobre-o-emelec\/#primaryimage\"},\"thumbnailUrl\":\"https:\/\/www.gaveanews.com\/wp-content\/uploads\/Lateral-Rafinha-durante-uma-partida-do-Flamengo.webp\",\"articleSection\":[\"V\u00eddeos\"],\"inLanguage\":\"pt-BR\",\"potentialAction\":[{\"@type\":\"CommentAction\",\"name\":\"Comment\",\"target\":[\"https:\/\/www.gaveanews.com\/index.php\/2019\/11\/20\/video-arrepiante-rafinha-revela-o-que-disse-para-jogadores-do-flamengo-antes-de-virada-sobre-o-emelec\/#respond\"]}],\"copyrightYear\":\"2019\",\"copyrightHolder\":{\"@id\":\"https:\/\/www.gaveanews.com\/#organization\"}},{\"@type\":\"WebPage\",\"@id\":\"https:\/\/www.gaveanews.com\/index.php\/2019\/11\/20\/video-arrepiante-rafinha-revela-o-que-disse-para-jogadores-do-flamengo-antes-de-virada-sobre-o-emelec\/\",\"url\":\"https:\/\/www.gaveanews.com\/index.php\/2019\/11\/20\/video-arrepiante-rafinha-revela-o-que-disse-para-jogadores-do-flamengo-antes-de-virada-sobre-o-emelec\/\",\"name\":\"V\u00eddeo: Arrepiante! Rafinha revela o que disse para jogadores do Flamengo antes de virada sobre o Emelec\",\"isPartOf\":{\"@id\":\"https:\/\/www.gaveanews.com\/#website\"},\"primaryImageOfPage\":{\"@id\":\"https:\/\/www.gaveanews.com\/index.php\/2019\/11\/20\/video-arrepiante-rafinha-revela-o-que-disse-para-jogadores-do-flamengo-antes-de-virada-sobre-o-emelec\/#primaryimage\"},\"image\":{\"@id\":\"https:\/\/www.gaveanews.com\/index.php\/2019\/11\/20\/video-arrepiante-rafinha-revela-o-que-disse-para-jogadores-do-flamengo-antes-de-virada-sobre-o-emelec\/#primaryimage\"},\"thumbnailUrl\":\"https:\/\/www.gaveanews.com\/wp-content\/uploads\/Lateral-Rafinha-durante-uma-partida-do-Flamengo.webp\",\"datePublished\":\"2019-11-20T17:40:10+00:00\",\"dateModified\":\"2019-11-20T17:40:19+00:00\",\"author\":{\"@id\":\"https:\/\/www.gaveanews.com\/#\/schema\/person\/2ec14f73fb96be2caf28f91afb14749d\"},\"breadcrumb\":{\"@id\":\"https:\/\/www.gaveanews.com\/index.php\/2019\/11\/20\/video-arrepiante-rafinha-revela-o-que-disse-para-jogadores-do-flamengo-antes-de-virada-sobre-o-emelec\/#breadcrumb\"},\"inLanguage\":\"pt-BR\",\"potentialAction\":[{\"@type\":\"ReadAction\",\"target\":[\"https:\/\/www.gaveanews.com\/index.php\/2019\/11\/20\/video-arrepiante-rafinha-revela-o-que-disse-para-jogadores-do-flamengo-antes-de-virada-sobre-o-emelec\/\"]}]},{\"@type\":\"ImageObject\",\"inLanguage\":\"pt-BR\",\"@id\":\"https:\/\/www.gaveanews.com\/index.php\/2019\/11\/20\/video-arrepiante-rafinha-revela-o-que-disse-para-jogadores-do-flamengo-antes-de-virada-sobre-o-emelec\/#primaryimage\",\"url\":\"https:\/\/www.gaveanews.com\/wp-content\/uploads\/Lateral-Rafinha-durante-uma-partida-do-Flamengo.webp\",\"contentUrl\":\"https:\/\/www.gaveanews.com\/wp-content\/uploads\/Lateral-Rafinha-durante-uma-partida-do-Flamengo.webp\",\"width\":900,\"height\":600,\"caption\":\"Lateral Rafinha durante uma partida do Flamengo (Foto: Alexandre Vidal\/Flamengo)\"},{\"@type\":\"BreadcrumbList\",\"@id\":\"https:\/\/www.gaveanews.com\/index.php\/2019\/11\/20\/video-arrepiante-rafinha-revela-o-que-disse-para-jogadores-do-flamengo-antes-de-virada-sobre-o-emelec\/#breadcrumb\",\"itemListElement\":[{\"@type\":\"ListItem\",\"position\":1,\"name\":\"Home\",\"item\":\"https:\/\/www.gaveanews.com\/\"},{\"@type\":\"ListItem\",\"position\":2,\"name\":\"V\u00eddeo: Arrepiante! Rafinha revela o que disse para jogadores do Flamengo antes de virada sobre o Emelec\"}]},{\"@type\":\"WebSite\",\"@id\":\"https:\/\/www.gaveanews.com\/#website\",\"url\":\"https:\/\/www.gaveanews.com\/\",\"name\":\"G\u00e1vea News\",\"description\":\"Veja todas as not\u00edcias sobre o Flamengo: Contrata\u00e7\u00f5es, categorias de base, resultados das partidas, tabela de classifica\u00e7\u00e3o, pr\u00f3ximos jogos!\",\"potentialAction\":[{\"@type\":\"SearchAction\",\"target\":{\"@type\":\"EntryPoint\",\"urlTemplate\":\"https:\/\/www.gaveanews.com\/?s={search_term_string}\"},\"query-input\":{\"@type\":\"PropertyValueSpecification\",\"valueRequired\":true,\"valueName\":\"search_term_string\"}}],\"inLanguage\":\"pt-BR\"},{\"@type\":\"Person\",\"@id\":\"https:\/\/www.gaveanews.com\/#\/schema\/person\/2ec14f73fb96be2caf28f91afb14749d\",\"name\":\"Equipe G\u00e1vea News\",\"image\":{\"@type\":\"ImageObject\",\"inLanguage\":\"pt-BR\",\"@id\":\"https:\/\/www.gaveanews.com\/#\/schema\/person\/image\/\",\"url\":\"https:\/\/secure.gravatar.com\/avatar\/1e1956f1facbffd3f8fa53a326721950116b3b9dc9bd44939c01180fd4a745a9?s=96&d=mm&r=g\",\"contentUrl\":\"https:\/\/secure.gravatar.com\/avatar\/1e1956f1facbffd3f8fa53a326721950116b3b9dc9bd44939c01180fd4a745a9?s=96&d=mm&r=g\",\"caption\":\"Equipe G\u00e1vea News\"}}]}<\/script>\n<!-- \/ Yoast SEO Premium plugin. -->","yoast_head_json":{"title":"V\u00eddeo: Arrepiante! Rafinha revela o que disse para jogadores do Flamengo antes de virada sobre o Emelec","robots":{"index":"index","follow":"follow","max-snippet":"max-snippet:-1","max-image-preview":"max-image-preview:large","max-video-preview":"max-video-preview:-1"},"canonical":"https:\/\/www.gaveanews.com\/index.php\/2019\/11\/20\/video-arrepiante-rafinha-revela-o-que-disse-para-jogadores-do-flamengo-antes-de-virada-sobre-o-emelec\/","og_locale":"pt_BR","og_type":"article","og_title":"V\u00eddeo: Arrepiante! Rafinha revela o que disse para jogadores do Flamengo antes de virada sobre o Emelec","og_description":"O Flamengo est\u00e1 prestes a decidir o t\u00edtulo da Copa Libertadores da Am\u00e9rica, em jogo marcado para a tarde deste s\u00e1bado (23), contra o River Plate. Por\u00e9m, at\u00e9 chegar \u00e0 final, o Rubro-Negro teve grandes desafios. Um deles foi nas oitavas de final do torneio, quando saiu perdendo por 2 a 0 para o Emelec, [&hellip;]","og_url":"https:\/\/www.gaveanews.com\/index.php\/2019\/11\/20\/video-arrepiante-rafinha-revela-o-que-disse-para-jogadores-do-flamengo-antes-de-virada-sobre-o-emelec\/","og_site_name":"G\u00e1vea News","article_publisher":"https:\/\/facebook.com\/gaveaNews\/","article_published_time":"2019-11-20T17:40:10+00:00","article_modified_time":"2019-11-20T17:40:19+00:00","og_image":[{"width":900,"height":600,"url":"https:\/\/www.gaveanews.com\/wp-content\/uploads\/Lateral-Rafinha-durante-uma-partida-do-Flamengo.webp","type":"image\/jpeg"}],"author":"Equipe G\u00e1vea News","twitter_card":"summary_large_image","twitter_misc":{"Escrito por":"Equipe G\u00e1vea News","Est. tempo de leitura":"2 minutos"},"schema":{"@context":"https:\/\/schema.org","@graph":[{"@type":"NewsArticle","@id":"https:\/\/www.gaveanews.com\/index.php\/2019\/11\/20\/video-arrepiante-rafinha-revela-o-que-disse-para-jogadores-do-flamengo-antes-de-virada-sobre-o-emelec\/#article","isPartOf":{"@id":"https:\/\/www.gaveanews.com\/index.php\/2019\/11\/20\/video-arrepiante-rafinha-revela-o-que-disse-para-jogadores-do-flamengo-antes-de-virada-sobre-o-emelec\/"},"author":{"name":"Equipe G\u00e1vea News","@id":"https:\/\/www.gaveanews.com\/#\/schema\/person\/2ec14f73fb96be2caf28f91afb14749d"},"headline":"V\u00eddeo: Arrepiante! Rafinha revela o que disse para jogadores do Flamengo antes de virada sobre o Emelec","datePublished":"2019-11-20T17:40:10+00:00","dateModified":"2019-11-20T17:40:19+00:00","mainEntityOfPage":{"@id":"https:\/\/www.gaveanews.com\/index.php\/2019\/11\/20\/video-arrepiante-rafinha-revela-o-que-disse-para-jogadores-do-flamengo-antes-de-virada-sobre-o-emelec\/"},"wordCount":330,"commentCount":0,"image":{"@id":"https:\/\/www.gaveanews.com\/index.php\/2019\/11\/20\/video-arrepiante-rafinha-revela-o-que-disse-para-jogadores-do-flamengo-antes-de-virada-sobre-o-emelec\/#primaryimage"},"thumbnailUrl":"https:\/\/www.gaveanews.com\/wp-content\/uploads\/Lateral-Rafinha-durante-uma-partida-do-Flamengo.webp","articleSection":["V\u00eddeos"],"inLanguage":"pt-BR","potentialAction":[{"@type":"CommentAction","name":"Comment","target":["https:\/\/www.gaveanews.com\/index.php\/2019\/11\/20\/video-arrepiante-rafinha-revela-o-que-disse-para-jogadores-do-flamengo-antes-de-virada-sobre-o-emelec\/#respond"]}],"copyrightYear":"2019","copyrightHolder":{"@id":"https:\/\/www.gaveanews.com\/#organization"}},{"@type":"WebPage","@id":"https:\/\/www.gaveanews.com\/index.php\/2019\/11\/20\/video-arrepiante-rafinha-revela-o-que-disse-para-jogadores-do-flamengo-antes-de-virada-sobre-o-emelec\/","url":"https:\/\/www.gaveanews.com\/index.php\/2019\/11\/20\/video-arrepiante-rafinha-revela-o-que-disse-para-jogadores-do-flamengo-antes-de-virada-sobre-o-emelec\/","name":"V\u00eddeo: Arrepiante! Rafinha revela o que disse para jogadores do Flamengo antes de virada sobre o Emelec","isPartOf":{"@id":"https:\/\/www.gaveanews.com\/#website"},"primaryImageOfPage":{"@id":"https:\/\/www.gaveanews.com\/index.php\/2019\/11\/20\/video-arrepiante-rafinha-revela-o-que-disse-para-jogadores-do-flamengo-antes-de-virada-sobre-o-emelec\/#primaryimage"},"image":{"@id":"https:\/\/www.gaveanews.com\/index.php\/2019\/11\/20\/video-arrepiante-rafinha-revela-o-que-disse-para-jogadores-do-flamengo-antes-de-virada-sobre-o-emelec\/#primaryimage"},"thumbnailUrl":"https:\/\/www.gaveanews.com\/wp-content\/uploads\/Lateral-Rafinha-durante-uma-partida-do-Flamengo.webp","datePublished":"2019-11-20T17:40:10+00:00","dateModified":"2019-11-20T17:40:19+00:00","author":{"@id":"https:\/\/www.gaveanews.com\/#\/schema\/person\/2ec14f73fb96be2caf28f91afb14749d"},"breadcrumb":{"@id":"https:\/\/www.gaveanews.com\/index.php\/2019\/11\/20\/video-arrepiante-rafinha-revela-o-que-disse-para-jogadores-do-flamengo-antes-de-virada-sobre-o-emelec\/#breadcrumb"},"inLanguage":"pt-BR","potentialAction":[{"@type":"ReadAction","target":["https:\/\/www.gaveanews.com\/index.php\/2019\/11\/20\/video-arrepiante-rafinha-revela-o-que-disse-para-jogadores-do-flamengo-antes-de-virada-sobre-o-emelec\/"]}]},{"@type":"ImageObject","inLanguage":"pt-BR","@id":"https:\/\/www.gaveanews.com\/index.php\/2019\/11\/20\/video-arrepiante-rafinha-revela-o-que-disse-para-jogadores-do-flamengo-antes-de-virada-sobre-o-emelec\/#primaryimage","url":"https:\/\/www.gaveanews.com\/wp-content\/uploads\/Lateral-Rafinha-durante-uma-partida-do-Flamengo.webp","contentUrl":"https:\/\/www.gaveanews.com\/wp-content\/uploads\/Lateral-Rafinha-durante-uma-partida-do-Flamengo.webp","width":900,"height":600,"caption":"Lateral Rafinha durante uma partida do Flamengo (Foto: Alexandre Vidal\/Flamengo)"},{"@type":"BreadcrumbList","@id":"https:\/\/www.gaveanews.com\/index.php\/2019\/11\/20\/video-arrepiante-rafinha-revela-o-que-disse-para-jogadores-do-flamengo-antes-de-virada-sobre-o-emelec\/#breadcrumb","itemListElement":[{"@type":"ListItem","position":1,"name":"Home","item":"https:\/\/www.gaveanews.com\/"},{"@type":"ListItem","position":2,"name":"V\u00eddeo: Arrepiante! Rafinha revela o que disse para jogadores do Flamengo antes de virada sobre o Emelec"}]},{"@type":"WebSite","@id":"https:\/\/www.gaveanews.com\/#website","url":"https:\/\/www.gaveanews.com\/","name":"G\u00e1vea News","description":"Veja todas as not\u00edcias sobre o Flamengo: Contrata\u00e7\u00f5es, categorias de base, resultados das partidas, tabela de classifica\u00e7\u00e3o, pr\u00f3ximos jogos!","potentialAction":[{"@type":"SearchAction","target":{"@type":"EntryPoint","urlTemplate":"https:\/\/www.gaveanews.com\/?s={search_term_string}"},"query-input":{"@type":"PropertyValueSpecification","valueRequired":true,"valueName":"search_term_string"}}],"inLanguage":"pt-BR"},{"@type":"Person","@id":"https:\/\/www.gaveanews.com\/#\/schema\/person\/2ec14f73fb96be2caf28f91afb14749d","name":"Equipe G\u00e1vea News","image":{"@type":"ImageObject","inLanguage":"pt-BR","@id":"https:\/\/www.gaveanews.com\/#\/schema\/person\/image\/","url":"https:\/\/secure.gravatar.com\/avatar\/1e1956f1facbffd3f8fa53a326721950116b3b9dc9bd44939c01180fd4a745a9?s=96&d=mm&r=g","contentUrl":"https:\/\/secure.gravatar.com\/avatar\/1e1956f1facbffd3f8fa53a326721950116b3b9dc9bd44939c01180fd4a745a9?s=96&d=mm&r=g","caption":"Equipe G\u00e1vea News"}}]}},"_links":{"self":[{"href":"https:\/\/www.gaveanews.com\/index.php\/wp-json\/wp\/v2\/posts\/32145","targetHints":{"allow":["GET"]}}],"collection":[{"href":"https:\/\/www.gaveanews.com\/index.php\/wp-json\/wp\/v2\/posts"}],"about":[{"href":"https:\/\/www.gaveanews.com\/index.php\/wp-json\/wp\/v2\/types\/post"}],"author":[{"embeddable":true,"href":"https:\/\/www.gaveanews.com\/index.php\/wp-json\/wp\/v2\/users\/1"}],"replies":[{"embeddable":true,"href":"https:\/\/www.gaveanews.com\/index.php\/wp-json\/wp\/v2\/comments?post=32145"}],"version-history":[{"count":0,"href":"https:\/\/www.gaveanews.com\/index.php\/wp-json\/wp\/v2\/posts\/32145\/revisions"}],"wp:featuredmedia":[{"embeddable":true,"href":"https:\/\/www.gaveanews.com\/index.php\/wp-json\/wp\/v2\/media\/28891"}],"wp:attachment":[{"href":"https:\/\/www.gaveanews.com\/index.php\/wp-json\/wp\/v2\/media?parent=32145"}],"wp:term":[{"taxonomy":"category","embeddable":true,"href":"https:\/\/www.gaveanews.com\/index.php\/wp-json\/wp\/v2\/categories?post=32145"},{"taxonomy":"post_tag","embeddable":true,"href":"https:\/\/www.gaveanews.com\/index.php\/wp-json\/wp\/v2\/tags?post=32145"}],"curies":[{"name":"wp","href":"https:\/\/api.w.org\/{rel}","templated":true}]}}