{"id":32157,"date":"2019-11-20T17:44:29","date_gmt":"2019-11-20T20:44:29","guid":{"rendered":"http:\/\/www.gaveanews.com\/?p=32157"},"modified":"2019-11-20T17:44:29","modified_gmt":"2019-11-20T20:44:29","slug":"ex-volante-do-flamengo-afirma-que-torcera-para-o-rubro-negro-ser-campeao-da-copa-libertadores-sem-duvida","status":"publish","type":"post","link":"https:\/\/www.gaveanews.com\/index.php\/2019\/11\/20\/ex-volante-do-flamengo-afirma-que-torcera-para-o-rubro-negro-ser-campeao-da-copa-libertadores-sem-duvida\/","title":{"rendered":"Ex-volante do Flamengo afirma que torcer\u00e1 para o rubro-negro ser campe\u00e3o da Copa Libertadores: &#8220;Sem d\u00favida&#8221;"},"content":{"rendered":"\n<p>Atualmente no Al Hazem, da Ar\u00e1bia Saudita, o volante Muralha, ex-Flamengo, destacou a torcida que ele e sua fam\u00edlia ter\u00e3o pelo Flamengo na final da Copa Libertadores, a ser realizada neste s\u00e1bado, contra o River Plate. <\/p>\n\n\n\n<p>Segundo o jogador, o Rubro-negro enfrentar\u00e1 um grande advers\u00e1rio, que, ali\u00e1s, \u00e9 o atual campe\u00e3o do torneio, mas que a sua boa fase passar\u00e1 por cima.<\/p>\n\n\n\n<p>\u2014 O Flamengo tem uma das melhores equipes do futebol brasileiro dos \u00faltimos anos. \u00c9 um grupo muito forte, competitivo e que tem tudo para conquistar a Libertadores este ano. A experi\u00eancia contar\u00e1 muito. Sem d\u00favida, estarei na torcida pelo clube. Tenho certeza que o grupo far\u00e1 um grande jogo e levantar\u00e1 essa ta\u00e7a para a Na\u00e7\u00e3o novamente &#8211; disse Muralha, projetado pelo Fla.<\/p>\n\n\n\n<p>Ainda de acordo com o jogador de 26 anos, que jogou pelo Fla pela \u00faltima vez em 2014, nomes como Bruno Henrique, Gabriel, Rafinha, Filipe Lu\u00eds, Rodrigo Caio e Everton Ribeiro podem fazer a diferen\u00e7a em um duelo como esse.<\/p>\n\n\n\n<p>\u2014 O elenco do Flamengo \u00e9 muito forte e jogadores do n\u00edvel de Bruno Henrique, Gabriel, Everton Ribeiro podem fazer a diferen\u00e7a em um duelo como esse. \u00c9 at\u00e9 injusto citar um ou outro jogador. Todos podem decidir.<\/p>\n\n\n\n<figure class=\"wp-block-image size-large\"><img decoding=\"async\" src=\"http:\/\/1.bp.blogspot.com\/-hfsmKRE9Gwo\/XdWlWdJY_KI\/AAAAAAAAcDw\/crgV7a6iN5s1-PI61glj-Z_Gp6FuQqxEACK4BGAYYCw\/s1600\/5af7350264dbb.webp\" alt=\"\"\/><figcaption>Muralha est\u00e1 no futebol saudita desde a temporada passada (Foto: Divulga\u00e7\u00e3o)<\/figcaption><\/figure>\n\n\n\n<p>Retirado de: Lance<\/p>\n","protected":false},"excerpt":{"rendered":"<p>Atualmente no Al Hazem, da Ar\u00e1bia Saudita, o volante Muralha, ex-Flamengo, destacou a torcida que ele e sua fam\u00edlia ter\u00e3o pelo Flamengo na final da Copa Libertadores, a ser realizada neste s\u00e1bado, contra o River Plate. Segundo o jogador, o Rubro-negro enfrentar\u00e1 um grande advers\u00e1rio, que, ali\u00e1s, \u00e9 o atual campe\u00e3o do torneio, mas que [&hellip;]<\/p>\n","protected":false},"author":1,"featured_media":14851,"comment_status":"open","ping_status":"open","sticky":false,"template":"","format":"standard","meta":{"footnotes":""},"categories":[47],"tags":[],"class_list":["post-32157","post","type-post","status-publish","format-standard","has-post-thumbnail","hentry","category-destaques"],"yoast_head":"<!-- This site is optimized with the Yoast SEO Premium plugin v24.2 (Yoast SEO v26.9) - https:\/\/yoast.com\/product\/yoast-seo-premium-wordpress\/ -->\n<title>Ex-volante do Flamengo afirma que torcer\u00e1 para o rubro-negro ser campe\u00e3o da Copa Libertadores: &quot;Sem d\u00favida&quot;<\/title>\n<meta name=\"robots\" content=\"index, follow, max-snippet:-1, max-image-preview:large, max-video-preview:-1\" \/>\n<link rel=\"canonical\" href=\"https:\/\/www.gaveanews.com\/index.php\/2019\/11\/20\/ex-volante-do-flamengo-afirma-que-torcera-para-o-rubro-negro-ser-campeao-da-copa-libertadores-sem-duvida\/\" \/>\n<meta property=\"og:locale\" content=\"pt_BR\" \/>\n<meta property=\"og:type\" content=\"article\" \/>\n<meta property=\"og:title\" content=\"Ex-volante do Flamengo afirma que torcer\u00e1 para o rubro-negro ser campe\u00e3o da Copa Libertadores: &quot;Sem d\u00favida&quot;\" \/>\n<meta property=\"og:description\" content=\"Atualmente no Al Hazem, da Ar\u00e1bia Saudita, o volante Muralha, ex-Flamengo, destacou a torcida que ele e sua fam\u00edlia ter\u00e3o pelo Flamengo na final da Copa Libertadores, a ser realizada neste s\u00e1bado, contra o River Plate. Segundo o jogador, o Rubro-negro enfrentar\u00e1 um grande advers\u00e1rio, que, ali\u00e1s, \u00e9 o atual campe\u00e3o do torneio, mas que [&hellip;]\" \/>\n<meta property=\"og:url\" content=\"https:\/\/www.gaveanews.com\/index.php\/2019\/11\/20\/ex-volante-do-flamengo-afirma-que-torcera-para-o-rubro-negro-ser-campeao-da-copa-libertadores-sem-duvida\/\" \/>\n<meta property=\"og:site_name\" content=\"G\u00e1vea News\" \/>\n<meta property=\"article:publisher\" content=\"https:\/\/facebook.com\/gaveaNews\/\" \/>\n<meta property=\"article:published_time\" content=\"2019-11-20T20:44:29+00:00\" \/>\n<meta property=\"og:image\" content=\"https:\/\/www.gaveanews.com\/wp-content\/uploads\/2019\/03\/Taca-da-Copa-Libertadores-da-America.webp\" \/>\n\t<meta property=\"og:image:width\" content=\"1\" \/>\n\t<meta property=\"og:image:height\" content=\"1\" \/>\n\t<meta property=\"og:image:type\" content=\"image\/jpeg\" \/>\n<meta name=\"author\" content=\"Equipe G\u00e1vea News\" \/>\n<meta name=\"twitter:card\" content=\"summary_large_image\" \/>\n<meta name=\"twitter:label1\" content=\"Escrito por\" \/>\n\t<meta name=\"twitter:data1\" content=\"Equipe G\u00e1vea News\" \/>\n\t<meta name=\"twitter:label2\" content=\"Est. tempo de leitura\" \/>\n\t<meta name=\"twitter:data2\" content=\"1 minuto\" \/>\n<script type=\"application\/ld+json\" class=\"yoast-schema-graph\">{\"@context\":\"https:\/\/schema.org\",\"@graph\":[{\"@type\":\"NewsArticle\",\"@id\":\"https:\/\/www.gaveanews.com\/index.php\/2019\/11\/20\/ex-volante-do-flamengo-afirma-que-torcera-para-o-rubro-negro-ser-campeao-da-copa-libertadores-sem-duvida\/#article\",\"isPartOf\":{\"@id\":\"https:\/\/www.gaveanews.com\/index.php\/2019\/11\/20\/ex-volante-do-flamengo-afirma-que-torcera-para-o-rubro-negro-ser-campeao-da-copa-libertadores-sem-duvida\/\"},\"author\":{\"name\":\"Equipe G\u00e1vea News\",\"@id\":\"https:\/\/www.gaveanews.com\/#\/schema\/person\/2ec14f73fb96be2caf28f91afb14749d\"},\"headline\":\"Ex-volante do Flamengo afirma que torcer\u00e1 para o rubro-negro ser campe\u00e3o da Copa Libertadores: &#8220;Sem d\u00favida&#8221;\",\"datePublished\":\"2019-11-20T20:44:29+00:00\",\"mainEntityOfPage\":{\"@id\":\"https:\/\/www.gaveanews.com\/index.php\/2019\/11\/20\/ex-volante-do-flamengo-afirma-que-torcera-para-o-rubro-negro-ser-campeao-da-copa-libertadores-sem-duvida\/\"},\"wordCount\":244,\"commentCount\":0,\"image\":{\"@id\":\"https:\/\/www.gaveanews.com\/index.php\/2019\/11\/20\/ex-volante-do-flamengo-afirma-que-torcera-para-o-rubro-negro-ser-campeao-da-copa-libertadores-sem-duvida\/#primaryimage\"},\"thumbnailUrl\":\"https:\/\/www.gaveanews.com\/wp-content\/uploads\/2019\/03\/Taca-da-Copa-Libertadores-da-America.webp\",\"articleSection\":[\"Destaques\"],\"inLanguage\":\"pt-BR\",\"potentialAction\":[{\"@type\":\"CommentAction\",\"name\":\"Comment\",\"target\":[\"https:\/\/www.gaveanews.com\/index.php\/2019\/11\/20\/ex-volante-do-flamengo-afirma-que-torcera-para-o-rubro-negro-ser-campeao-da-copa-libertadores-sem-duvida\/#respond\"]}],\"copyrightYear\":\"2019\",\"copyrightHolder\":{\"@id\":\"https:\/\/www.gaveanews.com\/#organization\"}},{\"@type\":\"WebPage\",\"@id\":\"https:\/\/www.gaveanews.com\/index.php\/2019\/11\/20\/ex-volante-do-flamengo-afirma-que-torcera-para-o-rubro-negro-ser-campeao-da-copa-libertadores-sem-duvida\/\",\"url\":\"https:\/\/www.gaveanews.com\/index.php\/2019\/11\/20\/ex-volante-do-flamengo-afirma-que-torcera-para-o-rubro-negro-ser-campeao-da-copa-libertadores-sem-duvida\/\",\"name\":\"Ex-volante do Flamengo afirma que torcer\u00e1 para o rubro-negro ser campe\u00e3o da Copa Libertadores: \\\"Sem d\u00favida\\\"\",\"isPartOf\":{\"@id\":\"https:\/\/www.gaveanews.com\/#website\"},\"primaryImageOfPage\":{\"@id\":\"https:\/\/www.gaveanews.com\/index.php\/2019\/11\/20\/ex-volante-do-flamengo-afirma-que-torcera-para-o-rubro-negro-ser-campeao-da-copa-libertadores-sem-duvida\/#primaryimage\"},\"image\":{\"@id\":\"https:\/\/www.gaveanews.com\/index.php\/2019\/11\/20\/ex-volante-do-flamengo-afirma-que-torcera-para-o-rubro-negro-ser-campeao-da-copa-libertadores-sem-duvida\/#primaryimage\"},\"thumbnailUrl\":\"https:\/\/www.gaveanews.com\/wp-content\/uploads\/2019\/03\/Taca-da-Copa-Libertadores-da-America.webp\",\"datePublished\":\"2019-11-20T20:44:29+00:00\",\"author\":{\"@id\":\"https:\/\/www.gaveanews.com\/#\/schema\/person\/2ec14f73fb96be2caf28f91afb14749d\"},\"breadcrumb\":{\"@id\":\"https:\/\/www.gaveanews.com\/index.php\/2019\/11\/20\/ex-volante-do-flamengo-afirma-que-torcera-para-o-rubro-negro-ser-campeao-da-copa-libertadores-sem-duvida\/#breadcrumb\"},\"inLanguage\":\"pt-BR\",\"potentialAction\":[{\"@type\":\"ReadAction\",\"target\":[\"https:\/\/www.gaveanews.com\/index.php\/2019\/11\/20\/ex-volante-do-flamengo-afirma-que-torcera-para-o-rubro-negro-ser-campeao-da-copa-libertadores-sem-duvida\/\"]}]},{\"@type\":\"ImageObject\",\"inLanguage\":\"pt-BR\",\"@id\":\"https:\/\/www.gaveanews.com\/index.php\/2019\/11\/20\/ex-volante-do-flamengo-afirma-que-torcera-para-o-rubro-negro-ser-campeao-da-copa-libertadores-sem-duvida\/#primaryimage\",\"url\":\"https:\/\/www.gaveanews.com\/wp-content\/uploads\/2019\/03\/Taca-da-Copa-Libertadores-da-America.webp\",\"contentUrl\":\"https:\/\/www.gaveanews.com\/wp-content\/uploads\/2019\/03\/Taca-da-Copa-Libertadores-da-America.webp\",\"caption\":\"Ta\u00e7a da Copa Libertadores da Am\u00e9rica (Foto: Divulga\u00e7\u00e3o\/Conmebol)\"},{\"@type\":\"BreadcrumbList\",\"@id\":\"https:\/\/www.gaveanews.com\/index.php\/2019\/11\/20\/ex-volante-do-flamengo-afirma-que-torcera-para-o-rubro-negro-ser-campeao-da-copa-libertadores-sem-duvida\/#breadcrumb\",\"itemListElement\":[{\"@type\":\"ListItem\",\"position\":1,\"name\":\"Home\",\"item\":\"https:\/\/www.gaveanews.com\/\"},{\"@type\":\"ListItem\",\"position\":2,\"name\":\"Ex-volante do Flamengo afirma que torcer\u00e1 para o rubro-negro ser campe\u00e3o da Copa Libertadores: &#8220;Sem d\u00favida&#8221;\"}]},{\"@type\":\"WebSite\",\"@id\":\"https:\/\/www.gaveanews.com\/#website\",\"url\":\"https:\/\/www.gaveanews.com\/\",\"name\":\"G\u00e1vea News\",\"description\":\"Veja todas as not\u00edcias sobre o Flamengo: Contrata\u00e7\u00f5es, categorias de base, resultados das partidas, tabela de classifica\u00e7\u00e3o, pr\u00f3ximos jogos!\",\"potentialAction\":[{\"@type\":\"SearchAction\",\"target\":{\"@type\":\"EntryPoint\",\"urlTemplate\":\"https:\/\/www.gaveanews.com\/?s={search_term_string}\"},\"query-input\":{\"@type\":\"PropertyValueSpecification\",\"valueRequired\":true,\"valueName\":\"search_term_string\"}}],\"inLanguage\":\"pt-BR\"},{\"@type\":\"Person\",\"@id\":\"https:\/\/www.gaveanews.com\/#\/schema\/person\/2ec14f73fb96be2caf28f91afb14749d\",\"name\":\"Equipe G\u00e1vea News\",\"image\":{\"@type\":\"ImageObject\",\"inLanguage\":\"pt-BR\",\"@id\":\"https:\/\/www.gaveanews.com\/#\/schema\/person\/image\/\",\"url\":\"https:\/\/secure.gravatar.com\/avatar\/1e1956f1facbffd3f8fa53a326721950116b3b9dc9bd44939c01180fd4a745a9?s=96&d=mm&r=g\",\"contentUrl\":\"https:\/\/secure.gravatar.com\/avatar\/1e1956f1facbffd3f8fa53a326721950116b3b9dc9bd44939c01180fd4a745a9?s=96&d=mm&r=g\",\"caption\":\"Equipe G\u00e1vea News\"}}]}<\/script>\n<!-- \/ Yoast SEO Premium plugin. -->","yoast_head_json":{"title":"Ex-volante do Flamengo afirma que torcer\u00e1 para o rubro-negro ser campe\u00e3o da Copa Libertadores: \"Sem d\u00favida\"","robots":{"index":"index","follow":"follow","max-snippet":"max-snippet:-1","max-image-preview":"max-image-preview:large","max-video-preview":"max-video-preview:-1"},"canonical":"https:\/\/www.gaveanews.com\/index.php\/2019\/11\/20\/ex-volante-do-flamengo-afirma-que-torcera-para-o-rubro-negro-ser-campeao-da-copa-libertadores-sem-duvida\/","og_locale":"pt_BR","og_type":"article","og_title":"Ex-volante do Flamengo afirma que torcer\u00e1 para o rubro-negro ser campe\u00e3o da Copa Libertadores: \"Sem d\u00favida\"","og_description":"Atualmente no Al Hazem, da Ar\u00e1bia Saudita, o volante Muralha, ex-Flamengo, destacou a torcida que ele e sua fam\u00edlia ter\u00e3o pelo Flamengo na final da Copa Libertadores, a ser realizada neste s\u00e1bado, contra o River Plate. Segundo o jogador, o Rubro-negro enfrentar\u00e1 um grande advers\u00e1rio, que, ali\u00e1s, \u00e9 o atual campe\u00e3o do torneio, mas que [&hellip;]","og_url":"https:\/\/www.gaveanews.com\/index.php\/2019\/11\/20\/ex-volante-do-flamengo-afirma-que-torcera-para-o-rubro-negro-ser-campeao-da-copa-libertadores-sem-duvida\/","og_site_name":"G\u00e1vea News","article_publisher":"https:\/\/facebook.com\/gaveaNews\/","article_published_time":"2019-11-20T20:44:29+00:00","og_image":[{"url":"https:\/\/www.gaveanews.com\/wp-content\/uploads\/2019\/03\/Taca-da-Copa-Libertadores-da-America.webp","width":1,"height":1,"type":"image\/jpeg"}],"author":"Equipe G\u00e1vea News","twitter_card":"summary_large_image","twitter_misc":{"Escrito por":"Equipe G\u00e1vea News","Est. tempo de leitura":"1 minuto"},"schema":{"@context":"https:\/\/schema.org","@graph":[{"@type":"NewsArticle","@id":"https:\/\/www.gaveanews.com\/index.php\/2019\/11\/20\/ex-volante-do-flamengo-afirma-que-torcera-para-o-rubro-negro-ser-campeao-da-copa-libertadores-sem-duvida\/#article","isPartOf":{"@id":"https:\/\/www.gaveanews.com\/index.php\/2019\/11\/20\/ex-volante-do-flamengo-afirma-que-torcera-para-o-rubro-negro-ser-campeao-da-copa-libertadores-sem-duvida\/"},"author":{"name":"Equipe G\u00e1vea News","@id":"https:\/\/www.gaveanews.com\/#\/schema\/person\/2ec14f73fb96be2caf28f91afb14749d"},"headline":"Ex-volante do Flamengo afirma que torcer\u00e1 para o rubro-negro ser campe\u00e3o da Copa Libertadores: &#8220;Sem d\u00favida&#8221;","datePublished":"2019-11-20T20:44:29+00:00","mainEntityOfPage":{"@id":"https:\/\/www.gaveanews.com\/index.php\/2019\/11\/20\/ex-volante-do-flamengo-afirma-que-torcera-para-o-rubro-negro-ser-campeao-da-copa-libertadores-sem-duvida\/"},"wordCount":244,"commentCount":0,"image":{"@id":"https:\/\/www.gaveanews.com\/index.php\/2019\/11\/20\/ex-volante-do-flamengo-afirma-que-torcera-para-o-rubro-negro-ser-campeao-da-copa-libertadores-sem-duvida\/#primaryimage"},"thumbnailUrl":"https:\/\/www.gaveanews.com\/wp-content\/uploads\/2019\/03\/Taca-da-Copa-Libertadores-da-America.webp","articleSection":["Destaques"],"inLanguage":"pt-BR","potentialAction":[{"@type":"CommentAction","name":"Comment","target":["https:\/\/www.gaveanews.com\/index.php\/2019\/11\/20\/ex-volante-do-flamengo-afirma-que-torcera-para-o-rubro-negro-ser-campeao-da-copa-libertadores-sem-duvida\/#respond"]}],"copyrightYear":"2019","copyrightHolder":{"@id":"https:\/\/www.gaveanews.com\/#organization"}},{"@type":"WebPage","@id":"https:\/\/www.gaveanews.com\/index.php\/2019\/11\/20\/ex-volante-do-flamengo-afirma-que-torcera-para-o-rubro-negro-ser-campeao-da-copa-libertadores-sem-duvida\/","url":"https:\/\/www.gaveanews.com\/index.php\/2019\/11\/20\/ex-volante-do-flamengo-afirma-que-torcera-para-o-rubro-negro-ser-campeao-da-copa-libertadores-sem-duvida\/","name":"Ex-volante do Flamengo afirma que torcer\u00e1 para o rubro-negro ser campe\u00e3o da Copa Libertadores: \"Sem d\u00favida\"","isPartOf":{"@id":"https:\/\/www.gaveanews.com\/#website"},"primaryImageOfPage":{"@id":"https:\/\/www.gaveanews.com\/index.php\/2019\/11\/20\/ex-volante-do-flamengo-afirma-que-torcera-para-o-rubro-negro-ser-campeao-da-copa-libertadores-sem-duvida\/#primaryimage"},"image":{"@id":"https:\/\/www.gaveanews.com\/index.php\/2019\/11\/20\/ex-volante-do-flamengo-afirma-que-torcera-para-o-rubro-negro-ser-campeao-da-copa-libertadores-sem-duvida\/#primaryimage"},"thumbnailUrl":"https:\/\/www.gaveanews.com\/wp-content\/uploads\/2019\/03\/Taca-da-Copa-Libertadores-da-America.webp","datePublished":"2019-11-20T20:44:29+00:00","author":{"@id":"https:\/\/www.gaveanews.com\/#\/schema\/person\/2ec14f73fb96be2caf28f91afb14749d"},"breadcrumb":{"@id":"https:\/\/www.gaveanews.com\/index.php\/2019\/11\/20\/ex-volante-do-flamengo-afirma-que-torcera-para-o-rubro-negro-ser-campeao-da-copa-libertadores-sem-duvida\/#breadcrumb"},"inLanguage":"pt-BR","potentialAction":[{"@type":"ReadAction","target":["https:\/\/www.gaveanews.com\/index.php\/2019\/11\/20\/ex-volante-do-flamengo-afirma-que-torcera-para-o-rubro-negro-ser-campeao-da-copa-libertadores-sem-duvida\/"]}]},{"@type":"ImageObject","inLanguage":"pt-BR","@id":"https:\/\/www.gaveanews.com\/index.php\/2019\/11\/20\/ex-volante-do-flamengo-afirma-que-torcera-para-o-rubro-negro-ser-campeao-da-copa-libertadores-sem-duvida\/#primaryimage","url":"https:\/\/www.gaveanews.com\/wp-content\/uploads\/2019\/03\/Taca-da-Copa-Libertadores-da-America.webp","contentUrl":"https:\/\/www.gaveanews.com\/wp-content\/uploads\/2019\/03\/Taca-da-Copa-Libertadores-da-America.webp","caption":"Ta\u00e7a da Copa Libertadores da Am\u00e9rica (Foto: Divulga\u00e7\u00e3o\/Conmebol)"},{"@type":"BreadcrumbList","@id":"https:\/\/www.gaveanews.com\/index.php\/2019\/11\/20\/ex-volante-do-flamengo-afirma-que-torcera-para-o-rubro-negro-ser-campeao-da-copa-libertadores-sem-duvida\/#breadcrumb","itemListElement":[{"@type":"ListItem","position":1,"name":"Home","item":"https:\/\/www.gaveanews.com\/"},{"@type":"ListItem","position":2,"name":"Ex-volante do Flamengo afirma que torcer\u00e1 para o rubro-negro ser campe\u00e3o da Copa Libertadores: &#8220;Sem d\u00favida&#8221;"}]},{"@type":"WebSite","@id":"https:\/\/www.gaveanews.com\/#website","url":"https:\/\/www.gaveanews.com\/","name":"G\u00e1vea News","description":"Veja todas as not\u00edcias sobre o Flamengo: Contrata\u00e7\u00f5es, categorias de base, resultados das partidas, tabela de classifica\u00e7\u00e3o, pr\u00f3ximos jogos!","potentialAction":[{"@type":"SearchAction","target":{"@type":"EntryPoint","urlTemplate":"https:\/\/www.gaveanews.com\/?s={search_term_string}"},"query-input":{"@type":"PropertyValueSpecification","valueRequired":true,"valueName":"search_term_string"}}],"inLanguage":"pt-BR"},{"@type":"Person","@id":"https:\/\/www.gaveanews.com\/#\/schema\/person\/2ec14f73fb96be2caf28f91afb14749d","name":"Equipe G\u00e1vea News","image":{"@type":"ImageObject","inLanguage":"pt-BR","@id":"https:\/\/www.gaveanews.com\/#\/schema\/person\/image\/","url":"https:\/\/secure.gravatar.com\/avatar\/1e1956f1facbffd3f8fa53a326721950116b3b9dc9bd44939c01180fd4a745a9?s=96&d=mm&r=g","contentUrl":"https:\/\/secure.gravatar.com\/avatar\/1e1956f1facbffd3f8fa53a326721950116b3b9dc9bd44939c01180fd4a745a9?s=96&d=mm&r=g","caption":"Equipe G\u00e1vea News"}}]}},"_links":{"self":[{"href":"https:\/\/www.gaveanews.com\/index.php\/wp-json\/wp\/v2\/posts\/32157","targetHints":{"allow":["GET"]}}],"collection":[{"href":"https:\/\/www.gaveanews.com\/index.php\/wp-json\/wp\/v2\/posts"}],"about":[{"href":"https:\/\/www.gaveanews.com\/index.php\/wp-json\/wp\/v2\/types\/post"}],"author":[{"embeddable":true,"href":"https:\/\/www.gaveanews.com\/index.php\/wp-json\/wp\/v2\/users\/1"}],"replies":[{"embeddable":true,"href":"https:\/\/www.gaveanews.com\/index.php\/wp-json\/wp\/v2\/comments?post=32157"}],"version-history":[{"count":0,"href":"https:\/\/www.gaveanews.com\/index.php\/wp-json\/wp\/v2\/posts\/32157\/revisions"}],"wp:featuredmedia":[{"embeddable":true,"href":"https:\/\/www.gaveanews.com\/index.php\/wp-json\/wp\/v2\/media\/14851"}],"wp:attachment":[{"href":"https:\/\/www.gaveanews.com\/index.php\/wp-json\/wp\/v2\/media?parent=32157"}],"wp:term":[{"taxonomy":"category","embeddable":true,"href":"https:\/\/www.gaveanews.com\/index.php\/wp-json\/wp\/v2\/categories?post=32157"},{"taxonomy":"post_tag","embeddable":true,"href":"https:\/\/www.gaveanews.com\/index.php\/wp-json\/wp\/v2\/tags?post=32157"}],"curies":[{"name":"wp","href":"https:\/\/api.w.org\/{rel}","templated":true}]}}