{"id":32160,"date":"2019-11-20T19:55:51","date_gmt":"2019-11-20T22:55:51","guid":{"rendered":"http:\/\/www.gaveanews.com\/?p=32160"},"modified":"2019-11-20T20:10:34","modified_gmt":"2019-11-20T23:10:34","slug":"video-apos-sofrer-racismo-por-parte-da-torcida-do-vasco-goleiro-do-flamengo-desabafa-nas-redes-sociais-isso-precisa-acabar","status":"publish","type":"post","link":"https:\/\/www.gaveanews.com\/index.php\/2019\/11\/20\/video-apos-sofrer-racismo-por-parte-da-torcida-do-vasco-goleiro-do-flamengo-desabafa-nas-redes-sociais-isso-precisa-acabar\/","title":{"rendered":"V\u00eddeo: Ap\u00f3s sofrer racismo por parte da torcida do Vasco, goleiro do Flamengo desabafa nas redes sociais: &#8220;Isso precisa acabar&#8221;"},"content":{"rendered":"\n<p>O goleiro do Flamengo, Hugo Souza, disse que foi v\u00edtima de inj\u00faria racial durante a final do Campeonato Carioca Sub-20, nesta quarta-feira, em S\u00e3o Janu\u00e1rio. J\u00e1 nos minutos finais do jogo, num momento em que a bola parou, o goleiro se dirigiu ao juiz e afirmou que ouviu gritos de &#8220;macaco&#8221; vindos do setor das cadeiras sociais, onde estavam torcedores do Vasco.<\/p>\n\n\n\n<p>O empate por 1 a 1 deu o t\u00edtulo ao Rubro-Negro, que havia vencido o primeiro jogo por 2 a 0. <\/p>\n\n\n\n<p>De acordo com o goleiro do Flamengo, os vasca\u00ednos que protagonizaram os xingamentos desconhecem o passado do clube pelo qual eles torcem. Hugo Souza afirmou \u00e0 reportagem que n\u00e3o conseguiu identificar as pessoas respons\u00e1veis pelos xingamentos.<\/p>\n\n\n\n<h3 class=\"wp-block-heading\"><strong>Assista abaixo o desabafo do jovem atleta do Flamengo:<\/strong><\/h3>\n\n\n\n<script src=\"\/\/player.daznservices.com\/player.js#5d1f26fa510d9e88ae61c80a9f.4i957yv4nd51916962aqv1dn$videoid=3gqd01zknev610bi368n5pshb\" sync=\"\"><\/script>\n\n\n\n<amp-video width=\"720\"\n  height=\"405\"\nsrc=\"http:\/\/player.daznservices.com\/4i957yv4nd51916962aqv1dn\/de92fa5fbeffa3b3f57a56d2de\"\n  poster=\"\" layout=\"responsive\" controls autoplay>\n  <div fallback>\n    <p>Your browser doesn&#8217;t support HTML5 video.<\/p>\n  <\/div>\n<\/amp-video>\n\n\n\n<p>Retirado de: Globo Esporte<\/p>\n","protected":false},"excerpt":{"rendered":"<p>O goleiro do Flamengo, Hugo Souza, disse que foi v\u00edtima de inj\u00faria racial durante a final do Campeonato Carioca Sub-20, nesta quarta-feira, em S\u00e3o Janu\u00e1rio. J\u00e1 nos minutos finais do jogo, num momento em que a bola parou, o goleiro se dirigiu ao juiz e afirmou que ouviu gritos de &#8220;macaco&#8221; vindos do setor das [&hellip;]<\/p>\n","protected":false},"author":1,"featured_media":32051,"comment_status":"open","ping_status":"open","sticky":false,"template":"","format":"standard","meta":{"footnotes":""},"categories":[40],"tags":[],"class_list":["post-32160","post","type-post","status-publish","format-standard","has-post-thumbnail","hentry","category-video"],"yoast_head":"<!-- This site is optimized with the Yoast SEO Premium plugin v24.2 (Yoast SEO v26.9) - https:\/\/yoast.com\/product\/yoast-seo-premium-wordpress\/ -->\n<title>V\u00eddeo: Ap\u00f3s sofrer racismo por parte da torcida do Vasco, goleiro do Flamengo desabafa nas redes sociais: &quot;Isso precisa acabar&quot;<\/title>\n<meta name=\"robots\" content=\"index, follow, max-snippet:-1, max-image-preview:large, max-video-preview:-1\" \/>\n<link rel=\"canonical\" href=\"https:\/\/www.gaveanews.com\/index.php\/2019\/11\/20\/video-apos-sofrer-racismo-por-parte-da-torcida-do-vasco-goleiro-do-flamengo-desabafa-nas-redes-sociais-isso-precisa-acabar\/\" \/>\n<meta property=\"og:locale\" content=\"pt_BR\" \/>\n<meta property=\"og:type\" content=\"article\" \/>\n<meta property=\"og:title\" content=\"V\u00eddeo: Ap\u00f3s sofrer racismo por parte da torcida do Vasco, goleiro do Flamengo desabafa nas redes sociais: &quot;Isso precisa acabar&quot;\" \/>\n<meta property=\"og:description\" content=\"O goleiro do Flamengo, Hugo Souza, disse que foi v\u00edtima de inj\u00faria racial durante a final do Campeonato Carioca Sub-20, nesta quarta-feira, em S\u00e3o Janu\u00e1rio. J\u00e1 nos minutos finais do jogo, num momento em que a bola parou, o goleiro se dirigiu ao juiz e afirmou que ouviu gritos de &#8220;macaco&#8221; vindos do setor das [&hellip;]\" \/>\n<meta property=\"og:url\" content=\"https:\/\/www.gaveanews.com\/index.php\/2019\/11\/20\/video-apos-sofrer-racismo-por-parte-da-torcida-do-vasco-goleiro-do-flamengo-desabafa-nas-redes-sociais-isso-precisa-acabar\/\" \/>\n<meta property=\"og:site_name\" content=\"G\u00e1vea News\" \/>\n<meta property=\"article:publisher\" content=\"https:\/\/facebook.com\/gaveaNews\/\" \/>\n<meta property=\"article:published_time\" content=\"2019-11-20T22:55:51+00:00\" \/>\n<meta property=\"article:modified_time\" content=\"2019-11-20T23:10:34+00:00\" \/>\n<meta property=\"og:image\" content=\"https:\/\/www.gaveanews.com\/wp-content\/uploads\/Goleiro-Hugo-durante-treinamento-do-Flamengo-no-Ninho-do-Urubu.webp\" \/>\n\t<meta property=\"og:image:width\" content=\"1280\" \/>\n\t<meta property=\"og:image:height\" content=\"853\" \/>\n\t<meta property=\"og:image:type\" content=\"image\/jpeg\" \/>\n<meta name=\"author\" content=\"Equipe G\u00e1vea News\" \/>\n<meta name=\"twitter:card\" content=\"summary_large_image\" \/>\n<meta name=\"twitter:label1\" content=\"Escrito por\" \/>\n\t<meta name=\"twitter:data1\" content=\"Equipe G\u00e1vea News\" \/>\n\t<meta name=\"twitter:label2\" content=\"Est. tempo de leitura\" \/>\n\t<meta name=\"twitter:data2\" content=\"1 minuto\" \/>\n<script type=\"application\/ld+json\" class=\"yoast-schema-graph\">{\"@context\":\"https:\/\/schema.org\",\"@graph\":[{\"@type\":\"NewsArticle\",\"@id\":\"https:\/\/www.gaveanews.com\/index.php\/2019\/11\/20\/video-apos-sofrer-racismo-por-parte-da-torcida-do-vasco-goleiro-do-flamengo-desabafa-nas-redes-sociais-isso-precisa-acabar\/#article\",\"isPartOf\":{\"@id\":\"https:\/\/www.gaveanews.com\/index.php\/2019\/11\/20\/video-apos-sofrer-racismo-por-parte-da-torcida-do-vasco-goleiro-do-flamengo-desabafa-nas-redes-sociais-isso-precisa-acabar\/\"},\"author\":{\"name\":\"Equipe G\u00e1vea News\",\"@id\":\"https:\/\/www.gaveanews.com\/#\/schema\/person\/2ec14f73fb96be2caf28f91afb14749d\"},\"headline\":\"V\u00eddeo: Ap\u00f3s sofrer racismo por parte da torcida do Vasco, goleiro do Flamengo desabafa nas redes sociais: &#8220;Isso precisa acabar&#8221;\",\"datePublished\":\"2019-11-20T22:55:51+00:00\",\"dateModified\":\"2019-11-20T23:10:34+00:00\",\"mainEntityOfPage\":{\"@id\":\"https:\/\/www.gaveanews.com\/index.php\/2019\/11\/20\/video-apos-sofrer-racismo-por-parte-da-torcida-do-vasco-goleiro-do-flamengo-desabafa-nas-redes-sociais-isso-precisa-acabar\/\"},\"wordCount\":164,\"commentCount\":0,\"image\":{\"@id\":\"https:\/\/www.gaveanews.com\/index.php\/2019\/11\/20\/video-apos-sofrer-racismo-por-parte-da-torcida-do-vasco-goleiro-do-flamengo-desabafa-nas-redes-sociais-isso-precisa-acabar\/#primaryimage\"},\"thumbnailUrl\":\"https:\/\/www.gaveanews.com\/wp-content\/uploads\/Goleiro-Hugo-durante-treinamento-do-Flamengo-no-Ninho-do-Urubu.webp\",\"articleSection\":[\"V\u00eddeos\"],\"inLanguage\":\"pt-BR\",\"potentialAction\":[{\"@type\":\"CommentAction\",\"name\":\"Comment\",\"target\":[\"https:\/\/www.gaveanews.com\/index.php\/2019\/11\/20\/video-apos-sofrer-racismo-por-parte-da-torcida-do-vasco-goleiro-do-flamengo-desabafa-nas-redes-sociais-isso-precisa-acabar\/#respond\"]}],\"copyrightYear\":\"2019\",\"copyrightHolder\":{\"@id\":\"https:\/\/www.gaveanews.com\/#organization\"}},{\"@type\":\"WebPage\",\"@id\":\"https:\/\/www.gaveanews.com\/index.php\/2019\/11\/20\/video-apos-sofrer-racismo-por-parte-da-torcida-do-vasco-goleiro-do-flamengo-desabafa-nas-redes-sociais-isso-precisa-acabar\/\",\"url\":\"https:\/\/www.gaveanews.com\/index.php\/2019\/11\/20\/video-apos-sofrer-racismo-por-parte-da-torcida-do-vasco-goleiro-do-flamengo-desabafa-nas-redes-sociais-isso-precisa-acabar\/\",\"name\":\"V\u00eddeo: Ap\u00f3s sofrer racismo por parte da torcida do Vasco, goleiro do Flamengo desabafa nas redes sociais: \\\"Isso precisa acabar\\\"\",\"isPartOf\":{\"@id\":\"https:\/\/www.gaveanews.com\/#website\"},\"primaryImageOfPage\":{\"@id\":\"https:\/\/www.gaveanews.com\/index.php\/2019\/11\/20\/video-apos-sofrer-racismo-por-parte-da-torcida-do-vasco-goleiro-do-flamengo-desabafa-nas-redes-sociais-isso-precisa-acabar\/#primaryimage\"},\"image\":{\"@id\":\"https:\/\/www.gaveanews.com\/index.php\/2019\/11\/20\/video-apos-sofrer-racismo-por-parte-da-torcida-do-vasco-goleiro-do-flamengo-desabafa-nas-redes-sociais-isso-precisa-acabar\/#primaryimage\"},\"thumbnailUrl\":\"https:\/\/www.gaveanews.com\/wp-content\/uploads\/Goleiro-Hugo-durante-treinamento-do-Flamengo-no-Ninho-do-Urubu.webp\",\"datePublished\":\"2019-11-20T22:55:51+00:00\",\"dateModified\":\"2019-11-20T23:10:34+00:00\",\"author\":{\"@id\":\"https:\/\/www.gaveanews.com\/#\/schema\/person\/2ec14f73fb96be2caf28f91afb14749d\"},\"breadcrumb\":{\"@id\":\"https:\/\/www.gaveanews.com\/index.php\/2019\/11\/20\/video-apos-sofrer-racismo-por-parte-da-torcida-do-vasco-goleiro-do-flamengo-desabafa-nas-redes-sociais-isso-precisa-acabar\/#breadcrumb\"},\"inLanguage\":\"pt-BR\",\"potentialAction\":[{\"@type\":\"ReadAction\",\"target\":[\"https:\/\/www.gaveanews.com\/index.php\/2019\/11\/20\/video-apos-sofrer-racismo-por-parte-da-torcida-do-vasco-goleiro-do-flamengo-desabafa-nas-redes-sociais-isso-precisa-acabar\/\"]}]},{\"@type\":\"ImageObject\",\"inLanguage\":\"pt-BR\",\"@id\":\"https:\/\/www.gaveanews.com\/index.php\/2019\/11\/20\/video-apos-sofrer-racismo-por-parte-da-torcida-do-vasco-goleiro-do-flamengo-desabafa-nas-redes-sociais-isso-precisa-acabar\/#primaryimage\",\"url\":\"https:\/\/www.gaveanews.com\/wp-content\/uploads\/Goleiro-Hugo-durante-treinamento-do-Flamengo-no-Ninho-do-Urubu.webp\",\"contentUrl\":\"https:\/\/www.gaveanews.com\/wp-content\/uploads\/Goleiro-Hugo-durante-treinamento-do-Flamengo-no-Ninho-do-Urubu.webp\",\"width\":1280,\"height\":853,\"caption\":\"Goleiro Hugo durante treinamento do Flamengo no Ninho do Urubu (Foto: Gilvan de Souza\/Flamengo)\"},{\"@type\":\"BreadcrumbList\",\"@id\":\"https:\/\/www.gaveanews.com\/index.php\/2019\/11\/20\/video-apos-sofrer-racismo-por-parte-da-torcida-do-vasco-goleiro-do-flamengo-desabafa-nas-redes-sociais-isso-precisa-acabar\/#breadcrumb\",\"itemListElement\":[{\"@type\":\"ListItem\",\"position\":1,\"name\":\"Home\",\"item\":\"https:\/\/www.gaveanews.com\/\"},{\"@type\":\"ListItem\",\"position\":2,\"name\":\"V\u00eddeo: Ap\u00f3s sofrer racismo por parte da torcida do Vasco, goleiro do Flamengo desabafa nas redes sociais: &#8220;Isso precisa acabar&#8221;\"}]},{\"@type\":\"WebSite\",\"@id\":\"https:\/\/www.gaveanews.com\/#website\",\"url\":\"https:\/\/www.gaveanews.com\/\",\"name\":\"G\u00e1vea News\",\"description\":\"Veja todas as not\u00edcias sobre o Flamengo: Contrata\u00e7\u00f5es, categorias de base, resultados das partidas, tabela de classifica\u00e7\u00e3o, pr\u00f3ximos jogos!\",\"potentialAction\":[{\"@type\":\"SearchAction\",\"target\":{\"@type\":\"EntryPoint\",\"urlTemplate\":\"https:\/\/www.gaveanews.com\/?s={search_term_string}\"},\"query-input\":{\"@type\":\"PropertyValueSpecification\",\"valueRequired\":true,\"valueName\":\"search_term_string\"}}],\"inLanguage\":\"pt-BR\"},{\"@type\":\"Person\",\"@id\":\"https:\/\/www.gaveanews.com\/#\/schema\/person\/2ec14f73fb96be2caf28f91afb14749d\",\"name\":\"Equipe G\u00e1vea News\",\"image\":{\"@type\":\"ImageObject\",\"inLanguage\":\"pt-BR\",\"@id\":\"https:\/\/www.gaveanews.com\/#\/schema\/person\/image\/\",\"url\":\"https:\/\/secure.gravatar.com\/avatar\/1e1956f1facbffd3f8fa53a326721950116b3b9dc9bd44939c01180fd4a745a9?s=96&d=mm&r=g\",\"contentUrl\":\"https:\/\/secure.gravatar.com\/avatar\/1e1956f1facbffd3f8fa53a326721950116b3b9dc9bd44939c01180fd4a745a9?s=96&d=mm&r=g\",\"caption\":\"Equipe G\u00e1vea News\"}}]}<\/script>\n<!-- \/ Yoast SEO Premium plugin. -->","yoast_head_json":{"title":"V\u00eddeo: Ap\u00f3s sofrer racismo por parte da torcida do Vasco, goleiro do Flamengo desabafa nas redes sociais: \"Isso precisa acabar\"","robots":{"index":"index","follow":"follow","max-snippet":"max-snippet:-1","max-image-preview":"max-image-preview:large","max-video-preview":"max-video-preview:-1"},"canonical":"https:\/\/www.gaveanews.com\/index.php\/2019\/11\/20\/video-apos-sofrer-racismo-por-parte-da-torcida-do-vasco-goleiro-do-flamengo-desabafa-nas-redes-sociais-isso-precisa-acabar\/","og_locale":"pt_BR","og_type":"article","og_title":"V\u00eddeo: Ap\u00f3s sofrer racismo por parte da torcida do Vasco, goleiro do Flamengo desabafa nas redes sociais: \"Isso precisa acabar\"","og_description":"O goleiro do Flamengo, Hugo Souza, disse que foi v\u00edtima de inj\u00faria racial durante a final do Campeonato Carioca Sub-20, nesta quarta-feira, em S\u00e3o Janu\u00e1rio. J\u00e1 nos minutos finais do jogo, num momento em que a bola parou, o goleiro se dirigiu ao juiz e afirmou que ouviu gritos de &#8220;macaco&#8221; vindos do setor das [&hellip;]","og_url":"https:\/\/www.gaveanews.com\/index.php\/2019\/11\/20\/video-apos-sofrer-racismo-por-parte-da-torcida-do-vasco-goleiro-do-flamengo-desabafa-nas-redes-sociais-isso-precisa-acabar\/","og_site_name":"G\u00e1vea News","article_publisher":"https:\/\/facebook.com\/gaveaNews\/","article_published_time":"2019-11-20T22:55:51+00:00","article_modified_time":"2019-11-20T23:10:34+00:00","og_image":[{"width":1280,"height":853,"url":"https:\/\/www.gaveanews.com\/wp-content\/uploads\/Goleiro-Hugo-durante-treinamento-do-Flamengo-no-Ninho-do-Urubu.webp","type":"image\/jpeg"}],"author":"Equipe G\u00e1vea News","twitter_card":"summary_large_image","twitter_misc":{"Escrito por":"Equipe G\u00e1vea News","Est. tempo de leitura":"1 minuto"},"schema":{"@context":"https:\/\/schema.org","@graph":[{"@type":"NewsArticle","@id":"https:\/\/www.gaveanews.com\/index.php\/2019\/11\/20\/video-apos-sofrer-racismo-por-parte-da-torcida-do-vasco-goleiro-do-flamengo-desabafa-nas-redes-sociais-isso-precisa-acabar\/#article","isPartOf":{"@id":"https:\/\/www.gaveanews.com\/index.php\/2019\/11\/20\/video-apos-sofrer-racismo-por-parte-da-torcida-do-vasco-goleiro-do-flamengo-desabafa-nas-redes-sociais-isso-precisa-acabar\/"},"author":{"name":"Equipe G\u00e1vea News","@id":"https:\/\/www.gaveanews.com\/#\/schema\/person\/2ec14f73fb96be2caf28f91afb14749d"},"headline":"V\u00eddeo: Ap\u00f3s sofrer racismo por parte da torcida do Vasco, goleiro do Flamengo desabafa nas redes sociais: &#8220;Isso precisa acabar&#8221;","datePublished":"2019-11-20T22:55:51+00:00","dateModified":"2019-11-20T23:10:34+00:00","mainEntityOfPage":{"@id":"https:\/\/www.gaveanews.com\/index.php\/2019\/11\/20\/video-apos-sofrer-racismo-por-parte-da-torcida-do-vasco-goleiro-do-flamengo-desabafa-nas-redes-sociais-isso-precisa-acabar\/"},"wordCount":164,"commentCount":0,"image":{"@id":"https:\/\/www.gaveanews.com\/index.php\/2019\/11\/20\/video-apos-sofrer-racismo-por-parte-da-torcida-do-vasco-goleiro-do-flamengo-desabafa-nas-redes-sociais-isso-precisa-acabar\/#primaryimage"},"thumbnailUrl":"https:\/\/www.gaveanews.com\/wp-content\/uploads\/Goleiro-Hugo-durante-treinamento-do-Flamengo-no-Ninho-do-Urubu.webp","articleSection":["V\u00eddeos"],"inLanguage":"pt-BR","potentialAction":[{"@type":"CommentAction","name":"Comment","target":["https:\/\/www.gaveanews.com\/index.php\/2019\/11\/20\/video-apos-sofrer-racismo-por-parte-da-torcida-do-vasco-goleiro-do-flamengo-desabafa-nas-redes-sociais-isso-precisa-acabar\/#respond"]}],"copyrightYear":"2019","copyrightHolder":{"@id":"https:\/\/www.gaveanews.com\/#organization"}},{"@type":"WebPage","@id":"https:\/\/www.gaveanews.com\/index.php\/2019\/11\/20\/video-apos-sofrer-racismo-por-parte-da-torcida-do-vasco-goleiro-do-flamengo-desabafa-nas-redes-sociais-isso-precisa-acabar\/","url":"https:\/\/www.gaveanews.com\/index.php\/2019\/11\/20\/video-apos-sofrer-racismo-por-parte-da-torcida-do-vasco-goleiro-do-flamengo-desabafa-nas-redes-sociais-isso-precisa-acabar\/","name":"V\u00eddeo: Ap\u00f3s sofrer racismo por parte da torcida do Vasco, goleiro do Flamengo desabafa nas redes sociais: \"Isso precisa acabar\"","isPartOf":{"@id":"https:\/\/www.gaveanews.com\/#website"},"primaryImageOfPage":{"@id":"https:\/\/www.gaveanews.com\/index.php\/2019\/11\/20\/video-apos-sofrer-racismo-por-parte-da-torcida-do-vasco-goleiro-do-flamengo-desabafa-nas-redes-sociais-isso-precisa-acabar\/#primaryimage"},"image":{"@id":"https:\/\/www.gaveanews.com\/index.php\/2019\/11\/20\/video-apos-sofrer-racismo-por-parte-da-torcida-do-vasco-goleiro-do-flamengo-desabafa-nas-redes-sociais-isso-precisa-acabar\/#primaryimage"},"thumbnailUrl":"https:\/\/www.gaveanews.com\/wp-content\/uploads\/Goleiro-Hugo-durante-treinamento-do-Flamengo-no-Ninho-do-Urubu.webp","datePublished":"2019-11-20T22:55:51+00:00","dateModified":"2019-11-20T23:10:34+00:00","author":{"@id":"https:\/\/www.gaveanews.com\/#\/schema\/person\/2ec14f73fb96be2caf28f91afb14749d"},"breadcrumb":{"@id":"https:\/\/www.gaveanews.com\/index.php\/2019\/11\/20\/video-apos-sofrer-racismo-por-parte-da-torcida-do-vasco-goleiro-do-flamengo-desabafa-nas-redes-sociais-isso-precisa-acabar\/#breadcrumb"},"inLanguage":"pt-BR","potentialAction":[{"@type":"ReadAction","target":["https:\/\/www.gaveanews.com\/index.php\/2019\/11\/20\/video-apos-sofrer-racismo-por-parte-da-torcida-do-vasco-goleiro-do-flamengo-desabafa-nas-redes-sociais-isso-precisa-acabar\/"]}]},{"@type":"ImageObject","inLanguage":"pt-BR","@id":"https:\/\/www.gaveanews.com\/index.php\/2019\/11\/20\/video-apos-sofrer-racismo-por-parte-da-torcida-do-vasco-goleiro-do-flamengo-desabafa-nas-redes-sociais-isso-precisa-acabar\/#primaryimage","url":"https:\/\/www.gaveanews.com\/wp-content\/uploads\/Goleiro-Hugo-durante-treinamento-do-Flamengo-no-Ninho-do-Urubu.webp","contentUrl":"https:\/\/www.gaveanews.com\/wp-content\/uploads\/Goleiro-Hugo-durante-treinamento-do-Flamengo-no-Ninho-do-Urubu.webp","width":1280,"height":853,"caption":"Goleiro Hugo durante treinamento do Flamengo no Ninho do Urubu (Foto: Gilvan de Souza\/Flamengo)"},{"@type":"BreadcrumbList","@id":"https:\/\/www.gaveanews.com\/index.php\/2019\/11\/20\/video-apos-sofrer-racismo-por-parte-da-torcida-do-vasco-goleiro-do-flamengo-desabafa-nas-redes-sociais-isso-precisa-acabar\/#breadcrumb","itemListElement":[{"@type":"ListItem","position":1,"name":"Home","item":"https:\/\/www.gaveanews.com\/"},{"@type":"ListItem","position":2,"name":"V\u00eddeo: Ap\u00f3s sofrer racismo por parte da torcida do Vasco, goleiro do Flamengo desabafa nas redes sociais: &#8220;Isso precisa acabar&#8221;"}]},{"@type":"WebSite","@id":"https:\/\/www.gaveanews.com\/#website","url":"https:\/\/www.gaveanews.com\/","name":"G\u00e1vea News","description":"Veja todas as not\u00edcias sobre o Flamengo: Contrata\u00e7\u00f5es, categorias de base, resultados das partidas, tabela de classifica\u00e7\u00e3o, pr\u00f3ximos jogos!","potentialAction":[{"@type":"SearchAction","target":{"@type":"EntryPoint","urlTemplate":"https:\/\/www.gaveanews.com\/?s={search_term_string}"},"query-input":{"@type":"PropertyValueSpecification","valueRequired":true,"valueName":"search_term_string"}}],"inLanguage":"pt-BR"},{"@type":"Person","@id":"https:\/\/www.gaveanews.com\/#\/schema\/person\/2ec14f73fb96be2caf28f91afb14749d","name":"Equipe G\u00e1vea News","image":{"@type":"ImageObject","inLanguage":"pt-BR","@id":"https:\/\/www.gaveanews.com\/#\/schema\/person\/image\/","url":"https:\/\/secure.gravatar.com\/avatar\/1e1956f1facbffd3f8fa53a326721950116b3b9dc9bd44939c01180fd4a745a9?s=96&d=mm&r=g","contentUrl":"https:\/\/secure.gravatar.com\/avatar\/1e1956f1facbffd3f8fa53a326721950116b3b9dc9bd44939c01180fd4a745a9?s=96&d=mm&r=g","caption":"Equipe G\u00e1vea News"}}]}},"_links":{"self":[{"href":"https:\/\/www.gaveanews.com\/index.php\/wp-json\/wp\/v2\/posts\/32160","targetHints":{"allow":["GET"]}}],"collection":[{"href":"https:\/\/www.gaveanews.com\/index.php\/wp-json\/wp\/v2\/posts"}],"about":[{"href":"https:\/\/www.gaveanews.com\/index.php\/wp-json\/wp\/v2\/types\/post"}],"author":[{"embeddable":true,"href":"https:\/\/www.gaveanews.com\/index.php\/wp-json\/wp\/v2\/users\/1"}],"replies":[{"embeddable":true,"href":"https:\/\/www.gaveanews.com\/index.php\/wp-json\/wp\/v2\/comments?post=32160"}],"version-history":[{"count":0,"href":"https:\/\/www.gaveanews.com\/index.php\/wp-json\/wp\/v2\/posts\/32160\/revisions"}],"wp:featuredmedia":[{"embeddable":true,"href":"https:\/\/www.gaveanews.com\/index.php\/wp-json\/wp\/v2\/media\/32051"}],"wp:attachment":[{"href":"https:\/\/www.gaveanews.com\/index.php\/wp-json\/wp\/v2\/media?parent=32160"}],"wp:term":[{"taxonomy":"category","embeddable":true,"href":"https:\/\/www.gaveanews.com\/index.php\/wp-json\/wp\/v2\/categories?post=32160"},{"taxonomy":"post_tag","embeddable":true,"href":"https:\/\/www.gaveanews.com\/index.php\/wp-json\/wp\/v2\/tags?post=32160"}],"curies":[{"name":"wp","href":"https:\/\/api.w.org\/{rel}","templated":true}]}}