{"id":32190,"date":"2019-11-21T08:57:30","date_gmt":"2019-11-21T11:57:30","guid":{"rendered":"http:\/\/www.gaveanews.com\/?p=32190"},"modified":"2019-11-21T08:57:30","modified_gmt":"2019-11-21T11:57:30","slug":"cbf-estuda-promover-alteracao-no-var-para-a-temporada-de-2020","status":"publish","type":"post","link":"https:\/\/www.gaveanews.com\/index.php\/2019\/11\/21\/cbf-estuda-promover-alteracao-no-var-para-a-temporada-de-2020\/","title":{"rendered":"CBF estuda promover altera\u00e7\u00e3o no VAR para a temporada de 2020"},"content":{"rendered":"\n<p>O presidente da Comiss\u00e3o Nacional de Arbitragem, Leonardo Gaciba, admitiu nesta ter\u00e7a-feira que a Confedera\u00e7\u00e3o Brasileira de Futebol (CBF) estuda a possibilidade de divulgar os \u00e1udios das conversas entre \u00e1rbitro de campo e \u00e1rbitro de v\u00eddeo a partir de 2020. Desde esse ano, todas as partidas do Campeonato Brasileiro contam com o uso do VAR, mas os clubes reclamam da falta de transpar\u00eancia nas decis\u00f5es da arbitragem, uma vez que s\u00f3 podem ter acesso aos di\u00e1logos que ocorrem durante lances pol\u00eamicos se enviarem representantes \u00e0 CBF.<\/p>\n\n\n\n<p>\u2014 Sim. Pensamos sim em trazer o \u00e1udio. O presidente Rog\u00e9rio Caboclo j\u00e1 t\u00e1 estudando. No in\u00edcio do ano que vem n\u00f3s estamos pensando em evoluir. Estamos estudando essa divulga\u00e7\u00e3o ao p\u00fablico de alguns \u00e1udios, n\u00e3o todos. A gente vai pedir essa permiss\u00e3o \u00e0 International Board, se todos, n\u00e3o todos, alguns deles vamos mostrar. Acima de tudo a gente quer dar transpar\u00eancia para o \u00e1rbitro de v\u00eddeo, mostrar a transpar\u00eancia com que o processo \u00e9 feito \u2014 disse o ex-\u00e1rbitro da FIFA ap\u00f3s participar de audi\u00eancia na C\u00e2mara dos Deputados que debateu o uso do VAR.<\/p>\n\n\n\n<p>O deputado Dr. Luiz Antonio Teixeira (PP-RJ) protocolou um Projeto de Lei que visa alterar o Estatuto do Torcedor e incluir a obriga\u00e7\u00e3o de a CBF divulgar os \u00e1udios das partidas com o uso do VAR. Segundo ele, isso \u00e9 importante para evitar que problemas de compra de resultados que ocorreram no passado se repitam.<\/p>\n\n\n\n<p>\u2014 Da nossa parte o que a gente quer \u00e9 a transpar\u00eancia. O projeto de lei \u00e9 pra que sejam divulgados os \u00e1udios e v\u00eddeos da cabine do VAR ap\u00f3s as partidas, pra que a gente saiba exatamente como foi realizado o racioc\u00ednio de decis\u00e3o. O futebol hoje vive um momento que a cada dia a gente v\u00ea crescimento dos n\u00fameros financeiros, num momento principalmente no avan\u00e7o das apostas online, queremos que tenha transpar\u00eancia pra que n\u00e3o paire nenhuma d\u00favida de que a dire\u00e7\u00e3o do VAR n\u00e3o tenha qualquer tipo de interfer\u00eancia \u2014 disse.<\/p>\n\n\n\n<p>Embora n\u00e3o veja problema na publica\u00e7\u00e3o dos \u00e1udios, Gaciba disse que teme pela m\u00e1 interpreta\u00e7\u00e3o dos termos t\u00e9cnicos usados pelos integrantes da arbitragem para analisar os lances.<\/p>\n\n\n\n<p>\u2014 A \u00fanica preocupa\u00e7\u00e3o que eu tenho \u00e9 as pessoas quererem interpretar o que se est\u00e1 falando e dar menos valor pra imagem. Se eu disser que um jogador deu uma entrada temer\u00e1ria no advers\u00e1rio, provavelmente o pessoal em casa vai achar que \u00e9 uma entrada para cart\u00e3o vermelho. Temer\u00e1ria \u00e9 pra cart\u00e3o amarelo. S\u00e3o termos da regra que a gente utiliza que muitas vezes o povo n\u00e3o vai entender \u2014 destacou.<\/p>\n\n\n\n<h2 class=\"wp-block-heading\"><strong>N\u00fameros do VAR at\u00e9 a 32\u00aa Rodada<\/strong><\/h2>\n\n\n\n<p>Ainda durante a audi\u00eancia na C\u00e2mara, Gaciba aproveitou para destacar a atua\u00e7\u00e3o do VAR no Campeonato Brasileiro at\u00e9 a 32\u00aa rodada, o que corresponde a 320 jogos. Ao todo, foram 188 revis\u00f5es, em que o \u00e1rbitro de v\u00eddeo chamou o de campo para rever alguma decis\u00e3o que julgou errada. Dessas, em 158 (84%) o \u00e1rbitro mudou a decis\u00e3o inicial. Em outras 30 (16%), manteve.<\/p>\n\n\n\n<p>Segundo Gaciba, o \u00edndice de acerto dos \u00e1rbitros brasileiros sem o aux\u00edlio da tecnologia em lances capitais (p\u00eanalti, cart\u00e3o vermelho, impedimento ou erro de identifica\u00e7\u00e3o) era 78,3%, Agora, subiu para 98,3% com o uso do VAR.<\/p>\n\n\n\n<p>\u2014 Se s\u00e3o 21 equipes disputando o Campeonato Brasileiro, eu tenho certeza que o melhor \u00edndice de aproveitamento \u00e9 da minha, com muito orgulho. N\u00f3s como \u00e1rbitros de v\u00eddeo estamos levando mais justi\u00e7a ao futebol e acho que isso que \u00e9 o mais importante que a gente tem pra contribuir \u2014 disse.<\/p>\n\n\n\n<p>Outro ponto muito criticado no in\u00edcio da implementa\u00e7\u00e3o do VAR no Brasil, era o tempo de demora nas decis\u00f5es, que nos campeonatos estaduais chegou a seis minutos. Segundo os dados que o ex-\u00e1rbitro divulgou hoje, o tempo m\u00e9dio no Brasileir\u00e3o \u00e9 de 1min49s. O tempo ainda est\u00e1 bem acima do ideal preconizado pela FIFA, que \u00e9 de 1min15s.<\/p>\n\n\n\n<p>Retirado de: O Globo<\/p>\n","protected":false},"excerpt":{"rendered":"<p>O presidente da Comiss\u00e3o Nacional de Arbitragem, Leonardo Gaciba, admitiu nesta ter\u00e7a-feira que a Confedera\u00e7\u00e3o Brasileira de Futebol (CBF) estuda a possibilidade de divulgar os \u00e1udios das conversas entre \u00e1rbitro de campo e \u00e1rbitro de v\u00eddeo a partir de 2020. Desde esse ano, todas as partidas do Campeonato Brasileiro contam com o uso do VAR, [&hellip;]<\/p>\n","protected":false},"author":1,"featured_media":23225,"comment_status":"open","ping_status":"open","sticky":false,"template":"","format":"standard","meta":{"footnotes":""},"categories":[1],"tags":[],"class_list":["post-32190","post","type-post","status-publish","format-standard","has-post-thumbnail","hentry","category-flamengo"],"yoast_head":"<!-- This site is optimized with the Yoast SEO Premium plugin v24.2 (Yoast SEO v26.9) - https:\/\/yoast.com\/product\/yoast-seo-premium-wordpress\/ -->\n<title>CBF estuda promover altera\u00e7\u00e3o no VAR para a temporada de 2020<\/title>\n<meta name=\"robots\" content=\"index, follow, max-snippet:-1, max-image-preview:large, max-video-preview:-1\" \/>\n<link rel=\"canonical\" href=\"https:\/\/www.gaveanews.com\/index.php\/2019\/11\/21\/cbf-estuda-promover-alteracao-no-var-para-a-temporada-de-2020\/\" \/>\n<meta property=\"og:locale\" content=\"pt_BR\" \/>\n<meta property=\"og:type\" content=\"article\" \/>\n<meta property=\"og:title\" content=\"CBF estuda promover altera\u00e7\u00e3o no VAR para a temporada de 2020\" \/>\n<meta property=\"og:description\" content=\"O presidente da Comiss\u00e3o Nacional de Arbitragem, Leonardo Gaciba, admitiu nesta ter\u00e7a-feira que a Confedera\u00e7\u00e3o Brasileira de Futebol (CBF) estuda a possibilidade de divulgar os \u00e1udios das conversas entre \u00e1rbitro de campo e \u00e1rbitro de v\u00eddeo a partir de 2020. Desde esse ano, todas as partidas do Campeonato Brasileiro contam com o uso do VAR, [&hellip;]\" \/>\n<meta property=\"og:url\" content=\"https:\/\/www.gaveanews.com\/index.php\/2019\/11\/21\/cbf-estuda-promover-alteracao-no-var-para-a-temporada-de-2020\/\" \/>\n<meta property=\"og:site_name\" content=\"G\u00e1vea News\" \/>\n<meta property=\"article:publisher\" content=\"https:\/\/facebook.com\/gaveaNews\/\" \/>\n<meta property=\"article:published_time\" content=\"2019-11-21T11:57:30+00:00\" \/>\n<meta property=\"og:image\" content=\"https:\/\/www.gaveanews.com\/wp-content\/uploads\/2019\/07\/Cabine-do-VAR-no-Maracana.webp\" \/>\n\t<meta property=\"og:image:width\" content=\"1\" \/>\n\t<meta property=\"og:image:height\" content=\"1\" \/>\n\t<meta property=\"og:image:type\" content=\"image\/jpeg\" \/>\n<meta name=\"author\" content=\"Equipe G\u00e1vea News\" \/>\n<meta name=\"twitter:card\" content=\"summary_large_image\" \/>\n<meta name=\"twitter:label1\" content=\"Escrito por\" \/>\n\t<meta name=\"twitter:data1\" content=\"Equipe G\u00e1vea News\" \/>\n\t<meta name=\"twitter:label2\" content=\"Est. tempo de leitura\" \/>\n\t<meta name=\"twitter:data2\" content=\"3 minutos\" \/>\n<script type=\"application\/ld+json\" class=\"yoast-schema-graph\">{\"@context\":\"https:\/\/schema.org\",\"@graph\":[{\"@type\":\"NewsArticle\",\"@id\":\"https:\/\/www.gaveanews.com\/index.php\/2019\/11\/21\/cbf-estuda-promover-alteracao-no-var-para-a-temporada-de-2020\/#article\",\"isPartOf\":{\"@id\":\"https:\/\/www.gaveanews.com\/index.php\/2019\/11\/21\/cbf-estuda-promover-alteracao-no-var-para-a-temporada-de-2020\/\"},\"author\":{\"name\":\"Equipe G\u00e1vea News\",\"@id\":\"https:\/\/www.gaveanews.com\/#\/schema\/person\/2ec14f73fb96be2caf28f91afb14749d\"},\"headline\":\"CBF estuda promover altera\u00e7\u00e3o no VAR para a temporada de 2020\",\"datePublished\":\"2019-11-21T11:57:30+00:00\",\"mainEntityOfPage\":{\"@id\":\"https:\/\/www.gaveanews.com\/index.php\/2019\/11\/21\/cbf-estuda-promover-alteracao-no-var-para-a-temporada-de-2020\/\"},\"wordCount\":702,\"commentCount\":0,\"image\":{\"@id\":\"https:\/\/www.gaveanews.com\/index.php\/2019\/11\/21\/cbf-estuda-promover-alteracao-no-var-para-a-temporada-de-2020\/#primaryimage\"},\"thumbnailUrl\":\"https:\/\/www.gaveanews.com\/wp-content\/uploads\/2019\/07\/Cabine-do-VAR-no-Maracana.webp\",\"articleSection\":[\"Flamengo\"],\"inLanguage\":\"pt-BR\",\"potentialAction\":[{\"@type\":\"CommentAction\",\"name\":\"Comment\",\"target\":[\"https:\/\/www.gaveanews.com\/index.php\/2019\/11\/21\/cbf-estuda-promover-alteracao-no-var-para-a-temporada-de-2020\/#respond\"]}],\"copyrightYear\":\"2019\",\"copyrightHolder\":{\"@id\":\"https:\/\/www.gaveanews.com\/#organization\"}},{\"@type\":\"WebPage\",\"@id\":\"https:\/\/www.gaveanews.com\/index.php\/2019\/11\/21\/cbf-estuda-promover-alteracao-no-var-para-a-temporada-de-2020\/\",\"url\":\"https:\/\/www.gaveanews.com\/index.php\/2019\/11\/21\/cbf-estuda-promover-alteracao-no-var-para-a-temporada-de-2020\/\",\"name\":\"CBF estuda promover altera\u00e7\u00e3o no VAR para a temporada de 2020\",\"isPartOf\":{\"@id\":\"https:\/\/www.gaveanews.com\/#website\"},\"primaryImageOfPage\":{\"@id\":\"https:\/\/www.gaveanews.com\/index.php\/2019\/11\/21\/cbf-estuda-promover-alteracao-no-var-para-a-temporada-de-2020\/#primaryimage\"},\"image\":{\"@id\":\"https:\/\/www.gaveanews.com\/index.php\/2019\/11\/21\/cbf-estuda-promover-alteracao-no-var-para-a-temporada-de-2020\/#primaryimage\"},\"thumbnailUrl\":\"https:\/\/www.gaveanews.com\/wp-content\/uploads\/2019\/07\/Cabine-do-VAR-no-Maracana.webp\",\"datePublished\":\"2019-11-21T11:57:30+00:00\",\"author\":{\"@id\":\"https:\/\/www.gaveanews.com\/#\/schema\/person\/2ec14f73fb96be2caf28f91afb14749d\"},\"breadcrumb\":{\"@id\":\"https:\/\/www.gaveanews.com\/index.php\/2019\/11\/21\/cbf-estuda-promover-alteracao-no-var-para-a-temporada-de-2020\/#breadcrumb\"},\"inLanguage\":\"pt-BR\",\"potentialAction\":[{\"@type\":\"ReadAction\",\"target\":[\"https:\/\/www.gaveanews.com\/index.php\/2019\/11\/21\/cbf-estuda-promover-alteracao-no-var-para-a-temporada-de-2020\/\"]}]},{\"@type\":\"ImageObject\",\"inLanguage\":\"pt-BR\",\"@id\":\"https:\/\/www.gaveanews.com\/index.php\/2019\/11\/21\/cbf-estuda-promover-alteracao-no-var-para-a-temporada-de-2020\/#primaryimage\",\"url\":\"https:\/\/www.gaveanews.com\/wp-content\/uploads\/2019\/07\/Cabine-do-VAR-no-Maracana.webp\",\"contentUrl\":\"https:\/\/www.gaveanews.com\/wp-content\/uploads\/2019\/07\/Cabine-do-VAR-no-Maracana.webp\",\"width\":645,\"height\":388,\"caption\":\"Cabine do VAR no Maracan\u00e3 (Foto: Marcelo Theobald)\"},{\"@type\":\"BreadcrumbList\",\"@id\":\"https:\/\/www.gaveanews.com\/index.php\/2019\/11\/21\/cbf-estuda-promover-alteracao-no-var-para-a-temporada-de-2020\/#breadcrumb\",\"itemListElement\":[{\"@type\":\"ListItem\",\"position\":1,\"name\":\"Home\",\"item\":\"https:\/\/www.gaveanews.com\/\"},{\"@type\":\"ListItem\",\"position\":2,\"name\":\"CBF estuda promover altera\u00e7\u00e3o no VAR para a temporada de 2020\"}]},{\"@type\":\"WebSite\",\"@id\":\"https:\/\/www.gaveanews.com\/#website\",\"url\":\"https:\/\/www.gaveanews.com\/\",\"name\":\"G\u00e1vea News\",\"description\":\"Veja todas as not\u00edcias sobre o Flamengo: Contrata\u00e7\u00f5es, categorias de base, resultados das partidas, tabela de classifica\u00e7\u00e3o, pr\u00f3ximos jogos!\",\"potentialAction\":[{\"@type\":\"SearchAction\",\"target\":{\"@type\":\"EntryPoint\",\"urlTemplate\":\"https:\/\/www.gaveanews.com\/?s={search_term_string}\"},\"query-input\":{\"@type\":\"PropertyValueSpecification\",\"valueRequired\":true,\"valueName\":\"search_term_string\"}}],\"inLanguage\":\"pt-BR\"},{\"@type\":\"Person\",\"@id\":\"https:\/\/www.gaveanews.com\/#\/schema\/person\/2ec14f73fb96be2caf28f91afb14749d\",\"name\":\"Equipe G\u00e1vea News\",\"image\":{\"@type\":\"ImageObject\",\"inLanguage\":\"pt-BR\",\"@id\":\"https:\/\/www.gaveanews.com\/#\/schema\/person\/image\/\",\"url\":\"https:\/\/secure.gravatar.com\/avatar\/1e1956f1facbffd3f8fa53a326721950116b3b9dc9bd44939c01180fd4a745a9?s=96&d=mm&r=g\",\"contentUrl\":\"https:\/\/secure.gravatar.com\/avatar\/1e1956f1facbffd3f8fa53a326721950116b3b9dc9bd44939c01180fd4a745a9?s=96&d=mm&r=g\",\"caption\":\"Equipe G\u00e1vea News\"}}]}<\/script>\n<!-- \/ Yoast SEO Premium plugin. -->","yoast_head_json":{"title":"CBF estuda promover altera\u00e7\u00e3o no VAR para a temporada de 2020","robots":{"index":"index","follow":"follow","max-snippet":"max-snippet:-1","max-image-preview":"max-image-preview:large","max-video-preview":"max-video-preview:-1"},"canonical":"https:\/\/www.gaveanews.com\/index.php\/2019\/11\/21\/cbf-estuda-promover-alteracao-no-var-para-a-temporada-de-2020\/","og_locale":"pt_BR","og_type":"article","og_title":"CBF estuda promover altera\u00e7\u00e3o no VAR para a temporada de 2020","og_description":"O presidente da Comiss\u00e3o Nacional de Arbitragem, Leonardo Gaciba, admitiu nesta ter\u00e7a-feira que a Confedera\u00e7\u00e3o Brasileira de Futebol (CBF) estuda a possibilidade de divulgar os \u00e1udios das conversas entre \u00e1rbitro de campo e \u00e1rbitro de v\u00eddeo a partir de 2020. Desde esse ano, todas as partidas do Campeonato Brasileiro contam com o uso do VAR, [&hellip;]","og_url":"https:\/\/www.gaveanews.com\/index.php\/2019\/11\/21\/cbf-estuda-promover-alteracao-no-var-para-a-temporada-de-2020\/","og_site_name":"G\u00e1vea News","article_publisher":"https:\/\/facebook.com\/gaveaNews\/","article_published_time":"2019-11-21T11:57:30+00:00","og_image":[{"url":"https:\/\/www.gaveanews.com\/wp-content\/uploads\/2019\/07\/Cabine-do-VAR-no-Maracana.webp","width":1,"height":1,"type":"image\/jpeg"}],"author":"Equipe G\u00e1vea News","twitter_card":"summary_large_image","twitter_misc":{"Escrito por":"Equipe G\u00e1vea News","Est. tempo de leitura":"3 minutos"},"schema":{"@context":"https:\/\/schema.org","@graph":[{"@type":"NewsArticle","@id":"https:\/\/www.gaveanews.com\/index.php\/2019\/11\/21\/cbf-estuda-promover-alteracao-no-var-para-a-temporada-de-2020\/#article","isPartOf":{"@id":"https:\/\/www.gaveanews.com\/index.php\/2019\/11\/21\/cbf-estuda-promover-alteracao-no-var-para-a-temporada-de-2020\/"},"author":{"name":"Equipe G\u00e1vea News","@id":"https:\/\/www.gaveanews.com\/#\/schema\/person\/2ec14f73fb96be2caf28f91afb14749d"},"headline":"CBF estuda promover altera\u00e7\u00e3o no VAR para a temporada de 2020","datePublished":"2019-11-21T11:57:30+00:00","mainEntityOfPage":{"@id":"https:\/\/www.gaveanews.com\/index.php\/2019\/11\/21\/cbf-estuda-promover-alteracao-no-var-para-a-temporada-de-2020\/"},"wordCount":702,"commentCount":0,"image":{"@id":"https:\/\/www.gaveanews.com\/index.php\/2019\/11\/21\/cbf-estuda-promover-alteracao-no-var-para-a-temporada-de-2020\/#primaryimage"},"thumbnailUrl":"https:\/\/www.gaveanews.com\/wp-content\/uploads\/2019\/07\/Cabine-do-VAR-no-Maracana.webp","articleSection":["Flamengo"],"inLanguage":"pt-BR","potentialAction":[{"@type":"CommentAction","name":"Comment","target":["https:\/\/www.gaveanews.com\/index.php\/2019\/11\/21\/cbf-estuda-promover-alteracao-no-var-para-a-temporada-de-2020\/#respond"]}],"copyrightYear":"2019","copyrightHolder":{"@id":"https:\/\/www.gaveanews.com\/#organization"}},{"@type":"WebPage","@id":"https:\/\/www.gaveanews.com\/index.php\/2019\/11\/21\/cbf-estuda-promover-alteracao-no-var-para-a-temporada-de-2020\/","url":"https:\/\/www.gaveanews.com\/index.php\/2019\/11\/21\/cbf-estuda-promover-alteracao-no-var-para-a-temporada-de-2020\/","name":"CBF estuda promover altera\u00e7\u00e3o no VAR para a temporada de 2020","isPartOf":{"@id":"https:\/\/www.gaveanews.com\/#website"},"primaryImageOfPage":{"@id":"https:\/\/www.gaveanews.com\/index.php\/2019\/11\/21\/cbf-estuda-promover-alteracao-no-var-para-a-temporada-de-2020\/#primaryimage"},"image":{"@id":"https:\/\/www.gaveanews.com\/index.php\/2019\/11\/21\/cbf-estuda-promover-alteracao-no-var-para-a-temporada-de-2020\/#primaryimage"},"thumbnailUrl":"https:\/\/www.gaveanews.com\/wp-content\/uploads\/2019\/07\/Cabine-do-VAR-no-Maracana.webp","datePublished":"2019-11-21T11:57:30+00:00","author":{"@id":"https:\/\/www.gaveanews.com\/#\/schema\/person\/2ec14f73fb96be2caf28f91afb14749d"},"breadcrumb":{"@id":"https:\/\/www.gaveanews.com\/index.php\/2019\/11\/21\/cbf-estuda-promover-alteracao-no-var-para-a-temporada-de-2020\/#breadcrumb"},"inLanguage":"pt-BR","potentialAction":[{"@type":"ReadAction","target":["https:\/\/www.gaveanews.com\/index.php\/2019\/11\/21\/cbf-estuda-promover-alteracao-no-var-para-a-temporada-de-2020\/"]}]},{"@type":"ImageObject","inLanguage":"pt-BR","@id":"https:\/\/www.gaveanews.com\/index.php\/2019\/11\/21\/cbf-estuda-promover-alteracao-no-var-para-a-temporada-de-2020\/#primaryimage","url":"https:\/\/www.gaveanews.com\/wp-content\/uploads\/2019\/07\/Cabine-do-VAR-no-Maracana.webp","contentUrl":"https:\/\/www.gaveanews.com\/wp-content\/uploads\/2019\/07\/Cabine-do-VAR-no-Maracana.webp","width":645,"height":388,"caption":"Cabine do VAR no Maracan\u00e3 (Foto: Marcelo Theobald)"},{"@type":"BreadcrumbList","@id":"https:\/\/www.gaveanews.com\/index.php\/2019\/11\/21\/cbf-estuda-promover-alteracao-no-var-para-a-temporada-de-2020\/#breadcrumb","itemListElement":[{"@type":"ListItem","position":1,"name":"Home","item":"https:\/\/www.gaveanews.com\/"},{"@type":"ListItem","position":2,"name":"CBF estuda promover altera\u00e7\u00e3o no VAR para a temporada de 2020"}]},{"@type":"WebSite","@id":"https:\/\/www.gaveanews.com\/#website","url":"https:\/\/www.gaveanews.com\/","name":"G\u00e1vea News","description":"Veja todas as not\u00edcias sobre o Flamengo: Contrata\u00e7\u00f5es, categorias de base, resultados das partidas, tabela de classifica\u00e7\u00e3o, pr\u00f3ximos jogos!","potentialAction":[{"@type":"SearchAction","target":{"@type":"EntryPoint","urlTemplate":"https:\/\/www.gaveanews.com\/?s={search_term_string}"},"query-input":{"@type":"PropertyValueSpecification","valueRequired":true,"valueName":"search_term_string"}}],"inLanguage":"pt-BR"},{"@type":"Person","@id":"https:\/\/www.gaveanews.com\/#\/schema\/person\/2ec14f73fb96be2caf28f91afb14749d","name":"Equipe G\u00e1vea News","image":{"@type":"ImageObject","inLanguage":"pt-BR","@id":"https:\/\/www.gaveanews.com\/#\/schema\/person\/image\/","url":"https:\/\/secure.gravatar.com\/avatar\/1e1956f1facbffd3f8fa53a326721950116b3b9dc9bd44939c01180fd4a745a9?s=96&d=mm&r=g","contentUrl":"https:\/\/secure.gravatar.com\/avatar\/1e1956f1facbffd3f8fa53a326721950116b3b9dc9bd44939c01180fd4a745a9?s=96&d=mm&r=g","caption":"Equipe G\u00e1vea News"}}]}},"_links":{"self":[{"href":"https:\/\/www.gaveanews.com\/index.php\/wp-json\/wp\/v2\/posts\/32190","targetHints":{"allow":["GET"]}}],"collection":[{"href":"https:\/\/www.gaveanews.com\/index.php\/wp-json\/wp\/v2\/posts"}],"about":[{"href":"https:\/\/www.gaveanews.com\/index.php\/wp-json\/wp\/v2\/types\/post"}],"author":[{"embeddable":true,"href":"https:\/\/www.gaveanews.com\/index.php\/wp-json\/wp\/v2\/users\/1"}],"replies":[{"embeddable":true,"href":"https:\/\/www.gaveanews.com\/index.php\/wp-json\/wp\/v2\/comments?post=32190"}],"version-history":[{"count":0,"href":"https:\/\/www.gaveanews.com\/index.php\/wp-json\/wp\/v2\/posts\/32190\/revisions"}],"wp:featuredmedia":[{"embeddable":true,"href":"https:\/\/www.gaveanews.com\/index.php\/wp-json\/wp\/v2\/media\/23225"}],"wp:attachment":[{"href":"https:\/\/www.gaveanews.com\/index.php\/wp-json\/wp\/v2\/media?parent=32190"}],"wp:term":[{"taxonomy":"category","embeddable":true,"href":"https:\/\/www.gaveanews.com\/index.php\/wp-json\/wp\/v2\/categories?post=32190"},{"taxonomy":"post_tag","embeddable":true,"href":"https:\/\/www.gaveanews.com\/index.php\/wp-json\/wp\/v2\/tags?post=32190"}],"curies":[{"name":"wp","href":"https:\/\/api.w.org\/{rel}","templated":true}]}}