{"id":32192,"date":"2019-11-21T09:53:57","date_gmt":"2019-11-21T12:53:57","guid":{"rendered":"http:\/\/www.gaveanews.com\/?p=32192"},"modified":"2019-11-21T09:53:57","modified_gmt":"2019-11-21T12:53:57","slug":"vasco-se-manifesta-sobre-acusacao-de-racismo-do-flamengo","status":"publish","type":"post","link":"https:\/\/www.gaveanews.com\/index.php\/2019\/11\/21\/vasco-se-manifesta-sobre-acusacao-de-racismo-do-flamengo\/","title":{"rendered":"Vasco se manifesta sobre acusa\u00e7\u00e3o de racismo do Flamengo"},"content":{"rendered":"\n<p>O Cl\u00e1ssico dos Milh\u00f5es disputado na categoria sub-20 nesta quarta-feira (20) terminou com vantagem do Flamengo sobre o Vasco. Campe\u00e3o carioca sub-20, o Meng\u00e3o comemorou em S\u00e3o Janu\u00e1rio, mas um de seus atletas teve muito a lamentar.<\/p>\n\n\n\n<p>O goleiro Hugo alegou ter sido chamado de macaco por um dos torcedores presentes. A den\u00fancia gerou inquieta\u00e7\u00e3o dentro da diretoria vasca\u00edna que responder por meio de nota oficial.<\/p>\n\n\n\n<p>\u201cAo fim da partida desta quarta-feira (20\/11) entre Vasco e Flamengo, pela decis\u00e3o do Campeonato Carioca Sub-20, o jogador rubro-negro Hugo afirmou ter sido v\u00edtima de insulto racista por parte de um torcedor, segundo ele, localizado nas Sociais de S\u00e3o Janu\u00e1rio. No entanto, alguns pontos precisam ser ponderados em nome do devido esclarecimento dos fatos.<\/p>\n\n\n\n<p>O atleta n\u00e3o conseguiu indicar, com precis\u00e3o, de onde teria sido proferido o referido insulto e tampouco identificar seu suposto autor. A equipe de seguran\u00e7as que trabalhou nas Sociais tamb\u00e9m n\u00e3o registrou qualquer epis\u00f3dio de insulto nos termos citados pelo jogador Hugo. Caso contr\u00e1rio, certamente teria agido, de imediato, para identificar o autor e adotar as medidas cab\u00edveis.<\/p>\n\n\n\n<p>Deve-se enfatizar tamb\u00e9m que, mesmo ap\u00f3s o relato do atleta, o \u00e1rbitro n\u00e3o paralisou a partida, conforme a recomenda\u00e7\u00e3o diante de atos ou cantos discriminat\u00f3rios, um ind\u00edcio de que ele pr\u00f3prio e seus auxiliares n\u00e3o verificaram qualquer caso conforme alegado pelo atleta.<\/p>\n\n\n\n<p>\u00c9 importante ressaltar, sobretudo, os in\u00fameros relatos nas m\u00eddias digitais de torcedores presentes nas Sociais negando ato ou grito de cunho racista contra o goleiro Hugo ou qualquer outro jogador.<\/p>\n\n\n\n<p>Este \u00e9 um tema extremamente caro ao Vasco. O pioneirismo no combate \u00e0 intoler\u00e2ncia racial \u00e9 sabidamente motivo de orgulho para o Clube e sua torcida. O Vasco e sua hist\u00f3ria n\u00e3o toleram qualquer tipo de preconceito, seja de que natureza for. O Clube e seus torcedores n\u00e3o permitem a presen\u00e7a de racistas em seu conv\u00edvio. Portanto, conhecendo-se o vasca\u00edno, \u00e9 impens\u00e1vel que qualquer pessoa proferisse um insulto racista nas depend\u00eancias de S\u00e3o Janu\u00e1rio sem que isso causasse revolta e fosse repudiado pelos pr\u00f3prios torcedores ao redor.<\/p>\n\n\n\n<p>Dito isso, esperamos esclarecer de uma vez por todas que o Vasco e seus torcedores n\u00e3o compactuam com qualquer atitude deste tipo.\u201d<\/p>\n\n\n\n<p>Retirado de: Torcedores<\/p>\n","protected":false},"excerpt":{"rendered":"<p>O Cl\u00e1ssico dos Milh\u00f5es disputado na categoria sub-20 nesta quarta-feira (20) terminou com vantagem do Flamengo sobre o Vasco. Campe\u00e3o carioca sub-20, o Meng\u00e3o comemorou em S\u00e3o Janu\u00e1rio, mas um de seus atletas teve muito a lamentar. O goleiro Hugo alegou ter sido chamado de macaco por um dos torcedores presentes. A den\u00fancia gerou inquieta\u00e7\u00e3o [&hellip;]<\/p>\n","protected":false},"author":1,"featured_media":32051,"comment_status":"open","ping_status":"open","sticky":false,"template":"","format":"standard","meta":{"footnotes":""},"categories":[1],"tags":[],"class_list":["post-32192","post","type-post","status-publish","format-standard","has-post-thumbnail","hentry","category-flamengo"],"yoast_head":"<!-- This site is optimized with the Yoast SEO Premium plugin v24.2 (Yoast SEO v26.9) - https:\/\/yoast.com\/product\/yoast-seo-premium-wordpress\/ -->\n<title>Vasco se manifesta sobre acusa\u00e7\u00e3o de racismo do Flamengo<\/title>\n<meta name=\"robots\" content=\"index, follow, max-snippet:-1, max-image-preview:large, max-video-preview:-1\" \/>\n<link rel=\"canonical\" href=\"https:\/\/www.gaveanews.com\/index.php\/2019\/11\/21\/vasco-se-manifesta-sobre-acusacao-de-racismo-do-flamengo\/\" \/>\n<meta property=\"og:locale\" content=\"pt_BR\" \/>\n<meta property=\"og:type\" content=\"article\" \/>\n<meta property=\"og:title\" content=\"Vasco se manifesta sobre acusa\u00e7\u00e3o de racismo do Flamengo\" \/>\n<meta property=\"og:description\" content=\"O Cl\u00e1ssico dos Milh\u00f5es disputado na categoria sub-20 nesta quarta-feira (20) terminou com vantagem do Flamengo sobre o Vasco. Campe\u00e3o carioca sub-20, o Meng\u00e3o comemorou em S\u00e3o Janu\u00e1rio, mas um de seus atletas teve muito a lamentar. O goleiro Hugo alegou ter sido chamado de macaco por um dos torcedores presentes. A den\u00fancia gerou inquieta\u00e7\u00e3o [&hellip;]\" \/>\n<meta property=\"og:url\" content=\"https:\/\/www.gaveanews.com\/index.php\/2019\/11\/21\/vasco-se-manifesta-sobre-acusacao-de-racismo-do-flamengo\/\" \/>\n<meta property=\"og:site_name\" content=\"G\u00e1vea News\" \/>\n<meta property=\"article:publisher\" content=\"https:\/\/facebook.com\/gaveaNews\/\" \/>\n<meta property=\"article:published_time\" content=\"2019-11-21T12:53:57+00:00\" \/>\n<meta property=\"og:image\" content=\"https:\/\/www.gaveanews.com\/wp-content\/uploads\/Goleiro-Hugo-durante-treinamento-do-Flamengo-no-Ninho-do-Urubu.webp\" \/>\n\t<meta property=\"og:image:width\" content=\"1280\" \/>\n\t<meta property=\"og:image:height\" content=\"853\" \/>\n\t<meta property=\"og:image:type\" content=\"image\/jpeg\" \/>\n<meta name=\"author\" content=\"Equipe G\u00e1vea News\" \/>\n<meta name=\"twitter:card\" content=\"summary_large_image\" \/>\n<meta name=\"twitter:label1\" content=\"Escrito por\" \/>\n\t<meta name=\"twitter:data1\" content=\"Equipe G\u00e1vea News\" \/>\n\t<meta name=\"twitter:label2\" content=\"Est. tempo de leitura\" \/>\n\t<meta name=\"twitter:data2\" content=\"2 minutos\" \/>\n<script type=\"application\/ld+json\" class=\"yoast-schema-graph\">{\"@context\":\"https:\/\/schema.org\",\"@graph\":[{\"@type\":\"NewsArticle\",\"@id\":\"https:\/\/www.gaveanews.com\/index.php\/2019\/11\/21\/vasco-se-manifesta-sobre-acusacao-de-racismo-do-flamengo\/#article\",\"isPartOf\":{\"@id\":\"https:\/\/www.gaveanews.com\/index.php\/2019\/11\/21\/vasco-se-manifesta-sobre-acusacao-de-racismo-do-flamengo\/\"},\"author\":{\"name\":\"Equipe G\u00e1vea News\",\"@id\":\"https:\/\/www.gaveanews.com\/#\/schema\/person\/2ec14f73fb96be2caf28f91afb14749d\"},\"headline\":\"Vasco se manifesta sobre acusa\u00e7\u00e3o de racismo do Flamengo\",\"datePublished\":\"2019-11-21T12:53:57+00:00\",\"mainEntityOfPage\":{\"@id\":\"https:\/\/www.gaveanews.com\/index.php\/2019\/11\/21\/vasco-se-manifesta-sobre-acusacao-de-racismo-do-flamengo\/\"},\"wordCount\":410,\"commentCount\":0,\"image\":{\"@id\":\"https:\/\/www.gaveanews.com\/index.php\/2019\/11\/21\/vasco-se-manifesta-sobre-acusacao-de-racismo-do-flamengo\/#primaryimage\"},\"thumbnailUrl\":\"https:\/\/www.gaveanews.com\/wp-content\/uploads\/Goleiro-Hugo-durante-treinamento-do-Flamengo-no-Ninho-do-Urubu.webp\",\"articleSection\":[\"Flamengo\"],\"inLanguage\":\"pt-BR\",\"potentialAction\":[{\"@type\":\"CommentAction\",\"name\":\"Comment\",\"target\":[\"https:\/\/www.gaveanews.com\/index.php\/2019\/11\/21\/vasco-se-manifesta-sobre-acusacao-de-racismo-do-flamengo\/#respond\"]}],\"copyrightYear\":\"2019\",\"copyrightHolder\":{\"@id\":\"https:\/\/www.gaveanews.com\/#organization\"}},{\"@type\":\"WebPage\",\"@id\":\"https:\/\/www.gaveanews.com\/index.php\/2019\/11\/21\/vasco-se-manifesta-sobre-acusacao-de-racismo-do-flamengo\/\",\"url\":\"https:\/\/www.gaveanews.com\/index.php\/2019\/11\/21\/vasco-se-manifesta-sobre-acusacao-de-racismo-do-flamengo\/\",\"name\":\"Vasco se manifesta sobre acusa\u00e7\u00e3o de racismo do Flamengo\",\"isPartOf\":{\"@id\":\"https:\/\/www.gaveanews.com\/#website\"},\"primaryImageOfPage\":{\"@id\":\"https:\/\/www.gaveanews.com\/index.php\/2019\/11\/21\/vasco-se-manifesta-sobre-acusacao-de-racismo-do-flamengo\/#primaryimage\"},\"image\":{\"@id\":\"https:\/\/www.gaveanews.com\/index.php\/2019\/11\/21\/vasco-se-manifesta-sobre-acusacao-de-racismo-do-flamengo\/#primaryimage\"},\"thumbnailUrl\":\"https:\/\/www.gaveanews.com\/wp-content\/uploads\/Goleiro-Hugo-durante-treinamento-do-Flamengo-no-Ninho-do-Urubu.webp\",\"datePublished\":\"2019-11-21T12:53:57+00:00\",\"author\":{\"@id\":\"https:\/\/www.gaveanews.com\/#\/schema\/person\/2ec14f73fb96be2caf28f91afb14749d\"},\"breadcrumb\":{\"@id\":\"https:\/\/www.gaveanews.com\/index.php\/2019\/11\/21\/vasco-se-manifesta-sobre-acusacao-de-racismo-do-flamengo\/#breadcrumb\"},\"inLanguage\":\"pt-BR\",\"potentialAction\":[{\"@type\":\"ReadAction\",\"target\":[\"https:\/\/www.gaveanews.com\/index.php\/2019\/11\/21\/vasco-se-manifesta-sobre-acusacao-de-racismo-do-flamengo\/\"]}]},{\"@type\":\"ImageObject\",\"inLanguage\":\"pt-BR\",\"@id\":\"https:\/\/www.gaveanews.com\/index.php\/2019\/11\/21\/vasco-se-manifesta-sobre-acusacao-de-racismo-do-flamengo\/#primaryimage\",\"url\":\"https:\/\/www.gaveanews.com\/wp-content\/uploads\/Goleiro-Hugo-durante-treinamento-do-Flamengo-no-Ninho-do-Urubu.webp\",\"contentUrl\":\"https:\/\/www.gaveanews.com\/wp-content\/uploads\/Goleiro-Hugo-durante-treinamento-do-Flamengo-no-Ninho-do-Urubu.webp\",\"width\":1280,\"height\":853,\"caption\":\"Goleiro Hugo durante treinamento do Flamengo no Ninho do Urubu (Foto: Gilvan de Souza\/Flamengo)\"},{\"@type\":\"BreadcrumbList\",\"@id\":\"https:\/\/www.gaveanews.com\/index.php\/2019\/11\/21\/vasco-se-manifesta-sobre-acusacao-de-racismo-do-flamengo\/#breadcrumb\",\"itemListElement\":[{\"@type\":\"ListItem\",\"position\":1,\"name\":\"Home\",\"item\":\"https:\/\/www.gaveanews.com\/\"},{\"@type\":\"ListItem\",\"position\":2,\"name\":\"Vasco se manifesta sobre acusa\u00e7\u00e3o de racismo do Flamengo\"}]},{\"@type\":\"WebSite\",\"@id\":\"https:\/\/www.gaveanews.com\/#website\",\"url\":\"https:\/\/www.gaveanews.com\/\",\"name\":\"G\u00e1vea News\",\"description\":\"Veja todas as not\u00edcias sobre o Flamengo: Contrata\u00e7\u00f5es, categorias de base, resultados das partidas, tabela de classifica\u00e7\u00e3o, pr\u00f3ximos jogos!\",\"potentialAction\":[{\"@type\":\"SearchAction\",\"target\":{\"@type\":\"EntryPoint\",\"urlTemplate\":\"https:\/\/www.gaveanews.com\/?s={search_term_string}\"},\"query-input\":{\"@type\":\"PropertyValueSpecification\",\"valueRequired\":true,\"valueName\":\"search_term_string\"}}],\"inLanguage\":\"pt-BR\"},{\"@type\":\"Person\",\"@id\":\"https:\/\/www.gaveanews.com\/#\/schema\/person\/2ec14f73fb96be2caf28f91afb14749d\",\"name\":\"Equipe G\u00e1vea News\",\"image\":{\"@type\":\"ImageObject\",\"inLanguage\":\"pt-BR\",\"@id\":\"https:\/\/www.gaveanews.com\/#\/schema\/person\/image\/\",\"url\":\"https:\/\/secure.gravatar.com\/avatar\/1e1956f1facbffd3f8fa53a326721950116b3b9dc9bd44939c01180fd4a745a9?s=96&d=mm&r=g\",\"contentUrl\":\"https:\/\/secure.gravatar.com\/avatar\/1e1956f1facbffd3f8fa53a326721950116b3b9dc9bd44939c01180fd4a745a9?s=96&d=mm&r=g\",\"caption\":\"Equipe G\u00e1vea News\"}}]}<\/script>\n<!-- \/ Yoast SEO Premium plugin. -->","yoast_head_json":{"title":"Vasco se manifesta sobre acusa\u00e7\u00e3o de racismo do Flamengo","robots":{"index":"index","follow":"follow","max-snippet":"max-snippet:-1","max-image-preview":"max-image-preview:large","max-video-preview":"max-video-preview:-1"},"canonical":"https:\/\/www.gaveanews.com\/index.php\/2019\/11\/21\/vasco-se-manifesta-sobre-acusacao-de-racismo-do-flamengo\/","og_locale":"pt_BR","og_type":"article","og_title":"Vasco se manifesta sobre acusa\u00e7\u00e3o de racismo do Flamengo","og_description":"O Cl\u00e1ssico dos Milh\u00f5es disputado na categoria sub-20 nesta quarta-feira (20) terminou com vantagem do Flamengo sobre o Vasco. Campe\u00e3o carioca sub-20, o Meng\u00e3o comemorou em S\u00e3o Janu\u00e1rio, mas um de seus atletas teve muito a lamentar. O goleiro Hugo alegou ter sido chamado de macaco por um dos torcedores presentes. A den\u00fancia gerou inquieta\u00e7\u00e3o [&hellip;]","og_url":"https:\/\/www.gaveanews.com\/index.php\/2019\/11\/21\/vasco-se-manifesta-sobre-acusacao-de-racismo-do-flamengo\/","og_site_name":"G\u00e1vea News","article_publisher":"https:\/\/facebook.com\/gaveaNews\/","article_published_time":"2019-11-21T12:53:57+00:00","og_image":[{"width":1280,"height":853,"url":"https:\/\/www.gaveanews.com\/wp-content\/uploads\/Goleiro-Hugo-durante-treinamento-do-Flamengo-no-Ninho-do-Urubu.webp","type":"image\/jpeg"}],"author":"Equipe G\u00e1vea News","twitter_card":"summary_large_image","twitter_misc":{"Escrito por":"Equipe G\u00e1vea News","Est. tempo de leitura":"2 minutos"},"schema":{"@context":"https:\/\/schema.org","@graph":[{"@type":"NewsArticle","@id":"https:\/\/www.gaveanews.com\/index.php\/2019\/11\/21\/vasco-se-manifesta-sobre-acusacao-de-racismo-do-flamengo\/#article","isPartOf":{"@id":"https:\/\/www.gaveanews.com\/index.php\/2019\/11\/21\/vasco-se-manifesta-sobre-acusacao-de-racismo-do-flamengo\/"},"author":{"name":"Equipe G\u00e1vea News","@id":"https:\/\/www.gaveanews.com\/#\/schema\/person\/2ec14f73fb96be2caf28f91afb14749d"},"headline":"Vasco se manifesta sobre acusa\u00e7\u00e3o de racismo do Flamengo","datePublished":"2019-11-21T12:53:57+00:00","mainEntityOfPage":{"@id":"https:\/\/www.gaveanews.com\/index.php\/2019\/11\/21\/vasco-se-manifesta-sobre-acusacao-de-racismo-do-flamengo\/"},"wordCount":410,"commentCount":0,"image":{"@id":"https:\/\/www.gaveanews.com\/index.php\/2019\/11\/21\/vasco-se-manifesta-sobre-acusacao-de-racismo-do-flamengo\/#primaryimage"},"thumbnailUrl":"https:\/\/www.gaveanews.com\/wp-content\/uploads\/Goleiro-Hugo-durante-treinamento-do-Flamengo-no-Ninho-do-Urubu.webp","articleSection":["Flamengo"],"inLanguage":"pt-BR","potentialAction":[{"@type":"CommentAction","name":"Comment","target":["https:\/\/www.gaveanews.com\/index.php\/2019\/11\/21\/vasco-se-manifesta-sobre-acusacao-de-racismo-do-flamengo\/#respond"]}],"copyrightYear":"2019","copyrightHolder":{"@id":"https:\/\/www.gaveanews.com\/#organization"}},{"@type":"WebPage","@id":"https:\/\/www.gaveanews.com\/index.php\/2019\/11\/21\/vasco-se-manifesta-sobre-acusacao-de-racismo-do-flamengo\/","url":"https:\/\/www.gaveanews.com\/index.php\/2019\/11\/21\/vasco-se-manifesta-sobre-acusacao-de-racismo-do-flamengo\/","name":"Vasco se manifesta sobre acusa\u00e7\u00e3o de racismo do Flamengo","isPartOf":{"@id":"https:\/\/www.gaveanews.com\/#website"},"primaryImageOfPage":{"@id":"https:\/\/www.gaveanews.com\/index.php\/2019\/11\/21\/vasco-se-manifesta-sobre-acusacao-de-racismo-do-flamengo\/#primaryimage"},"image":{"@id":"https:\/\/www.gaveanews.com\/index.php\/2019\/11\/21\/vasco-se-manifesta-sobre-acusacao-de-racismo-do-flamengo\/#primaryimage"},"thumbnailUrl":"https:\/\/www.gaveanews.com\/wp-content\/uploads\/Goleiro-Hugo-durante-treinamento-do-Flamengo-no-Ninho-do-Urubu.webp","datePublished":"2019-11-21T12:53:57+00:00","author":{"@id":"https:\/\/www.gaveanews.com\/#\/schema\/person\/2ec14f73fb96be2caf28f91afb14749d"},"breadcrumb":{"@id":"https:\/\/www.gaveanews.com\/index.php\/2019\/11\/21\/vasco-se-manifesta-sobre-acusacao-de-racismo-do-flamengo\/#breadcrumb"},"inLanguage":"pt-BR","potentialAction":[{"@type":"ReadAction","target":["https:\/\/www.gaveanews.com\/index.php\/2019\/11\/21\/vasco-se-manifesta-sobre-acusacao-de-racismo-do-flamengo\/"]}]},{"@type":"ImageObject","inLanguage":"pt-BR","@id":"https:\/\/www.gaveanews.com\/index.php\/2019\/11\/21\/vasco-se-manifesta-sobre-acusacao-de-racismo-do-flamengo\/#primaryimage","url":"https:\/\/www.gaveanews.com\/wp-content\/uploads\/Goleiro-Hugo-durante-treinamento-do-Flamengo-no-Ninho-do-Urubu.webp","contentUrl":"https:\/\/www.gaveanews.com\/wp-content\/uploads\/Goleiro-Hugo-durante-treinamento-do-Flamengo-no-Ninho-do-Urubu.webp","width":1280,"height":853,"caption":"Goleiro Hugo durante treinamento do Flamengo no Ninho do Urubu (Foto: Gilvan de Souza\/Flamengo)"},{"@type":"BreadcrumbList","@id":"https:\/\/www.gaveanews.com\/index.php\/2019\/11\/21\/vasco-se-manifesta-sobre-acusacao-de-racismo-do-flamengo\/#breadcrumb","itemListElement":[{"@type":"ListItem","position":1,"name":"Home","item":"https:\/\/www.gaveanews.com\/"},{"@type":"ListItem","position":2,"name":"Vasco se manifesta sobre acusa\u00e7\u00e3o de racismo do Flamengo"}]},{"@type":"WebSite","@id":"https:\/\/www.gaveanews.com\/#website","url":"https:\/\/www.gaveanews.com\/","name":"G\u00e1vea News","description":"Veja todas as not\u00edcias sobre o Flamengo: Contrata\u00e7\u00f5es, categorias de base, resultados das partidas, tabela de classifica\u00e7\u00e3o, pr\u00f3ximos jogos!","potentialAction":[{"@type":"SearchAction","target":{"@type":"EntryPoint","urlTemplate":"https:\/\/www.gaveanews.com\/?s={search_term_string}"},"query-input":{"@type":"PropertyValueSpecification","valueRequired":true,"valueName":"search_term_string"}}],"inLanguage":"pt-BR"},{"@type":"Person","@id":"https:\/\/www.gaveanews.com\/#\/schema\/person\/2ec14f73fb96be2caf28f91afb14749d","name":"Equipe G\u00e1vea News","image":{"@type":"ImageObject","inLanguage":"pt-BR","@id":"https:\/\/www.gaveanews.com\/#\/schema\/person\/image\/","url":"https:\/\/secure.gravatar.com\/avatar\/1e1956f1facbffd3f8fa53a326721950116b3b9dc9bd44939c01180fd4a745a9?s=96&d=mm&r=g","contentUrl":"https:\/\/secure.gravatar.com\/avatar\/1e1956f1facbffd3f8fa53a326721950116b3b9dc9bd44939c01180fd4a745a9?s=96&d=mm&r=g","caption":"Equipe G\u00e1vea News"}}]}},"_links":{"self":[{"href":"https:\/\/www.gaveanews.com\/index.php\/wp-json\/wp\/v2\/posts\/32192","targetHints":{"allow":["GET"]}}],"collection":[{"href":"https:\/\/www.gaveanews.com\/index.php\/wp-json\/wp\/v2\/posts"}],"about":[{"href":"https:\/\/www.gaveanews.com\/index.php\/wp-json\/wp\/v2\/types\/post"}],"author":[{"embeddable":true,"href":"https:\/\/www.gaveanews.com\/index.php\/wp-json\/wp\/v2\/users\/1"}],"replies":[{"embeddable":true,"href":"https:\/\/www.gaveanews.com\/index.php\/wp-json\/wp\/v2\/comments?post=32192"}],"version-history":[{"count":0,"href":"https:\/\/www.gaveanews.com\/index.php\/wp-json\/wp\/v2\/posts\/32192\/revisions"}],"wp:featuredmedia":[{"embeddable":true,"href":"https:\/\/www.gaveanews.com\/index.php\/wp-json\/wp\/v2\/media\/32051"}],"wp:attachment":[{"href":"https:\/\/www.gaveanews.com\/index.php\/wp-json\/wp\/v2\/media?parent=32192"}],"wp:term":[{"taxonomy":"category","embeddable":true,"href":"https:\/\/www.gaveanews.com\/index.php\/wp-json\/wp\/v2\/categories?post=32192"},{"taxonomy":"post_tag","embeddable":true,"href":"https:\/\/www.gaveanews.com\/index.php\/wp-json\/wp\/v2\/tags?post=32192"}],"curies":[{"name":"wp","href":"https:\/\/api.w.org\/{rel}","templated":true}]}}