{"id":32218,"date":"2019-11-21T18:38:22","date_gmt":"2019-11-21T21:38:22","guid":{"rendered":"http:\/\/www.gaveanews.com\/?p=32218"},"modified":"2019-11-21T18:58:15","modified_gmt":"2019-11-21T21:58:15","slug":"dois-jogadores-do-flamengo-concorrem-ao-premio-de-melhor-jogador-da-libertadores-vote-voce-tambem","status":"publish","type":"post","link":"https:\/\/www.gaveanews.com\/index.php\/2019\/11\/21\/dois-jogadores-do-flamengo-concorrem-ao-premio-de-melhor-jogador-da-libertadores-vote-voce-tambem\/","title":{"rendered":"Dois jogadores do Flamengo concorrem ao pr\u00eamio de melhor jogador da Libertadores; vote voc\u00ea tamb\u00e9m"},"content":{"rendered":"\n<p>A Bridgestone preparou uma a\u00e7\u00e3o especial para a final da Copa Libertadores da Am\u00e9rica, que acontece neste s\u00e1bado (23), em Lima (Peru). A marca, patrocinadora do torneio desde 2013, entregar\u00e1 uma joia personalizada ao melhor jogador do campeonato. O anel, feito em ouro, ter\u00e1 128 diamantes.<\/p>\n\n\n\n<p>Est\u00e3o na disputa os atletas Bruno Henrique e Gabriel, do Flamengo, e Nacho Fernandez e Nicol\u00e1s de La Cruz, do River Plate, as duas equipes que se enfrentam na grande decis\u00e3o. O vencedor ser\u00e1 escolhido ap\u00f3s vota\u00e7\u00e3o realizada entre o p\u00fablico, jornalistas e a Conmebol.<\/p>\n\n\n\n<p>O site para a escolha do p\u00fablico j\u00e1 est\u00e1 no ar, em <a href=\"http:\/\/bit.ly\/VOTACAO-LIBERTADORES\">fanbridgestone.com<\/a>. A vota\u00e7\u00e3o estar\u00e1 dispon\u00edvel at\u00e9 o t\u00e9rmino da partida final.<\/p>\n\n\n\n<script src=\"\/\/player.daznservices.com\/player.js#5d1f26fa510d9e88ae61c80a9f.4i957yv4nd51916962aqv1dn$videoid=2qiobrqjhtuw118wal6hqjtdu\" async=\"\"><\/script>\n\n\n\n<p>&#8220;Este ano, promovemos a\u00e7\u00f5es desde a primeira fase do campeonato. Estamos numa jornada e fechamos o torneio com essa grande novidade. Estamos ampliando as a\u00e7\u00f5es com o p\u00fablico e com o torneio e acabamos de fechar com a Conmebol at\u00e9 2022&#8221;, afirma Oduvaldo Viana, diretor de Marketing da Bridgestone.<\/p>\n\n\n\n<p>A entrega do anel segue uma tradi\u00e7\u00e3o muito conhecida nos Estados Unidos. L\u00e1, entretanto, todos os atletas e treinadores campe\u00f5es da NFL (futebol americano), NBA (basquete), MLB (beisebol) e NHL (h\u00f3quei) recebem joias -uma vez que n\u00e3o ganham medalhas de campe\u00f5es.<\/p>\n\n\n\n<p>Por aqui, a joia ser\u00e1 ainda mais exclusiva: apenas um jogador ter\u00e1 o presente, que ainda ter\u00e1 as marcas da Bridgestone e da confedera\u00e7\u00e3o nas laterais.<\/p>\n\n\n\n<p>A marca ainda preparou uma s\u00e9rie de a\u00e7\u00f5es para os torcedores que est\u00e3o na capital peruana para a final. S\u00e3o esperados cerca de 12.500 torcedores do Flamengo e 12.500 torcedores do River Plate no est\u00e1dio. Cerca de 60 mil espectadores estar\u00e3o no est\u00e1dio Monumental de Lima na decis\u00e3o.<\/p>\n\n\n\n<p>Em uma parceria com a Grin, a marca dar\u00e1 3 mil cupons de descontos para a utiliza\u00e7\u00e3o de patinetes compartilhados. Para participar, o usu\u00e1rio precisa clicar na aba &#8216;Promo\u00e7\u00f5es&#8217; e digitar o c\u00f3digo BOTTBRIDGESTONE.<\/p>\n\n\n\n<p>J\u00e1 na fan fest oficial do torneio, que acontece no Domos Art, no bairro de San Miguel, a empresa realizar\u00e1 a &#8220;Bridgestone Challenge&#8221;, uma competi\u00e7\u00e3o de troca de pneus com equipes formadas por torcedores das duas equipes.<\/p>\n\n\n\n<figure class=\"wp-block-image size-large\"><img decoding=\"async\" src=\"https:\/\/s2.glbimg.com\/0-e6z1aLdsc1aLu5WcQ9mgk1NDI=\/0x113:538x680\/1000x0\/smart\/filters:strip_icc()\/i.s3.glbimg.com\/v1\/AUTH_bc8228b6673f488aa253bbcb03c80ec5\/internal_photos\/bs\/2019\/d\/L\/xc6U7JSgaPYFzyAafTaQ\/ej69yrdx0aatifo.jfif\" alt=\"\"\/><figcaption>Bruno Henrique e Gabigol concorrem a melhor jogador da Libertadores (Foto: Divulga\u00e7\u00e3o\/Conmebol)<\/figcaption><\/figure>\n\n\n\n<p>Retirado de: UOL<\/p>\n","protected":false},"excerpt":{"rendered":"<p>A Bridgestone preparou uma a\u00e7\u00e3o especial para a final da Copa Libertadores da Am\u00e9rica, que acontece neste s\u00e1bado (23), em Lima (Peru). A marca, patrocinadora do torneio desde 2013, entregar\u00e1 uma joia personalizada ao melhor jogador do campeonato. O anel, feito em ouro, ter\u00e1 128 diamantes. Est\u00e3o na disputa os atletas Bruno Henrique e Gabriel, [&hellip;]<\/p>\n","protected":false},"author":1,"featured_media":14851,"comment_status":"open","ping_status":"open","sticky":false,"template":"","format":"standard","meta":{"footnotes":""},"categories":[47],"tags":[],"class_list":["post-32218","post","type-post","status-publish","format-standard","has-post-thumbnail","hentry","category-destaques"],"yoast_head":"<!-- This site is optimized with the Yoast SEO Premium plugin v24.2 (Yoast SEO v26.9) - https:\/\/yoast.com\/product\/yoast-seo-premium-wordpress\/ -->\n<title>Dois jogadores do Flamengo concorrem ao pr\u00eamio de melhor jogador da Libertadores; vote voc\u00ea tamb\u00e9m<\/title>\n<meta name=\"robots\" content=\"index, follow, max-snippet:-1, max-image-preview:large, max-video-preview:-1\" \/>\n<link rel=\"canonical\" href=\"https:\/\/www.gaveanews.com\/index.php\/2019\/11\/21\/dois-jogadores-do-flamengo-concorrem-ao-premio-de-melhor-jogador-da-libertadores-vote-voce-tambem\/\" \/>\n<meta property=\"og:locale\" content=\"pt_BR\" \/>\n<meta property=\"og:type\" content=\"article\" \/>\n<meta property=\"og:title\" content=\"Dois jogadores do Flamengo concorrem ao pr\u00eamio de melhor jogador da Libertadores; vote voc\u00ea tamb\u00e9m\" \/>\n<meta property=\"og:description\" content=\"A Bridgestone preparou uma a\u00e7\u00e3o especial para a final da Copa Libertadores da Am\u00e9rica, que acontece neste s\u00e1bado (23), em Lima (Peru). A marca, patrocinadora do torneio desde 2013, entregar\u00e1 uma joia personalizada ao melhor jogador do campeonato. O anel, feito em ouro, ter\u00e1 128 diamantes. Est\u00e3o na disputa os atletas Bruno Henrique e Gabriel, [&hellip;]\" \/>\n<meta property=\"og:url\" content=\"https:\/\/www.gaveanews.com\/index.php\/2019\/11\/21\/dois-jogadores-do-flamengo-concorrem-ao-premio-de-melhor-jogador-da-libertadores-vote-voce-tambem\/\" \/>\n<meta property=\"og:site_name\" content=\"G\u00e1vea News\" \/>\n<meta property=\"article:publisher\" content=\"https:\/\/facebook.com\/gaveaNews\/\" \/>\n<meta property=\"article:published_time\" content=\"2019-11-21T21:38:22+00:00\" \/>\n<meta property=\"article:modified_time\" content=\"2019-11-21T21:58:15+00:00\" \/>\n<meta property=\"og:image\" content=\"https:\/\/www.gaveanews.com\/wp-content\/uploads\/2019\/03\/Taca-da-Copa-Libertadores-da-America.webp\" \/>\n\t<meta property=\"og:image:width\" content=\"1\" \/>\n\t<meta property=\"og:image:height\" content=\"1\" \/>\n\t<meta property=\"og:image:type\" content=\"image\/jpeg\" \/>\n<meta name=\"author\" content=\"Equipe G\u00e1vea News\" \/>\n<meta name=\"twitter:card\" content=\"summary_large_image\" \/>\n<meta name=\"twitter:label1\" content=\"Escrito por\" \/>\n\t<meta name=\"twitter:data1\" content=\"Equipe G\u00e1vea News\" \/>\n\t<meta name=\"twitter:label2\" content=\"Est. tempo de leitura\" \/>\n\t<meta name=\"twitter:data2\" content=\"2 minutos\" \/>\n<script type=\"application\/ld+json\" class=\"yoast-schema-graph\">{\"@context\":\"https:\/\/schema.org\",\"@graph\":[{\"@type\":\"NewsArticle\",\"@id\":\"https:\/\/www.gaveanews.com\/index.php\/2019\/11\/21\/dois-jogadores-do-flamengo-concorrem-ao-premio-de-melhor-jogador-da-libertadores-vote-voce-tambem\/#article\",\"isPartOf\":{\"@id\":\"https:\/\/www.gaveanews.com\/index.php\/2019\/11\/21\/dois-jogadores-do-flamengo-concorrem-ao-premio-de-melhor-jogador-da-libertadores-vote-voce-tambem\/\"},\"author\":{\"name\":\"Equipe G\u00e1vea News\",\"@id\":\"https:\/\/www.gaveanews.com\/#\/schema\/person\/2ec14f73fb96be2caf28f91afb14749d\"},\"headline\":\"Dois jogadores do Flamengo concorrem ao pr\u00eamio de melhor jogador da Libertadores; vote voc\u00ea tamb\u00e9m\",\"datePublished\":\"2019-11-21T21:38:22+00:00\",\"dateModified\":\"2019-11-21T21:58:15+00:00\",\"mainEntityOfPage\":{\"@id\":\"https:\/\/www.gaveanews.com\/index.php\/2019\/11\/21\/dois-jogadores-do-flamengo-concorrem-ao-premio-de-melhor-jogador-da-libertadores-vote-voce-tambem\/\"},\"wordCount\":411,\"commentCount\":0,\"image\":{\"@id\":\"https:\/\/www.gaveanews.com\/index.php\/2019\/11\/21\/dois-jogadores-do-flamengo-concorrem-ao-premio-de-melhor-jogador-da-libertadores-vote-voce-tambem\/#primaryimage\"},\"thumbnailUrl\":\"https:\/\/www.gaveanews.com\/wp-content\/uploads\/2019\/03\/Taca-da-Copa-Libertadores-da-America.webp\",\"articleSection\":[\"Destaques\"],\"inLanguage\":\"pt-BR\",\"potentialAction\":[{\"@type\":\"CommentAction\",\"name\":\"Comment\",\"target\":[\"https:\/\/www.gaveanews.com\/index.php\/2019\/11\/21\/dois-jogadores-do-flamengo-concorrem-ao-premio-de-melhor-jogador-da-libertadores-vote-voce-tambem\/#respond\"]}],\"copyrightYear\":\"2019\",\"copyrightHolder\":{\"@id\":\"https:\/\/www.gaveanews.com\/#organization\"}},{\"@type\":\"WebPage\",\"@id\":\"https:\/\/www.gaveanews.com\/index.php\/2019\/11\/21\/dois-jogadores-do-flamengo-concorrem-ao-premio-de-melhor-jogador-da-libertadores-vote-voce-tambem\/\",\"url\":\"https:\/\/www.gaveanews.com\/index.php\/2019\/11\/21\/dois-jogadores-do-flamengo-concorrem-ao-premio-de-melhor-jogador-da-libertadores-vote-voce-tambem\/\",\"name\":\"Dois jogadores do Flamengo concorrem ao pr\u00eamio de melhor jogador da Libertadores; vote voc\u00ea tamb\u00e9m\",\"isPartOf\":{\"@id\":\"https:\/\/www.gaveanews.com\/#website\"},\"primaryImageOfPage\":{\"@id\":\"https:\/\/www.gaveanews.com\/index.php\/2019\/11\/21\/dois-jogadores-do-flamengo-concorrem-ao-premio-de-melhor-jogador-da-libertadores-vote-voce-tambem\/#primaryimage\"},\"image\":{\"@id\":\"https:\/\/www.gaveanews.com\/index.php\/2019\/11\/21\/dois-jogadores-do-flamengo-concorrem-ao-premio-de-melhor-jogador-da-libertadores-vote-voce-tambem\/#primaryimage\"},\"thumbnailUrl\":\"https:\/\/www.gaveanews.com\/wp-content\/uploads\/2019\/03\/Taca-da-Copa-Libertadores-da-America.webp\",\"datePublished\":\"2019-11-21T21:38:22+00:00\",\"dateModified\":\"2019-11-21T21:58:15+00:00\",\"author\":{\"@id\":\"https:\/\/www.gaveanews.com\/#\/schema\/person\/2ec14f73fb96be2caf28f91afb14749d\"},\"breadcrumb\":{\"@id\":\"https:\/\/www.gaveanews.com\/index.php\/2019\/11\/21\/dois-jogadores-do-flamengo-concorrem-ao-premio-de-melhor-jogador-da-libertadores-vote-voce-tambem\/#breadcrumb\"},\"inLanguage\":\"pt-BR\",\"potentialAction\":[{\"@type\":\"ReadAction\",\"target\":[\"https:\/\/www.gaveanews.com\/index.php\/2019\/11\/21\/dois-jogadores-do-flamengo-concorrem-ao-premio-de-melhor-jogador-da-libertadores-vote-voce-tambem\/\"]}]},{\"@type\":\"ImageObject\",\"inLanguage\":\"pt-BR\",\"@id\":\"https:\/\/www.gaveanews.com\/index.php\/2019\/11\/21\/dois-jogadores-do-flamengo-concorrem-ao-premio-de-melhor-jogador-da-libertadores-vote-voce-tambem\/#primaryimage\",\"url\":\"https:\/\/www.gaveanews.com\/wp-content\/uploads\/2019\/03\/Taca-da-Copa-Libertadores-da-America.webp\",\"contentUrl\":\"https:\/\/www.gaveanews.com\/wp-content\/uploads\/2019\/03\/Taca-da-Copa-Libertadores-da-America.webp\",\"caption\":\"Ta\u00e7a da Copa Libertadores da Am\u00e9rica (Foto: Divulga\u00e7\u00e3o\/Conmebol)\"},{\"@type\":\"BreadcrumbList\",\"@id\":\"https:\/\/www.gaveanews.com\/index.php\/2019\/11\/21\/dois-jogadores-do-flamengo-concorrem-ao-premio-de-melhor-jogador-da-libertadores-vote-voce-tambem\/#breadcrumb\",\"itemListElement\":[{\"@type\":\"ListItem\",\"position\":1,\"name\":\"Home\",\"item\":\"https:\/\/www.gaveanews.com\/\"},{\"@type\":\"ListItem\",\"position\":2,\"name\":\"Dois jogadores do Flamengo concorrem ao pr\u00eamio de melhor jogador da Libertadores; vote voc\u00ea tamb\u00e9m\"}]},{\"@type\":\"WebSite\",\"@id\":\"https:\/\/www.gaveanews.com\/#website\",\"url\":\"https:\/\/www.gaveanews.com\/\",\"name\":\"G\u00e1vea News\",\"description\":\"Veja todas as not\u00edcias sobre o Flamengo: Contrata\u00e7\u00f5es, categorias de base, resultados das partidas, tabela de classifica\u00e7\u00e3o, pr\u00f3ximos jogos!\",\"potentialAction\":[{\"@type\":\"SearchAction\",\"target\":{\"@type\":\"EntryPoint\",\"urlTemplate\":\"https:\/\/www.gaveanews.com\/?s={search_term_string}\"},\"query-input\":{\"@type\":\"PropertyValueSpecification\",\"valueRequired\":true,\"valueName\":\"search_term_string\"}}],\"inLanguage\":\"pt-BR\"},{\"@type\":\"Person\",\"@id\":\"https:\/\/www.gaveanews.com\/#\/schema\/person\/2ec14f73fb96be2caf28f91afb14749d\",\"name\":\"Equipe G\u00e1vea News\",\"image\":{\"@type\":\"ImageObject\",\"inLanguage\":\"pt-BR\",\"@id\":\"https:\/\/www.gaveanews.com\/#\/schema\/person\/image\/\",\"url\":\"https:\/\/secure.gravatar.com\/avatar\/1e1956f1facbffd3f8fa53a326721950116b3b9dc9bd44939c01180fd4a745a9?s=96&d=mm&r=g\",\"contentUrl\":\"https:\/\/secure.gravatar.com\/avatar\/1e1956f1facbffd3f8fa53a326721950116b3b9dc9bd44939c01180fd4a745a9?s=96&d=mm&r=g\",\"caption\":\"Equipe G\u00e1vea News\"}}]}<\/script>\n<!-- \/ Yoast SEO Premium plugin. -->","yoast_head_json":{"title":"Dois jogadores do Flamengo concorrem ao pr\u00eamio de melhor jogador da Libertadores; vote voc\u00ea tamb\u00e9m","robots":{"index":"index","follow":"follow","max-snippet":"max-snippet:-1","max-image-preview":"max-image-preview:large","max-video-preview":"max-video-preview:-1"},"canonical":"https:\/\/www.gaveanews.com\/index.php\/2019\/11\/21\/dois-jogadores-do-flamengo-concorrem-ao-premio-de-melhor-jogador-da-libertadores-vote-voce-tambem\/","og_locale":"pt_BR","og_type":"article","og_title":"Dois jogadores do Flamengo concorrem ao pr\u00eamio de melhor jogador da Libertadores; vote voc\u00ea tamb\u00e9m","og_description":"A Bridgestone preparou uma a\u00e7\u00e3o especial para a final da Copa Libertadores da Am\u00e9rica, que acontece neste s\u00e1bado (23), em Lima (Peru). A marca, patrocinadora do torneio desde 2013, entregar\u00e1 uma joia personalizada ao melhor jogador do campeonato. O anel, feito em ouro, ter\u00e1 128 diamantes. Est\u00e3o na disputa os atletas Bruno Henrique e Gabriel, [&hellip;]","og_url":"https:\/\/www.gaveanews.com\/index.php\/2019\/11\/21\/dois-jogadores-do-flamengo-concorrem-ao-premio-de-melhor-jogador-da-libertadores-vote-voce-tambem\/","og_site_name":"G\u00e1vea News","article_publisher":"https:\/\/facebook.com\/gaveaNews\/","article_published_time":"2019-11-21T21:38:22+00:00","article_modified_time":"2019-11-21T21:58:15+00:00","og_image":[{"url":"https:\/\/www.gaveanews.com\/wp-content\/uploads\/2019\/03\/Taca-da-Copa-Libertadores-da-America.webp","width":1,"height":1,"type":"image\/jpeg"}],"author":"Equipe G\u00e1vea News","twitter_card":"summary_large_image","twitter_misc":{"Escrito por":"Equipe G\u00e1vea News","Est. tempo de leitura":"2 minutos"},"schema":{"@context":"https:\/\/schema.org","@graph":[{"@type":"NewsArticle","@id":"https:\/\/www.gaveanews.com\/index.php\/2019\/11\/21\/dois-jogadores-do-flamengo-concorrem-ao-premio-de-melhor-jogador-da-libertadores-vote-voce-tambem\/#article","isPartOf":{"@id":"https:\/\/www.gaveanews.com\/index.php\/2019\/11\/21\/dois-jogadores-do-flamengo-concorrem-ao-premio-de-melhor-jogador-da-libertadores-vote-voce-tambem\/"},"author":{"name":"Equipe G\u00e1vea News","@id":"https:\/\/www.gaveanews.com\/#\/schema\/person\/2ec14f73fb96be2caf28f91afb14749d"},"headline":"Dois jogadores do Flamengo concorrem ao pr\u00eamio de melhor jogador da Libertadores; vote voc\u00ea tamb\u00e9m","datePublished":"2019-11-21T21:38:22+00:00","dateModified":"2019-11-21T21:58:15+00:00","mainEntityOfPage":{"@id":"https:\/\/www.gaveanews.com\/index.php\/2019\/11\/21\/dois-jogadores-do-flamengo-concorrem-ao-premio-de-melhor-jogador-da-libertadores-vote-voce-tambem\/"},"wordCount":411,"commentCount":0,"image":{"@id":"https:\/\/www.gaveanews.com\/index.php\/2019\/11\/21\/dois-jogadores-do-flamengo-concorrem-ao-premio-de-melhor-jogador-da-libertadores-vote-voce-tambem\/#primaryimage"},"thumbnailUrl":"https:\/\/www.gaveanews.com\/wp-content\/uploads\/2019\/03\/Taca-da-Copa-Libertadores-da-America.webp","articleSection":["Destaques"],"inLanguage":"pt-BR","potentialAction":[{"@type":"CommentAction","name":"Comment","target":["https:\/\/www.gaveanews.com\/index.php\/2019\/11\/21\/dois-jogadores-do-flamengo-concorrem-ao-premio-de-melhor-jogador-da-libertadores-vote-voce-tambem\/#respond"]}],"copyrightYear":"2019","copyrightHolder":{"@id":"https:\/\/www.gaveanews.com\/#organization"}},{"@type":"WebPage","@id":"https:\/\/www.gaveanews.com\/index.php\/2019\/11\/21\/dois-jogadores-do-flamengo-concorrem-ao-premio-de-melhor-jogador-da-libertadores-vote-voce-tambem\/","url":"https:\/\/www.gaveanews.com\/index.php\/2019\/11\/21\/dois-jogadores-do-flamengo-concorrem-ao-premio-de-melhor-jogador-da-libertadores-vote-voce-tambem\/","name":"Dois jogadores do Flamengo concorrem ao pr\u00eamio de melhor jogador da Libertadores; vote voc\u00ea tamb\u00e9m","isPartOf":{"@id":"https:\/\/www.gaveanews.com\/#website"},"primaryImageOfPage":{"@id":"https:\/\/www.gaveanews.com\/index.php\/2019\/11\/21\/dois-jogadores-do-flamengo-concorrem-ao-premio-de-melhor-jogador-da-libertadores-vote-voce-tambem\/#primaryimage"},"image":{"@id":"https:\/\/www.gaveanews.com\/index.php\/2019\/11\/21\/dois-jogadores-do-flamengo-concorrem-ao-premio-de-melhor-jogador-da-libertadores-vote-voce-tambem\/#primaryimage"},"thumbnailUrl":"https:\/\/www.gaveanews.com\/wp-content\/uploads\/2019\/03\/Taca-da-Copa-Libertadores-da-America.webp","datePublished":"2019-11-21T21:38:22+00:00","dateModified":"2019-11-21T21:58:15+00:00","author":{"@id":"https:\/\/www.gaveanews.com\/#\/schema\/person\/2ec14f73fb96be2caf28f91afb14749d"},"breadcrumb":{"@id":"https:\/\/www.gaveanews.com\/index.php\/2019\/11\/21\/dois-jogadores-do-flamengo-concorrem-ao-premio-de-melhor-jogador-da-libertadores-vote-voce-tambem\/#breadcrumb"},"inLanguage":"pt-BR","potentialAction":[{"@type":"ReadAction","target":["https:\/\/www.gaveanews.com\/index.php\/2019\/11\/21\/dois-jogadores-do-flamengo-concorrem-ao-premio-de-melhor-jogador-da-libertadores-vote-voce-tambem\/"]}]},{"@type":"ImageObject","inLanguage":"pt-BR","@id":"https:\/\/www.gaveanews.com\/index.php\/2019\/11\/21\/dois-jogadores-do-flamengo-concorrem-ao-premio-de-melhor-jogador-da-libertadores-vote-voce-tambem\/#primaryimage","url":"https:\/\/www.gaveanews.com\/wp-content\/uploads\/2019\/03\/Taca-da-Copa-Libertadores-da-America.webp","contentUrl":"https:\/\/www.gaveanews.com\/wp-content\/uploads\/2019\/03\/Taca-da-Copa-Libertadores-da-America.webp","caption":"Ta\u00e7a da Copa Libertadores da Am\u00e9rica (Foto: Divulga\u00e7\u00e3o\/Conmebol)"},{"@type":"BreadcrumbList","@id":"https:\/\/www.gaveanews.com\/index.php\/2019\/11\/21\/dois-jogadores-do-flamengo-concorrem-ao-premio-de-melhor-jogador-da-libertadores-vote-voce-tambem\/#breadcrumb","itemListElement":[{"@type":"ListItem","position":1,"name":"Home","item":"https:\/\/www.gaveanews.com\/"},{"@type":"ListItem","position":2,"name":"Dois jogadores do Flamengo concorrem ao pr\u00eamio de melhor jogador da Libertadores; vote voc\u00ea tamb\u00e9m"}]},{"@type":"WebSite","@id":"https:\/\/www.gaveanews.com\/#website","url":"https:\/\/www.gaveanews.com\/","name":"G\u00e1vea News","description":"Veja todas as not\u00edcias sobre o Flamengo: Contrata\u00e7\u00f5es, categorias de base, resultados das partidas, tabela de classifica\u00e7\u00e3o, pr\u00f3ximos jogos!","potentialAction":[{"@type":"SearchAction","target":{"@type":"EntryPoint","urlTemplate":"https:\/\/www.gaveanews.com\/?s={search_term_string}"},"query-input":{"@type":"PropertyValueSpecification","valueRequired":true,"valueName":"search_term_string"}}],"inLanguage":"pt-BR"},{"@type":"Person","@id":"https:\/\/www.gaveanews.com\/#\/schema\/person\/2ec14f73fb96be2caf28f91afb14749d","name":"Equipe G\u00e1vea News","image":{"@type":"ImageObject","inLanguage":"pt-BR","@id":"https:\/\/www.gaveanews.com\/#\/schema\/person\/image\/","url":"https:\/\/secure.gravatar.com\/avatar\/1e1956f1facbffd3f8fa53a326721950116b3b9dc9bd44939c01180fd4a745a9?s=96&d=mm&r=g","contentUrl":"https:\/\/secure.gravatar.com\/avatar\/1e1956f1facbffd3f8fa53a326721950116b3b9dc9bd44939c01180fd4a745a9?s=96&d=mm&r=g","caption":"Equipe G\u00e1vea News"}}]}},"_links":{"self":[{"href":"https:\/\/www.gaveanews.com\/index.php\/wp-json\/wp\/v2\/posts\/32218","targetHints":{"allow":["GET"]}}],"collection":[{"href":"https:\/\/www.gaveanews.com\/index.php\/wp-json\/wp\/v2\/posts"}],"about":[{"href":"https:\/\/www.gaveanews.com\/index.php\/wp-json\/wp\/v2\/types\/post"}],"author":[{"embeddable":true,"href":"https:\/\/www.gaveanews.com\/index.php\/wp-json\/wp\/v2\/users\/1"}],"replies":[{"embeddable":true,"href":"https:\/\/www.gaveanews.com\/index.php\/wp-json\/wp\/v2\/comments?post=32218"}],"version-history":[{"count":0,"href":"https:\/\/www.gaveanews.com\/index.php\/wp-json\/wp\/v2\/posts\/32218\/revisions"}],"wp:featuredmedia":[{"embeddable":true,"href":"https:\/\/www.gaveanews.com\/index.php\/wp-json\/wp\/v2\/media\/14851"}],"wp:attachment":[{"href":"https:\/\/www.gaveanews.com\/index.php\/wp-json\/wp\/v2\/media?parent=32218"}],"wp:term":[{"taxonomy":"category","embeddable":true,"href":"https:\/\/www.gaveanews.com\/index.php\/wp-json\/wp\/v2\/categories?post=32218"},{"taxonomy":"post_tag","embeddable":true,"href":"https:\/\/www.gaveanews.com\/index.php\/wp-json\/wp\/v2\/tags?post=32218"}],"curies":[{"name":"wp","href":"https:\/\/api.w.org\/{rel}","templated":true}]}}