{"id":32225,"date":"2019-11-21T20:34:38","date_gmt":"2019-11-21T23:34:38","guid":{"rendered":"http:\/\/www.gaveanews.com\/?p=32225"},"modified":"2019-11-21T20:34:39","modified_gmt":"2019-11-21T23:34:39","slug":"de-arrascaeta-rasga-elogios-para-a-torcida-do-flamengo-antes-de-decisao-contra-o-river-plate","status":"publish","type":"post","link":"https:\/\/www.gaveanews.com\/index.php\/2019\/11\/21\/de-arrascaeta-rasga-elogios-para-a-torcida-do-flamengo-antes-de-decisao-contra-o-river-plate\/","title":{"rendered":"De Arrascaeta rasga elogios para a torcida do Flamengo antes de decis\u00e3o contra o River Plate"},"content":{"rendered":"\n<p>A esperada final da Copa Libertadores entre Flamengo e River Plate se aproxima. No s\u00e1bado (23), as duas equipes decidem em Lima, no Peru, quem ser\u00e1 o novo dono da Am\u00e9rica, \u00e0s 17h (de Bras\u00edlia). De Arrascaeta, um dos principais jogadores do Rubro-Negro nesta temporada, concedeu entrevista na zona mista do centro de treinamento onde o Fla se prepara.<\/p>\n\n\n\n<p>A torcida do Flamengo se mobiliza de forma hist\u00f3rica para apoiar o time. Antes da viagem ao Peru, os torcedores apoiaram a equipe de forma intensa e com grande festa. O uruguaio da camisa 14 rasgou elogias \u00e0 Na\u00e7\u00e3o:<\/p>\n\n\n\n<figure class=\"wp-block-embed-instagram wp-block-embed is-type-rich is-provider-instagram\"><div class=\"wp-block-embed__wrapper\">\nhttps:\/\/www.instagram.com\/p\/B5I-jLFBymP\/\n<\/div><\/figure>\n\n\n\n<p>\u201cA gente sente o carinho, respaldo de todo torcedor. Essa torcida \u00e9 maravilhosa, \u00fanica, ent\u00e3o envolve muito. A gente tem que estar tranquilo porque n\u00e3o pode entrar no jogo de forma diferente do que vem fazendo durante todo o ano. Ent\u00e3o na hora tem que baixar a emo\u00e7\u00e3o e jogar 100% focado.\u201d<\/p>\n\n\n\n<p>Arrascaeta comentou sobre a prepara\u00e7\u00e3o do Fla para a decis\u00e3o e ressaltou que n\u00e3o h\u00e1 mist\u00e9rios, ou seja, o time ir\u00e1 jogar da mesma forma que se apresentou nesta temporada sob o comando de Jorge Jesus.<\/p>\n\n\n\n<p>\u201cVai ficar para amanh\u00e3 ajustar pequenos detalhes, o trabalho principal a gente vem fazendo duranta a semana. N\u00e3o tem mist\u00e9rio, durante todo o ano a gente vem trabalhando da mesma forma. Claro, precau\u00e7\u00e3o com o River que \u00e9 um time muito forte, vamos come\u00e7ar a olhar alguns jogos deles para ver as virtudes que o time tem.\u201d<\/p>\n\n\n\n<p>Ap\u00f3s poupar parte dos jogadores contra o Gr\u00eamio, no \u00faltimo domingo (17), o Flamengo deve ir a campo contra o River Plate com todos os titulares \u00e0 disposi\u00e7\u00e3o e sem novidades. A prepara\u00e7\u00e3o da equipe se encerra nesta sexta-feira (22), quando deve realizar trabalho integral no CT da sele\u00e7\u00e3o peruana, e depois seguir at\u00e9 o Est\u00e1dio Monumental, com o objetivo de reconhecer o gramado da grande decis\u00e3o<\/p>\n\n\n\n<h3 class=\"wp-block-heading\">Arrascaeta falou sobre mais assuntos:<\/h3>\n\n\n\n<h3 class=\"wp-block-heading\"><strong>Jorge Jesus<\/strong>:<\/h3>\n\n\n\n<p>\u201c\u00c9 um treinador que tem muita hierarquia, n\u00f3s jogadores entendemos muito r\u00e1pido o que ele quer transmitir, e a gente vem fazendo um grande trabalho.\u201d<\/p>\n\n\n\n<h3 class=\"wp-block-heading\"><strong>Sonho de inf\u00e2ncia&nbsp;<\/strong><\/h3>\n\n\n\n<p><em>\u201cSempre, desde novinho olhava muito a Libertadores com meus amigos. Naquela \u00e9poca era uma coisa muito longe de conquistar, hoje em dia est\u00e1 muito perto. Estou desfrutando muito desse momento.\u201d<\/em><\/p>\n\n\n\n<h3 class=\"wp-block-heading\"><strong>Grupo unido&nbsp;<\/strong><\/h3>\n\n\n\n<p><em>\u201cAcho que fundamental a uni\u00e3o do grupo. todos querem o mesmo objetivo, n\u00e3o tem inveja de ningu\u00e9m. todos est\u00e3o atirando para um mesmo lugar. Se continuar assim poderemos conquistar muitas coisas.\u201d<\/em><\/p>\n\n\n\n<h3 class=\"wp-block-heading\"><strong>River Plate<\/strong><\/h3>\n\n\n\n<p><em>\u201cEles t\u00eam jogadores acostumados a jogar esse tipo de jogo, para a gente vai ser a primeira final, mas temos muitos jogadores que tem disputado campeonatos muito importantes pelo mundo. acho que teremos que estar muito concentrados nesse jogo porque vai ser muito dif\u00edcil.\u201d<\/em><\/p>\n\n\n\n<script src=\"\/\/player.daznservices.com\/player.js#5d1f26fa510d9e88ae61c80a9f.4i957yv4nd51916962aqv1dn$videoid=1gxj2bmji0xtg1o4myb8lbj8yv\" async><\/script>\n\n\n\n\n<p>Retirado de: Torcedores<\/p>\n","protected":false},"excerpt":{"rendered":"<p>A esperada final da Copa Libertadores entre Flamengo e River Plate se aproxima. No s\u00e1bado (23), as duas equipes decidem em Lima, no Peru, quem ser\u00e1 o novo dono da Am\u00e9rica, \u00e0s 17h (de Bras\u00edlia). De Arrascaeta, um dos principais jogadores do Rubro-Negro nesta temporada, concedeu entrevista na zona mista do centro de treinamento onde [&hellip;]<\/p>\n","protected":false},"author":1,"featured_media":28935,"comment_status":"open","ping_status":"open","sticky":false,"template":"","format":"standard","meta":{"footnotes":""},"categories":[1],"tags":[],"class_list":["post-32225","post","type-post","status-publish","format-standard","has-post-thumbnail","hentry","category-flamengo"],"yoast_head":"<!-- This site is optimized with the Yoast SEO Premium plugin v24.2 (Yoast SEO v26.9) - https:\/\/yoast.com\/product\/yoast-seo-premium-wordpress\/ -->\n<title>De Arrascaeta rasga elogios para a torcida do Flamengo antes de decis\u00e3o contra o River Plate<\/title>\n<meta name=\"robots\" content=\"index, follow, max-snippet:-1, max-image-preview:large, max-video-preview:-1\" \/>\n<link rel=\"canonical\" href=\"https:\/\/www.gaveanews.com\/index.php\/2019\/11\/21\/de-arrascaeta-rasga-elogios-para-a-torcida-do-flamengo-antes-de-decisao-contra-o-river-plate\/\" \/>\n<meta property=\"og:locale\" content=\"pt_BR\" \/>\n<meta property=\"og:type\" content=\"article\" \/>\n<meta property=\"og:title\" content=\"De Arrascaeta rasga elogios para a torcida do Flamengo antes de decis\u00e3o contra o River Plate\" \/>\n<meta property=\"og:description\" content=\"A esperada final da Copa Libertadores entre Flamengo e River Plate se aproxima. No s\u00e1bado (23), as duas equipes decidem em Lima, no Peru, quem ser\u00e1 o novo dono da Am\u00e9rica, \u00e0s 17h (de Bras\u00edlia). De Arrascaeta, um dos principais jogadores do Rubro-Negro nesta temporada, concedeu entrevista na zona mista do centro de treinamento onde [&hellip;]\" \/>\n<meta property=\"og:url\" content=\"https:\/\/www.gaveanews.com\/index.php\/2019\/11\/21\/de-arrascaeta-rasga-elogios-para-a-torcida-do-flamengo-antes-de-decisao-contra-o-river-plate\/\" \/>\n<meta property=\"og:site_name\" content=\"G\u00e1vea News\" \/>\n<meta property=\"article:publisher\" content=\"https:\/\/facebook.com\/gaveaNews\/\" \/>\n<meta property=\"article:published_time\" content=\"2019-11-21T23:34:38+00:00\" \/>\n<meta property=\"article:modified_time\" content=\"2019-11-21T23:34:39+00:00\" \/>\n<meta property=\"og:image\" content=\"https:\/\/www.gaveanews.com\/wp-content\/uploads\/Meia-Arrascaeta-em-acao-pelo-Flamengo.webp\" \/>\n\t<meta property=\"og:image:width\" content=\"1\" \/>\n\t<meta property=\"og:image:height\" content=\"1\" \/>\n\t<meta property=\"og:image:type\" content=\"image\/jpeg\" \/>\n<meta name=\"author\" content=\"Equipe G\u00e1vea News\" \/>\n<meta name=\"twitter:card\" content=\"summary_large_image\" \/>\n<meta name=\"twitter:label1\" content=\"Escrito por\" \/>\n\t<meta name=\"twitter:data1\" content=\"Equipe G\u00e1vea News\" \/>\n\t<meta name=\"twitter:label2\" content=\"Est. tempo de leitura\" \/>\n\t<meta name=\"twitter:data2\" content=\"2 minutos\" \/>\n<script type=\"application\/ld+json\" class=\"yoast-schema-graph\">{\"@context\":\"https:\/\/schema.org\",\"@graph\":[{\"@type\":\"NewsArticle\",\"@id\":\"https:\/\/www.gaveanews.com\/index.php\/2019\/11\/21\/de-arrascaeta-rasga-elogios-para-a-torcida-do-flamengo-antes-de-decisao-contra-o-river-plate\/#article\",\"isPartOf\":{\"@id\":\"https:\/\/www.gaveanews.com\/index.php\/2019\/11\/21\/de-arrascaeta-rasga-elogios-para-a-torcida-do-flamengo-antes-de-decisao-contra-o-river-plate\/\"},\"author\":{\"name\":\"Equipe G\u00e1vea News\",\"@id\":\"https:\/\/www.gaveanews.com\/#\/schema\/person\/2ec14f73fb96be2caf28f91afb14749d\"},\"headline\":\"De Arrascaeta rasga elogios para a torcida do Flamengo antes de decis\u00e3o contra o River Plate\",\"datePublished\":\"2019-11-21T23:34:38+00:00\",\"dateModified\":\"2019-11-21T23:34:39+00:00\",\"mainEntityOfPage\":{\"@id\":\"https:\/\/www.gaveanews.com\/index.php\/2019\/11\/21\/de-arrascaeta-rasga-elogios-para-a-torcida-do-flamengo-antes-de-decisao-contra-o-river-plate\/\"},\"wordCount\":506,\"commentCount\":0,\"image\":{\"@id\":\"https:\/\/www.gaveanews.com\/index.php\/2019\/11\/21\/de-arrascaeta-rasga-elogios-para-a-torcida-do-flamengo-antes-de-decisao-contra-o-river-plate\/#primaryimage\"},\"thumbnailUrl\":\"https:\/\/www.gaveanews.com\/wp-content\/uploads\/Meia-Arrascaeta-em-acao-pelo-Flamengo.webp\",\"articleSection\":[\"Flamengo\"],\"inLanguage\":\"pt-BR\",\"potentialAction\":[{\"@type\":\"CommentAction\",\"name\":\"Comment\",\"target\":[\"https:\/\/www.gaveanews.com\/index.php\/2019\/11\/21\/de-arrascaeta-rasga-elogios-para-a-torcida-do-flamengo-antes-de-decisao-contra-o-river-plate\/#respond\"]}],\"copyrightYear\":\"2019\",\"copyrightHolder\":{\"@id\":\"https:\/\/www.gaveanews.com\/#organization\"}},{\"@type\":\"WebPage\",\"@id\":\"https:\/\/www.gaveanews.com\/index.php\/2019\/11\/21\/de-arrascaeta-rasga-elogios-para-a-torcida-do-flamengo-antes-de-decisao-contra-o-river-plate\/\",\"url\":\"https:\/\/www.gaveanews.com\/index.php\/2019\/11\/21\/de-arrascaeta-rasga-elogios-para-a-torcida-do-flamengo-antes-de-decisao-contra-o-river-plate\/\",\"name\":\"De Arrascaeta rasga elogios para a torcida do Flamengo antes de decis\u00e3o contra o River Plate\",\"isPartOf\":{\"@id\":\"https:\/\/www.gaveanews.com\/#website\"},\"primaryImageOfPage\":{\"@id\":\"https:\/\/www.gaveanews.com\/index.php\/2019\/11\/21\/de-arrascaeta-rasga-elogios-para-a-torcida-do-flamengo-antes-de-decisao-contra-o-river-plate\/#primaryimage\"},\"image\":{\"@id\":\"https:\/\/www.gaveanews.com\/index.php\/2019\/11\/21\/de-arrascaeta-rasga-elogios-para-a-torcida-do-flamengo-antes-de-decisao-contra-o-river-plate\/#primaryimage\"},\"thumbnailUrl\":\"https:\/\/www.gaveanews.com\/wp-content\/uploads\/Meia-Arrascaeta-em-acao-pelo-Flamengo.webp\",\"datePublished\":\"2019-11-21T23:34:38+00:00\",\"dateModified\":\"2019-11-21T23:34:39+00:00\",\"author\":{\"@id\":\"https:\/\/www.gaveanews.com\/#\/schema\/person\/2ec14f73fb96be2caf28f91afb14749d\"},\"breadcrumb\":{\"@id\":\"https:\/\/www.gaveanews.com\/index.php\/2019\/11\/21\/de-arrascaeta-rasga-elogios-para-a-torcida-do-flamengo-antes-de-decisao-contra-o-river-plate\/#breadcrumb\"},\"inLanguage\":\"pt-BR\",\"potentialAction\":[{\"@type\":\"ReadAction\",\"target\":[\"https:\/\/www.gaveanews.com\/index.php\/2019\/11\/21\/de-arrascaeta-rasga-elogios-para-a-torcida-do-flamengo-antes-de-decisao-contra-o-river-plate\/\"]}]},{\"@type\":\"ImageObject\",\"inLanguage\":\"pt-BR\",\"@id\":\"https:\/\/www.gaveanews.com\/index.php\/2019\/11\/21\/de-arrascaeta-rasga-elogios-para-a-torcida-do-flamengo-antes-de-decisao-contra-o-river-plate\/#primaryimage\",\"url\":\"https:\/\/www.gaveanews.com\/wp-content\/uploads\/Meia-Arrascaeta-em-acao-pelo-Flamengo.webp\",\"contentUrl\":\"https:\/\/www.gaveanews.com\/wp-content\/uploads\/Meia-Arrascaeta-em-acao-pelo-Flamengo.webp\",\"caption\":\"Meia Arrascaeta em a\u00e7\u00e3o pelo Flamengo (Foto: Alexandre Vidal\/Flamengo)\"},{\"@type\":\"BreadcrumbList\",\"@id\":\"https:\/\/www.gaveanews.com\/index.php\/2019\/11\/21\/de-arrascaeta-rasga-elogios-para-a-torcida-do-flamengo-antes-de-decisao-contra-o-river-plate\/#breadcrumb\",\"itemListElement\":[{\"@type\":\"ListItem\",\"position\":1,\"name\":\"Home\",\"item\":\"https:\/\/www.gaveanews.com\/\"},{\"@type\":\"ListItem\",\"position\":2,\"name\":\"De Arrascaeta rasga elogios para a torcida do Flamengo antes de decis\u00e3o contra o River Plate\"}]},{\"@type\":\"WebSite\",\"@id\":\"https:\/\/www.gaveanews.com\/#website\",\"url\":\"https:\/\/www.gaveanews.com\/\",\"name\":\"G\u00e1vea News\",\"description\":\"Veja todas as not\u00edcias sobre o Flamengo: Contrata\u00e7\u00f5es, categorias de base, resultados das partidas, tabela de classifica\u00e7\u00e3o, pr\u00f3ximos jogos!\",\"potentialAction\":[{\"@type\":\"SearchAction\",\"target\":{\"@type\":\"EntryPoint\",\"urlTemplate\":\"https:\/\/www.gaveanews.com\/?s={search_term_string}\"},\"query-input\":{\"@type\":\"PropertyValueSpecification\",\"valueRequired\":true,\"valueName\":\"search_term_string\"}}],\"inLanguage\":\"pt-BR\"},{\"@type\":\"Person\",\"@id\":\"https:\/\/www.gaveanews.com\/#\/schema\/person\/2ec14f73fb96be2caf28f91afb14749d\",\"name\":\"Equipe G\u00e1vea News\",\"image\":{\"@type\":\"ImageObject\",\"inLanguage\":\"pt-BR\",\"@id\":\"https:\/\/www.gaveanews.com\/#\/schema\/person\/image\/\",\"url\":\"https:\/\/secure.gravatar.com\/avatar\/1e1956f1facbffd3f8fa53a326721950116b3b9dc9bd44939c01180fd4a745a9?s=96&d=mm&r=g\",\"contentUrl\":\"https:\/\/secure.gravatar.com\/avatar\/1e1956f1facbffd3f8fa53a326721950116b3b9dc9bd44939c01180fd4a745a9?s=96&d=mm&r=g\",\"caption\":\"Equipe G\u00e1vea News\"}}]}<\/script>\n<!-- \/ Yoast SEO Premium plugin. -->","yoast_head_json":{"title":"De Arrascaeta rasga elogios para a torcida do Flamengo antes de decis\u00e3o contra o River Plate","robots":{"index":"index","follow":"follow","max-snippet":"max-snippet:-1","max-image-preview":"max-image-preview:large","max-video-preview":"max-video-preview:-1"},"canonical":"https:\/\/www.gaveanews.com\/index.php\/2019\/11\/21\/de-arrascaeta-rasga-elogios-para-a-torcida-do-flamengo-antes-de-decisao-contra-o-river-plate\/","og_locale":"pt_BR","og_type":"article","og_title":"De Arrascaeta rasga elogios para a torcida do Flamengo antes de decis\u00e3o contra o River Plate","og_description":"A esperada final da Copa Libertadores entre Flamengo e River Plate se aproxima. No s\u00e1bado (23), as duas equipes decidem em Lima, no Peru, quem ser\u00e1 o novo dono da Am\u00e9rica, \u00e0s 17h (de Bras\u00edlia). De Arrascaeta, um dos principais jogadores do Rubro-Negro nesta temporada, concedeu entrevista na zona mista do centro de treinamento onde [&hellip;]","og_url":"https:\/\/www.gaveanews.com\/index.php\/2019\/11\/21\/de-arrascaeta-rasga-elogios-para-a-torcida-do-flamengo-antes-de-decisao-contra-o-river-plate\/","og_site_name":"G\u00e1vea News","article_publisher":"https:\/\/facebook.com\/gaveaNews\/","article_published_time":"2019-11-21T23:34:38+00:00","article_modified_time":"2019-11-21T23:34:39+00:00","og_image":[{"url":"https:\/\/www.gaveanews.com\/wp-content\/uploads\/Meia-Arrascaeta-em-acao-pelo-Flamengo.webp","width":1,"height":1,"type":"image\/jpeg"}],"author":"Equipe G\u00e1vea News","twitter_card":"summary_large_image","twitter_misc":{"Escrito por":"Equipe G\u00e1vea News","Est. tempo de leitura":"2 minutos"},"schema":{"@context":"https:\/\/schema.org","@graph":[{"@type":"NewsArticle","@id":"https:\/\/www.gaveanews.com\/index.php\/2019\/11\/21\/de-arrascaeta-rasga-elogios-para-a-torcida-do-flamengo-antes-de-decisao-contra-o-river-plate\/#article","isPartOf":{"@id":"https:\/\/www.gaveanews.com\/index.php\/2019\/11\/21\/de-arrascaeta-rasga-elogios-para-a-torcida-do-flamengo-antes-de-decisao-contra-o-river-plate\/"},"author":{"name":"Equipe G\u00e1vea News","@id":"https:\/\/www.gaveanews.com\/#\/schema\/person\/2ec14f73fb96be2caf28f91afb14749d"},"headline":"De Arrascaeta rasga elogios para a torcida do Flamengo antes de decis\u00e3o contra o River Plate","datePublished":"2019-11-21T23:34:38+00:00","dateModified":"2019-11-21T23:34:39+00:00","mainEntityOfPage":{"@id":"https:\/\/www.gaveanews.com\/index.php\/2019\/11\/21\/de-arrascaeta-rasga-elogios-para-a-torcida-do-flamengo-antes-de-decisao-contra-o-river-plate\/"},"wordCount":506,"commentCount":0,"image":{"@id":"https:\/\/www.gaveanews.com\/index.php\/2019\/11\/21\/de-arrascaeta-rasga-elogios-para-a-torcida-do-flamengo-antes-de-decisao-contra-o-river-plate\/#primaryimage"},"thumbnailUrl":"https:\/\/www.gaveanews.com\/wp-content\/uploads\/Meia-Arrascaeta-em-acao-pelo-Flamengo.webp","articleSection":["Flamengo"],"inLanguage":"pt-BR","potentialAction":[{"@type":"CommentAction","name":"Comment","target":["https:\/\/www.gaveanews.com\/index.php\/2019\/11\/21\/de-arrascaeta-rasga-elogios-para-a-torcida-do-flamengo-antes-de-decisao-contra-o-river-plate\/#respond"]}],"copyrightYear":"2019","copyrightHolder":{"@id":"https:\/\/www.gaveanews.com\/#organization"}},{"@type":"WebPage","@id":"https:\/\/www.gaveanews.com\/index.php\/2019\/11\/21\/de-arrascaeta-rasga-elogios-para-a-torcida-do-flamengo-antes-de-decisao-contra-o-river-plate\/","url":"https:\/\/www.gaveanews.com\/index.php\/2019\/11\/21\/de-arrascaeta-rasga-elogios-para-a-torcida-do-flamengo-antes-de-decisao-contra-o-river-plate\/","name":"De Arrascaeta rasga elogios para a torcida do Flamengo antes de decis\u00e3o contra o River Plate","isPartOf":{"@id":"https:\/\/www.gaveanews.com\/#website"},"primaryImageOfPage":{"@id":"https:\/\/www.gaveanews.com\/index.php\/2019\/11\/21\/de-arrascaeta-rasga-elogios-para-a-torcida-do-flamengo-antes-de-decisao-contra-o-river-plate\/#primaryimage"},"image":{"@id":"https:\/\/www.gaveanews.com\/index.php\/2019\/11\/21\/de-arrascaeta-rasga-elogios-para-a-torcida-do-flamengo-antes-de-decisao-contra-o-river-plate\/#primaryimage"},"thumbnailUrl":"https:\/\/www.gaveanews.com\/wp-content\/uploads\/Meia-Arrascaeta-em-acao-pelo-Flamengo.webp","datePublished":"2019-11-21T23:34:38+00:00","dateModified":"2019-11-21T23:34:39+00:00","author":{"@id":"https:\/\/www.gaveanews.com\/#\/schema\/person\/2ec14f73fb96be2caf28f91afb14749d"},"breadcrumb":{"@id":"https:\/\/www.gaveanews.com\/index.php\/2019\/11\/21\/de-arrascaeta-rasga-elogios-para-a-torcida-do-flamengo-antes-de-decisao-contra-o-river-plate\/#breadcrumb"},"inLanguage":"pt-BR","potentialAction":[{"@type":"ReadAction","target":["https:\/\/www.gaveanews.com\/index.php\/2019\/11\/21\/de-arrascaeta-rasga-elogios-para-a-torcida-do-flamengo-antes-de-decisao-contra-o-river-plate\/"]}]},{"@type":"ImageObject","inLanguage":"pt-BR","@id":"https:\/\/www.gaveanews.com\/index.php\/2019\/11\/21\/de-arrascaeta-rasga-elogios-para-a-torcida-do-flamengo-antes-de-decisao-contra-o-river-plate\/#primaryimage","url":"https:\/\/www.gaveanews.com\/wp-content\/uploads\/Meia-Arrascaeta-em-acao-pelo-Flamengo.webp","contentUrl":"https:\/\/www.gaveanews.com\/wp-content\/uploads\/Meia-Arrascaeta-em-acao-pelo-Flamengo.webp","caption":"Meia Arrascaeta em a\u00e7\u00e3o pelo Flamengo (Foto: Alexandre Vidal\/Flamengo)"},{"@type":"BreadcrumbList","@id":"https:\/\/www.gaveanews.com\/index.php\/2019\/11\/21\/de-arrascaeta-rasga-elogios-para-a-torcida-do-flamengo-antes-de-decisao-contra-o-river-plate\/#breadcrumb","itemListElement":[{"@type":"ListItem","position":1,"name":"Home","item":"https:\/\/www.gaveanews.com\/"},{"@type":"ListItem","position":2,"name":"De Arrascaeta rasga elogios para a torcida do Flamengo antes de decis\u00e3o contra o River Plate"}]},{"@type":"WebSite","@id":"https:\/\/www.gaveanews.com\/#website","url":"https:\/\/www.gaveanews.com\/","name":"G\u00e1vea News","description":"Veja todas as not\u00edcias sobre o Flamengo: Contrata\u00e7\u00f5es, categorias de base, resultados das partidas, tabela de classifica\u00e7\u00e3o, pr\u00f3ximos jogos!","potentialAction":[{"@type":"SearchAction","target":{"@type":"EntryPoint","urlTemplate":"https:\/\/www.gaveanews.com\/?s={search_term_string}"},"query-input":{"@type":"PropertyValueSpecification","valueRequired":true,"valueName":"search_term_string"}}],"inLanguage":"pt-BR"},{"@type":"Person","@id":"https:\/\/www.gaveanews.com\/#\/schema\/person\/2ec14f73fb96be2caf28f91afb14749d","name":"Equipe G\u00e1vea News","image":{"@type":"ImageObject","inLanguage":"pt-BR","@id":"https:\/\/www.gaveanews.com\/#\/schema\/person\/image\/","url":"https:\/\/secure.gravatar.com\/avatar\/1e1956f1facbffd3f8fa53a326721950116b3b9dc9bd44939c01180fd4a745a9?s=96&d=mm&r=g","contentUrl":"https:\/\/secure.gravatar.com\/avatar\/1e1956f1facbffd3f8fa53a326721950116b3b9dc9bd44939c01180fd4a745a9?s=96&d=mm&r=g","caption":"Equipe G\u00e1vea News"}}]}},"_links":{"self":[{"href":"https:\/\/www.gaveanews.com\/index.php\/wp-json\/wp\/v2\/posts\/32225","targetHints":{"allow":["GET"]}}],"collection":[{"href":"https:\/\/www.gaveanews.com\/index.php\/wp-json\/wp\/v2\/posts"}],"about":[{"href":"https:\/\/www.gaveanews.com\/index.php\/wp-json\/wp\/v2\/types\/post"}],"author":[{"embeddable":true,"href":"https:\/\/www.gaveanews.com\/index.php\/wp-json\/wp\/v2\/users\/1"}],"replies":[{"embeddable":true,"href":"https:\/\/www.gaveanews.com\/index.php\/wp-json\/wp\/v2\/comments?post=32225"}],"version-history":[{"count":0,"href":"https:\/\/www.gaveanews.com\/index.php\/wp-json\/wp\/v2\/posts\/32225\/revisions"}],"wp:featuredmedia":[{"embeddable":true,"href":"https:\/\/www.gaveanews.com\/index.php\/wp-json\/wp\/v2\/media\/28935"}],"wp:attachment":[{"href":"https:\/\/www.gaveanews.com\/index.php\/wp-json\/wp\/v2\/media?parent=32225"}],"wp:term":[{"taxonomy":"category","embeddable":true,"href":"https:\/\/www.gaveanews.com\/index.php\/wp-json\/wp\/v2\/categories?post=32225"},{"taxonomy":"post_tag","embeddable":true,"href":"https:\/\/www.gaveanews.com\/index.php\/wp-json\/wp\/v2\/tags?post=32225"}],"curies":[{"name":"wp","href":"https:\/\/api.w.org\/{rel}","templated":true}]}}