{"id":32233,"date":"2019-11-21T21:52:22","date_gmt":"2019-11-22T00:52:22","guid":{"rendered":"http:\/\/www.gaveanews.com\/?p=32233"},"modified":"2019-11-21T21:52:24","modified_gmt":"2019-11-22T00:52:24","slug":"jornal-espanhol-comete-gafe-e-mostra-imagens-erradas-ao-inves-da-festa-do-flamengo","status":"publish","type":"post","link":"https:\/\/www.gaveanews.com\/index.php\/2019\/11\/21\/jornal-espanhol-comete-gafe-e-mostra-imagens-erradas-ao-inves-da-festa-do-flamengo\/","title":{"rendered":"Jornal espanhol comete gafe e mostra imagens erradas ao inv\u00e9s da festa do Flamengo"},"content":{"rendered":"\n<p>A festa da torcida do Flamengo no embarque para Lima, no Peru, onde o time ir\u00e1 disputar a final da Copa Libertadores contra o River Plate, foi destaque na imprensa internacional, mas o jornal espanhol Marca acabou cometendo uma gafe ao falar o assunto. Entre as imagens dos torcedores rubro-negros, a publica\u00e7\u00e3o acabou incluindo um v\u00eddeo da torcida do N\u00e1utico.<\/p>\n\n\n\n<p>A gafe foi percebida por alguns torcedores nas redes sociais. De acordo com o \u2018Jornal do Commercio\u2019, as imagens da torcida do N\u00e1utico s\u00e3o da \u2018Avenida Alvirrubra\u2019, realizada neste ano em frente ao est\u00e1dio dos Aflitos. antes do jogo contra o Paysandu, que garantiu ao time pernambucano o acesso para a S\u00e9rie B do Brasileir\u00e3o.<\/p>\n\n\n\n<p>Nesta quarta-feira (20), mais de 10 mil torcedores do Flamengo se reuniram para apoiar a sa\u00edda do elenco do CT Ninho do Urubu para o aeroporto do Gale\u00e3o, onde a equipe embarcou para Lima, no Peru.<\/p>\n\n\n\n<figure class=\"wp-block-embed-twitter wp-block-embed is-type-rich is-provider-twitter\"><div class=\"wp-block-embed__wrapper\">\n<blockquote class=\"twitter-tweet\" data-width=\"550\" data-dnt=\"true\"><p lang=\"pt\" dir=\"ltr\">O MARCA postando um v\u00eddeo da torcida do Nautico como se fosse a do Flamengo kkkkkkkkkkkkkkk <a href=\"https:\/\/t.co\/6fSTY28Rgx\">https:\/\/t.co\/6fSTY28Rgx<\/a><\/p>&mdash; guido (@guidof_) <a href=\"https:\/\/twitter.com\/guidof_\/status\/1197563189686423553?ref_src=twsrc%5Etfw\">November 21, 2019<\/a><\/blockquote><script async src=\"https:\/\/platform.twitter.com\/widgets.js\" charset=\"utf-8\"><\/script>\n<\/div><\/figure>\n\n\n\n<figure class=\"wp-block-embed-twitter wp-block-embed is-type-rich is-provider-twitter\"><div class=\"wp-block-embed__wrapper\">\n<blockquote class=\"twitter-tweet\" data-width=\"550\" data-dnt=\"true\"><p lang=\"pt\" dir=\"ltr\">carai os gringo t\u00e3o compartilhando a festa da torcida do n\u00e1utico e dizendo que \u00e9 do flamengo KKKKKKKKKK porraaaaa <a href=\"https:\/\/t.co\/sew5J4iCX2\">https:\/\/t.co\/sew5J4iCX2<\/a><\/p>&mdash; alice (@alicinismo) <a href=\"https:\/\/twitter.com\/alicinismo\/status\/1197567702774272000?ref_src=twsrc%5Etfw\">November 21, 2019<\/a><\/blockquote><script async src=\"https:\/\/platform.twitter.com\/widgets.js\" charset=\"utf-8\"><\/script>\n<\/div><\/figure>\n\n\n\n<figure class=\"wp-block-embed-twitter wp-block-embed is-type-rich is-provider-twitter\"><div class=\"wp-block-embed__wrapper\">\n<blockquote class=\"twitter-tweet\" data-width=\"550\" data-dnt=\"true\"><p lang=\"pt\" dir=\"ltr\">carai os gringo t\u00e3o compartilhando a festa da torcida do n\u00e1utico e dizendo que \u00e9 do flamengo KKKKKKKKKK porraaaaa <a href=\"https:\/\/t.co\/sew5J4iCX2\">https:\/\/t.co\/sew5J4iCX2<\/a><\/p>&mdash; alice (@alicinismo) <a href=\"https:\/\/twitter.com\/alicinismo\/status\/1197567702774272000?ref_src=twsrc%5Etfw\">November 21, 2019<\/a><\/blockquote><script async src=\"https:\/\/platform.twitter.com\/widgets.js\" charset=\"utf-8\"><\/script>\n<\/div><\/figure>\n\n\n\n<figure class=\"wp-block-embed-twitter wp-block-embed is-type-rich is-provider-twitter\"><div class=\"wp-block-embed__wrapper\">\n<blockquote class=\"twitter-tweet\" data-width=\"550\" data-dnt=\"true\"><p lang=\"pt\" dir=\"ltr\">carai os gringo t\u00e3o compartilhando a festa da torcida do n\u00e1utico e dizendo que \u00e9 do flamengo KKKKKKKKKK porraaaaa <a href=\"https:\/\/t.co\/sew5J4iCX2\">https:\/\/t.co\/sew5J4iCX2<\/a><\/p>&mdash; alice (@alicinismo) <a href=\"https:\/\/twitter.com\/alicinismo\/status\/1197567702774272000?ref_src=twsrc%5Etfw\">November 21, 2019<\/a><\/blockquote><script async src=\"https:\/\/platform.twitter.com\/widgets.js\" charset=\"utf-8\"><\/script>\n<\/div><\/figure>\n\n\n\n<figure class=\"wp-block-embed-twitter wp-block-embed is-type-rich is-provider-twitter\"><div class=\"wp-block-embed__wrapper\">\n<blockquote class=\"twitter-tweet\" data-width=\"550\" data-dnt=\"true\"><p lang=\"pt\" dir=\"ltr\"><a href=\"https:\/\/t.co\/Nfq9wyMBfi\">https:\/\/t.co\/Nfq9wyMBfi<\/a> <br><br>O flamengo \u00e9 t\u00e3o grande que o MARCA postou a torcida do N\u00c1UTICO <a href=\"https:\/\/twitter.com\/nauticope?ref_src=twsrc%5Etfw\">@nauticope<\/a> <a href=\"https:\/\/twitter.com\/nauticomilgrau?ref_src=twsrc%5Etfw\">@NauticoMilGrau<\/a><\/p>&mdash; cirok (@ciroalencar_) <a href=\"https:\/\/twitter.com\/ciroalencar_\/status\/1197572419818606592?ref_src=twsrc%5Etfw\">November 21, 2019<\/a><\/blockquote><script async src=\"https:\/\/platform.twitter.com\/widgets.js\" charset=\"utf-8\"><\/script>\n<\/div><\/figure>\n\n\n\n<figure class=\"wp-block-embed-twitter wp-block-embed is-type-rich is-provider-twitter\"><div class=\"wp-block-embed__wrapper\">\n<blockquote class=\"twitter-tweet\" data-width=\"550\" data-dnt=\"true\"><p lang=\"pt\" dir=\"ltr\">EI P\u00d4, isso \u00e9 a torcida do N\u00e1utico e n\u00e3o do Flamengo KKKKKKKKKKKKKKKKKKKKKKKKKKKKKKKKKKKKKKKKKKKKKKKKK <a href=\"https:\/\/t.co\/2csOPBsytC\">https:\/\/t.co\/2csOPBsytC<\/a><\/p>&mdash; Mago &amp; Estrangeiro \ud83d\udc2d\ud83c\uddee\ud83c\udde9 (@eimagocnc) <a href=\"https:\/\/twitter.com\/eimagocnc\/status\/1197566726533197824?ref_src=twsrc%5Etfw\">November 21, 2019<\/a><\/blockquote><script async src=\"https:\/\/platform.twitter.com\/widgets.js\" charset=\"utf-8\"><\/script>\n<\/div><\/figure>\n\n\n\n<p>Retirado de: Torcedores<\/p>\n","protected":false},"excerpt":{"rendered":"<p>A festa da torcida do Flamengo no embarque para Lima, no Peru, onde o time ir\u00e1 disputar a final da Copa Libertadores contra o River Plate, foi destaque na imprensa internacional, mas o jornal espanhol Marca acabou cometendo uma gafe ao falar o assunto. Entre as imagens dos torcedores rubro-negros, a publica\u00e7\u00e3o acabou incluindo um [&hellip;]<\/p>\n","protected":false},"author":1,"featured_media":32138,"comment_status":"open","ping_status":"open","sticky":false,"template":"","format":"standard","meta":{"footnotes":""},"categories":[1],"tags":[],"class_list":["post-32233","post","type-post","status-publish","format-standard","has-post-thumbnail","hentry","category-flamengo"],"yoast_head":"<!-- This site is optimized with the Yoast SEO Premium plugin v24.2 (Yoast SEO v26.9) - https:\/\/yoast.com\/product\/yoast-seo-premium-wordpress\/ -->\n<title>Jornal espanhol comete gafe e mostra imagens erradas ao inv\u00e9s da festa do Flamengo<\/title>\n<meta name=\"robots\" content=\"index, follow, max-snippet:-1, max-image-preview:large, max-video-preview:-1\" \/>\n<link rel=\"canonical\" href=\"https:\/\/www.gaveanews.com\/index.php\/2019\/11\/21\/jornal-espanhol-comete-gafe-e-mostra-imagens-erradas-ao-inves-da-festa-do-flamengo\/\" \/>\n<meta property=\"og:locale\" content=\"pt_BR\" \/>\n<meta property=\"og:type\" content=\"article\" \/>\n<meta property=\"og:title\" content=\"Jornal espanhol comete gafe e mostra imagens erradas ao inv\u00e9s da festa do Flamengo\" \/>\n<meta property=\"og:description\" content=\"A festa da torcida do Flamengo no embarque para Lima, no Peru, onde o time ir\u00e1 disputar a final da Copa Libertadores contra o River Plate, foi destaque na imprensa internacional, mas o jornal espanhol Marca acabou cometendo uma gafe ao falar o assunto. Entre as imagens dos torcedores rubro-negros, a publica\u00e7\u00e3o acabou incluindo um [&hellip;]\" \/>\n<meta property=\"og:url\" content=\"https:\/\/www.gaveanews.com\/index.php\/2019\/11\/21\/jornal-espanhol-comete-gafe-e-mostra-imagens-erradas-ao-inves-da-festa-do-flamengo\/\" \/>\n<meta property=\"og:site_name\" content=\"G\u00e1vea News\" \/>\n<meta property=\"article:publisher\" content=\"https:\/\/facebook.com\/gaveaNews\/\" \/>\n<meta property=\"article:published_time\" content=\"2019-11-22T00:52:22+00:00\" \/>\n<meta property=\"article:modified_time\" content=\"2019-11-22T00:52:24+00:00\" \/>\n<meta property=\"og:image\" content=\"https:\/\/www.gaveanews.com\/wp-content\/uploads\/EJ05L65XkAAWpIs.webp\" \/>\n\t<meta property=\"og:image:width\" content=\"760\" \/>\n\t<meta property=\"og:image:height\" content=\"504\" \/>\n\t<meta property=\"og:image:type\" content=\"image\/jpeg\" \/>\n<meta name=\"author\" content=\"Equipe G\u00e1vea News\" \/>\n<meta name=\"twitter:card\" content=\"summary_large_image\" \/>\n<meta name=\"twitter:label1\" content=\"Escrito por\" \/>\n\t<meta name=\"twitter:data1\" content=\"Equipe G\u00e1vea News\" \/>\n\t<meta name=\"twitter:label2\" content=\"Est. tempo de leitura\" \/>\n\t<meta name=\"twitter:data2\" content=\"2 minutos\" \/>\n<script type=\"application\/ld+json\" class=\"yoast-schema-graph\">{\"@context\":\"https:\/\/schema.org\",\"@graph\":[{\"@type\":\"NewsArticle\",\"@id\":\"https:\/\/www.gaveanews.com\/index.php\/2019\/11\/21\/jornal-espanhol-comete-gafe-e-mostra-imagens-erradas-ao-inves-da-festa-do-flamengo\/#article\",\"isPartOf\":{\"@id\":\"https:\/\/www.gaveanews.com\/index.php\/2019\/11\/21\/jornal-espanhol-comete-gafe-e-mostra-imagens-erradas-ao-inves-da-festa-do-flamengo\/\"},\"author\":{\"name\":\"Equipe G\u00e1vea News\",\"@id\":\"https:\/\/www.gaveanews.com\/#\/schema\/person\/2ec14f73fb96be2caf28f91afb14749d\"},\"headline\":\"Jornal espanhol comete gafe e mostra imagens erradas ao inv\u00e9s da festa do Flamengo\",\"datePublished\":\"2019-11-22T00:52:22+00:00\",\"dateModified\":\"2019-11-22T00:52:24+00:00\",\"mainEntityOfPage\":{\"@id\":\"https:\/\/www.gaveanews.com\/index.php\/2019\/11\/21\/jornal-espanhol-comete-gafe-e-mostra-imagens-erradas-ao-inves-da-festa-do-flamengo\/\"},\"wordCount\":334,\"commentCount\":0,\"image\":{\"@id\":\"https:\/\/www.gaveanews.com\/index.php\/2019\/11\/21\/jornal-espanhol-comete-gafe-e-mostra-imagens-erradas-ao-inves-da-festa-do-flamengo\/#primaryimage\"},\"thumbnailUrl\":\"https:\/\/www.gaveanews.com\/wp-content\/uploads\/EJ05L65XkAAWpIs.webp\",\"articleSection\":[\"Flamengo\"],\"inLanguage\":\"pt-BR\",\"potentialAction\":[{\"@type\":\"CommentAction\",\"name\":\"Comment\",\"target\":[\"https:\/\/www.gaveanews.com\/index.php\/2019\/11\/21\/jornal-espanhol-comete-gafe-e-mostra-imagens-erradas-ao-inves-da-festa-do-flamengo\/#respond\"]}],\"copyrightYear\":\"2019\",\"copyrightHolder\":{\"@id\":\"https:\/\/www.gaveanews.com\/#organization\"}},{\"@type\":\"WebPage\",\"@id\":\"https:\/\/www.gaveanews.com\/index.php\/2019\/11\/21\/jornal-espanhol-comete-gafe-e-mostra-imagens-erradas-ao-inves-da-festa-do-flamengo\/\",\"url\":\"https:\/\/www.gaveanews.com\/index.php\/2019\/11\/21\/jornal-espanhol-comete-gafe-e-mostra-imagens-erradas-ao-inves-da-festa-do-flamengo\/\",\"name\":\"Jornal espanhol comete gafe e mostra imagens erradas ao inv\u00e9s da festa do Flamengo\",\"isPartOf\":{\"@id\":\"https:\/\/www.gaveanews.com\/#website\"},\"primaryImageOfPage\":{\"@id\":\"https:\/\/www.gaveanews.com\/index.php\/2019\/11\/21\/jornal-espanhol-comete-gafe-e-mostra-imagens-erradas-ao-inves-da-festa-do-flamengo\/#primaryimage\"},\"image\":{\"@id\":\"https:\/\/www.gaveanews.com\/index.php\/2019\/11\/21\/jornal-espanhol-comete-gafe-e-mostra-imagens-erradas-ao-inves-da-festa-do-flamengo\/#primaryimage\"},\"thumbnailUrl\":\"https:\/\/www.gaveanews.com\/wp-content\/uploads\/EJ05L65XkAAWpIs.webp\",\"datePublished\":\"2019-11-22T00:52:22+00:00\",\"dateModified\":\"2019-11-22T00:52:24+00:00\",\"author\":{\"@id\":\"https:\/\/www.gaveanews.com\/#\/schema\/person\/2ec14f73fb96be2caf28f91afb14749d\"},\"breadcrumb\":{\"@id\":\"https:\/\/www.gaveanews.com\/index.php\/2019\/11\/21\/jornal-espanhol-comete-gafe-e-mostra-imagens-erradas-ao-inves-da-festa-do-flamengo\/#breadcrumb\"},\"inLanguage\":\"pt-BR\",\"potentialAction\":[{\"@type\":\"ReadAction\",\"target\":[\"https:\/\/www.gaveanews.com\/index.php\/2019\/11\/21\/jornal-espanhol-comete-gafe-e-mostra-imagens-erradas-ao-inves-da-festa-do-flamengo\/\"]}]},{\"@type\":\"ImageObject\",\"inLanguage\":\"pt-BR\",\"@id\":\"https:\/\/www.gaveanews.com\/index.php\/2019\/11\/21\/jornal-espanhol-comete-gafe-e-mostra-imagens-erradas-ao-inves-da-festa-do-flamengo\/#primaryimage\",\"url\":\"https:\/\/www.gaveanews.com\/wp-content\/uploads\/EJ05L65XkAAWpIs.webp\",\"contentUrl\":\"https:\/\/www.gaveanews.com\/wp-content\/uploads\/EJ05L65XkAAWpIs.webp\",\"width\":760,\"height\":504},{\"@type\":\"BreadcrumbList\",\"@id\":\"https:\/\/www.gaveanews.com\/index.php\/2019\/11\/21\/jornal-espanhol-comete-gafe-e-mostra-imagens-erradas-ao-inves-da-festa-do-flamengo\/#breadcrumb\",\"itemListElement\":[{\"@type\":\"ListItem\",\"position\":1,\"name\":\"Home\",\"item\":\"https:\/\/www.gaveanews.com\/\"},{\"@type\":\"ListItem\",\"position\":2,\"name\":\"Jornal espanhol comete gafe e mostra imagens erradas ao inv\u00e9s da festa do Flamengo\"}]},{\"@type\":\"WebSite\",\"@id\":\"https:\/\/www.gaveanews.com\/#website\",\"url\":\"https:\/\/www.gaveanews.com\/\",\"name\":\"G\u00e1vea News\",\"description\":\"Veja todas as not\u00edcias sobre o Flamengo: Contrata\u00e7\u00f5es, categorias de base, resultados das partidas, tabela de classifica\u00e7\u00e3o, pr\u00f3ximos jogos!\",\"potentialAction\":[{\"@type\":\"SearchAction\",\"target\":{\"@type\":\"EntryPoint\",\"urlTemplate\":\"https:\/\/www.gaveanews.com\/?s={search_term_string}\"},\"query-input\":{\"@type\":\"PropertyValueSpecification\",\"valueRequired\":true,\"valueName\":\"search_term_string\"}}],\"inLanguage\":\"pt-BR\"},{\"@type\":\"Person\",\"@id\":\"https:\/\/www.gaveanews.com\/#\/schema\/person\/2ec14f73fb96be2caf28f91afb14749d\",\"name\":\"Equipe G\u00e1vea News\",\"image\":{\"@type\":\"ImageObject\",\"inLanguage\":\"pt-BR\",\"@id\":\"https:\/\/www.gaveanews.com\/#\/schema\/person\/image\/\",\"url\":\"https:\/\/secure.gravatar.com\/avatar\/1e1956f1facbffd3f8fa53a326721950116b3b9dc9bd44939c01180fd4a745a9?s=96&d=mm&r=g\",\"contentUrl\":\"https:\/\/secure.gravatar.com\/avatar\/1e1956f1facbffd3f8fa53a326721950116b3b9dc9bd44939c01180fd4a745a9?s=96&d=mm&r=g\",\"caption\":\"Equipe G\u00e1vea News\"}}]}<\/script>\n<!-- \/ Yoast SEO Premium plugin. -->","yoast_head_json":{"title":"Jornal espanhol comete gafe e mostra imagens erradas ao inv\u00e9s da festa do Flamengo","robots":{"index":"index","follow":"follow","max-snippet":"max-snippet:-1","max-image-preview":"max-image-preview:large","max-video-preview":"max-video-preview:-1"},"canonical":"https:\/\/www.gaveanews.com\/index.php\/2019\/11\/21\/jornal-espanhol-comete-gafe-e-mostra-imagens-erradas-ao-inves-da-festa-do-flamengo\/","og_locale":"pt_BR","og_type":"article","og_title":"Jornal espanhol comete gafe e mostra imagens erradas ao inv\u00e9s da festa do Flamengo","og_description":"A festa da torcida do Flamengo no embarque para Lima, no Peru, onde o time ir\u00e1 disputar a final da Copa Libertadores contra o River Plate, foi destaque na imprensa internacional, mas o jornal espanhol Marca acabou cometendo uma gafe ao falar o assunto. Entre as imagens dos torcedores rubro-negros, a publica\u00e7\u00e3o acabou incluindo um [&hellip;]","og_url":"https:\/\/www.gaveanews.com\/index.php\/2019\/11\/21\/jornal-espanhol-comete-gafe-e-mostra-imagens-erradas-ao-inves-da-festa-do-flamengo\/","og_site_name":"G\u00e1vea News","article_publisher":"https:\/\/facebook.com\/gaveaNews\/","article_published_time":"2019-11-22T00:52:22+00:00","article_modified_time":"2019-11-22T00:52:24+00:00","og_image":[{"width":760,"height":504,"url":"https:\/\/www.gaveanews.com\/wp-content\/uploads\/EJ05L65XkAAWpIs.webp","type":"image\/jpeg"}],"author":"Equipe G\u00e1vea News","twitter_card":"summary_large_image","twitter_misc":{"Escrito por":"Equipe G\u00e1vea News","Est. tempo de leitura":"2 minutos"},"schema":{"@context":"https:\/\/schema.org","@graph":[{"@type":"NewsArticle","@id":"https:\/\/www.gaveanews.com\/index.php\/2019\/11\/21\/jornal-espanhol-comete-gafe-e-mostra-imagens-erradas-ao-inves-da-festa-do-flamengo\/#article","isPartOf":{"@id":"https:\/\/www.gaveanews.com\/index.php\/2019\/11\/21\/jornal-espanhol-comete-gafe-e-mostra-imagens-erradas-ao-inves-da-festa-do-flamengo\/"},"author":{"name":"Equipe G\u00e1vea News","@id":"https:\/\/www.gaveanews.com\/#\/schema\/person\/2ec14f73fb96be2caf28f91afb14749d"},"headline":"Jornal espanhol comete gafe e mostra imagens erradas ao inv\u00e9s da festa do Flamengo","datePublished":"2019-11-22T00:52:22+00:00","dateModified":"2019-11-22T00:52:24+00:00","mainEntityOfPage":{"@id":"https:\/\/www.gaveanews.com\/index.php\/2019\/11\/21\/jornal-espanhol-comete-gafe-e-mostra-imagens-erradas-ao-inves-da-festa-do-flamengo\/"},"wordCount":334,"commentCount":0,"image":{"@id":"https:\/\/www.gaveanews.com\/index.php\/2019\/11\/21\/jornal-espanhol-comete-gafe-e-mostra-imagens-erradas-ao-inves-da-festa-do-flamengo\/#primaryimage"},"thumbnailUrl":"https:\/\/www.gaveanews.com\/wp-content\/uploads\/EJ05L65XkAAWpIs.webp","articleSection":["Flamengo"],"inLanguage":"pt-BR","potentialAction":[{"@type":"CommentAction","name":"Comment","target":["https:\/\/www.gaveanews.com\/index.php\/2019\/11\/21\/jornal-espanhol-comete-gafe-e-mostra-imagens-erradas-ao-inves-da-festa-do-flamengo\/#respond"]}],"copyrightYear":"2019","copyrightHolder":{"@id":"https:\/\/www.gaveanews.com\/#organization"}},{"@type":"WebPage","@id":"https:\/\/www.gaveanews.com\/index.php\/2019\/11\/21\/jornal-espanhol-comete-gafe-e-mostra-imagens-erradas-ao-inves-da-festa-do-flamengo\/","url":"https:\/\/www.gaveanews.com\/index.php\/2019\/11\/21\/jornal-espanhol-comete-gafe-e-mostra-imagens-erradas-ao-inves-da-festa-do-flamengo\/","name":"Jornal espanhol comete gafe e mostra imagens erradas ao inv\u00e9s da festa do Flamengo","isPartOf":{"@id":"https:\/\/www.gaveanews.com\/#website"},"primaryImageOfPage":{"@id":"https:\/\/www.gaveanews.com\/index.php\/2019\/11\/21\/jornal-espanhol-comete-gafe-e-mostra-imagens-erradas-ao-inves-da-festa-do-flamengo\/#primaryimage"},"image":{"@id":"https:\/\/www.gaveanews.com\/index.php\/2019\/11\/21\/jornal-espanhol-comete-gafe-e-mostra-imagens-erradas-ao-inves-da-festa-do-flamengo\/#primaryimage"},"thumbnailUrl":"https:\/\/www.gaveanews.com\/wp-content\/uploads\/EJ05L65XkAAWpIs.webp","datePublished":"2019-11-22T00:52:22+00:00","dateModified":"2019-11-22T00:52:24+00:00","author":{"@id":"https:\/\/www.gaveanews.com\/#\/schema\/person\/2ec14f73fb96be2caf28f91afb14749d"},"breadcrumb":{"@id":"https:\/\/www.gaveanews.com\/index.php\/2019\/11\/21\/jornal-espanhol-comete-gafe-e-mostra-imagens-erradas-ao-inves-da-festa-do-flamengo\/#breadcrumb"},"inLanguage":"pt-BR","potentialAction":[{"@type":"ReadAction","target":["https:\/\/www.gaveanews.com\/index.php\/2019\/11\/21\/jornal-espanhol-comete-gafe-e-mostra-imagens-erradas-ao-inves-da-festa-do-flamengo\/"]}]},{"@type":"ImageObject","inLanguage":"pt-BR","@id":"https:\/\/www.gaveanews.com\/index.php\/2019\/11\/21\/jornal-espanhol-comete-gafe-e-mostra-imagens-erradas-ao-inves-da-festa-do-flamengo\/#primaryimage","url":"https:\/\/www.gaveanews.com\/wp-content\/uploads\/EJ05L65XkAAWpIs.webp","contentUrl":"https:\/\/www.gaveanews.com\/wp-content\/uploads\/EJ05L65XkAAWpIs.webp","width":760,"height":504},{"@type":"BreadcrumbList","@id":"https:\/\/www.gaveanews.com\/index.php\/2019\/11\/21\/jornal-espanhol-comete-gafe-e-mostra-imagens-erradas-ao-inves-da-festa-do-flamengo\/#breadcrumb","itemListElement":[{"@type":"ListItem","position":1,"name":"Home","item":"https:\/\/www.gaveanews.com\/"},{"@type":"ListItem","position":2,"name":"Jornal espanhol comete gafe e mostra imagens erradas ao inv\u00e9s da festa do Flamengo"}]},{"@type":"WebSite","@id":"https:\/\/www.gaveanews.com\/#website","url":"https:\/\/www.gaveanews.com\/","name":"G\u00e1vea News","description":"Veja todas as not\u00edcias sobre o Flamengo: Contrata\u00e7\u00f5es, categorias de base, resultados das partidas, tabela de classifica\u00e7\u00e3o, pr\u00f3ximos jogos!","potentialAction":[{"@type":"SearchAction","target":{"@type":"EntryPoint","urlTemplate":"https:\/\/www.gaveanews.com\/?s={search_term_string}"},"query-input":{"@type":"PropertyValueSpecification","valueRequired":true,"valueName":"search_term_string"}}],"inLanguage":"pt-BR"},{"@type":"Person","@id":"https:\/\/www.gaveanews.com\/#\/schema\/person\/2ec14f73fb96be2caf28f91afb14749d","name":"Equipe G\u00e1vea News","image":{"@type":"ImageObject","inLanguage":"pt-BR","@id":"https:\/\/www.gaveanews.com\/#\/schema\/person\/image\/","url":"https:\/\/secure.gravatar.com\/avatar\/1e1956f1facbffd3f8fa53a326721950116b3b9dc9bd44939c01180fd4a745a9?s=96&d=mm&r=g","contentUrl":"https:\/\/secure.gravatar.com\/avatar\/1e1956f1facbffd3f8fa53a326721950116b3b9dc9bd44939c01180fd4a745a9?s=96&d=mm&r=g","caption":"Equipe G\u00e1vea News"}}]}},"_links":{"self":[{"href":"https:\/\/www.gaveanews.com\/index.php\/wp-json\/wp\/v2\/posts\/32233","targetHints":{"allow":["GET"]}}],"collection":[{"href":"https:\/\/www.gaveanews.com\/index.php\/wp-json\/wp\/v2\/posts"}],"about":[{"href":"https:\/\/www.gaveanews.com\/index.php\/wp-json\/wp\/v2\/types\/post"}],"author":[{"embeddable":true,"href":"https:\/\/www.gaveanews.com\/index.php\/wp-json\/wp\/v2\/users\/1"}],"replies":[{"embeddable":true,"href":"https:\/\/www.gaveanews.com\/index.php\/wp-json\/wp\/v2\/comments?post=32233"}],"version-history":[{"count":0,"href":"https:\/\/www.gaveanews.com\/index.php\/wp-json\/wp\/v2\/posts\/32233\/revisions"}],"wp:featuredmedia":[{"embeddable":true,"href":"https:\/\/www.gaveanews.com\/index.php\/wp-json\/wp\/v2\/media\/32138"}],"wp:attachment":[{"href":"https:\/\/www.gaveanews.com\/index.php\/wp-json\/wp\/v2\/media?parent=32233"}],"wp:term":[{"taxonomy":"category","embeddable":true,"href":"https:\/\/www.gaveanews.com\/index.php\/wp-json\/wp\/v2\/categories?post=32233"},{"taxonomy":"post_tag","embeddable":true,"href":"https:\/\/www.gaveanews.com\/index.php\/wp-json\/wp\/v2\/tags?post=32233"}],"curies":[{"name":"wp","href":"https:\/\/api.w.org\/{rel}","templated":true}]}}