{"id":32257,"date":"2019-11-22T06:25:00","date_gmt":"2019-11-22T09:25:00","guid":{"rendered":"http:\/\/www.gaveanews.com\/?p=32257"},"modified":"2019-11-22T02:00:33","modified_gmt":"2019-11-22T05:00:33","slug":"presidente-do-flamengo-rodolfo-landim-revela-reacao-do-treinador-jorge-jesus-com-a-festa-da-torcida","status":"publish","type":"post","link":"https:\/\/www.gaveanews.com\/index.php\/2019\/11\/22\/presidente-do-flamengo-rodolfo-landim-revela-reacao-do-treinador-jorge-jesus-com-a-festa-da-torcida\/","title":{"rendered":"Presidente do Flamengo, Rodolfo Landim revela rea\u00e7\u00e3o do treinador Jorge Jesus com a festa da torcida"},"content":{"rendered":"\n<p>A festa que a torcida do Flamengo fez para dar at\u00e9 logo \u00e0 delega\u00e7\u00e3o na ida para Lima, para a final da Libertadores, chamou aten\u00e7\u00e3o. De dentro do \u00f4nibus, jogadores, diretoria e comiss\u00e3o t\u00e9cnica acompanharam com celulares em m\u00e3os para eternizar a despedida. Enquanto isso, um protagonista especial apenas sorria. Era Jorge Jesus.<\/p>\n\n\n\n<p>Torcedores se reuniram na porta do Ninho do Urubu e no trajeto at\u00e9 o Aeroporto Internacional do Gale\u00e3o, onde o Flamengo embarcou para a capital peruana. No s\u00e1bado, \u00e0s 17h (de Bras\u00edlia), tem o duelo com o River Plate, da Argentina, pelo t\u00edtulo da Libertadores. O presidente Rodolfo Landim revelou a rea\u00e7\u00e3o de Jorge Jesus com a festa rubro-negra.<\/p>\n\n\n\n<p>\u2014 Ele estava ao meu lado e ficou sorrindo acompanhando tudo. Teve uma hora em que ele foi para a frente do \u00f4nibus. Saiu da parte protegida e foi para o lado do motorista. Come\u00e7ou a acenar para as pessoas que acompanhavam o \u00f4nibus e corriam. Foi algo muito bacana essa troca com a torcida do Flamengo &#8211; disse, em entrevista \u00e0 Globo.<\/p>\n\n\n\n<p>Enquanto a bola n\u00e3o rola em Lima, Rodolfo Landim n\u00e3o esconde a ansiedade. Ao mesmo tempo, confia no trabalho feito pelos jogadores e pela comiss\u00e3o t\u00e9cnica at\u00e9 a final da Libertadores.<\/p>\n\n\n\n<p>\u2014 \u00c9 \u00f3bvio que eu como toda torcida depois de 38 anos esperando estou muito ansioso, mas se por um lado tem essa ansiedade tem tamb\u00e9m uma confian\u00e7a muito grande no trabalho, no elenco que temos. A expectativa \u00e9 a mais positiva poss\u00edvel.<\/p>\n\n\n\n<h3 class=\"wp-block-heading\"><strong>Veja outros trechos da entrevista de Landim:<\/strong><\/h3>\n\n\n\n<h3 class=\"wp-block-heading\"><strong>A festa da torcida<\/strong><\/h3>\n\n\n\n<p>&#8211; Foi sensacional. Eu estava na primeira fileira do onibus. Foi um carinho muito grande que a torcida passou. Uma energia muito positiva para comiss\u00e3o e jogadores. Acho que as pessoas n\u00e3o conseguiram ver, porque o vidro n\u00e3o permitia isso, mas a emo\u00e7\u00e3o foi muito grande, todos filmando o que estava acontecendo. Foi muito especial. \u00c9 algo que eles v\u00e3o levar para o resto da vida. Desde a sa\u00edda do Ninho at\u00e9 a chegada ao aeroporto.<\/p>\n\n\n\n<h3 class=\"wp-block-heading\"><strong>Vontade de Jesus<\/strong><\/h3>\n\n\n\n<p>\u2014 Quando houve o processo de contrata\u00e7\u00e3o, ele disse que queria sentir essa adapta\u00e7\u00e3o dele e depois ter\u00edamos uma nova conversa. Acho que ele est\u00e1 muito feliz. Acho que h\u00e1 uma t\u00e3o forte rela\u00e7\u00e3o dele com a torcida do Flamengo. Hoje, ele \u00e9 um cidad\u00e3o carioca. A vida dele j\u00e1 est\u00e1 entrela\u00e7ada no dia a dia da cidade do Rio. Ele est\u00e1 muito bem adaptado. Com essas vit\u00f3rias vindo, temos uma expectativa vindo.<\/p>\n\n\n\n<h3 class=\"wp-block-heading\"><strong>Final \u00fanica<\/strong><\/h3>\n\n\n\n<p>\u2014 Estava tudo preparado para Santiago, foi uma pena o que acontece. De repente tivemos de mudar de sede. Acho que muitas pessoas que poderiam ter vindo n\u00e3o tiveram tempo, porque o prazo foi muito curto. Acho que Lima fez um excelente trabalho. O ideal seria ter tido mais tempo para fazer essa grande festa, mas acho que est\u00e1 mostrando o qu\u00e3o positivo \u00e9 fazer uma final \u00fanica.<\/p>\n\n\n\n<p>Retirado de: SporTV<\/p>\n","protected":false},"excerpt":{"rendered":"<p>A festa que a torcida do Flamengo fez para dar at\u00e9 logo \u00e0 delega\u00e7\u00e3o na ida para Lima, para a final da Libertadores, chamou aten\u00e7\u00e3o. De dentro do \u00f4nibus, jogadores, diretoria e comiss\u00e3o t\u00e9cnica acompanharam com celulares em m\u00e3os para eternizar a despedida. Enquanto isso, um protagonista especial apenas sorria. Era Jorge Jesus. Torcedores se [&hellip;]<\/p>\n","protected":false},"author":1,"featured_media":15077,"comment_status":"open","ping_status":"open","sticky":false,"template":"","format":"standard","meta":{"footnotes":""},"categories":[1],"tags":[],"class_list":["post-32257","post","type-post","status-publish","format-standard","has-post-thumbnail","hentry","category-flamengo"],"yoast_head":"<!-- This site is optimized with the Yoast SEO Premium plugin v24.2 (Yoast SEO v26.9) - https:\/\/yoast.com\/product\/yoast-seo-premium-wordpress\/ -->\n<title>Presidente do Flamengo, Rodolfo Landim revela rea\u00e7\u00e3o do treinador Jorge Jesus com a festa da torcida<\/title>\n<meta name=\"robots\" content=\"index, follow, max-snippet:-1, max-image-preview:large, max-video-preview:-1\" \/>\n<link rel=\"canonical\" href=\"https:\/\/www.gaveanews.com\/index.php\/2019\/11\/22\/presidente-do-flamengo-rodolfo-landim-revela-reacao-do-treinador-jorge-jesus-com-a-festa-da-torcida\/\" \/>\n<meta property=\"og:locale\" content=\"pt_BR\" \/>\n<meta property=\"og:type\" content=\"article\" \/>\n<meta property=\"og:title\" content=\"Presidente do Flamengo, Rodolfo Landim revela rea\u00e7\u00e3o do treinador Jorge Jesus com a festa da torcida\" \/>\n<meta property=\"og:description\" content=\"A festa que a torcida do Flamengo fez para dar at\u00e9 logo \u00e0 delega\u00e7\u00e3o na ida para Lima, para a final da Libertadores, chamou aten\u00e7\u00e3o. De dentro do \u00f4nibus, jogadores, diretoria e comiss\u00e3o t\u00e9cnica acompanharam com celulares em m\u00e3os para eternizar a despedida. Enquanto isso, um protagonista especial apenas sorria. Era Jorge Jesus. Torcedores se [&hellip;]\" \/>\n<meta property=\"og:url\" content=\"https:\/\/www.gaveanews.com\/index.php\/2019\/11\/22\/presidente-do-flamengo-rodolfo-landim-revela-reacao-do-treinador-jorge-jesus-com-a-festa-da-torcida\/\" \/>\n<meta property=\"og:site_name\" content=\"G\u00e1vea News\" \/>\n<meta property=\"article:publisher\" content=\"https:\/\/facebook.com\/gaveaNews\/\" \/>\n<meta property=\"article:published_time\" content=\"2019-11-22T09:25:00+00:00\" \/>\n<meta property=\"og:image\" content=\"https:\/\/www.gaveanews.com\/wp-content\/uploads\/2019\/03\/Rodolfo-Landim-durante-entrevista-coletiva-na-Gavea.webp\" \/>\n\t<meta property=\"og:image:width\" content=\"1\" \/>\n\t<meta property=\"og:image:height\" content=\"1\" \/>\n\t<meta property=\"og:image:type\" content=\"image\/jpeg\" \/>\n<meta name=\"author\" content=\"Equipe G\u00e1vea News\" \/>\n<meta name=\"twitter:card\" content=\"summary_large_image\" \/>\n<meta name=\"twitter:label1\" content=\"Escrito por\" \/>\n\t<meta name=\"twitter:data1\" content=\"Equipe G\u00e1vea News\" \/>\n\t<meta name=\"twitter:label2\" content=\"Est. tempo de leitura\" \/>\n\t<meta name=\"twitter:data2\" content=\"3 minutos\" \/>\n<script type=\"application\/ld+json\" class=\"yoast-schema-graph\">{\"@context\":\"https:\/\/schema.org\",\"@graph\":[{\"@type\":\"NewsArticle\",\"@id\":\"https:\/\/www.gaveanews.com\/index.php\/2019\/11\/22\/presidente-do-flamengo-rodolfo-landim-revela-reacao-do-treinador-jorge-jesus-com-a-festa-da-torcida\/#article\",\"isPartOf\":{\"@id\":\"https:\/\/www.gaveanews.com\/index.php\/2019\/11\/22\/presidente-do-flamengo-rodolfo-landim-revela-reacao-do-treinador-jorge-jesus-com-a-festa-da-torcida\/\"},\"author\":{\"name\":\"Equipe G\u00e1vea News\",\"@id\":\"https:\/\/www.gaveanews.com\/#\/schema\/person\/2ec14f73fb96be2caf28f91afb14749d\"},\"headline\":\"Presidente do Flamengo, Rodolfo Landim revela rea\u00e7\u00e3o do treinador Jorge Jesus com a festa da torcida\",\"datePublished\":\"2019-11-22T09:25:00+00:00\",\"mainEntityOfPage\":{\"@id\":\"https:\/\/www.gaveanews.com\/index.php\/2019\/11\/22\/presidente-do-flamengo-rodolfo-landim-revela-reacao-do-treinador-jorge-jesus-com-a-festa-da-torcida\/\"},\"wordCount\":524,\"commentCount\":0,\"image\":{\"@id\":\"https:\/\/www.gaveanews.com\/index.php\/2019\/11\/22\/presidente-do-flamengo-rodolfo-landim-revela-reacao-do-treinador-jorge-jesus-com-a-festa-da-torcida\/#primaryimage\"},\"thumbnailUrl\":\"https:\/\/www.gaveanews.com\/wp-content\/uploads\/2019\/03\/Rodolfo-Landim-durante-entrevista-coletiva-na-Gavea.webp\",\"articleSection\":[\"Flamengo\"],\"inLanguage\":\"pt-BR\",\"potentialAction\":[{\"@type\":\"CommentAction\",\"name\":\"Comment\",\"target\":[\"https:\/\/www.gaveanews.com\/index.php\/2019\/11\/22\/presidente-do-flamengo-rodolfo-landim-revela-reacao-do-treinador-jorge-jesus-com-a-festa-da-torcida\/#respond\"]}],\"copyrightYear\":\"2019\",\"copyrightHolder\":{\"@id\":\"https:\/\/www.gaveanews.com\/#organization\"}},{\"@type\":\"WebPage\",\"@id\":\"https:\/\/www.gaveanews.com\/index.php\/2019\/11\/22\/presidente-do-flamengo-rodolfo-landim-revela-reacao-do-treinador-jorge-jesus-com-a-festa-da-torcida\/\",\"url\":\"https:\/\/www.gaveanews.com\/index.php\/2019\/11\/22\/presidente-do-flamengo-rodolfo-landim-revela-reacao-do-treinador-jorge-jesus-com-a-festa-da-torcida\/\",\"name\":\"Presidente do Flamengo, Rodolfo Landim revela rea\u00e7\u00e3o do treinador Jorge Jesus com a festa da torcida\",\"isPartOf\":{\"@id\":\"https:\/\/www.gaveanews.com\/#website\"},\"primaryImageOfPage\":{\"@id\":\"https:\/\/www.gaveanews.com\/index.php\/2019\/11\/22\/presidente-do-flamengo-rodolfo-landim-revela-reacao-do-treinador-jorge-jesus-com-a-festa-da-torcida\/#primaryimage\"},\"image\":{\"@id\":\"https:\/\/www.gaveanews.com\/index.php\/2019\/11\/22\/presidente-do-flamengo-rodolfo-landim-revela-reacao-do-treinador-jorge-jesus-com-a-festa-da-torcida\/#primaryimage\"},\"thumbnailUrl\":\"https:\/\/www.gaveanews.com\/wp-content\/uploads\/2019\/03\/Rodolfo-Landim-durante-entrevista-coletiva-na-Gavea.webp\",\"datePublished\":\"2019-11-22T09:25:00+00:00\",\"author\":{\"@id\":\"https:\/\/www.gaveanews.com\/#\/schema\/person\/2ec14f73fb96be2caf28f91afb14749d\"},\"breadcrumb\":{\"@id\":\"https:\/\/www.gaveanews.com\/index.php\/2019\/11\/22\/presidente-do-flamengo-rodolfo-landim-revela-reacao-do-treinador-jorge-jesus-com-a-festa-da-torcida\/#breadcrumb\"},\"inLanguage\":\"pt-BR\",\"potentialAction\":[{\"@type\":\"ReadAction\",\"target\":[\"https:\/\/www.gaveanews.com\/index.php\/2019\/11\/22\/presidente-do-flamengo-rodolfo-landim-revela-reacao-do-treinador-jorge-jesus-com-a-festa-da-torcida\/\"]}]},{\"@type\":\"ImageObject\",\"inLanguage\":\"pt-BR\",\"@id\":\"https:\/\/www.gaveanews.com\/index.php\/2019\/11\/22\/presidente-do-flamengo-rodolfo-landim-revela-reacao-do-treinador-jorge-jesus-com-a-festa-da-torcida\/#primaryimage\",\"url\":\"https:\/\/www.gaveanews.com\/wp-content\/uploads\/2019\/03\/Rodolfo-Landim-durante-entrevista-coletiva-na-Gavea.webp\",\"contentUrl\":\"https:\/\/www.gaveanews.com\/wp-content\/uploads\/2019\/03\/Rodolfo-Landim-durante-entrevista-coletiva-na-Gavea.webp\",\"width\":900,\"height\":599,\"caption\":\"Rodolfo Landim durante entrevista coletiva na G\u00e1vea (Foto: Ag\u00eancia Foto BR)\"},{\"@type\":\"BreadcrumbList\",\"@id\":\"https:\/\/www.gaveanews.com\/index.php\/2019\/11\/22\/presidente-do-flamengo-rodolfo-landim-revela-reacao-do-treinador-jorge-jesus-com-a-festa-da-torcida\/#breadcrumb\",\"itemListElement\":[{\"@type\":\"ListItem\",\"position\":1,\"name\":\"Home\",\"item\":\"https:\/\/www.gaveanews.com\/\"},{\"@type\":\"ListItem\",\"position\":2,\"name\":\"Presidente do Flamengo, Rodolfo Landim revela rea\u00e7\u00e3o do treinador Jorge Jesus com a festa da torcida\"}]},{\"@type\":\"WebSite\",\"@id\":\"https:\/\/www.gaveanews.com\/#website\",\"url\":\"https:\/\/www.gaveanews.com\/\",\"name\":\"G\u00e1vea News\",\"description\":\"Veja todas as not\u00edcias sobre o Flamengo: Contrata\u00e7\u00f5es, categorias de base, resultados das partidas, tabela de classifica\u00e7\u00e3o, pr\u00f3ximos jogos!\",\"potentialAction\":[{\"@type\":\"SearchAction\",\"target\":{\"@type\":\"EntryPoint\",\"urlTemplate\":\"https:\/\/www.gaveanews.com\/?s={search_term_string}\"},\"query-input\":{\"@type\":\"PropertyValueSpecification\",\"valueRequired\":true,\"valueName\":\"search_term_string\"}}],\"inLanguage\":\"pt-BR\"},{\"@type\":\"Person\",\"@id\":\"https:\/\/www.gaveanews.com\/#\/schema\/person\/2ec14f73fb96be2caf28f91afb14749d\",\"name\":\"Equipe G\u00e1vea News\",\"image\":{\"@type\":\"ImageObject\",\"inLanguage\":\"pt-BR\",\"@id\":\"https:\/\/www.gaveanews.com\/#\/schema\/person\/image\/\",\"url\":\"https:\/\/secure.gravatar.com\/avatar\/1e1956f1facbffd3f8fa53a326721950116b3b9dc9bd44939c01180fd4a745a9?s=96&d=mm&r=g\",\"contentUrl\":\"https:\/\/secure.gravatar.com\/avatar\/1e1956f1facbffd3f8fa53a326721950116b3b9dc9bd44939c01180fd4a745a9?s=96&d=mm&r=g\",\"caption\":\"Equipe G\u00e1vea News\"}}]}<\/script>\n<!-- \/ Yoast SEO Premium plugin. -->","yoast_head_json":{"title":"Presidente do Flamengo, Rodolfo Landim revela rea\u00e7\u00e3o do treinador Jorge Jesus com a festa da torcida","robots":{"index":"index","follow":"follow","max-snippet":"max-snippet:-1","max-image-preview":"max-image-preview:large","max-video-preview":"max-video-preview:-1"},"canonical":"https:\/\/www.gaveanews.com\/index.php\/2019\/11\/22\/presidente-do-flamengo-rodolfo-landim-revela-reacao-do-treinador-jorge-jesus-com-a-festa-da-torcida\/","og_locale":"pt_BR","og_type":"article","og_title":"Presidente do Flamengo, Rodolfo Landim revela rea\u00e7\u00e3o do treinador Jorge Jesus com a festa da torcida","og_description":"A festa que a torcida do Flamengo fez para dar at\u00e9 logo \u00e0 delega\u00e7\u00e3o na ida para Lima, para a final da Libertadores, chamou aten\u00e7\u00e3o. De dentro do \u00f4nibus, jogadores, diretoria e comiss\u00e3o t\u00e9cnica acompanharam com celulares em m\u00e3os para eternizar a despedida. Enquanto isso, um protagonista especial apenas sorria. Era Jorge Jesus. Torcedores se [&hellip;]","og_url":"https:\/\/www.gaveanews.com\/index.php\/2019\/11\/22\/presidente-do-flamengo-rodolfo-landim-revela-reacao-do-treinador-jorge-jesus-com-a-festa-da-torcida\/","og_site_name":"G\u00e1vea News","article_publisher":"https:\/\/facebook.com\/gaveaNews\/","article_published_time":"2019-11-22T09:25:00+00:00","og_image":[{"url":"https:\/\/www.gaveanews.com\/wp-content\/uploads\/2019\/03\/Rodolfo-Landim-durante-entrevista-coletiva-na-Gavea.webp","width":1,"height":1,"type":"image\/jpeg"}],"author":"Equipe G\u00e1vea News","twitter_card":"summary_large_image","twitter_misc":{"Escrito por":"Equipe G\u00e1vea News","Est. tempo de leitura":"3 minutos"},"schema":{"@context":"https:\/\/schema.org","@graph":[{"@type":"NewsArticle","@id":"https:\/\/www.gaveanews.com\/index.php\/2019\/11\/22\/presidente-do-flamengo-rodolfo-landim-revela-reacao-do-treinador-jorge-jesus-com-a-festa-da-torcida\/#article","isPartOf":{"@id":"https:\/\/www.gaveanews.com\/index.php\/2019\/11\/22\/presidente-do-flamengo-rodolfo-landim-revela-reacao-do-treinador-jorge-jesus-com-a-festa-da-torcida\/"},"author":{"name":"Equipe G\u00e1vea News","@id":"https:\/\/www.gaveanews.com\/#\/schema\/person\/2ec14f73fb96be2caf28f91afb14749d"},"headline":"Presidente do Flamengo, Rodolfo Landim revela rea\u00e7\u00e3o do treinador Jorge Jesus com a festa da torcida","datePublished":"2019-11-22T09:25:00+00:00","mainEntityOfPage":{"@id":"https:\/\/www.gaveanews.com\/index.php\/2019\/11\/22\/presidente-do-flamengo-rodolfo-landim-revela-reacao-do-treinador-jorge-jesus-com-a-festa-da-torcida\/"},"wordCount":524,"commentCount":0,"image":{"@id":"https:\/\/www.gaveanews.com\/index.php\/2019\/11\/22\/presidente-do-flamengo-rodolfo-landim-revela-reacao-do-treinador-jorge-jesus-com-a-festa-da-torcida\/#primaryimage"},"thumbnailUrl":"https:\/\/www.gaveanews.com\/wp-content\/uploads\/2019\/03\/Rodolfo-Landim-durante-entrevista-coletiva-na-Gavea.webp","articleSection":["Flamengo"],"inLanguage":"pt-BR","potentialAction":[{"@type":"CommentAction","name":"Comment","target":["https:\/\/www.gaveanews.com\/index.php\/2019\/11\/22\/presidente-do-flamengo-rodolfo-landim-revela-reacao-do-treinador-jorge-jesus-com-a-festa-da-torcida\/#respond"]}],"copyrightYear":"2019","copyrightHolder":{"@id":"https:\/\/www.gaveanews.com\/#organization"}},{"@type":"WebPage","@id":"https:\/\/www.gaveanews.com\/index.php\/2019\/11\/22\/presidente-do-flamengo-rodolfo-landim-revela-reacao-do-treinador-jorge-jesus-com-a-festa-da-torcida\/","url":"https:\/\/www.gaveanews.com\/index.php\/2019\/11\/22\/presidente-do-flamengo-rodolfo-landim-revela-reacao-do-treinador-jorge-jesus-com-a-festa-da-torcida\/","name":"Presidente do Flamengo, Rodolfo Landim revela rea\u00e7\u00e3o do treinador Jorge Jesus com a festa da torcida","isPartOf":{"@id":"https:\/\/www.gaveanews.com\/#website"},"primaryImageOfPage":{"@id":"https:\/\/www.gaveanews.com\/index.php\/2019\/11\/22\/presidente-do-flamengo-rodolfo-landim-revela-reacao-do-treinador-jorge-jesus-com-a-festa-da-torcida\/#primaryimage"},"image":{"@id":"https:\/\/www.gaveanews.com\/index.php\/2019\/11\/22\/presidente-do-flamengo-rodolfo-landim-revela-reacao-do-treinador-jorge-jesus-com-a-festa-da-torcida\/#primaryimage"},"thumbnailUrl":"https:\/\/www.gaveanews.com\/wp-content\/uploads\/2019\/03\/Rodolfo-Landim-durante-entrevista-coletiva-na-Gavea.webp","datePublished":"2019-11-22T09:25:00+00:00","author":{"@id":"https:\/\/www.gaveanews.com\/#\/schema\/person\/2ec14f73fb96be2caf28f91afb14749d"},"breadcrumb":{"@id":"https:\/\/www.gaveanews.com\/index.php\/2019\/11\/22\/presidente-do-flamengo-rodolfo-landim-revela-reacao-do-treinador-jorge-jesus-com-a-festa-da-torcida\/#breadcrumb"},"inLanguage":"pt-BR","potentialAction":[{"@type":"ReadAction","target":["https:\/\/www.gaveanews.com\/index.php\/2019\/11\/22\/presidente-do-flamengo-rodolfo-landim-revela-reacao-do-treinador-jorge-jesus-com-a-festa-da-torcida\/"]}]},{"@type":"ImageObject","inLanguage":"pt-BR","@id":"https:\/\/www.gaveanews.com\/index.php\/2019\/11\/22\/presidente-do-flamengo-rodolfo-landim-revela-reacao-do-treinador-jorge-jesus-com-a-festa-da-torcida\/#primaryimage","url":"https:\/\/www.gaveanews.com\/wp-content\/uploads\/2019\/03\/Rodolfo-Landim-durante-entrevista-coletiva-na-Gavea.webp","contentUrl":"https:\/\/www.gaveanews.com\/wp-content\/uploads\/2019\/03\/Rodolfo-Landim-durante-entrevista-coletiva-na-Gavea.webp","width":900,"height":599,"caption":"Rodolfo Landim durante entrevista coletiva na G\u00e1vea (Foto: Ag\u00eancia Foto BR)"},{"@type":"BreadcrumbList","@id":"https:\/\/www.gaveanews.com\/index.php\/2019\/11\/22\/presidente-do-flamengo-rodolfo-landim-revela-reacao-do-treinador-jorge-jesus-com-a-festa-da-torcida\/#breadcrumb","itemListElement":[{"@type":"ListItem","position":1,"name":"Home","item":"https:\/\/www.gaveanews.com\/"},{"@type":"ListItem","position":2,"name":"Presidente do Flamengo, Rodolfo Landim revela rea\u00e7\u00e3o do treinador Jorge Jesus com a festa da torcida"}]},{"@type":"WebSite","@id":"https:\/\/www.gaveanews.com\/#website","url":"https:\/\/www.gaveanews.com\/","name":"G\u00e1vea News","description":"Veja todas as not\u00edcias sobre o Flamengo: Contrata\u00e7\u00f5es, categorias de base, resultados das partidas, tabela de classifica\u00e7\u00e3o, pr\u00f3ximos jogos!","potentialAction":[{"@type":"SearchAction","target":{"@type":"EntryPoint","urlTemplate":"https:\/\/www.gaveanews.com\/?s={search_term_string}"},"query-input":{"@type":"PropertyValueSpecification","valueRequired":true,"valueName":"search_term_string"}}],"inLanguage":"pt-BR"},{"@type":"Person","@id":"https:\/\/www.gaveanews.com\/#\/schema\/person\/2ec14f73fb96be2caf28f91afb14749d","name":"Equipe G\u00e1vea News","image":{"@type":"ImageObject","inLanguage":"pt-BR","@id":"https:\/\/www.gaveanews.com\/#\/schema\/person\/image\/","url":"https:\/\/secure.gravatar.com\/avatar\/1e1956f1facbffd3f8fa53a326721950116b3b9dc9bd44939c01180fd4a745a9?s=96&d=mm&r=g","contentUrl":"https:\/\/secure.gravatar.com\/avatar\/1e1956f1facbffd3f8fa53a326721950116b3b9dc9bd44939c01180fd4a745a9?s=96&d=mm&r=g","caption":"Equipe G\u00e1vea News"}}]}},"_links":{"self":[{"href":"https:\/\/www.gaveanews.com\/index.php\/wp-json\/wp\/v2\/posts\/32257","targetHints":{"allow":["GET"]}}],"collection":[{"href":"https:\/\/www.gaveanews.com\/index.php\/wp-json\/wp\/v2\/posts"}],"about":[{"href":"https:\/\/www.gaveanews.com\/index.php\/wp-json\/wp\/v2\/types\/post"}],"author":[{"embeddable":true,"href":"https:\/\/www.gaveanews.com\/index.php\/wp-json\/wp\/v2\/users\/1"}],"replies":[{"embeddable":true,"href":"https:\/\/www.gaveanews.com\/index.php\/wp-json\/wp\/v2\/comments?post=32257"}],"version-history":[{"count":0,"href":"https:\/\/www.gaveanews.com\/index.php\/wp-json\/wp\/v2\/posts\/32257\/revisions"}],"wp:featuredmedia":[{"embeddable":true,"href":"https:\/\/www.gaveanews.com\/index.php\/wp-json\/wp\/v2\/media\/15077"}],"wp:attachment":[{"href":"https:\/\/www.gaveanews.com\/index.php\/wp-json\/wp\/v2\/media?parent=32257"}],"wp:term":[{"taxonomy":"category","embeddable":true,"href":"https:\/\/www.gaveanews.com\/index.php\/wp-json\/wp\/v2\/categories?post=32257"},{"taxonomy":"post_tag","embeddable":true,"href":"https:\/\/www.gaveanews.com\/index.php\/wp-json\/wp\/v2\/tags?post=32257"}],"curies":[{"name":"wp","href":"https:\/\/api.w.org\/{rel}","templated":true}]}}