{"id":32261,"date":"2019-11-22T08:50:00","date_gmt":"2019-11-22T11:50:00","guid":{"rendered":"http:\/\/www.gaveanews.com\/?p=32261"},"modified":"2019-11-22T02:54:03","modified_gmt":"2019-11-22T05:54:03","slug":"reuniao-da-fifa-sobre-mundial-de-clubes-irrita-conmebol-e-exclui-o-flamengo-entenda","status":"publish","type":"post","link":"https:\/\/www.gaveanews.com\/index.php\/2019\/11\/22\/reuniao-da-fifa-sobre-mundial-de-clubes-irrita-conmebol-e-exclui-o-flamengo-entenda\/","title":{"rendered":"Reuni\u00e3o da Fifa sobre Mundial de clubes irrita Conmebol e exclui o Flamengo; entenda"},"content":{"rendered":"\n<p>A reuni\u00e3o do presidente da Fifa, Giani Infantino, com clubes europeus e argentinos para discutir o Mundial de Clubes de 2021 gerou irrita\u00e7\u00e3o na Conmebol e na CBF. Isso porque a entidade realizou o encontro \u00e0 revelia da confedera\u00e7\u00e3o sul-americana que nem sequer foi avisada, assim como outras federa\u00e7\u00f5es continentais. Outro exclu\u00eddo foi o Flamengo que \u00e9 finalista da Libertadores-2019 e postulante \u00e0 vaga no torneio, apesar de os argentinos Boca Juniors e River Plate terem participado.<\/p>\n\n\n\n<p>O encontro ocorreu na Su\u00ed\u00e7a. Ainda n\u00e3o ficou claro de quem foi a iniciativa se dos clubes ou da diretoria da Fifa. Fato \u00e9 que o presidente do Real Madrid, Florentino Perez, terminou o encontro como &#8220;eleito&#8221; presidente de uma nova associa\u00e7\u00e3o de clubes para discutir o Mundial-2021. Foi escolhido por pouco mais de dez clubes.<\/p>\n\n\n\n<p>Na lista dos participantes, estavam gigantes europeus e os dois argentinos, sendo o River Plate, finalista da Libertadores, e o Boca que n\u00e3o tem vaga na competi\u00e7\u00e3o por enquanto. O blog apurou que o Flamengo n\u00e3o foi contatado ou convidado. Na avalia\u00e7\u00e3o interna rubro-negra, o encontro ocorreu de forma meio improvisada.<\/p>\n\n\n\n<p>O clube vinha acompanhando os movimentos sobre a vaga no Mundial de Clubes, ent\u00e3o, ficou surpreso com a not\u00edcia da reuni\u00e3o sem sua participa\u00e7\u00e3o. Ainda mais porque Infantino esteve no Brasil para o Mundial sub-17 recentemente e nada falou sobre o tema. H\u00e1 uma promessa de incluir outros times na associa\u00e7\u00e3o no futuro, mas de forma vaga.<\/p>\n\n\n\n<p>A irrita\u00e7\u00e3o mesmo foi do presidente da Conmebol, Alejandro Dominguez. Ficou extremamente contrariado por sequer ter sido avisado do encontro, sendo que a confedera\u00e7\u00e3o sul-americana tem pleito de aumentar suas vagas no torneio, al\u00e9m de discutir o crit\u00e9rio de classifica\u00e7\u00e3o. Dominguez \u00e9 aliado pol\u00edtico de Infantino.<\/p>\n\n\n\n<p>Diante do inc\u00f4modo, o presidente da Fifa foi cobrado pelos cartolas sul-americanos. A membros da Conmebol, sua explica\u00e7\u00e3o foi que os clubes fariam o encontro sem ele e poderia formar uma associa\u00e7\u00e3o para pressiona-lo. Neste cen\u00e1rio, era melhor tomar a dianteira e participar da discuss\u00e3o. N\u00e3o convenceu a ningu\u00e9m.<\/p>\n\n\n\n<p>Agora, \u00e9 prov\u00e1vel um encontro da c\u00fapula da Conmebol na sexta-feira, v\u00e9spera da final da Libertadores, para discutir o tema. H\u00e1 previs\u00e3o de que todos os presidentes de federa\u00e7\u00f5es nacionais estejam em Lima para o jogo entre River Plate e Flamengo. Ainda n\u00e3o se sabe qual ser\u00e1 a rea\u00e7\u00e3o dos cartolas sul-americanos.<\/p>\n\n\n\n<p>Outro discuss\u00e3o que ainda carece de uma defini\u00e7\u00e3o \u00e9 classifica\u00e7\u00e3o para o Mundial tantas foram as idas e vindas da Conmebol. Primeiro, queria classificar quatro campe\u00f5es da Libertadores, e dois da Sul-Americana. Depois, lan\u00e7ou a ideia de uma Supercopa para definir parte das vagas. A Fifa se mostrou resistente \u00e0 proposta, e a confedera\u00e7\u00e3o ainda n\u00e3o fechou quest\u00e3o sobre o tema.<\/p>\n\n\n\n<p>Retirado de: Blog do Rodrigo Mattos<\/p>\n","protected":false},"excerpt":{"rendered":"<p>A reuni\u00e3o do presidente da Fifa, Giani Infantino, com clubes europeus e argentinos para discutir o Mundial de Clubes de 2021 gerou irrita\u00e7\u00e3o na Conmebol e na CBF. Isso porque a entidade realizou o encontro \u00e0 revelia da confedera\u00e7\u00e3o sul-americana que nem sequer foi avisada, assim como outras federa\u00e7\u00f5es continentais. Outro exclu\u00eddo foi o Flamengo [&hellip;]<\/p>\n","protected":false},"author":1,"featured_media":16221,"comment_status":"open","ping_status":"open","sticky":false,"template":"","format":"standard","meta":{"footnotes":""},"categories":[1],"tags":[],"class_list":["post-32261","post","type-post","status-publish","format-standard","has-post-thumbnail","hentry","category-flamengo"],"yoast_head":"<!-- This site is optimized with the Yoast SEO Premium plugin v24.2 (Yoast SEO v26.9) - https:\/\/yoast.com\/product\/yoast-seo-premium-wordpress\/ -->\n<title>Reuni\u00e3o da Fifa sobre Mundial de clubes irrita Conmebol e exclui o Flamengo; entenda<\/title>\n<meta name=\"robots\" content=\"index, follow, max-snippet:-1, max-image-preview:large, max-video-preview:-1\" \/>\n<link rel=\"canonical\" href=\"https:\/\/www.gaveanews.com\/index.php\/2019\/11\/22\/reuniao-da-fifa-sobre-mundial-de-clubes-irrita-conmebol-e-exclui-o-flamengo-entenda\/\" \/>\n<meta property=\"og:locale\" content=\"pt_BR\" \/>\n<meta property=\"og:type\" content=\"article\" \/>\n<meta property=\"og:title\" content=\"Reuni\u00e3o da Fifa sobre Mundial de clubes irrita Conmebol e exclui o Flamengo; entenda\" \/>\n<meta property=\"og:description\" content=\"A reuni\u00e3o do presidente da Fifa, Giani Infantino, com clubes europeus e argentinos para discutir o Mundial de Clubes de 2021 gerou irrita\u00e7\u00e3o na Conmebol e na CBF. Isso porque a entidade realizou o encontro \u00e0 revelia da confedera\u00e7\u00e3o sul-americana que nem sequer foi avisada, assim como outras federa\u00e7\u00f5es continentais. Outro exclu\u00eddo foi o Flamengo [&hellip;]\" \/>\n<meta property=\"og:url\" content=\"https:\/\/www.gaveanews.com\/index.php\/2019\/11\/22\/reuniao-da-fifa-sobre-mundial-de-clubes-irrita-conmebol-e-exclui-o-flamengo-entenda\/\" \/>\n<meta property=\"og:site_name\" content=\"G\u00e1vea News\" \/>\n<meta property=\"article:publisher\" content=\"https:\/\/facebook.com\/gaveaNews\/\" \/>\n<meta property=\"article:published_time\" content=\"2019-11-22T11:50:00+00:00\" \/>\n<meta property=\"og:image\" content=\"https:\/\/www.gaveanews.com\/wp-content\/uploads\/2019\/03\/Taca-do-Mundial-de-Clubes.webp\" \/>\n\t<meta property=\"og:image:width\" content=\"1\" \/>\n\t<meta property=\"og:image:height\" content=\"1\" \/>\n\t<meta property=\"og:image:type\" content=\"image\/jpeg\" \/>\n<meta name=\"author\" content=\"Equipe G\u00e1vea News\" \/>\n<meta name=\"twitter:card\" content=\"summary_large_image\" \/>\n<meta name=\"twitter:label1\" content=\"Escrito por\" \/>\n\t<meta name=\"twitter:data1\" content=\"Equipe G\u00e1vea News\" \/>\n\t<meta name=\"twitter:label2\" content=\"Est. tempo de leitura\" \/>\n\t<meta name=\"twitter:data2\" content=\"2 minutos\" \/>\n<script type=\"application\/ld+json\" class=\"yoast-schema-graph\">{\"@context\":\"https:\/\/schema.org\",\"@graph\":[{\"@type\":\"NewsArticle\",\"@id\":\"https:\/\/www.gaveanews.com\/index.php\/2019\/11\/22\/reuniao-da-fifa-sobre-mundial-de-clubes-irrita-conmebol-e-exclui-o-flamengo-entenda\/#article\",\"isPartOf\":{\"@id\":\"https:\/\/www.gaveanews.com\/index.php\/2019\/11\/22\/reuniao-da-fifa-sobre-mundial-de-clubes-irrita-conmebol-e-exclui-o-flamengo-entenda\/\"},\"author\":{\"name\":\"Equipe G\u00e1vea News\",\"@id\":\"https:\/\/www.gaveanews.com\/#\/schema\/person\/2ec14f73fb96be2caf28f91afb14749d\"},\"headline\":\"Reuni\u00e3o da Fifa sobre Mundial de clubes irrita Conmebol e exclui o Flamengo; entenda\",\"datePublished\":\"2019-11-22T11:50:00+00:00\",\"mainEntityOfPage\":{\"@id\":\"https:\/\/www.gaveanews.com\/index.php\/2019\/11\/22\/reuniao-da-fifa-sobre-mundial-de-clubes-irrita-conmebol-e-exclui-o-flamengo-entenda\/\"},\"wordCount\":506,\"commentCount\":0,\"image\":{\"@id\":\"https:\/\/www.gaveanews.com\/index.php\/2019\/11\/22\/reuniao-da-fifa-sobre-mundial-de-clubes-irrita-conmebol-e-exclui-o-flamengo-entenda\/#primaryimage\"},\"thumbnailUrl\":\"https:\/\/www.gaveanews.com\/wp-content\/uploads\/2019\/03\/Taca-do-Mundial-de-Clubes.webp\",\"articleSection\":[\"Flamengo\"],\"inLanguage\":\"pt-BR\",\"potentialAction\":[{\"@type\":\"CommentAction\",\"name\":\"Comment\",\"target\":[\"https:\/\/www.gaveanews.com\/index.php\/2019\/11\/22\/reuniao-da-fifa-sobre-mundial-de-clubes-irrita-conmebol-e-exclui-o-flamengo-entenda\/#respond\"]}],\"copyrightYear\":\"2019\",\"copyrightHolder\":{\"@id\":\"https:\/\/www.gaveanews.com\/#organization\"}},{\"@type\":\"WebPage\",\"@id\":\"https:\/\/www.gaveanews.com\/index.php\/2019\/11\/22\/reuniao-da-fifa-sobre-mundial-de-clubes-irrita-conmebol-e-exclui-o-flamengo-entenda\/\",\"url\":\"https:\/\/www.gaveanews.com\/index.php\/2019\/11\/22\/reuniao-da-fifa-sobre-mundial-de-clubes-irrita-conmebol-e-exclui-o-flamengo-entenda\/\",\"name\":\"Reuni\u00e3o da Fifa sobre Mundial de clubes irrita Conmebol e exclui o Flamengo; entenda\",\"isPartOf\":{\"@id\":\"https:\/\/www.gaveanews.com\/#website\"},\"primaryImageOfPage\":{\"@id\":\"https:\/\/www.gaveanews.com\/index.php\/2019\/11\/22\/reuniao-da-fifa-sobre-mundial-de-clubes-irrita-conmebol-e-exclui-o-flamengo-entenda\/#primaryimage\"},\"image\":{\"@id\":\"https:\/\/www.gaveanews.com\/index.php\/2019\/11\/22\/reuniao-da-fifa-sobre-mundial-de-clubes-irrita-conmebol-e-exclui-o-flamengo-entenda\/#primaryimage\"},\"thumbnailUrl\":\"https:\/\/www.gaveanews.com\/wp-content\/uploads\/2019\/03\/Taca-do-Mundial-de-Clubes.webp\",\"datePublished\":\"2019-11-22T11:50:00+00:00\",\"author\":{\"@id\":\"https:\/\/www.gaveanews.com\/#\/schema\/person\/2ec14f73fb96be2caf28f91afb14749d\"},\"breadcrumb\":{\"@id\":\"https:\/\/www.gaveanews.com\/index.php\/2019\/11\/22\/reuniao-da-fifa-sobre-mundial-de-clubes-irrita-conmebol-e-exclui-o-flamengo-entenda\/#breadcrumb\"},\"inLanguage\":\"pt-BR\",\"potentialAction\":[{\"@type\":\"ReadAction\",\"target\":[\"https:\/\/www.gaveanews.com\/index.php\/2019\/11\/22\/reuniao-da-fifa-sobre-mundial-de-clubes-irrita-conmebol-e-exclui-o-flamengo-entenda\/\"]}]},{\"@type\":\"ImageObject\",\"inLanguage\":\"pt-BR\",\"@id\":\"https:\/\/www.gaveanews.com\/index.php\/2019\/11\/22\/reuniao-da-fifa-sobre-mundial-de-clubes-irrita-conmebol-e-exclui-o-flamengo-entenda\/#primaryimage\",\"url\":\"https:\/\/www.gaveanews.com\/wp-content\/uploads\/2019\/03\/Taca-do-Mundial-de-Clubes.webp\",\"contentUrl\":\"https:\/\/www.gaveanews.com\/wp-content\/uploads\/2019\/03\/Taca-do-Mundial-de-Clubes.webp\",\"width\":900,\"height\":600,\"caption\":\"Ta\u00e7a do Mundial de Clubes (Foto: Matthew Ashton\/Getty Images)\"},{\"@type\":\"BreadcrumbList\",\"@id\":\"https:\/\/www.gaveanews.com\/index.php\/2019\/11\/22\/reuniao-da-fifa-sobre-mundial-de-clubes-irrita-conmebol-e-exclui-o-flamengo-entenda\/#breadcrumb\",\"itemListElement\":[{\"@type\":\"ListItem\",\"position\":1,\"name\":\"Home\",\"item\":\"https:\/\/www.gaveanews.com\/\"},{\"@type\":\"ListItem\",\"position\":2,\"name\":\"Reuni\u00e3o da Fifa sobre Mundial de clubes irrita Conmebol e exclui o Flamengo; entenda\"}]},{\"@type\":\"WebSite\",\"@id\":\"https:\/\/www.gaveanews.com\/#website\",\"url\":\"https:\/\/www.gaveanews.com\/\",\"name\":\"G\u00e1vea News\",\"description\":\"Veja todas as not\u00edcias sobre o Flamengo: Contrata\u00e7\u00f5es, categorias de base, resultados das partidas, tabela de classifica\u00e7\u00e3o, pr\u00f3ximos jogos!\",\"potentialAction\":[{\"@type\":\"SearchAction\",\"target\":{\"@type\":\"EntryPoint\",\"urlTemplate\":\"https:\/\/www.gaveanews.com\/?s={search_term_string}\"},\"query-input\":{\"@type\":\"PropertyValueSpecification\",\"valueRequired\":true,\"valueName\":\"search_term_string\"}}],\"inLanguage\":\"pt-BR\"},{\"@type\":\"Person\",\"@id\":\"https:\/\/www.gaveanews.com\/#\/schema\/person\/2ec14f73fb96be2caf28f91afb14749d\",\"name\":\"Equipe G\u00e1vea News\",\"image\":{\"@type\":\"ImageObject\",\"inLanguage\":\"pt-BR\",\"@id\":\"https:\/\/www.gaveanews.com\/#\/schema\/person\/image\/\",\"url\":\"https:\/\/secure.gravatar.com\/avatar\/1e1956f1facbffd3f8fa53a326721950116b3b9dc9bd44939c01180fd4a745a9?s=96&d=mm&r=g\",\"contentUrl\":\"https:\/\/secure.gravatar.com\/avatar\/1e1956f1facbffd3f8fa53a326721950116b3b9dc9bd44939c01180fd4a745a9?s=96&d=mm&r=g\",\"caption\":\"Equipe G\u00e1vea News\"}}]}<\/script>\n<!-- \/ Yoast SEO Premium plugin. -->","yoast_head_json":{"title":"Reuni\u00e3o da Fifa sobre Mundial de clubes irrita Conmebol e exclui o Flamengo; entenda","robots":{"index":"index","follow":"follow","max-snippet":"max-snippet:-1","max-image-preview":"max-image-preview:large","max-video-preview":"max-video-preview:-1"},"canonical":"https:\/\/www.gaveanews.com\/index.php\/2019\/11\/22\/reuniao-da-fifa-sobre-mundial-de-clubes-irrita-conmebol-e-exclui-o-flamengo-entenda\/","og_locale":"pt_BR","og_type":"article","og_title":"Reuni\u00e3o da Fifa sobre Mundial de clubes irrita Conmebol e exclui o Flamengo; entenda","og_description":"A reuni\u00e3o do presidente da Fifa, Giani Infantino, com clubes europeus e argentinos para discutir o Mundial de Clubes de 2021 gerou irrita\u00e7\u00e3o na Conmebol e na CBF. Isso porque a entidade realizou o encontro \u00e0 revelia da confedera\u00e7\u00e3o sul-americana que nem sequer foi avisada, assim como outras federa\u00e7\u00f5es continentais. Outro exclu\u00eddo foi o Flamengo [&hellip;]","og_url":"https:\/\/www.gaveanews.com\/index.php\/2019\/11\/22\/reuniao-da-fifa-sobre-mundial-de-clubes-irrita-conmebol-e-exclui-o-flamengo-entenda\/","og_site_name":"G\u00e1vea News","article_publisher":"https:\/\/facebook.com\/gaveaNews\/","article_published_time":"2019-11-22T11:50:00+00:00","og_image":[{"url":"https:\/\/www.gaveanews.com\/wp-content\/uploads\/2019\/03\/Taca-do-Mundial-de-Clubes.webp","width":1,"height":1,"type":"image\/jpeg"}],"author":"Equipe G\u00e1vea News","twitter_card":"summary_large_image","twitter_misc":{"Escrito por":"Equipe G\u00e1vea News","Est. tempo de leitura":"2 minutos"},"schema":{"@context":"https:\/\/schema.org","@graph":[{"@type":"NewsArticle","@id":"https:\/\/www.gaveanews.com\/index.php\/2019\/11\/22\/reuniao-da-fifa-sobre-mundial-de-clubes-irrita-conmebol-e-exclui-o-flamengo-entenda\/#article","isPartOf":{"@id":"https:\/\/www.gaveanews.com\/index.php\/2019\/11\/22\/reuniao-da-fifa-sobre-mundial-de-clubes-irrita-conmebol-e-exclui-o-flamengo-entenda\/"},"author":{"name":"Equipe G\u00e1vea News","@id":"https:\/\/www.gaveanews.com\/#\/schema\/person\/2ec14f73fb96be2caf28f91afb14749d"},"headline":"Reuni\u00e3o da Fifa sobre Mundial de clubes irrita Conmebol e exclui o Flamengo; entenda","datePublished":"2019-11-22T11:50:00+00:00","mainEntityOfPage":{"@id":"https:\/\/www.gaveanews.com\/index.php\/2019\/11\/22\/reuniao-da-fifa-sobre-mundial-de-clubes-irrita-conmebol-e-exclui-o-flamengo-entenda\/"},"wordCount":506,"commentCount":0,"image":{"@id":"https:\/\/www.gaveanews.com\/index.php\/2019\/11\/22\/reuniao-da-fifa-sobre-mundial-de-clubes-irrita-conmebol-e-exclui-o-flamengo-entenda\/#primaryimage"},"thumbnailUrl":"https:\/\/www.gaveanews.com\/wp-content\/uploads\/2019\/03\/Taca-do-Mundial-de-Clubes.webp","articleSection":["Flamengo"],"inLanguage":"pt-BR","potentialAction":[{"@type":"CommentAction","name":"Comment","target":["https:\/\/www.gaveanews.com\/index.php\/2019\/11\/22\/reuniao-da-fifa-sobre-mundial-de-clubes-irrita-conmebol-e-exclui-o-flamengo-entenda\/#respond"]}],"copyrightYear":"2019","copyrightHolder":{"@id":"https:\/\/www.gaveanews.com\/#organization"}},{"@type":"WebPage","@id":"https:\/\/www.gaveanews.com\/index.php\/2019\/11\/22\/reuniao-da-fifa-sobre-mundial-de-clubes-irrita-conmebol-e-exclui-o-flamengo-entenda\/","url":"https:\/\/www.gaveanews.com\/index.php\/2019\/11\/22\/reuniao-da-fifa-sobre-mundial-de-clubes-irrita-conmebol-e-exclui-o-flamengo-entenda\/","name":"Reuni\u00e3o da Fifa sobre Mundial de clubes irrita Conmebol e exclui o Flamengo; entenda","isPartOf":{"@id":"https:\/\/www.gaveanews.com\/#website"},"primaryImageOfPage":{"@id":"https:\/\/www.gaveanews.com\/index.php\/2019\/11\/22\/reuniao-da-fifa-sobre-mundial-de-clubes-irrita-conmebol-e-exclui-o-flamengo-entenda\/#primaryimage"},"image":{"@id":"https:\/\/www.gaveanews.com\/index.php\/2019\/11\/22\/reuniao-da-fifa-sobre-mundial-de-clubes-irrita-conmebol-e-exclui-o-flamengo-entenda\/#primaryimage"},"thumbnailUrl":"https:\/\/www.gaveanews.com\/wp-content\/uploads\/2019\/03\/Taca-do-Mundial-de-Clubes.webp","datePublished":"2019-11-22T11:50:00+00:00","author":{"@id":"https:\/\/www.gaveanews.com\/#\/schema\/person\/2ec14f73fb96be2caf28f91afb14749d"},"breadcrumb":{"@id":"https:\/\/www.gaveanews.com\/index.php\/2019\/11\/22\/reuniao-da-fifa-sobre-mundial-de-clubes-irrita-conmebol-e-exclui-o-flamengo-entenda\/#breadcrumb"},"inLanguage":"pt-BR","potentialAction":[{"@type":"ReadAction","target":["https:\/\/www.gaveanews.com\/index.php\/2019\/11\/22\/reuniao-da-fifa-sobre-mundial-de-clubes-irrita-conmebol-e-exclui-o-flamengo-entenda\/"]}]},{"@type":"ImageObject","inLanguage":"pt-BR","@id":"https:\/\/www.gaveanews.com\/index.php\/2019\/11\/22\/reuniao-da-fifa-sobre-mundial-de-clubes-irrita-conmebol-e-exclui-o-flamengo-entenda\/#primaryimage","url":"https:\/\/www.gaveanews.com\/wp-content\/uploads\/2019\/03\/Taca-do-Mundial-de-Clubes.webp","contentUrl":"https:\/\/www.gaveanews.com\/wp-content\/uploads\/2019\/03\/Taca-do-Mundial-de-Clubes.webp","width":900,"height":600,"caption":"Ta\u00e7a do Mundial de Clubes (Foto: Matthew Ashton\/Getty Images)"},{"@type":"BreadcrumbList","@id":"https:\/\/www.gaveanews.com\/index.php\/2019\/11\/22\/reuniao-da-fifa-sobre-mundial-de-clubes-irrita-conmebol-e-exclui-o-flamengo-entenda\/#breadcrumb","itemListElement":[{"@type":"ListItem","position":1,"name":"Home","item":"https:\/\/www.gaveanews.com\/"},{"@type":"ListItem","position":2,"name":"Reuni\u00e3o da Fifa sobre Mundial de clubes irrita Conmebol e exclui o Flamengo; entenda"}]},{"@type":"WebSite","@id":"https:\/\/www.gaveanews.com\/#website","url":"https:\/\/www.gaveanews.com\/","name":"G\u00e1vea News","description":"Veja todas as not\u00edcias sobre o Flamengo: Contrata\u00e7\u00f5es, categorias de base, resultados das partidas, tabela de classifica\u00e7\u00e3o, pr\u00f3ximos jogos!","potentialAction":[{"@type":"SearchAction","target":{"@type":"EntryPoint","urlTemplate":"https:\/\/www.gaveanews.com\/?s={search_term_string}"},"query-input":{"@type":"PropertyValueSpecification","valueRequired":true,"valueName":"search_term_string"}}],"inLanguage":"pt-BR"},{"@type":"Person","@id":"https:\/\/www.gaveanews.com\/#\/schema\/person\/2ec14f73fb96be2caf28f91afb14749d","name":"Equipe G\u00e1vea News","image":{"@type":"ImageObject","inLanguage":"pt-BR","@id":"https:\/\/www.gaveanews.com\/#\/schema\/person\/image\/","url":"https:\/\/secure.gravatar.com\/avatar\/1e1956f1facbffd3f8fa53a326721950116b3b9dc9bd44939c01180fd4a745a9?s=96&d=mm&r=g","contentUrl":"https:\/\/secure.gravatar.com\/avatar\/1e1956f1facbffd3f8fa53a326721950116b3b9dc9bd44939c01180fd4a745a9?s=96&d=mm&r=g","caption":"Equipe G\u00e1vea News"}}]}},"_links":{"self":[{"href":"https:\/\/www.gaveanews.com\/index.php\/wp-json\/wp\/v2\/posts\/32261","targetHints":{"allow":["GET"]}}],"collection":[{"href":"https:\/\/www.gaveanews.com\/index.php\/wp-json\/wp\/v2\/posts"}],"about":[{"href":"https:\/\/www.gaveanews.com\/index.php\/wp-json\/wp\/v2\/types\/post"}],"author":[{"embeddable":true,"href":"https:\/\/www.gaveanews.com\/index.php\/wp-json\/wp\/v2\/users\/1"}],"replies":[{"embeddable":true,"href":"https:\/\/www.gaveanews.com\/index.php\/wp-json\/wp\/v2\/comments?post=32261"}],"version-history":[{"count":0,"href":"https:\/\/www.gaveanews.com\/index.php\/wp-json\/wp\/v2\/posts\/32261\/revisions"}],"wp:featuredmedia":[{"embeddable":true,"href":"https:\/\/www.gaveanews.com\/index.php\/wp-json\/wp\/v2\/media\/16221"}],"wp:attachment":[{"href":"https:\/\/www.gaveanews.com\/index.php\/wp-json\/wp\/v2\/media?parent=32261"}],"wp:term":[{"taxonomy":"category","embeddable":true,"href":"https:\/\/www.gaveanews.com\/index.php\/wp-json\/wp\/v2\/categories?post=32261"},{"taxonomy":"post_tag","embeddable":true,"href":"https:\/\/www.gaveanews.com\/index.php\/wp-json\/wp\/v2\/tags?post=32261"}],"curies":[{"name":"wp","href":"https:\/\/api.w.org\/{rel}","templated":true}]}}