{"id":32266,"date":"2019-11-22T10:54:34","date_gmt":"2019-11-22T13:54:34","guid":{"rendered":"http:\/\/www.gaveanews.com\/?p=32266"},"modified":"2019-11-22T10:54:35","modified_gmt":"2019-11-22T13:54:35","slug":"ex-atacante-do-flamengo-nao-esconde-torcida-pelo-rubro-negro-na-copa-libertadores-queria-estar-junto","status":"publish","type":"post","link":"https:\/\/www.gaveanews.com\/index.php\/2019\/11\/22\/ex-atacante-do-flamengo-nao-esconde-torcida-pelo-rubro-negro-na-copa-libertadores-queria-estar-junto\/","title":{"rendered":"Ex-atacante do Flamengo n\u00e3o esconde torcida pelo rubro-negro na Copa Libertadores: \u201cQueria estar junto\u201d"},"content":{"rendered":"\n<p>\u00c9 imposs\u00edvel falar sobre Hernane Vidal de Souza sem lembrar de alguns gols decisivos na \u00faltima conquista nacional do Flamengo \u2013 Copa do Brasil 2013. Os 36 gols marcados em uma \u00fanica temporada neste s\u00e9culo s\u00f3 foi ultrapassado por Gabigol, em 2019. Sem esconder todo o carinho pelo clube carioca, o Brocador relembrou feitos com o Manto e lamentou n\u00e3o fazer parte deste grande momento.<\/p>\n\n\n\n<p>\u2013 Gra\u00e7as a Deus eu pude fazer hist\u00f3ria no Flamengo. Fiquei marcado em 2013, pela conquista da Copa do Brasil, e fui artilheiro do Brasil naquela temporada. Fico feliz (com a boa fase). O Flamengo est\u00e1 vivendo um bom momento. Desde que o Eduardo Bandeira de Mello assumiu, ele disse que mudaria o clube e conseguiu. Hoje, o Flamengo tem um excelente elenco e um CT maravilhoso. Queria estar junto neste per\u00edodo bom (risos), mas sei que fiz hist\u00f3ria e sou lembrado at\u00e9 hoje. Estou torcendo -, declarou em entrevista ao SportsCenter.<\/p>\n\n\n\n<p>Hernane estreou pelo Flamengo em junho de 2012, na vit\u00f3ria por 3 a 1 sobre o Coritiba, pelo Campeonato Brasileiro. Brocador entrou no lugar de Diego Maur\u00edcio e marcou um dos gols do triunfo, dando sinais que sua passagem seria gloriosa. O artilheiro foi respons\u00e1vel pelo gol do t\u00edtulo da Copa do Brasil \u2013 tornando o clube o primeiro campe\u00e3o do novo Maracan\u00e3.<\/p>\n\n\n\n<p>Em 2019, os objetivos s\u00e3o ainda maiores: o Flamengo est\u00e1 a dois pontos do heptacampeonato Brasileiro e 90 minutos da bicampeonato da Libertadores da Am\u00e9rica. Esta ser\u00e1 a primeira final \u00fanica do torneio e o palco escolhido foi o Monumental de Lima, no Peru. A capital peruana j\u00e1 est\u00e1 tomada de rubro-negros apaixonados e engasgados h\u00e1 38 anos. O joga\u00e7o entre brasileiros e argentinos ser\u00e1 no pr\u00f3ximo s\u00e1bado (23), \u00e0s 17h (hor\u00e1rio de Bras\u00edlia).<\/p>\n\n\n\n<p>Retirado de: <a href=\"https:\/\/colunadofla.com\/2019\/11\/hernane-brocador-nao-esconde-torcida-pelo-flamengo-na-libertadores-queria-estar-junto\/\">Coluna do Fla<\/a><\/p>\n","protected":false},"excerpt":{"rendered":"<p>\u00c9 imposs\u00edvel falar sobre Hernane Vidal de Souza sem lembrar de alguns gols decisivos na \u00faltima conquista nacional do Flamengo \u2013 Copa do Brasil 2013. Os 36 gols marcados em uma \u00fanica temporada neste s\u00e9culo s\u00f3 foi ultrapassado por Gabigol, em 2019. Sem esconder todo o carinho pelo clube carioca, o Brocador relembrou feitos com [&hellip;]<\/p>\n","protected":false},"author":1,"featured_media":27722,"comment_status":"open","ping_status":"open","sticky":false,"template":"","format":"standard","meta":{"footnotes":""},"categories":[47],"tags":[],"class_list":["post-32266","post","type-post","status-publish","format-standard","has-post-thumbnail","hentry","category-destaques"],"yoast_head":"<!-- This site is optimized with the Yoast SEO Premium plugin v24.2 (Yoast SEO v26.9) - https:\/\/yoast.com\/product\/yoast-seo-premium-wordpress\/ -->\n<title>Ex-atacante do Flamengo n\u00e3o esconde torcida pelo rubro-negro na Copa Libertadores: \u201cQueria estar junto\u201d<\/title>\n<meta name=\"robots\" content=\"index, follow, max-snippet:-1, max-image-preview:large, max-video-preview:-1\" \/>\n<link rel=\"canonical\" href=\"https:\/\/www.gaveanews.com\/index.php\/2019\/11\/22\/ex-atacante-do-flamengo-nao-esconde-torcida-pelo-rubro-negro-na-copa-libertadores-queria-estar-junto\/\" \/>\n<meta property=\"og:locale\" content=\"pt_BR\" \/>\n<meta property=\"og:type\" content=\"article\" \/>\n<meta property=\"og:title\" content=\"Ex-atacante do Flamengo n\u00e3o esconde torcida pelo rubro-negro na Copa Libertadores: \u201cQueria estar junto\u201d\" \/>\n<meta property=\"og:description\" content=\"\u00c9 imposs\u00edvel falar sobre Hernane Vidal de Souza sem lembrar de alguns gols decisivos na \u00faltima conquista nacional do Flamengo \u2013 Copa do Brasil 2013. Os 36 gols marcados em uma \u00fanica temporada neste s\u00e9culo s\u00f3 foi ultrapassado por Gabigol, em 2019. Sem esconder todo o carinho pelo clube carioca, o Brocador relembrou feitos com [&hellip;]\" \/>\n<meta property=\"og:url\" content=\"https:\/\/www.gaveanews.com\/index.php\/2019\/11\/22\/ex-atacante-do-flamengo-nao-esconde-torcida-pelo-rubro-negro-na-copa-libertadores-queria-estar-junto\/\" \/>\n<meta property=\"og:site_name\" content=\"G\u00e1vea News\" \/>\n<meta property=\"article:publisher\" content=\"https:\/\/facebook.com\/gaveaNews\/\" \/>\n<meta property=\"article:published_time\" content=\"2019-11-22T13:54:34+00:00\" \/>\n<meta property=\"article:modified_time\" content=\"2019-11-22T13:54:35+00:00\" \/>\n<meta property=\"og:image\" content=\"https:\/\/www.gaveanews.com\/wp-content\/uploads\/Hernane-Brocador-em-acao-pelo-Flamengo.webp\" \/>\n\t<meta property=\"og:image:width\" content=\"1\" \/>\n\t<meta property=\"og:image:height\" content=\"1\" \/>\n\t<meta property=\"og:image:type\" content=\"image\/jpeg\" \/>\n<meta name=\"author\" content=\"Equipe G\u00e1vea News\" \/>\n<meta name=\"twitter:card\" content=\"summary_large_image\" \/>\n<meta name=\"twitter:label1\" content=\"Escrito por\" \/>\n\t<meta name=\"twitter:data1\" content=\"Equipe G\u00e1vea News\" \/>\n\t<meta name=\"twitter:label2\" content=\"Est. tempo de leitura\" \/>\n\t<meta name=\"twitter:data2\" content=\"2 minutos\" \/>\n<script type=\"application\/ld+json\" class=\"yoast-schema-graph\">{\"@context\":\"https:\/\/schema.org\",\"@graph\":[{\"@type\":\"NewsArticle\",\"@id\":\"https:\/\/www.gaveanews.com\/index.php\/2019\/11\/22\/ex-atacante-do-flamengo-nao-esconde-torcida-pelo-rubro-negro-na-copa-libertadores-queria-estar-junto\/#article\",\"isPartOf\":{\"@id\":\"https:\/\/www.gaveanews.com\/index.php\/2019\/11\/22\/ex-atacante-do-flamengo-nao-esconde-torcida-pelo-rubro-negro-na-copa-libertadores-queria-estar-junto\/\"},\"author\":{\"name\":\"Equipe G\u00e1vea News\",\"@id\":\"https:\/\/www.gaveanews.com\/#\/schema\/person\/2ec14f73fb96be2caf28f91afb14749d\"},\"headline\":\"Ex-atacante do Flamengo n\u00e3o esconde torcida pelo rubro-negro na Copa Libertadores: \u201cQueria estar junto\u201d\",\"datePublished\":\"2019-11-22T13:54:34+00:00\",\"dateModified\":\"2019-11-22T13:54:35+00:00\",\"mainEntityOfPage\":{\"@id\":\"https:\/\/www.gaveanews.com\/index.php\/2019\/11\/22\/ex-atacante-do-flamengo-nao-esconde-torcida-pelo-rubro-negro-na-copa-libertadores-queria-estar-junto\/\"},\"wordCount\":318,\"commentCount\":0,\"image\":{\"@id\":\"https:\/\/www.gaveanews.com\/index.php\/2019\/11\/22\/ex-atacante-do-flamengo-nao-esconde-torcida-pelo-rubro-negro-na-copa-libertadores-queria-estar-junto\/#primaryimage\"},\"thumbnailUrl\":\"https:\/\/www.gaveanews.com\/wp-content\/uploads\/Hernane-Brocador-em-acao-pelo-Flamengo.webp\",\"articleSection\":[\"Destaques\"],\"inLanguage\":\"pt-BR\",\"potentialAction\":[{\"@type\":\"CommentAction\",\"name\":\"Comment\",\"target\":[\"https:\/\/www.gaveanews.com\/index.php\/2019\/11\/22\/ex-atacante-do-flamengo-nao-esconde-torcida-pelo-rubro-negro-na-copa-libertadores-queria-estar-junto\/#respond\"]}],\"copyrightYear\":\"2019\",\"copyrightHolder\":{\"@id\":\"https:\/\/www.gaveanews.com\/#organization\"}},{\"@type\":\"WebPage\",\"@id\":\"https:\/\/www.gaveanews.com\/index.php\/2019\/11\/22\/ex-atacante-do-flamengo-nao-esconde-torcida-pelo-rubro-negro-na-copa-libertadores-queria-estar-junto\/\",\"url\":\"https:\/\/www.gaveanews.com\/index.php\/2019\/11\/22\/ex-atacante-do-flamengo-nao-esconde-torcida-pelo-rubro-negro-na-copa-libertadores-queria-estar-junto\/\",\"name\":\"Ex-atacante do Flamengo n\u00e3o esconde torcida pelo rubro-negro na Copa Libertadores: \u201cQueria estar junto\u201d\",\"isPartOf\":{\"@id\":\"https:\/\/www.gaveanews.com\/#website\"},\"primaryImageOfPage\":{\"@id\":\"https:\/\/www.gaveanews.com\/index.php\/2019\/11\/22\/ex-atacante-do-flamengo-nao-esconde-torcida-pelo-rubro-negro-na-copa-libertadores-queria-estar-junto\/#primaryimage\"},\"image\":{\"@id\":\"https:\/\/www.gaveanews.com\/index.php\/2019\/11\/22\/ex-atacante-do-flamengo-nao-esconde-torcida-pelo-rubro-negro-na-copa-libertadores-queria-estar-junto\/#primaryimage\"},\"thumbnailUrl\":\"https:\/\/www.gaveanews.com\/wp-content\/uploads\/Hernane-Brocador-em-acao-pelo-Flamengo.webp\",\"datePublished\":\"2019-11-22T13:54:34+00:00\",\"dateModified\":\"2019-11-22T13:54:35+00:00\",\"author\":{\"@id\":\"https:\/\/www.gaveanews.com\/#\/schema\/person\/2ec14f73fb96be2caf28f91afb14749d\"},\"breadcrumb\":{\"@id\":\"https:\/\/www.gaveanews.com\/index.php\/2019\/11\/22\/ex-atacante-do-flamengo-nao-esconde-torcida-pelo-rubro-negro-na-copa-libertadores-queria-estar-junto\/#breadcrumb\"},\"inLanguage\":\"pt-BR\",\"potentialAction\":[{\"@type\":\"ReadAction\",\"target\":[\"https:\/\/www.gaveanews.com\/index.php\/2019\/11\/22\/ex-atacante-do-flamengo-nao-esconde-torcida-pelo-rubro-negro-na-copa-libertadores-queria-estar-junto\/\"]}]},{\"@type\":\"ImageObject\",\"inLanguage\":\"pt-BR\",\"@id\":\"https:\/\/www.gaveanews.com\/index.php\/2019\/11\/22\/ex-atacante-do-flamengo-nao-esconde-torcida-pelo-rubro-negro-na-copa-libertadores-queria-estar-junto\/#primaryimage\",\"url\":\"https:\/\/www.gaveanews.com\/wp-content\/uploads\/Hernane-Brocador-em-acao-pelo-Flamengo.webp\",\"contentUrl\":\"https:\/\/www.gaveanews.com\/wp-content\/uploads\/Hernane-Brocador-em-acao-pelo-Flamengo.webp\",\"caption\":\"Hernane Brocador em a\u00e7\u00e3o pelo Flamengo (Foto: Ivo Gonzalez\/Ag\u00eancia O Globo)\"},{\"@type\":\"BreadcrumbList\",\"@id\":\"https:\/\/www.gaveanews.com\/index.php\/2019\/11\/22\/ex-atacante-do-flamengo-nao-esconde-torcida-pelo-rubro-negro-na-copa-libertadores-queria-estar-junto\/#breadcrumb\",\"itemListElement\":[{\"@type\":\"ListItem\",\"position\":1,\"name\":\"Home\",\"item\":\"https:\/\/www.gaveanews.com\/\"},{\"@type\":\"ListItem\",\"position\":2,\"name\":\"Ex-atacante do Flamengo n\u00e3o esconde torcida pelo rubro-negro na Copa Libertadores: \u201cQueria estar junto\u201d\"}]},{\"@type\":\"WebSite\",\"@id\":\"https:\/\/www.gaveanews.com\/#website\",\"url\":\"https:\/\/www.gaveanews.com\/\",\"name\":\"G\u00e1vea News\",\"description\":\"Veja todas as not\u00edcias sobre o Flamengo: Contrata\u00e7\u00f5es, categorias de base, resultados das partidas, tabela de classifica\u00e7\u00e3o, pr\u00f3ximos jogos!\",\"potentialAction\":[{\"@type\":\"SearchAction\",\"target\":{\"@type\":\"EntryPoint\",\"urlTemplate\":\"https:\/\/www.gaveanews.com\/?s={search_term_string}\"},\"query-input\":{\"@type\":\"PropertyValueSpecification\",\"valueRequired\":true,\"valueName\":\"search_term_string\"}}],\"inLanguage\":\"pt-BR\"},{\"@type\":\"Person\",\"@id\":\"https:\/\/www.gaveanews.com\/#\/schema\/person\/2ec14f73fb96be2caf28f91afb14749d\",\"name\":\"Equipe G\u00e1vea News\",\"image\":{\"@type\":\"ImageObject\",\"inLanguage\":\"pt-BR\",\"@id\":\"https:\/\/www.gaveanews.com\/#\/schema\/person\/image\/\",\"url\":\"https:\/\/secure.gravatar.com\/avatar\/1e1956f1facbffd3f8fa53a326721950116b3b9dc9bd44939c01180fd4a745a9?s=96&d=mm&r=g\",\"contentUrl\":\"https:\/\/secure.gravatar.com\/avatar\/1e1956f1facbffd3f8fa53a326721950116b3b9dc9bd44939c01180fd4a745a9?s=96&d=mm&r=g\",\"caption\":\"Equipe G\u00e1vea News\"}}]}<\/script>\n<!-- \/ Yoast SEO Premium plugin. -->","yoast_head_json":{"title":"Ex-atacante do Flamengo n\u00e3o esconde torcida pelo rubro-negro na Copa Libertadores: \u201cQueria estar junto\u201d","robots":{"index":"index","follow":"follow","max-snippet":"max-snippet:-1","max-image-preview":"max-image-preview:large","max-video-preview":"max-video-preview:-1"},"canonical":"https:\/\/www.gaveanews.com\/index.php\/2019\/11\/22\/ex-atacante-do-flamengo-nao-esconde-torcida-pelo-rubro-negro-na-copa-libertadores-queria-estar-junto\/","og_locale":"pt_BR","og_type":"article","og_title":"Ex-atacante do Flamengo n\u00e3o esconde torcida pelo rubro-negro na Copa Libertadores: \u201cQueria estar junto\u201d","og_description":"\u00c9 imposs\u00edvel falar sobre Hernane Vidal de Souza sem lembrar de alguns gols decisivos na \u00faltima conquista nacional do Flamengo \u2013 Copa do Brasil 2013. Os 36 gols marcados em uma \u00fanica temporada neste s\u00e9culo s\u00f3 foi ultrapassado por Gabigol, em 2019. Sem esconder todo o carinho pelo clube carioca, o Brocador relembrou feitos com [&hellip;]","og_url":"https:\/\/www.gaveanews.com\/index.php\/2019\/11\/22\/ex-atacante-do-flamengo-nao-esconde-torcida-pelo-rubro-negro-na-copa-libertadores-queria-estar-junto\/","og_site_name":"G\u00e1vea News","article_publisher":"https:\/\/facebook.com\/gaveaNews\/","article_published_time":"2019-11-22T13:54:34+00:00","article_modified_time":"2019-11-22T13:54:35+00:00","og_image":[{"url":"https:\/\/www.gaveanews.com\/wp-content\/uploads\/Hernane-Brocador-em-acao-pelo-Flamengo.webp","width":1,"height":1,"type":"image\/jpeg"}],"author":"Equipe G\u00e1vea News","twitter_card":"summary_large_image","twitter_misc":{"Escrito por":"Equipe G\u00e1vea News","Est. tempo de leitura":"2 minutos"},"schema":{"@context":"https:\/\/schema.org","@graph":[{"@type":"NewsArticle","@id":"https:\/\/www.gaveanews.com\/index.php\/2019\/11\/22\/ex-atacante-do-flamengo-nao-esconde-torcida-pelo-rubro-negro-na-copa-libertadores-queria-estar-junto\/#article","isPartOf":{"@id":"https:\/\/www.gaveanews.com\/index.php\/2019\/11\/22\/ex-atacante-do-flamengo-nao-esconde-torcida-pelo-rubro-negro-na-copa-libertadores-queria-estar-junto\/"},"author":{"name":"Equipe G\u00e1vea News","@id":"https:\/\/www.gaveanews.com\/#\/schema\/person\/2ec14f73fb96be2caf28f91afb14749d"},"headline":"Ex-atacante do Flamengo n\u00e3o esconde torcida pelo rubro-negro na Copa Libertadores: \u201cQueria estar junto\u201d","datePublished":"2019-11-22T13:54:34+00:00","dateModified":"2019-11-22T13:54:35+00:00","mainEntityOfPage":{"@id":"https:\/\/www.gaveanews.com\/index.php\/2019\/11\/22\/ex-atacante-do-flamengo-nao-esconde-torcida-pelo-rubro-negro-na-copa-libertadores-queria-estar-junto\/"},"wordCount":318,"commentCount":0,"image":{"@id":"https:\/\/www.gaveanews.com\/index.php\/2019\/11\/22\/ex-atacante-do-flamengo-nao-esconde-torcida-pelo-rubro-negro-na-copa-libertadores-queria-estar-junto\/#primaryimage"},"thumbnailUrl":"https:\/\/www.gaveanews.com\/wp-content\/uploads\/Hernane-Brocador-em-acao-pelo-Flamengo.webp","articleSection":["Destaques"],"inLanguage":"pt-BR","potentialAction":[{"@type":"CommentAction","name":"Comment","target":["https:\/\/www.gaveanews.com\/index.php\/2019\/11\/22\/ex-atacante-do-flamengo-nao-esconde-torcida-pelo-rubro-negro-na-copa-libertadores-queria-estar-junto\/#respond"]}],"copyrightYear":"2019","copyrightHolder":{"@id":"https:\/\/www.gaveanews.com\/#organization"}},{"@type":"WebPage","@id":"https:\/\/www.gaveanews.com\/index.php\/2019\/11\/22\/ex-atacante-do-flamengo-nao-esconde-torcida-pelo-rubro-negro-na-copa-libertadores-queria-estar-junto\/","url":"https:\/\/www.gaveanews.com\/index.php\/2019\/11\/22\/ex-atacante-do-flamengo-nao-esconde-torcida-pelo-rubro-negro-na-copa-libertadores-queria-estar-junto\/","name":"Ex-atacante do Flamengo n\u00e3o esconde torcida pelo rubro-negro na Copa Libertadores: \u201cQueria estar junto\u201d","isPartOf":{"@id":"https:\/\/www.gaveanews.com\/#website"},"primaryImageOfPage":{"@id":"https:\/\/www.gaveanews.com\/index.php\/2019\/11\/22\/ex-atacante-do-flamengo-nao-esconde-torcida-pelo-rubro-negro-na-copa-libertadores-queria-estar-junto\/#primaryimage"},"image":{"@id":"https:\/\/www.gaveanews.com\/index.php\/2019\/11\/22\/ex-atacante-do-flamengo-nao-esconde-torcida-pelo-rubro-negro-na-copa-libertadores-queria-estar-junto\/#primaryimage"},"thumbnailUrl":"https:\/\/www.gaveanews.com\/wp-content\/uploads\/Hernane-Brocador-em-acao-pelo-Flamengo.webp","datePublished":"2019-11-22T13:54:34+00:00","dateModified":"2019-11-22T13:54:35+00:00","author":{"@id":"https:\/\/www.gaveanews.com\/#\/schema\/person\/2ec14f73fb96be2caf28f91afb14749d"},"breadcrumb":{"@id":"https:\/\/www.gaveanews.com\/index.php\/2019\/11\/22\/ex-atacante-do-flamengo-nao-esconde-torcida-pelo-rubro-negro-na-copa-libertadores-queria-estar-junto\/#breadcrumb"},"inLanguage":"pt-BR","potentialAction":[{"@type":"ReadAction","target":["https:\/\/www.gaveanews.com\/index.php\/2019\/11\/22\/ex-atacante-do-flamengo-nao-esconde-torcida-pelo-rubro-negro-na-copa-libertadores-queria-estar-junto\/"]}]},{"@type":"ImageObject","inLanguage":"pt-BR","@id":"https:\/\/www.gaveanews.com\/index.php\/2019\/11\/22\/ex-atacante-do-flamengo-nao-esconde-torcida-pelo-rubro-negro-na-copa-libertadores-queria-estar-junto\/#primaryimage","url":"https:\/\/www.gaveanews.com\/wp-content\/uploads\/Hernane-Brocador-em-acao-pelo-Flamengo.webp","contentUrl":"https:\/\/www.gaveanews.com\/wp-content\/uploads\/Hernane-Brocador-em-acao-pelo-Flamengo.webp","caption":"Hernane Brocador em a\u00e7\u00e3o pelo Flamengo (Foto: Ivo Gonzalez\/Ag\u00eancia O Globo)"},{"@type":"BreadcrumbList","@id":"https:\/\/www.gaveanews.com\/index.php\/2019\/11\/22\/ex-atacante-do-flamengo-nao-esconde-torcida-pelo-rubro-negro-na-copa-libertadores-queria-estar-junto\/#breadcrumb","itemListElement":[{"@type":"ListItem","position":1,"name":"Home","item":"https:\/\/www.gaveanews.com\/"},{"@type":"ListItem","position":2,"name":"Ex-atacante do Flamengo n\u00e3o esconde torcida pelo rubro-negro na Copa Libertadores: \u201cQueria estar junto\u201d"}]},{"@type":"WebSite","@id":"https:\/\/www.gaveanews.com\/#website","url":"https:\/\/www.gaveanews.com\/","name":"G\u00e1vea News","description":"Veja todas as not\u00edcias sobre o Flamengo: Contrata\u00e7\u00f5es, categorias de base, resultados das partidas, tabela de classifica\u00e7\u00e3o, pr\u00f3ximos jogos!","potentialAction":[{"@type":"SearchAction","target":{"@type":"EntryPoint","urlTemplate":"https:\/\/www.gaveanews.com\/?s={search_term_string}"},"query-input":{"@type":"PropertyValueSpecification","valueRequired":true,"valueName":"search_term_string"}}],"inLanguage":"pt-BR"},{"@type":"Person","@id":"https:\/\/www.gaveanews.com\/#\/schema\/person\/2ec14f73fb96be2caf28f91afb14749d","name":"Equipe G\u00e1vea News","image":{"@type":"ImageObject","inLanguage":"pt-BR","@id":"https:\/\/www.gaveanews.com\/#\/schema\/person\/image\/","url":"https:\/\/secure.gravatar.com\/avatar\/1e1956f1facbffd3f8fa53a326721950116b3b9dc9bd44939c01180fd4a745a9?s=96&d=mm&r=g","contentUrl":"https:\/\/secure.gravatar.com\/avatar\/1e1956f1facbffd3f8fa53a326721950116b3b9dc9bd44939c01180fd4a745a9?s=96&d=mm&r=g","caption":"Equipe G\u00e1vea News"}}]}},"_links":{"self":[{"href":"https:\/\/www.gaveanews.com\/index.php\/wp-json\/wp\/v2\/posts\/32266","targetHints":{"allow":["GET"]}}],"collection":[{"href":"https:\/\/www.gaveanews.com\/index.php\/wp-json\/wp\/v2\/posts"}],"about":[{"href":"https:\/\/www.gaveanews.com\/index.php\/wp-json\/wp\/v2\/types\/post"}],"author":[{"embeddable":true,"href":"https:\/\/www.gaveanews.com\/index.php\/wp-json\/wp\/v2\/users\/1"}],"replies":[{"embeddable":true,"href":"https:\/\/www.gaveanews.com\/index.php\/wp-json\/wp\/v2\/comments?post=32266"}],"version-history":[{"count":0,"href":"https:\/\/www.gaveanews.com\/index.php\/wp-json\/wp\/v2\/posts\/32266\/revisions"}],"wp:featuredmedia":[{"embeddable":true,"href":"https:\/\/www.gaveanews.com\/index.php\/wp-json\/wp\/v2\/media\/27722"}],"wp:attachment":[{"href":"https:\/\/www.gaveanews.com\/index.php\/wp-json\/wp\/v2\/media?parent=32266"}],"wp:term":[{"taxonomy":"category","embeddable":true,"href":"https:\/\/www.gaveanews.com\/index.php\/wp-json\/wp\/v2\/categories?post=32266"},{"taxonomy":"post_tag","embeddable":true,"href":"https:\/\/www.gaveanews.com\/index.php\/wp-json\/wp\/v2\/tags?post=32266"}],"curies":[{"name":"wp","href":"https:\/\/api.w.org\/{rel}","templated":true}]}}