{"id":32282,"date":"2019-11-22T16:44:38","date_gmt":"2019-11-22T19:44:38","guid":{"rendered":"http:\/\/www.gaveanews.com\/?p=32282"},"modified":"2019-11-22T16:44:39","modified_gmt":"2019-11-22T19:44:39","slug":"presidente-do-flamengo-rodolfo-landim-fala-sobre-formacao-do-elenco-para-a-proxima-temporada","status":"publish","type":"post","link":"https:\/\/www.gaveanews.com\/index.php\/2019\/11\/22\/presidente-do-flamengo-rodolfo-landim-fala-sobre-formacao-do-elenco-para-a-proxima-temporada\/","title":{"rendered":"Presidente do Flamengo, Rodolfo Landim fala sobre forma\u00e7\u00e3o do elenco para a pr\u00f3xima temporada"},"content":{"rendered":"\n<p>O fim de semana pode dar dois t\u00edtulos ao Flamengo. S\u00e3o exatamente os mais visados por quaisquer clubes brasileiros. O primeiro e, possivelmente mais almejado, ser\u00e1 decidido neste s\u00e1bado (23 de novembro), em Lima, no Peru, onde o Rubro-Negro desafia o River Plate, atual campe\u00e3o da ta\u00e7a em disputa: a Libertadores da Am\u00e9rica. <\/p>\n\n\n\n<p>Em entrevista exclusiva ao comentarista e rep\u00f3rter Mauro Cezar Pereira, para os canais ESPN, o presidente do clube demonstrou confian\u00e7a em repetir a conquista que aconteceu pela \u00fanica vez em 1981.  <\/p>\n\n\n\n<p>\u201cO time est\u00e1 muito concentrado, coeso. Temos visto muito focado nas duas competi\u00e7\u00f5es, tanto no Campeonato Brasileiro, quanto na Libertadores, e n\u00e3o est\u00e1 diferente aqui (em Lima). Acompanhei os treinamentos no Ninho do Urubu. Na sa\u00edda, aquela festa realmente foi muito especial. Eu estava dentro do \u00f4nibus com os jogadores, senti que aquela energia toda positiva que a torcida passou para eles, de fato, acaba afetando extremamente pelo lado positivo o grupo. Acho que nosso grupo hoje \u00e9 carimbado, com muitos jogadores experientes, com sucesso em finais, o que tem acrescentado muito. Estou muito confiante para o resultado que a gente vai ter\u201d, comentou Rodolfo Landim, que contou uma cena curiosa ocorrida no trajeto do \u00f4nibus pelo Rio de Janeiro at\u00e9 o embarque no aeroporto rumo ao Peru.  <\/p>\n\n\n\n<p>\u201cEles estavam todos felizes, tirando foto, filmando tudo que estava acontecendo. Acho que o Gabigol at\u00e9 abriu a porta (risos) da janela do banheiro para dar um tchau para o pessoal\u2026 De uma forma, estavam muito gratos por toda aquela demonstra\u00e7\u00e3o de carinho\u201d, revelou o mandat\u00e1rio do Rubro-Negro. <\/p>\n\n\n\n<p>A tranquilidade do presidente certamente est\u00e1 fortalecida por causa dos resultados e do futebol apresentados pela equipe desde a chegada do t\u00e9cnico Jorge Jesus. Nesta caminhada, refor\u00e7os de peso contribu\u00edram para o trabalho funcionar da melhor maneira.  <\/p>\n\n\n\n<p>\u201cFizemos as contrata\u00e7\u00f5es do Mari, do Filipe Lu\u00eds, do Rafinha e do Gerson. Foi muito positivo acho que n\u00e3o s\u00f3 o refor\u00e7o no aspecto t\u00e9cnico, mas tamb\u00e9m pela experi\u00eancia que trouxe. Jogadores vencedores, com uma bagagem muito grande nas costas, como \u00e9 o caso do Filipe Lu\u00eds e do Rafinha. Ajudaram muito a criar esse espirito vencedor dentro do grupo, e as vit\u00f3rias come\u00e7aram a vir em sequ\u00eancia depois daquilo\u201d, considerou, exibindo tamb\u00e9m seguran\u00e7a na perman\u00eancia do portugu\u00eas respons\u00e1vel por guiar o time at\u00e9 os triunfos mais importantes. <\/p>\n\n\n\n<p>\u201cNossa contrata\u00e7\u00e3o \u00e9 at\u00e9 o meado do pr\u00f3ximo ano. De fato, na \u00e9poca tivemos um acordo de que, no final deste ano, n\u00f3s ter\u00edamos essa conversa. N\u00f3s ainda n\u00e3o tivemos essa conversa. At\u00e9 o momento, tudo que fizemos e todos os retornos que eu tenho tido do Jorge Jesus s\u00e3o os melhores poss\u00edveis. Acho que ele est\u00e1 feliz com o que est\u00e1 acontecendo n\u00e3o s\u00f3 na carreira dele, mas no Flamengo. Acho que a ambienta\u00e7\u00e3o dele ao Rio de Janeiro foi \u00f3tima. A expectativa que n\u00f3s temos \u00e9 que ele continue aqui, a torcida gosta muito dele\u2026 Vai passar por uma decis\u00e3o pessoal dele tamb\u00e9m, mas a nossa expectativa \u00e9 de que, de fato, a gente possa renovar esse contrato por um per\u00edodo maior ainda\u201d, afirmou Landim. <\/p>\n\n\n\n<p>Rodolfo sabe e n\u00e3o esconde que ter\u00e1 seu treinador sendo disputado com outros clubes para 2020. Apesar de tudo que possa acontecer para tir\u00e1-lo da G\u00e1vea, o presidente n\u00e3o cr\u00ea que perder\u00e1 o luso. <\/p>\n\n\n\n<p>\u201cDe certa forma, eu diria que temo que o ass\u00e9dio v\u00e1 ser grande porque o trabalho que ele est\u00e1 realizando no Flamengo \u00e9 muito positivo. Pode ser que outros clubes venham e fa\u00e7am propostas para ele. Mas acho que ele est\u00e1 muito feliz no Flamengo. Sinceramente falando, acho que, se Deus quiser, se a gente vier a ganhar t\u00edtulos tamb\u00e9m, os contratos que fizemos com ele s\u00e3o de remunera\u00e7\u00e3o vari\u00e1vel, acho que s\u00e3o contratos bastante interessantes para ele porque \u00e9 do jeito que ele gosta, com desafio, com vit\u00f3ria, e, se isso vier a acontecer, acho que ele continua aqui, sim\u201d, argumentou.  <\/p>\n\n\n\n<p>Retirado de: Torcedores<\/p>\n","protected":false},"excerpt":{"rendered":"<p>O fim de semana pode dar dois t\u00edtulos ao Flamengo. S\u00e3o exatamente os mais visados por quaisquer clubes brasileiros. O primeiro e, possivelmente mais almejado, ser\u00e1 decidido neste s\u00e1bado (23 de novembro), em Lima, no Peru, onde o Rubro-Negro desafia o River Plate, atual campe\u00e3o da ta\u00e7a em disputa: a Libertadores da Am\u00e9rica. Em entrevista [&hellip;]<\/p>\n","protected":false},"author":1,"featured_media":15077,"comment_status":"open","ping_status":"open","sticky":false,"template":"","format":"standard","meta":{"footnotes":""},"categories":[47],"tags":[],"class_list":["post-32282","post","type-post","status-publish","format-standard","has-post-thumbnail","hentry","category-destaques"],"yoast_head":"<!-- This site is optimized with the Yoast SEO Premium plugin v24.2 (Yoast SEO v26.9) - https:\/\/yoast.com\/product\/yoast-seo-premium-wordpress\/ -->\n<title>Presidente do Flamengo, Rodolfo Landim fala sobre forma\u00e7\u00e3o do elenco para a pr\u00f3xima temporada<\/title>\n<meta name=\"robots\" content=\"index, follow, max-snippet:-1, max-image-preview:large, max-video-preview:-1\" \/>\n<link rel=\"canonical\" href=\"https:\/\/www.gaveanews.com\/index.php\/2019\/11\/22\/presidente-do-flamengo-rodolfo-landim-fala-sobre-formacao-do-elenco-para-a-proxima-temporada\/\" \/>\n<meta property=\"og:locale\" content=\"pt_BR\" \/>\n<meta property=\"og:type\" content=\"article\" \/>\n<meta property=\"og:title\" content=\"Presidente do Flamengo, Rodolfo Landim fala sobre forma\u00e7\u00e3o do elenco para a pr\u00f3xima temporada\" \/>\n<meta property=\"og:description\" content=\"O fim de semana pode dar dois t\u00edtulos ao Flamengo. S\u00e3o exatamente os mais visados por quaisquer clubes brasileiros. O primeiro e, possivelmente mais almejado, ser\u00e1 decidido neste s\u00e1bado (23 de novembro), em Lima, no Peru, onde o Rubro-Negro desafia o River Plate, atual campe\u00e3o da ta\u00e7a em disputa: a Libertadores da Am\u00e9rica. Em entrevista [&hellip;]\" \/>\n<meta property=\"og:url\" content=\"https:\/\/www.gaveanews.com\/index.php\/2019\/11\/22\/presidente-do-flamengo-rodolfo-landim-fala-sobre-formacao-do-elenco-para-a-proxima-temporada\/\" \/>\n<meta property=\"og:site_name\" content=\"G\u00e1vea News\" \/>\n<meta property=\"article:publisher\" content=\"https:\/\/facebook.com\/gaveaNews\/\" \/>\n<meta property=\"article:published_time\" content=\"2019-11-22T19:44:38+00:00\" \/>\n<meta property=\"article:modified_time\" content=\"2019-11-22T19:44:39+00:00\" \/>\n<meta property=\"og:image\" content=\"https:\/\/www.gaveanews.com\/wp-content\/uploads\/2019\/03\/Rodolfo-Landim-durante-entrevista-coletiva-na-Gavea.webp\" \/>\n\t<meta property=\"og:image:width\" content=\"1\" \/>\n\t<meta property=\"og:image:height\" content=\"1\" \/>\n\t<meta property=\"og:image:type\" content=\"image\/jpeg\" \/>\n<meta name=\"author\" content=\"Equipe G\u00e1vea News\" \/>\n<meta name=\"twitter:card\" content=\"summary_large_image\" \/>\n<meta name=\"twitter:label1\" content=\"Escrito por\" \/>\n\t<meta name=\"twitter:data1\" content=\"Equipe G\u00e1vea News\" \/>\n\t<meta name=\"twitter:label2\" content=\"Est. tempo de leitura\" \/>\n\t<meta name=\"twitter:data2\" content=\"4 minutos\" \/>\n<script type=\"application\/ld+json\" class=\"yoast-schema-graph\">{\"@context\":\"https:\/\/schema.org\",\"@graph\":[{\"@type\":\"NewsArticle\",\"@id\":\"https:\/\/www.gaveanews.com\/index.php\/2019\/11\/22\/presidente-do-flamengo-rodolfo-landim-fala-sobre-formacao-do-elenco-para-a-proxima-temporada\/#article\",\"isPartOf\":{\"@id\":\"https:\/\/www.gaveanews.com\/index.php\/2019\/11\/22\/presidente-do-flamengo-rodolfo-landim-fala-sobre-formacao-do-elenco-para-a-proxima-temporada\/\"},\"author\":{\"name\":\"Equipe G\u00e1vea News\",\"@id\":\"https:\/\/www.gaveanews.com\/#\/schema\/person\/2ec14f73fb96be2caf28f91afb14749d\"},\"headline\":\"Presidente do Flamengo, Rodolfo Landim fala sobre forma\u00e7\u00e3o do elenco para a pr\u00f3xima temporada\",\"datePublished\":\"2019-11-22T19:44:38+00:00\",\"dateModified\":\"2019-11-22T19:44:39+00:00\",\"mainEntityOfPage\":{\"@id\":\"https:\/\/www.gaveanews.com\/index.php\/2019\/11\/22\/presidente-do-flamengo-rodolfo-landim-fala-sobre-formacao-do-elenco-para-a-proxima-temporada\/\"},\"wordCount\":716,\"commentCount\":0,\"image\":{\"@id\":\"https:\/\/www.gaveanews.com\/index.php\/2019\/11\/22\/presidente-do-flamengo-rodolfo-landim-fala-sobre-formacao-do-elenco-para-a-proxima-temporada\/#primaryimage\"},\"thumbnailUrl\":\"https:\/\/www.gaveanews.com\/wp-content\/uploads\/2019\/03\/Rodolfo-Landim-durante-entrevista-coletiva-na-Gavea.webp\",\"articleSection\":[\"Destaques\"],\"inLanguage\":\"pt-BR\",\"potentialAction\":[{\"@type\":\"CommentAction\",\"name\":\"Comment\",\"target\":[\"https:\/\/www.gaveanews.com\/index.php\/2019\/11\/22\/presidente-do-flamengo-rodolfo-landim-fala-sobre-formacao-do-elenco-para-a-proxima-temporada\/#respond\"]}],\"copyrightYear\":\"2019\",\"copyrightHolder\":{\"@id\":\"https:\/\/www.gaveanews.com\/#organization\"}},{\"@type\":\"WebPage\",\"@id\":\"https:\/\/www.gaveanews.com\/index.php\/2019\/11\/22\/presidente-do-flamengo-rodolfo-landim-fala-sobre-formacao-do-elenco-para-a-proxima-temporada\/\",\"url\":\"https:\/\/www.gaveanews.com\/index.php\/2019\/11\/22\/presidente-do-flamengo-rodolfo-landim-fala-sobre-formacao-do-elenco-para-a-proxima-temporada\/\",\"name\":\"Presidente do Flamengo, Rodolfo Landim fala sobre forma\u00e7\u00e3o do elenco para a pr\u00f3xima temporada\",\"isPartOf\":{\"@id\":\"https:\/\/www.gaveanews.com\/#website\"},\"primaryImageOfPage\":{\"@id\":\"https:\/\/www.gaveanews.com\/index.php\/2019\/11\/22\/presidente-do-flamengo-rodolfo-landim-fala-sobre-formacao-do-elenco-para-a-proxima-temporada\/#primaryimage\"},\"image\":{\"@id\":\"https:\/\/www.gaveanews.com\/index.php\/2019\/11\/22\/presidente-do-flamengo-rodolfo-landim-fala-sobre-formacao-do-elenco-para-a-proxima-temporada\/#primaryimage\"},\"thumbnailUrl\":\"https:\/\/www.gaveanews.com\/wp-content\/uploads\/2019\/03\/Rodolfo-Landim-durante-entrevista-coletiva-na-Gavea.webp\",\"datePublished\":\"2019-11-22T19:44:38+00:00\",\"dateModified\":\"2019-11-22T19:44:39+00:00\",\"author\":{\"@id\":\"https:\/\/www.gaveanews.com\/#\/schema\/person\/2ec14f73fb96be2caf28f91afb14749d\"},\"breadcrumb\":{\"@id\":\"https:\/\/www.gaveanews.com\/index.php\/2019\/11\/22\/presidente-do-flamengo-rodolfo-landim-fala-sobre-formacao-do-elenco-para-a-proxima-temporada\/#breadcrumb\"},\"inLanguage\":\"pt-BR\",\"potentialAction\":[{\"@type\":\"ReadAction\",\"target\":[\"https:\/\/www.gaveanews.com\/index.php\/2019\/11\/22\/presidente-do-flamengo-rodolfo-landim-fala-sobre-formacao-do-elenco-para-a-proxima-temporada\/\"]}]},{\"@type\":\"ImageObject\",\"inLanguage\":\"pt-BR\",\"@id\":\"https:\/\/www.gaveanews.com\/index.php\/2019\/11\/22\/presidente-do-flamengo-rodolfo-landim-fala-sobre-formacao-do-elenco-para-a-proxima-temporada\/#primaryimage\",\"url\":\"https:\/\/www.gaveanews.com\/wp-content\/uploads\/2019\/03\/Rodolfo-Landim-durante-entrevista-coletiva-na-Gavea.webp\",\"contentUrl\":\"https:\/\/www.gaveanews.com\/wp-content\/uploads\/2019\/03\/Rodolfo-Landim-durante-entrevista-coletiva-na-Gavea.webp\",\"width\":900,\"height\":599,\"caption\":\"Rodolfo Landim durante entrevista coletiva na G\u00e1vea (Foto: Ag\u00eancia Foto BR)\"},{\"@type\":\"BreadcrumbList\",\"@id\":\"https:\/\/www.gaveanews.com\/index.php\/2019\/11\/22\/presidente-do-flamengo-rodolfo-landim-fala-sobre-formacao-do-elenco-para-a-proxima-temporada\/#breadcrumb\",\"itemListElement\":[{\"@type\":\"ListItem\",\"position\":1,\"name\":\"Home\",\"item\":\"https:\/\/www.gaveanews.com\/\"},{\"@type\":\"ListItem\",\"position\":2,\"name\":\"Presidente do Flamengo, Rodolfo Landim fala sobre forma\u00e7\u00e3o do elenco para a pr\u00f3xima temporada\"}]},{\"@type\":\"WebSite\",\"@id\":\"https:\/\/www.gaveanews.com\/#website\",\"url\":\"https:\/\/www.gaveanews.com\/\",\"name\":\"G\u00e1vea News\",\"description\":\"Veja todas as not\u00edcias sobre o Flamengo: Contrata\u00e7\u00f5es, categorias de base, resultados das partidas, tabela de classifica\u00e7\u00e3o, pr\u00f3ximos jogos!\",\"potentialAction\":[{\"@type\":\"SearchAction\",\"target\":{\"@type\":\"EntryPoint\",\"urlTemplate\":\"https:\/\/www.gaveanews.com\/?s={search_term_string}\"},\"query-input\":{\"@type\":\"PropertyValueSpecification\",\"valueRequired\":true,\"valueName\":\"search_term_string\"}}],\"inLanguage\":\"pt-BR\"},{\"@type\":\"Person\",\"@id\":\"https:\/\/www.gaveanews.com\/#\/schema\/person\/2ec14f73fb96be2caf28f91afb14749d\",\"name\":\"Equipe G\u00e1vea News\",\"image\":{\"@type\":\"ImageObject\",\"inLanguage\":\"pt-BR\",\"@id\":\"https:\/\/www.gaveanews.com\/#\/schema\/person\/image\/\",\"url\":\"https:\/\/secure.gravatar.com\/avatar\/1e1956f1facbffd3f8fa53a326721950116b3b9dc9bd44939c01180fd4a745a9?s=96&d=mm&r=g\",\"contentUrl\":\"https:\/\/secure.gravatar.com\/avatar\/1e1956f1facbffd3f8fa53a326721950116b3b9dc9bd44939c01180fd4a745a9?s=96&d=mm&r=g\",\"caption\":\"Equipe G\u00e1vea News\"}}]}<\/script>\n<!-- \/ Yoast SEO Premium plugin. -->","yoast_head_json":{"title":"Presidente do Flamengo, Rodolfo Landim fala sobre forma\u00e7\u00e3o do elenco para a pr\u00f3xima temporada","robots":{"index":"index","follow":"follow","max-snippet":"max-snippet:-1","max-image-preview":"max-image-preview:large","max-video-preview":"max-video-preview:-1"},"canonical":"https:\/\/www.gaveanews.com\/index.php\/2019\/11\/22\/presidente-do-flamengo-rodolfo-landim-fala-sobre-formacao-do-elenco-para-a-proxima-temporada\/","og_locale":"pt_BR","og_type":"article","og_title":"Presidente do Flamengo, Rodolfo Landim fala sobre forma\u00e7\u00e3o do elenco para a pr\u00f3xima temporada","og_description":"O fim de semana pode dar dois t\u00edtulos ao Flamengo. S\u00e3o exatamente os mais visados por quaisquer clubes brasileiros. O primeiro e, possivelmente mais almejado, ser\u00e1 decidido neste s\u00e1bado (23 de novembro), em Lima, no Peru, onde o Rubro-Negro desafia o River Plate, atual campe\u00e3o da ta\u00e7a em disputa: a Libertadores da Am\u00e9rica. Em entrevista [&hellip;]","og_url":"https:\/\/www.gaveanews.com\/index.php\/2019\/11\/22\/presidente-do-flamengo-rodolfo-landim-fala-sobre-formacao-do-elenco-para-a-proxima-temporada\/","og_site_name":"G\u00e1vea News","article_publisher":"https:\/\/facebook.com\/gaveaNews\/","article_published_time":"2019-11-22T19:44:38+00:00","article_modified_time":"2019-11-22T19:44:39+00:00","og_image":[{"url":"https:\/\/www.gaveanews.com\/wp-content\/uploads\/2019\/03\/Rodolfo-Landim-durante-entrevista-coletiva-na-Gavea.webp","width":1,"height":1,"type":"image\/jpeg"}],"author":"Equipe G\u00e1vea News","twitter_card":"summary_large_image","twitter_misc":{"Escrito por":"Equipe G\u00e1vea News","Est. tempo de leitura":"4 minutos"},"schema":{"@context":"https:\/\/schema.org","@graph":[{"@type":"NewsArticle","@id":"https:\/\/www.gaveanews.com\/index.php\/2019\/11\/22\/presidente-do-flamengo-rodolfo-landim-fala-sobre-formacao-do-elenco-para-a-proxima-temporada\/#article","isPartOf":{"@id":"https:\/\/www.gaveanews.com\/index.php\/2019\/11\/22\/presidente-do-flamengo-rodolfo-landim-fala-sobre-formacao-do-elenco-para-a-proxima-temporada\/"},"author":{"name":"Equipe G\u00e1vea News","@id":"https:\/\/www.gaveanews.com\/#\/schema\/person\/2ec14f73fb96be2caf28f91afb14749d"},"headline":"Presidente do Flamengo, Rodolfo Landim fala sobre forma\u00e7\u00e3o do elenco para a pr\u00f3xima temporada","datePublished":"2019-11-22T19:44:38+00:00","dateModified":"2019-11-22T19:44:39+00:00","mainEntityOfPage":{"@id":"https:\/\/www.gaveanews.com\/index.php\/2019\/11\/22\/presidente-do-flamengo-rodolfo-landim-fala-sobre-formacao-do-elenco-para-a-proxima-temporada\/"},"wordCount":716,"commentCount":0,"image":{"@id":"https:\/\/www.gaveanews.com\/index.php\/2019\/11\/22\/presidente-do-flamengo-rodolfo-landim-fala-sobre-formacao-do-elenco-para-a-proxima-temporada\/#primaryimage"},"thumbnailUrl":"https:\/\/www.gaveanews.com\/wp-content\/uploads\/2019\/03\/Rodolfo-Landim-durante-entrevista-coletiva-na-Gavea.webp","articleSection":["Destaques"],"inLanguage":"pt-BR","potentialAction":[{"@type":"CommentAction","name":"Comment","target":["https:\/\/www.gaveanews.com\/index.php\/2019\/11\/22\/presidente-do-flamengo-rodolfo-landim-fala-sobre-formacao-do-elenco-para-a-proxima-temporada\/#respond"]}],"copyrightYear":"2019","copyrightHolder":{"@id":"https:\/\/www.gaveanews.com\/#organization"}},{"@type":"WebPage","@id":"https:\/\/www.gaveanews.com\/index.php\/2019\/11\/22\/presidente-do-flamengo-rodolfo-landim-fala-sobre-formacao-do-elenco-para-a-proxima-temporada\/","url":"https:\/\/www.gaveanews.com\/index.php\/2019\/11\/22\/presidente-do-flamengo-rodolfo-landim-fala-sobre-formacao-do-elenco-para-a-proxima-temporada\/","name":"Presidente do Flamengo, Rodolfo Landim fala sobre forma\u00e7\u00e3o do elenco para a pr\u00f3xima temporada","isPartOf":{"@id":"https:\/\/www.gaveanews.com\/#website"},"primaryImageOfPage":{"@id":"https:\/\/www.gaveanews.com\/index.php\/2019\/11\/22\/presidente-do-flamengo-rodolfo-landim-fala-sobre-formacao-do-elenco-para-a-proxima-temporada\/#primaryimage"},"image":{"@id":"https:\/\/www.gaveanews.com\/index.php\/2019\/11\/22\/presidente-do-flamengo-rodolfo-landim-fala-sobre-formacao-do-elenco-para-a-proxima-temporada\/#primaryimage"},"thumbnailUrl":"https:\/\/www.gaveanews.com\/wp-content\/uploads\/2019\/03\/Rodolfo-Landim-durante-entrevista-coletiva-na-Gavea.webp","datePublished":"2019-11-22T19:44:38+00:00","dateModified":"2019-11-22T19:44:39+00:00","author":{"@id":"https:\/\/www.gaveanews.com\/#\/schema\/person\/2ec14f73fb96be2caf28f91afb14749d"},"breadcrumb":{"@id":"https:\/\/www.gaveanews.com\/index.php\/2019\/11\/22\/presidente-do-flamengo-rodolfo-landim-fala-sobre-formacao-do-elenco-para-a-proxima-temporada\/#breadcrumb"},"inLanguage":"pt-BR","potentialAction":[{"@type":"ReadAction","target":["https:\/\/www.gaveanews.com\/index.php\/2019\/11\/22\/presidente-do-flamengo-rodolfo-landim-fala-sobre-formacao-do-elenco-para-a-proxima-temporada\/"]}]},{"@type":"ImageObject","inLanguage":"pt-BR","@id":"https:\/\/www.gaveanews.com\/index.php\/2019\/11\/22\/presidente-do-flamengo-rodolfo-landim-fala-sobre-formacao-do-elenco-para-a-proxima-temporada\/#primaryimage","url":"https:\/\/www.gaveanews.com\/wp-content\/uploads\/2019\/03\/Rodolfo-Landim-durante-entrevista-coletiva-na-Gavea.webp","contentUrl":"https:\/\/www.gaveanews.com\/wp-content\/uploads\/2019\/03\/Rodolfo-Landim-durante-entrevista-coletiva-na-Gavea.webp","width":900,"height":599,"caption":"Rodolfo Landim durante entrevista coletiva na G\u00e1vea (Foto: Ag\u00eancia Foto BR)"},{"@type":"BreadcrumbList","@id":"https:\/\/www.gaveanews.com\/index.php\/2019\/11\/22\/presidente-do-flamengo-rodolfo-landim-fala-sobre-formacao-do-elenco-para-a-proxima-temporada\/#breadcrumb","itemListElement":[{"@type":"ListItem","position":1,"name":"Home","item":"https:\/\/www.gaveanews.com\/"},{"@type":"ListItem","position":2,"name":"Presidente do Flamengo, Rodolfo Landim fala sobre forma\u00e7\u00e3o do elenco para a pr\u00f3xima temporada"}]},{"@type":"WebSite","@id":"https:\/\/www.gaveanews.com\/#website","url":"https:\/\/www.gaveanews.com\/","name":"G\u00e1vea News","description":"Veja todas as not\u00edcias sobre o Flamengo: Contrata\u00e7\u00f5es, categorias de base, resultados das partidas, tabela de classifica\u00e7\u00e3o, pr\u00f3ximos jogos!","potentialAction":[{"@type":"SearchAction","target":{"@type":"EntryPoint","urlTemplate":"https:\/\/www.gaveanews.com\/?s={search_term_string}"},"query-input":{"@type":"PropertyValueSpecification","valueRequired":true,"valueName":"search_term_string"}}],"inLanguage":"pt-BR"},{"@type":"Person","@id":"https:\/\/www.gaveanews.com\/#\/schema\/person\/2ec14f73fb96be2caf28f91afb14749d","name":"Equipe G\u00e1vea News","image":{"@type":"ImageObject","inLanguage":"pt-BR","@id":"https:\/\/www.gaveanews.com\/#\/schema\/person\/image\/","url":"https:\/\/secure.gravatar.com\/avatar\/1e1956f1facbffd3f8fa53a326721950116b3b9dc9bd44939c01180fd4a745a9?s=96&d=mm&r=g","contentUrl":"https:\/\/secure.gravatar.com\/avatar\/1e1956f1facbffd3f8fa53a326721950116b3b9dc9bd44939c01180fd4a745a9?s=96&d=mm&r=g","caption":"Equipe G\u00e1vea News"}}]}},"_links":{"self":[{"href":"https:\/\/www.gaveanews.com\/index.php\/wp-json\/wp\/v2\/posts\/32282","targetHints":{"allow":["GET"]}}],"collection":[{"href":"https:\/\/www.gaveanews.com\/index.php\/wp-json\/wp\/v2\/posts"}],"about":[{"href":"https:\/\/www.gaveanews.com\/index.php\/wp-json\/wp\/v2\/types\/post"}],"author":[{"embeddable":true,"href":"https:\/\/www.gaveanews.com\/index.php\/wp-json\/wp\/v2\/users\/1"}],"replies":[{"embeddable":true,"href":"https:\/\/www.gaveanews.com\/index.php\/wp-json\/wp\/v2\/comments?post=32282"}],"version-history":[{"count":0,"href":"https:\/\/www.gaveanews.com\/index.php\/wp-json\/wp\/v2\/posts\/32282\/revisions"}],"wp:featuredmedia":[{"embeddable":true,"href":"https:\/\/www.gaveanews.com\/index.php\/wp-json\/wp\/v2\/media\/15077"}],"wp:attachment":[{"href":"https:\/\/www.gaveanews.com\/index.php\/wp-json\/wp\/v2\/media?parent=32282"}],"wp:term":[{"taxonomy":"category","embeddable":true,"href":"https:\/\/www.gaveanews.com\/index.php\/wp-json\/wp\/v2\/categories?post=32282"},{"taxonomy":"post_tag","embeddable":true,"href":"https:\/\/www.gaveanews.com\/index.php\/wp-json\/wp\/v2\/tags?post=32282"}],"curies":[{"name":"wp","href":"https:\/\/api.w.org\/{rel}","templated":true}]}}