{"id":32288,"date":"2019-11-22T19:17:21","date_gmt":"2019-11-22T22:17:21","guid":{"rendered":"http:\/\/www.gaveanews.com\/?p=32288"},"modified":"2019-11-22T19:17:25","modified_gmt":"2019-11-22T22:17:25","slug":"ex-tecnico-do-flamengo-tem-cancer-diagnosticado-flamenguistas-publicam-mensagem-de-solidariedade","status":"publish","type":"post","link":"https:\/\/www.gaveanews.com\/index.php\/2019\/11\/22\/ex-tecnico-do-flamengo-tem-cancer-diagnosticado-flamenguistas-publicam-mensagem-de-solidariedade\/","title":{"rendered":"Ex-t\u00e9cnico do Flamengo tem c\u00e2ncer diagnosticado; flamenguistas publicam mensagem de solidariedade"},"content":{"rendered":"\n<p>O t\u00e9cnico Vanderlei Luxemburgo, teve c\u00e2ncer de pele diagnosticado nesta semana. O treinador havia retirado tr\u00eas pintas no nariz para realiza\u00e7\u00e3o de bi\u00f3psia, que identificou um deles como maligno.<\/p>\n\n\n\n<p>Agora, Luxemburgo ter\u00e1 de realizar um procedimento cir\u00fargico de raspagem para retirar o restante e eliminar o que est\u00e1 na parte interna do nariz. O procedimento \u00e9 considerado simples, mas o t\u00e9cnico pode perder treinamentos do Vasco.<\/p>\n\n\n\n<p>Ele ainda n\u00e3o definiu se vai realizar a raspagem antes do t\u00e9rmino do Campeonato Brasileiro ou se vai esperar. O m\u00e9dico respons\u00e1vel pelo diagn\u00f3stico recomendou que o procedimento seja realizado em at\u00e9 tr\u00eas meses.<\/p>\n\n\n\n<h3 class=\"wp-block-heading\">Mensagens da torcida do Flamengo:<\/h3>\n\n\n\n<p>Atualmente, Luxemburgo \u00e9 treinador do Vasco, todavia, ele j\u00e1 treinou o Flamengo e sempre deixou claro que \u00e9 torcedor do rubro-negro. Nas redes sociais, inclusive diversos torcedores publicaram mensagens de solidariedade. <strong>Veja abaixo a repercuss\u00e3o:<\/strong><\/p>\n\n\n\n<figure class=\"wp-block-embed-twitter wp-block-embed is-type-rich is-provider-twitter\"><div class=\"wp-block-embed__wrapper\">\n<blockquote class=\"twitter-tweet\" data-width=\"550\" data-dnt=\"true\"><p lang=\"pt\" dir=\"ltr\">O rubro-negro Vanderlei Luxemburgo, treinador do Vasco, foi diagnosticado com c\u00e2ncer de pele. Desejamos uma boa recupera\u00e7\u00e3o e que d\u00ea tudo certo para continuar exercendo o \u00f3timo trabalho que faz. <a href=\"https:\/\/twitter.com\/hashtag\/For%C3%A7aLuxa?src=hash&amp;ref_src=twsrc%5Etfw\">#For\u00e7aLuxa<\/a> <a href=\"https:\/\/t.co\/F36eVTfPFF\">pic.twitter.com\/F36eVTfPFF<\/a><\/p>&mdash; TRI DA AM\u00c9RICA \ud83c\udfc6\ud83c\udfc6\ud83c\udfc6\ud83d\udda4\u2764\ufe0f (@ClubeRegatasFl2) <a href=\"https:\/\/twitter.com\/ClubeRegatasFl2\/status\/1197997436377161730?ref_src=twsrc%5Etfw\">November 22, 2019<\/a><\/blockquote><script async src=\"https:\/\/platform.twitter.com\/widgets.js\" charset=\"utf-8\"><\/script>\n<\/div><\/figure>\n\n\n\n<figure class=\"wp-block-embed-twitter wp-block-embed is-type-rich is-provider-twitter\"><div class=\"wp-block-embed__wrapper\">\n<blockquote class=\"twitter-tweet\" data-width=\"550\" data-dnt=\"true\"><p lang=\"pt\" dir=\"ltr\">Estamos com voc\u00ea Pofexo <br>Tem muitas gl\u00f3rias pela frente <br>Vai ser mais uma vit\u00f3ria pra sua carreira <br> <a href=\"https:\/\/twitter.com\/hashtag\/For%C3%A7aLuxa?src=hash&amp;ref_src=twsrc%5Etfw\">#For\u00e7aLuxa<\/a> <a href=\"https:\/\/t.co\/JGgZ58A6Qs\">pic.twitter.com\/JGgZ58A6Qs<\/a><\/p>&mdash; Running Back (@Renbalc13) <a href=\"https:\/\/twitter.com\/Renbalc13\/status\/1198000127937519616?ref_src=twsrc%5Etfw\">November 22, 2019<\/a><\/blockquote><script async src=\"https:\/\/platform.twitter.com\/widgets.js\" charset=\"utf-8\"><\/script>\n<\/div><\/figure>\n\n\n\n<figure class=\"wp-block-embed-twitter wp-block-embed is-type-rich is-provider-twitter\"><div class=\"wp-block-embed__wrapper\">\n<blockquote class=\"twitter-tweet\" data-width=\"550\" data-dnt=\"true\"><p lang=\"pt\" dir=\"ltr\">Rivais sim, inimigos jamais. For\u00e7as, Vanderlei Luxemburgo. <a href=\"https:\/\/twitter.com\/hashtag\/ForcaLuxa?src=hash&amp;ref_src=twsrc%5Etfw\">#ForcaLuxa<\/a> <a href=\"https:\/\/t.co\/inMUWvuVbg\">pic.twitter.com\/inMUWvuVbg<\/a><\/p>&mdash; garuel (@gvictorrr) <a href=\"https:\/\/twitter.com\/gvictorrr\/status\/1197999710356811777?ref_src=twsrc%5Etfw\">November 22, 2019<\/a><\/blockquote><script async src=\"https:\/\/platform.twitter.com\/widgets.js\" charset=\"utf-8\"><\/script>\n<\/div><\/figure>\n\n\n\n<figure class=\"wp-block-embed-twitter wp-block-embed is-type-rich is-provider-twitter\"><div class=\"wp-block-embed__wrapper\">\nhttps:\/\/twitter.com\/flamenguismocrf\/status\/1197991171336880136\n<\/div><\/figure>\n\n\n\n<figure class=\"wp-block-embed-twitter wp-block-embed is-type-rich is-provider-twitter\"><div class=\"wp-block-embed__wrapper\">\n<blockquote class=\"twitter-tweet\" data-width=\"550\" data-dnt=\"true\"><p lang=\"pt\" dir=\"ltr\"><a href=\"https:\/\/twitter.com\/hashtag\/For%C3%A7aLuxa?src=hash&amp;ref_src=twsrc%5Etfw\">#For\u00e7aLuxa<\/a> estamos com vc \ud83d\udcaa\ud83c\udffb <a href=\"https:\/\/t.co\/gIrqvBglKH\">https:\/\/t.co\/gIrqvBglKH<\/a><\/p>&mdash; Dg \uf8ff \u1d9c\u1d3f\u1da0 (@eucrf87) <a href=\"https:\/\/twitter.com\/eucrf87\/status\/1197991616625160194?ref_src=twsrc%5Etfw\">November 22, 2019<\/a><\/blockquote><script async src=\"https:\/\/platform.twitter.com\/widgets.js\" charset=\"utf-8\"><\/script>\n<\/div><\/figure>\n\n\n\n<figure class=\"wp-block-embed-twitter wp-block-embed is-type-rich is-provider-twitter\"><div class=\"wp-block-embed__wrapper\">\nhttps:\/\/twitter.com\/Nishimura_Gui\/status\/1197997365334020096\n<\/div><\/figure>\n\n\n\n<figure class=\"wp-block-embed-twitter wp-block-embed is-type-rich is-provider-twitter\"><div class=\"wp-block-embed__wrapper\">\n<blockquote class=\"twitter-tweet\" data-width=\"550\" data-dnt=\"true\"><p lang=\"pt\" dir=\"ltr\">O &quot;Profex\u00f4&quot; Vanderlei Luxemburgo, treinador do Vasco, foi diagnosticado com c\u00e2ncer de pele. Desejamos uma boa recupera\u00e7\u00e3o e que d\u00ea tudo certo para um dos mais vitoriosos profissionais do futebol brasileiro. <a href=\"https:\/\/twitter.com\/hashtag\/ForcaLuxa?src=hash&amp;ref_src=twsrc%5Etfw\">#ForcaLuxa<\/a> <a href=\"https:\/\/t.co\/0FPf6b1hA5\">pic.twitter.com\/0FPf6b1hA5<\/a><\/p>&mdash; Reinaldo Cruz \ud83c\udf35 Mundo Juliette dos Cactos (@Reinaldo_Cruz) <a href=\"https:\/\/twitter.com\/Reinaldo_Cruz\/status\/1197999492936716289?ref_src=twsrc%5Etfw\">November 22, 2019<\/a><\/blockquote><script async src=\"https:\/\/platform.twitter.com\/widgets.js\" charset=\"utf-8\"><\/script>\n<\/div><\/figure>\n\n\n\n<figure class=\"wp-block-embed-twitter wp-block-embed is-type-rich is-provider-twitter\"><div class=\"wp-block-embed__wrapper\">\nhttps:\/\/twitter.com\/dudurianzito\/status\/1197990913118744581\n<\/div><\/figure>\n\n\n\n<figure class=\"wp-block-embed-twitter wp-block-embed is-type-rich is-provider-twitter\"><div class=\"wp-block-embed__wrapper\">\nhttps:\/\/twitter.com\/lucasdabandana\/status\/1197992986321260544\n<\/div><\/figure>\n\n\n\n<figure class=\"wp-block-embed-twitter wp-block-embed is-type-rich is-provider-twitter\"><div class=\"wp-block-embed__wrapper\">\n<blockquote class=\"twitter-tweet\" data-width=\"550\" data-dnt=\"true\"><p lang=\"pt\" dir=\"ltr\">Vai dar tudo certo, fique  bom logo. <a href=\"https:\/\/twitter.com\/hashtag\/For%C3%A7aLuxa?src=hash&amp;ref_src=twsrc%5Etfw\">#For\u00e7aLuxa<\/a><\/p>&mdash; Rodrigo\u1d9c\u02b3\u1da0 (@rodrigo7crf) <a href=\"https:\/\/twitter.com\/rodrigo7crf\/status\/1197994019592249345?ref_src=twsrc%5Etfw\">November 22, 2019<\/a><\/blockquote><script async src=\"https:\/\/platform.twitter.com\/widgets.js\" charset=\"utf-8\"><\/script>\n<\/div><\/figure>\n\n\n\n<figure class=\"wp-block-embed-twitter wp-block-embed is-type-rich is-provider-twitter\"><div class=\"wp-block-embed__wrapper\">\nhttps:\/\/twitter.com\/zaminnl\/status\/1197993849869799424\n<\/div><\/figure>\n\n\n\n<p>Adaptado de: Globo Esporte<\/p>\n","protected":false},"excerpt":{"rendered":"<p>O t\u00e9cnico Vanderlei Luxemburgo, teve c\u00e2ncer de pele diagnosticado nesta semana. O treinador havia retirado tr\u00eas pintas no nariz para realiza\u00e7\u00e3o de bi\u00f3psia, que identificou um deles como maligno. Agora, Luxemburgo ter\u00e1 de realizar um procedimento cir\u00fargico de raspagem para retirar o restante e eliminar o que est\u00e1 na parte interna do nariz. O procedimento [&hellip;]<\/p>\n","protected":false},"author":1,"featured_media":25057,"comment_status":"open","ping_status":"open","sticky":false,"template":"","format":"standard","meta":{"footnotes":""},"categories":[1],"tags":[],"class_list":["post-32288","post","type-post","status-publish","format-standard","has-post-thumbnail","hentry","category-flamengo"],"yoast_head":"<!-- This site is optimized with the Yoast SEO Premium plugin v24.2 (Yoast SEO v26.9) - https:\/\/yoast.com\/product\/yoast-seo-premium-wordpress\/ -->\n<title>Ex-t\u00e9cnico do Flamengo tem c\u00e2ncer diagnosticado; flamenguistas publicam mensagem de solidariedade<\/title>\n<meta name=\"robots\" content=\"index, follow, max-snippet:-1, max-image-preview:large, max-video-preview:-1\" \/>\n<link rel=\"canonical\" href=\"https:\/\/www.gaveanews.com\/index.php\/2019\/11\/22\/ex-tecnico-do-flamengo-tem-cancer-diagnosticado-flamenguistas-publicam-mensagem-de-solidariedade\/\" \/>\n<meta property=\"og:locale\" content=\"pt_BR\" \/>\n<meta property=\"og:type\" content=\"article\" \/>\n<meta property=\"og:title\" content=\"Ex-t\u00e9cnico do Flamengo tem c\u00e2ncer diagnosticado; flamenguistas publicam mensagem de solidariedade\" \/>\n<meta property=\"og:description\" content=\"O t\u00e9cnico Vanderlei Luxemburgo, teve c\u00e2ncer de pele diagnosticado nesta semana. O treinador havia retirado tr\u00eas pintas no nariz para realiza\u00e7\u00e3o de bi\u00f3psia, que identificou um deles como maligno. Agora, Luxemburgo ter\u00e1 de realizar um procedimento cir\u00fargico de raspagem para retirar o restante e eliminar o que est\u00e1 na parte interna do nariz. O procedimento [&hellip;]\" \/>\n<meta property=\"og:url\" content=\"https:\/\/www.gaveanews.com\/index.php\/2019\/11\/22\/ex-tecnico-do-flamengo-tem-cancer-diagnosticado-flamenguistas-publicam-mensagem-de-solidariedade\/\" \/>\n<meta property=\"og:site_name\" content=\"G\u00e1vea News\" \/>\n<meta property=\"article:publisher\" content=\"https:\/\/facebook.com\/gaveaNews\/\" \/>\n<meta property=\"article:published_time\" content=\"2019-11-22T22:17:21+00:00\" \/>\n<meta property=\"article:modified_time\" content=\"2019-11-22T22:17:25+00:00\" \/>\n<meta property=\"og:image\" content=\"https:\/\/www.gaveanews.com\/wp-content\/uploads\/2019\/08\/Vanderlei-Luxemburgo-durante-treinamento-do-Flamengo.webp\" \/>\n\t<meta property=\"og:image:width\" content=\"1086\" \/>\n\t<meta property=\"og:image:height\" content=\"652\" \/>\n\t<meta property=\"og:image:type\" content=\"image\/jpeg\" \/>\n<meta name=\"author\" content=\"Equipe G\u00e1vea News\" \/>\n<meta name=\"twitter:card\" content=\"summary_large_image\" \/>\n<meta name=\"twitter:label1\" content=\"Escrito por\" \/>\n\t<meta name=\"twitter:data1\" content=\"Equipe G\u00e1vea News\" \/>\n\t<meta name=\"twitter:label2\" content=\"Est. tempo de leitura\" \/>\n\t<meta name=\"twitter:data2\" content=\"1 minuto\" \/>\n<script type=\"application\/ld+json\" class=\"yoast-schema-graph\">{\"@context\":\"https:\/\/schema.org\",\"@graph\":[{\"@type\":\"NewsArticle\",\"@id\":\"https:\/\/www.gaveanews.com\/index.php\/2019\/11\/22\/ex-tecnico-do-flamengo-tem-cancer-diagnosticado-flamenguistas-publicam-mensagem-de-solidariedade\/#article\",\"isPartOf\":{\"@id\":\"https:\/\/www.gaveanews.com\/index.php\/2019\/11\/22\/ex-tecnico-do-flamengo-tem-cancer-diagnosticado-flamenguistas-publicam-mensagem-de-solidariedade\/\"},\"author\":{\"name\":\"Equipe G\u00e1vea News\",\"@id\":\"https:\/\/www.gaveanews.com\/#\/schema\/person\/2ec14f73fb96be2caf28f91afb14749d\"},\"headline\":\"Ex-t\u00e9cnico do Flamengo tem c\u00e2ncer diagnosticado; flamenguistas publicam mensagem de solidariedade\",\"datePublished\":\"2019-11-22T22:17:21+00:00\",\"dateModified\":\"2019-11-22T22:17:25+00:00\",\"mainEntityOfPage\":{\"@id\":\"https:\/\/www.gaveanews.com\/index.php\/2019\/11\/22\/ex-tecnico-do-flamengo-tem-cancer-diagnosticado-flamenguistas-publicam-mensagem-de-solidariedade\/\"},\"wordCount\":226,\"commentCount\":0,\"image\":{\"@id\":\"https:\/\/www.gaveanews.com\/index.php\/2019\/11\/22\/ex-tecnico-do-flamengo-tem-cancer-diagnosticado-flamenguistas-publicam-mensagem-de-solidariedade\/#primaryimage\"},\"thumbnailUrl\":\"https:\/\/www.gaveanews.com\/wp-content\/uploads\/2019\/08\/Vanderlei-Luxemburgo-durante-treinamento-do-Flamengo.webp\",\"articleSection\":[\"Flamengo\"],\"inLanguage\":\"pt-BR\",\"potentialAction\":[{\"@type\":\"CommentAction\",\"name\":\"Comment\",\"target\":[\"https:\/\/www.gaveanews.com\/index.php\/2019\/11\/22\/ex-tecnico-do-flamengo-tem-cancer-diagnosticado-flamenguistas-publicam-mensagem-de-solidariedade\/#respond\"]}],\"copyrightYear\":\"2019\",\"copyrightHolder\":{\"@id\":\"https:\/\/www.gaveanews.com\/#organization\"}},{\"@type\":\"WebPage\",\"@id\":\"https:\/\/www.gaveanews.com\/index.php\/2019\/11\/22\/ex-tecnico-do-flamengo-tem-cancer-diagnosticado-flamenguistas-publicam-mensagem-de-solidariedade\/\",\"url\":\"https:\/\/www.gaveanews.com\/index.php\/2019\/11\/22\/ex-tecnico-do-flamengo-tem-cancer-diagnosticado-flamenguistas-publicam-mensagem-de-solidariedade\/\",\"name\":\"Ex-t\u00e9cnico do Flamengo tem c\u00e2ncer diagnosticado; flamenguistas publicam mensagem de solidariedade\",\"isPartOf\":{\"@id\":\"https:\/\/www.gaveanews.com\/#website\"},\"primaryImageOfPage\":{\"@id\":\"https:\/\/www.gaveanews.com\/index.php\/2019\/11\/22\/ex-tecnico-do-flamengo-tem-cancer-diagnosticado-flamenguistas-publicam-mensagem-de-solidariedade\/#primaryimage\"},\"image\":{\"@id\":\"https:\/\/www.gaveanews.com\/index.php\/2019\/11\/22\/ex-tecnico-do-flamengo-tem-cancer-diagnosticado-flamenguistas-publicam-mensagem-de-solidariedade\/#primaryimage\"},\"thumbnailUrl\":\"https:\/\/www.gaveanews.com\/wp-content\/uploads\/2019\/08\/Vanderlei-Luxemburgo-durante-treinamento-do-Flamengo.webp\",\"datePublished\":\"2019-11-22T22:17:21+00:00\",\"dateModified\":\"2019-11-22T22:17:25+00:00\",\"author\":{\"@id\":\"https:\/\/www.gaveanews.com\/#\/schema\/person\/2ec14f73fb96be2caf28f91afb14749d\"},\"breadcrumb\":{\"@id\":\"https:\/\/www.gaveanews.com\/index.php\/2019\/11\/22\/ex-tecnico-do-flamengo-tem-cancer-diagnosticado-flamenguistas-publicam-mensagem-de-solidariedade\/#breadcrumb\"},\"inLanguage\":\"pt-BR\",\"potentialAction\":[{\"@type\":\"ReadAction\",\"target\":[\"https:\/\/www.gaveanews.com\/index.php\/2019\/11\/22\/ex-tecnico-do-flamengo-tem-cancer-diagnosticado-flamenguistas-publicam-mensagem-de-solidariedade\/\"]}]},{\"@type\":\"ImageObject\",\"inLanguage\":\"pt-BR\",\"@id\":\"https:\/\/www.gaveanews.com\/index.php\/2019\/11\/22\/ex-tecnico-do-flamengo-tem-cancer-diagnosticado-flamenguistas-publicam-mensagem-de-solidariedade\/#primaryimage\",\"url\":\"https:\/\/www.gaveanews.com\/wp-content\/uploads\/2019\/08\/Vanderlei-Luxemburgo-durante-treinamento-do-Flamengo.webp\",\"contentUrl\":\"https:\/\/www.gaveanews.com\/wp-content\/uploads\/2019\/08\/Vanderlei-Luxemburgo-durante-treinamento-do-Flamengo.webp\",\"width\":1086,\"height\":652,\"caption\":\"Vanderlei Luxemburgo durante treinamento do Flamengo (Foto: Gilvan de Souza\/Flamengo)\"},{\"@type\":\"BreadcrumbList\",\"@id\":\"https:\/\/www.gaveanews.com\/index.php\/2019\/11\/22\/ex-tecnico-do-flamengo-tem-cancer-diagnosticado-flamenguistas-publicam-mensagem-de-solidariedade\/#breadcrumb\",\"itemListElement\":[{\"@type\":\"ListItem\",\"position\":1,\"name\":\"Home\",\"item\":\"https:\/\/www.gaveanews.com\/\"},{\"@type\":\"ListItem\",\"position\":2,\"name\":\"Ex-t\u00e9cnico do Flamengo tem c\u00e2ncer diagnosticado; flamenguistas publicam mensagem de solidariedade\"}]},{\"@type\":\"WebSite\",\"@id\":\"https:\/\/www.gaveanews.com\/#website\",\"url\":\"https:\/\/www.gaveanews.com\/\",\"name\":\"G\u00e1vea News\",\"description\":\"Veja todas as not\u00edcias sobre o Flamengo: Contrata\u00e7\u00f5es, categorias de base, resultados das partidas, tabela de classifica\u00e7\u00e3o, pr\u00f3ximos jogos!\",\"potentialAction\":[{\"@type\":\"SearchAction\",\"target\":{\"@type\":\"EntryPoint\",\"urlTemplate\":\"https:\/\/www.gaveanews.com\/?s={search_term_string}\"},\"query-input\":{\"@type\":\"PropertyValueSpecification\",\"valueRequired\":true,\"valueName\":\"search_term_string\"}}],\"inLanguage\":\"pt-BR\"},{\"@type\":\"Person\",\"@id\":\"https:\/\/www.gaveanews.com\/#\/schema\/person\/2ec14f73fb96be2caf28f91afb14749d\",\"name\":\"Equipe G\u00e1vea News\",\"image\":{\"@type\":\"ImageObject\",\"inLanguage\":\"pt-BR\",\"@id\":\"https:\/\/www.gaveanews.com\/#\/schema\/person\/image\/\",\"url\":\"https:\/\/secure.gravatar.com\/avatar\/1e1956f1facbffd3f8fa53a326721950116b3b9dc9bd44939c01180fd4a745a9?s=96&d=mm&r=g\",\"contentUrl\":\"https:\/\/secure.gravatar.com\/avatar\/1e1956f1facbffd3f8fa53a326721950116b3b9dc9bd44939c01180fd4a745a9?s=96&d=mm&r=g\",\"caption\":\"Equipe G\u00e1vea News\"}}]}<\/script>\n<!-- \/ Yoast SEO Premium plugin. -->","yoast_head_json":{"title":"Ex-t\u00e9cnico do Flamengo tem c\u00e2ncer diagnosticado; flamenguistas publicam mensagem de solidariedade","robots":{"index":"index","follow":"follow","max-snippet":"max-snippet:-1","max-image-preview":"max-image-preview:large","max-video-preview":"max-video-preview:-1"},"canonical":"https:\/\/www.gaveanews.com\/index.php\/2019\/11\/22\/ex-tecnico-do-flamengo-tem-cancer-diagnosticado-flamenguistas-publicam-mensagem-de-solidariedade\/","og_locale":"pt_BR","og_type":"article","og_title":"Ex-t\u00e9cnico do Flamengo tem c\u00e2ncer diagnosticado; flamenguistas publicam mensagem de solidariedade","og_description":"O t\u00e9cnico Vanderlei Luxemburgo, teve c\u00e2ncer de pele diagnosticado nesta semana. O treinador havia retirado tr\u00eas pintas no nariz para realiza\u00e7\u00e3o de bi\u00f3psia, que identificou um deles como maligno. Agora, Luxemburgo ter\u00e1 de realizar um procedimento cir\u00fargico de raspagem para retirar o restante e eliminar o que est\u00e1 na parte interna do nariz. O procedimento [&hellip;]","og_url":"https:\/\/www.gaveanews.com\/index.php\/2019\/11\/22\/ex-tecnico-do-flamengo-tem-cancer-diagnosticado-flamenguistas-publicam-mensagem-de-solidariedade\/","og_site_name":"G\u00e1vea News","article_publisher":"https:\/\/facebook.com\/gaveaNews\/","article_published_time":"2019-11-22T22:17:21+00:00","article_modified_time":"2019-11-22T22:17:25+00:00","og_image":[{"width":1086,"height":652,"url":"https:\/\/www.gaveanews.com\/wp-content\/uploads\/2019\/08\/Vanderlei-Luxemburgo-durante-treinamento-do-Flamengo.webp","type":"image\/jpeg"}],"author":"Equipe G\u00e1vea News","twitter_card":"summary_large_image","twitter_misc":{"Escrito por":"Equipe G\u00e1vea News","Est. tempo de leitura":"1 minuto"},"schema":{"@context":"https:\/\/schema.org","@graph":[{"@type":"NewsArticle","@id":"https:\/\/www.gaveanews.com\/index.php\/2019\/11\/22\/ex-tecnico-do-flamengo-tem-cancer-diagnosticado-flamenguistas-publicam-mensagem-de-solidariedade\/#article","isPartOf":{"@id":"https:\/\/www.gaveanews.com\/index.php\/2019\/11\/22\/ex-tecnico-do-flamengo-tem-cancer-diagnosticado-flamenguistas-publicam-mensagem-de-solidariedade\/"},"author":{"name":"Equipe G\u00e1vea News","@id":"https:\/\/www.gaveanews.com\/#\/schema\/person\/2ec14f73fb96be2caf28f91afb14749d"},"headline":"Ex-t\u00e9cnico do Flamengo tem c\u00e2ncer diagnosticado; flamenguistas publicam mensagem de solidariedade","datePublished":"2019-11-22T22:17:21+00:00","dateModified":"2019-11-22T22:17:25+00:00","mainEntityOfPage":{"@id":"https:\/\/www.gaveanews.com\/index.php\/2019\/11\/22\/ex-tecnico-do-flamengo-tem-cancer-diagnosticado-flamenguistas-publicam-mensagem-de-solidariedade\/"},"wordCount":226,"commentCount":0,"image":{"@id":"https:\/\/www.gaveanews.com\/index.php\/2019\/11\/22\/ex-tecnico-do-flamengo-tem-cancer-diagnosticado-flamenguistas-publicam-mensagem-de-solidariedade\/#primaryimage"},"thumbnailUrl":"https:\/\/www.gaveanews.com\/wp-content\/uploads\/2019\/08\/Vanderlei-Luxemburgo-durante-treinamento-do-Flamengo.webp","articleSection":["Flamengo"],"inLanguage":"pt-BR","potentialAction":[{"@type":"CommentAction","name":"Comment","target":["https:\/\/www.gaveanews.com\/index.php\/2019\/11\/22\/ex-tecnico-do-flamengo-tem-cancer-diagnosticado-flamenguistas-publicam-mensagem-de-solidariedade\/#respond"]}],"copyrightYear":"2019","copyrightHolder":{"@id":"https:\/\/www.gaveanews.com\/#organization"}},{"@type":"WebPage","@id":"https:\/\/www.gaveanews.com\/index.php\/2019\/11\/22\/ex-tecnico-do-flamengo-tem-cancer-diagnosticado-flamenguistas-publicam-mensagem-de-solidariedade\/","url":"https:\/\/www.gaveanews.com\/index.php\/2019\/11\/22\/ex-tecnico-do-flamengo-tem-cancer-diagnosticado-flamenguistas-publicam-mensagem-de-solidariedade\/","name":"Ex-t\u00e9cnico do Flamengo tem c\u00e2ncer diagnosticado; flamenguistas publicam mensagem de solidariedade","isPartOf":{"@id":"https:\/\/www.gaveanews.com\/#website"},"primaryImageOfPage":{"@id":"https:\/\/www.gaveanews.com\/index.php\/2019\/11\/22\/ex-tecnico-do-flamengo-tem-cancer-diagnosticado-flamenguistas-publicam-mensagem-de-solidariedade\/#primaryimage"},"image":{"@id":"https:\/\/www.gaveanews.com\/index.php\/2019\/11\/22\/ex-tecnico-do-flamengo-tem-cancer-diagnosticado-flamenguistas-publicam-mensagem-de-solidariedade\/#primaryimage"},"thumbnailUrl":"https:\/\/www.gaveanews.com\/wp-content\/uploads\/2019\/08\/Vanderlei-Luxemburgo-durante-treinamento-do-Flamengo.webp","datePublished":"2019-11-22T22:17:21+00:00","dateModified":"2019-11-22T22:17:25+00:00","author":{"@id":"https:\/\/www.gaveanews.com\/#\/schema\/person\/2ec14f73fb96be2caf28f91afb14749d"},"breadcrumb":{"@id":"https:\/\/www.gaveanews.com\/index.php\/2019\/11\/22\/ex-tecnico-do-flamengo-tem-cancer-diagnosticado-flamenguistas-publicam-mensagem-de-solidariedade\/#breadcrumb"},"inLanguage":"pt-BR","potentialAction":[{"@type":"ReadAction","target":["https:\/\/www.gaveanews.com\/index.php\/2019\/11\/22\/ex-tecnico-do-flamengo-tem-cancer-diagnosticado-flamenguistas-publicam-mensagem-de-solidariedade\/"]}]},{"@type":"ImageObject","inLanguage":"pt-BR","@id":"https:\/\/www.gaveanews.com\/index.php\/2019\/11\/22\/ex-tecnico-do-flamengo-tem-cancer-diagnosticado-flamenguistas-publicam-mensagem-de-solidariedade\/#primaryimage","url":"https:\/\/www.gaveanews.com\/wp-content\/uploads\/2019\/08\/Vanderlei-Luxemburgo-durante-treinamento-do-Flamengo.webp","contentUrl":"https:\/\/www.gaveanews.com\/wp-content\/uploads\/2019\/08\/Vanderlei-Luxemburgo-durante-treinamento-do-Flamengo.webp","width":1086,"height":652,"caption":"Vanderlei Luxemburgo durante treinamento do Flamengo (Foto: Gilvan de Souza\/Flamengo)"},{"@type":"BreadcrumbList","@id":"https:\/\/www.gaveanews.com\/index.php\/2019\/11\/22\/ex-tecnico-do-flamengo-tem-cancer-diagnosticado-flamenguistas-publicam-mensagem-de-solidariedade\/#breadcrumb","itemListElement":[{"@type":"ListItem","position":1,"name":"Home","item":"https:\/\/www.gaveanews.com\/"},{"@type":"ListItem","position":2,"name":"Ex-t\u00e9cnico do Flamengo tem c\u00e2ncer diagnosticado; flamenguistas publicam mensagem de solidariedade"}]},{"@type":"WebSite","@id":"https:\/\/www.gaveanews.com\/#website","url":"https:\/\/www.gaveanews.com\/","name":"G\u00e1vea News","description":"Veja todas as not\u00edcias sobre o Flamengo: Contrata\u00e7\u00f5es, categorias de base, resultados das partidas, tabela de classifica\u00e7\u00e3o, pr\u00f3ximos jogos!","potentialAction":[{"@type":"SearchAction","target":{"@type":"EntryPoint","urlTemplate":"https:\/\/www.gaveanews.com\/?s={search_term_string}"},"query-input":{"@type":"PropertyValueSpecification","valueRequired":true,"valueName":"search_term_string"}}],"inLanguage":"pt-BR"},{"@type":"Person","@id":"https:\/\/www.gaveanews.com\/#\/schema\/person\/2ec14f73fb96be2caf28f91afb14749d","name":"Equipe G\u00e1vea News","image":{"@type":"ImageObject","inLanguage":"pt-BR","@id":"https:\/\/www.gaveanews.com\/#\/schema\/person\/image\/","url":"https:\/\/secure.gravatar.com\/avatar\/1e1956f1facbffd3f8fa53a326721950116b3b9dc9bd44939c01180fd4a745a9?s=96&d=mm&r=g","contentUrl":"https:\/\/secure.gravatar.com\/avatar\/1e1956f1facbffd3f8fa53a326721950116b3b9dc9bd44939c01180fd4a745a9?s=96&d=mm&r=g","caption":"Equipe G\u00e1vea News"}}]}},"_links":{"self":[{"href":"https:\/\/www.gaveanews.com\/index.php\/wp-json\/wp\/v2\/posts\/32288","targetHints":{"allow":["GET"]}}],"collection":[{"href":"https:\/\/www.gaveanews.com\/index.php\/wp-json\/wp\/v2\/posts"}],"about":[{"href":"https:\/\/www.gaveanews.com\/index.php\/wp-json\/wp\/v2\/types\/post"}],"author":[{"embeddable":true,"href":"https:\/\/www.gaveanews.com\/index.php\/wp-json\/wp\/v2\/users\/1"}],"replies":[{"embeddable":true,"href":"https:\/\/www.gaveanews.com\/index.php\/wp-json\/wp\/v2\/comments?post=32288"}],"version-history":[{"count":0,"href":"https:\/\/www.gaveanews.com\/index.php\/wp-json\/wp\/v2\/posts\/32288\/revisions"}],"wp:featuredmedia":[{"embeddable":true,"href":"https:\/\/www.gaveanews.com\/index.php\/wp-json\/wp\/v2\/media\/25057"}],"wp:attachment":[{"href":"https:\/\/www.gaveanews.com\/index.php\/wp-json\/wp\/v2\/media?parent=32288"}],"wp:term":[{"taxonomy":"category","embeddable":true,"href":"https:\/\/www.gaveanews.com\/index.php\/wp-json\/wp\/v2\/categories?post=32288"},{"taxonomy":"post_tag","embeddable":true,"href":"https:\/\/www.gaveanews.com\/index.php\/wp-json\/wp\/v2\/tags?post=32288"}],"curies":[{"name":"wp","href":"https:\/\/api.w.org\/{rel}","templated":true}]}}