{"id":32323,"date":"2019-11-23T00:37:23","date_gmt":"2019-11-23T03:37:23","guid":{"rendered":"http:\/\/www.gaveanews.com\/?p=32323"},"modified":"2019-11-23T00:37:24","modified_gmt":"2019-11-23T03:37:24","slug":"video-meia-do-flamengo-revela-estar-jogando-lesionado-ha-8-meses-para-fazer-parte-da-historia-do-clube","status":"publish","type":"post","link":"https:\/\/www.gaveanews.com\/index.php\/2019\/11\/23\/video-meia-do-flamengo-revela-estar-jogando-lesionado-ha-8-meses-para-fazer-parte-da-historia-do-clube\/","title":{"rendered":"V\u00eddeo: Meia do Flamengo revela estar jogando lesionado h\u00e1 8 meses para fazer parte da hist\u00f3ria do clube"},"content":{"rendered":"\n<p>Everton Ribeiro \u00e9 o considerado o \u201cmaestro\u201d do time do Flamengo e segue em grande fase junto de sua equipe. Entretanto, quem v\u00ea o meia se destacando nos jogos mal sabe que as les\u00f5es ainda n\u00e3o deixaram de incomod\u00e1-lo. Em entrevista concedida ao canal \u201cPilhado\u201c, no Youtube, Everton revelou jogar com dores h\u00e1 oito meses e esclareceu que dever\u00e1 tratar o caso ap\u00f3s o t\u00e9rmino da temporada.<\/p>\n\n\n\n<p>\u2013 \u00c9, faz um tempinho j\u00e1 (que jogo com dores). Dor a gente sempre tem, mas a minha dor \u00e9 um pouquinho al\u00e9m da conta (risos). Foram as les\u00f5es, ainda sinto dores. Mas o departamento m\u00e9dico est\u00e1 ali comigo diariamente para me ajudar. S\u00f3 vai parar de doer quando eu estiver de f\u00e9rias, quando parar para tratar -, declarou o camisa 7.<\/p>\n\n\n\n<p>Everton mencionou os momentos dif\u00edceis vividos no clube da G\u00e1vea e que, de alguma forma, fortaleceram a equipe para decidir o t\u00edtulo mais importante das Am\u00e9ricas.<\/p>\n\n\n\n<p>\u2013 Todo o sacrif\u00edcio que a gente fez, os momentos dif\u00edceis, foram fortalecendo e criando casca, para poder chegar nesse momento da minha carreira num grande clube e poder disputar a final da Libertadores, que \u00e9 um sonho, n\u00e3o s\u00f3 meu como jogador, mas todo torcedor que gosta de futebol. Valeu a pena cada minuto, cada treinamento, com paix\u00e3o. Isso que nos move. Isso que vamos fazer amanh\u00e3 com muita alegria, paix\u00e3o e foco para poder levantar essa ta\u00e7a -, disse o camisa 7.<\/p>\n\n\n\n<figure class=\"wp-block-embed-twitter wp-block-embed is-type-rich is-provider-twitter\"><div class=\"wp-block-embed__wrapper\">\nhttps:\/\/twitter.com\/opilhado\/status\/1197908328527073280\n<\/div><\/figure>\n\n\n\n<p>O meia do Flamengo foi confirmado por Jorge Jesus como titular da equipe para a decis\u00e3o da Libertadores da Am\u00e9rica, neste s\u00e1bado (23), contra o River Plate. Ribeiro e companhia tentar\u00e3o fazer hist\u00f3ria pelo clube e alcan\u00e7ar o bicampeonato da competi\u00e7\u00e3o sul-americana. A final entre brasileiros e argentinos est\u00e1 marcada para acontecer \u00e0s 17h (hor\u00e1rio de Bras\u00edlia), no est\u00e1dio Monumental de Lima, no Peru.<\/p>\n\n\n\n<p>Retirado de: <a href=\"https:\/\/colunadofla.com\/2019\/11\/everton-ribeiro-diz-jogar-com-dores-ha-oito-meses-so-vai-parar-quando-eu-estiver-de-ferias\/\">Coluna do Fla<\/a><\/p>\n","protected":false},"excerpt":{"rendered":"<p>Everton Ribeiro \u00e9 o considerado o \u201cmaestro\u201d do time do Flamengo e segue em grande fase junto de sua equipe. Entretanto, quem v\u00ea o meia se destacando nos jogos mal sabe que as les\u00f5es ainda n\u00e3o deixaram de incomod\u00e1-lo. Em entrevista concedida ao canal \u201cPilhado\u201c, no Youtube, Everton revelou jogar com dores h\u00e1 oito meses [&hellip;]<\/p>\n","protected":false},"author":1,"featured_media":28902,"comment_status":"open","ping_status":"open","sticky":false,"template":"","format":"standard","meta":{"footnotes":""},"categories":[1],"tags":[],"class_list":["post-32323","post","type-post","status-publish","format-standard","has-post-thumbnail","hentry","category-flamengo"],"yoast_head":"<!-- This site is optimized with the Yoast SEO Premium plugin v24.2 (Yoast SEO v26.9) - https:\/\/yoast.com\/product\/yoast-seo-premium-wordpress\/ -->\n<title>V\u00eddeo: Meia do Flamengo revela estar jogando lesionado h\u00e1 8 meses para fazer parte da hist\u00f3ria do clube<\/title>\n<meta name=\"robots\" content=\"index, follow, max-snippet:-1, max-image-preview:large, max-video-preview:-1\" \/>\n<link rel=\"canonical\" href=\"https:\/\/www.gaveanews.com\/index.php\/2019\/11\/23\/video-meia-do-flamengo-revela-estar-jogando-lesionado-ha-8-meses-para-fazer-parte-da-historia-do-clube\/\" \/>\n<meta property=\"og:locale\" content=\"pt_BR\" \/>\n<meta property=\"og:type\" content=\"article\" \/>\n<meta property=\"og:title\" content=\"V\u00eddeo: Meia do Flamengo revela estar jogando lesionado h\u00e1 8 meses para fazer parte da hist\u00f3ria do clube\" \/>\n<meta property=\"og:description\" content=\"Everton Ribeiro \u00e9 o considerado o \u201cmaestro\u201d do time do Flamengo e segue em grande fase junto de sua equipe. Entretanto, quem v\u00ea o meia se destacando nos jogos mal sabe que as les\u00f5es ainda n\u00e3o deixaram de incomod\u00e1-lo. Em entrevista concedida ao canal \u201cPilhado\u201c, no Youtube, Everton revelou jogar com dores h\u00e1 oito meses [&hellip;]\" \/>\n<meta property=\"og:url\" content=\"https:\/\/www.gaveanews.com\/index.php\/2019\/11\/23\/video-meia-do-flamengo-revela-estar-jogando-lesionado-ha-8-meses-para-fazer-parte-da-historia-do-clube\/\" \/>\n<meta property=\"og:site_name\" content=\"G\u00e1vea News\" \/>\n<meta property=\"article:publisher\" content=\"https:\/\/facebook.com\/gaveaNews\/\" \/>\n<meta property=\"article:published_time\" content=\"2019-11-23T03:37:23+00:00\" \/>\n<meta property=\"article:modified_time\" content=\"2019-11-23T03:37:24+00:00\" \/>\n<meta property=\"og:image\" content=\"https:\/\/www.gaveanews.com\/wp-content\/uploads\/Meia-Everton-Ribeiro-durante-uma-partida-do-Flamengo.webp\" \/>\n\t<meta property=\"og:image:width\" content=\"900\" \/>\n\t<meta property=\"og:image:height\" content=\"600\" \/>\n\t<meta property=\"og:image:type\" content=\"image\/jpeg\" \/>\n<meta name=\"author\" content=\"Equipe G\u00e1vea News\" \/>\n<meta name=\"twitter:card\" content=\"summary_large_image\" \/>\n<meta name=\"twitter:label1\" content=\"Escrito por\" \/>\n\t<meta name=\"twitter:data1\" content=\"Equipe G\u00e1vea News\" \/>\n\t<meta name=\"twitter:label2\" content=\"Est. tempo de leitura\" \/>\n\t<meta name=\"twitter:data2\" content=\"2 minutos\" \/>\n<script type=\"application\/ld+json\" class=\"yoast-schema-graph\">{\"@context\":\"https:\/\/schema.org\",\"@graph\":[{\"@type\":\"NewsArticle\",\"@id\":\"https:\/\/www.gaveanews.com\/index.php\/2019\/11\/23\/video-meia-do-flamengo-revela-estar-jogando-lesionado-ha-8-meses-para-fazer-parte-da-historia-do-clube\/#article\",\"isPartOf\":{\"@id\":\"https:\/\/www.gaveanews.com\/index.php\/2019\/11\/23\/video-meia-do-flamengo-revela-estar-jogando-lesionado-ha-8-meses-para-fazer-parte-da-historia-do-clube\/\"},\"author\":{\"name\":\"Equipe G\u00e1vea News\",\"@id\":\"https:\/\/www.gaveanews.com\/#\/schema\/person\/2ec14f73fb96be2caf28f91afb14749d\"},\"headline\":\"V\u00eddeo: Meia do Flamengo revela estar jogando lesionado h\u00e1 8 meses para fazer parte da hist\u00f3ria do clube\",\"datePublished\":\"2019-11-23T03:37:23+00:00\",\"dateModified\":\"2019-11-23T03:37:24+00:00\",\"mainEntityOfPage\":{\"@id\":\"https:\/\/www.gaveanews.com\/index.php\/2019\/11\/23\/video-meia-do-flamengo-revela-estar-jogando-lesionado-ha-8-meses-para-fazer-parte-da-historia-do-clube\/\"},\"wordCount\":352,\"commentCount\":0,\"image\":{\"@id\":\"https:\/\/www.gaveanews.com\/index.php\/2019\/11\/23\/video-meia-do-flamengo-revela-estar-jogando-lesionado-ha-8-meses-para-fazer-parte-da-historia-do-clube\/#primaryimage\"},\"thumbnailUrl\":\"https:\/\/www.gaveanews.com\/wp-content\/uploads\/Meia-Everton-Ribeiro-durante-uma-partida-do-Flamengo.webp\",\"articleSection\":[\"Flamengo\"],\"inLanguage\":\"pt-BR\",\"potentialAction\":[{\"@type\":\"CommentAction\",\"name\":\"Comment\",\"target\":[\"https:\/\/www.gaveanews.com\/index.php\/2019\/11\/23\/video-meia-do-flamengo-revela-estar-jogando-lesionado-ha-8-meses-para-fazer-parte-da-historia-do-clube\/#respond\"]}],\"copyrightYear\":\"2019\",\"copyrightHolder\":{\"@id\":\"https:\/\/www.gaveanews.com\/#organization\"}},{\"@type\":\"WebPage\",\"@id\":\"https:\/\/www.gaveanews.com\/index.php\/2019\/11\/23\/video-meia-do-flamengo-revela-estar-jogando-lesionado-ha-8-meses-para-fazer-parte-da-historia-do-clube\/\",\"url\":\"https:\/\/www.gaveanews.com\/index.php\/2019\/11\/23\/video-meia-do-flamengo-revela-estar-jogando-lesionado-ha-8-meses-para-fazer-parte-da-historia-do-clube\/\",\"name\":\"V\u00eddeo: Meia do Flamengo revela estar jogando lesionado h\u00e1 8 meses para fazer parte da hist\u00f3ria do clube\",\"isPartOf\":{\"@id\":\"https:\/\/www.gaveanews.com\/#website\"},\"primaryImageOfPage\":{\"@id\":\"https:\/\/www.gaveanews.com\/index.php\/2019\/11\/23\/video-meia-do-flamengo-revela-estar-jogando-lesionado-ha-8-meses-para-fazer-parte-da-historia-do-clube\/#primaryimage\"},\"image\":{\"@id\":\"https:\/\/www.gaveanews.com\/index.php\/2019\/11\/23\/video-meia-do-flamengo-revela-estar-jogando-lesionado-ha-8-meses-para-fazer-parte-da-historia-do-clube\/#primaryimage\"},\"thumbnailUrl\":\"https:\/\/www.gaveanews.com\/wp-content\/uploads\/Meia-Everton-Ribeiro-durante-uma-partida-do-Flamengo.webp\",\"datePublished\":\"2019-11-23T03:37:23+00:00\",\"dateModified\":\"2019-11-23T03:37:24+00:00\",\"author\":{\"@id\":\"https:\/\/www.gaveanews.com\/#\/schema\/person\/2ec14f73fb96be2caf28f91afb14749d\"},\"breadcrumb\":{\"@id\":\"https:\/\/www.gaveanews.com\/index.php\/2019\/11\/23\/video-meia-do-flamengo-revela-estar-jogando-lesionado-ha-8-meses-para-fazer-parte-da-historia-do-clube\/#breadcrumb\"},\"inLanguage\":\"pt-BR\",\"potentialAction\":[{\"@type\":\"ReadAction\",\"target\":[\"https:\/\/www.gaveanews.com\/index.php\/2019\/11\/23\/video-meia-do-flamengo-revela-estar-jogando-lesionado-ha-8-meses-para-fazer-parte-da-historia-do-clube\/\"]}]},{\"@type\":\"ImageObject\",\"inLanguage\":\"pt-BR\",\"@id\":\"https:\/\/www.gaveanews.com\/index.php\/2019\/11\/23\/video-meia-do-flamengo-revela-estar-jogando-lesionado-ha-8-meses-para-fazer-parte-da-historia-do-clube\/#primaryimage\",\"url\":\"https:\/\/www.gaveanews.com\/wp-content\/uploads\/Meia-Everton-Ribeiro-durante-uma-partida-do-Flamengo.webp\",\"contentUrl\":\"https:\/\/www.gaveanews.com\/wp-content\/uploads\/Meia-Everton-Ribeiro-durante-uma-partida-do-Flamengo.webp\",\"width\":900,\"height\":600,\"caption\":\"Meia Everton Ribeiro durante uma partida do Flamengo (Foto: Alexandre Vidal\/Flamengo)\"},{\"@type\":\"BreadcrumbList\",\"@id\":\"https:\/\/www.gaveanews.com\/index.php\/2019\/11\/23\/video-meia-do-flamengo-revela-estar-jogando-lesionado-ha-8-meses-para-fazer-parte-da-historia-do-clube\/#breadcrumb\",\"itemListElement\":[{\"@type\":\"ListItem\",\"position\":1,\"name\":\"Home\",\"item\":\"https:\/\/www.gaveanews.com\/\"},{\"@type\":\"ListItem\",\"position\":2,\"name\":\"V\u00eddeo: Meia do Flamengo revela estar jogando lesionado h\u00e1 8 meses para fazer parte da hist\u00f3ria do clube\"}]},{\"@type\":\"WebSite\",\"@id\":\"https:\/\/www.gaveanews.com\/#website\",\"url\":\"https:\/\/www.gaveanews.com\/\",\"name\":\"G\u00e1vea News\",\"description\":\"Veja todas as not\u00edcias sobre o Flamengo: Contrata\u00e7\u00f5es, categorias de base, resultados das partidas, tabela de classifica\u00e7\u00e3o, pr\u00f3ximos jogos!\",\"potentialAction\":[{\"@type\":\"SearchAction\",\"target\":{\"@type\":\"EntryPoint\",\"urlTemplate\":\"https:\/\/www.gaveanews.com\/?s={search_term_string}\"},\"query-input\":{\"@type\":\"PropertyValueSpecification\",\"valueRequired\":true,\"valueName\":\"search_term_string\"}}],\"inLanguage\":\"pt-BR\"},{\"@type\":\"Person\",\"@id\":\"https:\/\/www.gaveanews.com\/#\/schema\/person\/2ec14f73fb96be2caf28f91afb14749d\",\"name\":\"Equipe G\u00e1vea News\",\"image\":{\"@type\":\"ImageObject\",\"inLanguage\":\"pt-BR\",\"@id\":\"https:\/\/www.gaveanews.com\/#\/schema\/person\/image\/\",\"url\":\"https:\/\/secure.gravatar.com\/avatar\/1e1956f1facbffd3f8fa53a326721950116b3b9dc9bd44939c01180fd4a745a9?s=96&d=mm&r=g\",\"contentUrl\":\"https:\/\/secure.gravatar.com\/avatar\/1e1956f1facbffd3f8fa53a326721950116b3b9dc9bd44939c01180fd4a745a9?s=96&d=mm&r=g\",\"caption\":\"Equipe G\u00e1vea News\"}}]}<\/script>\n<!-- \/ Yoast SEO Premium plugin. -->","yoast_head_json":{"title":"V\u00eddeo: Meia do Flamengo revela estar jogando lesionado h\u00e1 8 meses para fazer parte da hist\u00f3ria do clube","robots":{"index":"index","follow":"follow","max-snippet":"max-snippet:-1","max-image-preview":"max-image-preview:large","max-video-preview":"max-video-preview:-1"},"canonical":"https:\/\/www.gaveanews.com\/index.php\/2019\/11\/23\/video-meia-do-flamengo-revela-estar-jogando-lesionado-ha-8-meses-para-fazer-parte-da-historia-do-clube\/","og_locale":"pt_BR","og_type":"article","og_title":"V\u00eddeo: Meia do Flamengo revela estar jogando lesionado h\u00e1 8 meses para fazer parte da hist\u00f3ria do clube","og_description":"Everton Ribeiro \u00e9 o considerado o \u201cmaestro\u201d do time do Flamengo e segue em grande fase junto de sua equipe. Entretanto, quem v\u00ea o meia se destacando nos jogos mal sabe que as les\u00f5es ainda n\u00e3o deixaram de incomod\u00e1-lo. Em entrevista concedida ao canal \u201cPilhado\u201c, no Youtube, Everton revelou jogar com dores h\u00e1 oito meses [&hellip;]","og_url":"https:\/\/www.gaveanews.com\/index.php\/2019\/11\/23\/video-meia-do-flamengo-revela-estar-jogando-lesionado-ha-8-meses-para-fazer-parte-da-historia-do-clube\/","og_site_name":"G\u00e1vea News","article_publisher":"https:\/\/facebook.com\/gaveaNews\/","article_published_time":"2019-11-23T03:37:23+00:00","article_modified_time":"2019-11-23T03:37:24+00:00","og_image":[{"width":900,"height":600,"url":"https:\/\/www.gaveanews.com\/wp-content\/uploads\/Meia-Everton-Ribeiro-durante-uma-partida-do-Flamengo.webp","type":"image\/jpeg"}],"author":"Equipe G\u00e1vea News","twitter_card":"summary_large_image","twitter_misc":{"Escrito por":"Equipe G\u00e1vea News","Est. tempo de leitura":"2 minutos"},"schema":{"@context":"https:\/\/schema.org","@graph":[{"@type":"NewsArticle","@id":"https:\/\/www.gaveanews.com\/index.php\/2019\/11\/23\/video-meia-do-flamengo-revela-estar-jogando-lesionado-ha-8-meses-para-fazer-parte-da-historia-do-clube\/#article","isPartOf":{"@id":"https:\/\/www.gaveanews.com\/index.php\/2019\/11\/23\/video-meia-do-flamengo-revela-estar-jogando-lesionado-ha-8-meses-para-fazer-parte-da-historia-do-clube\/"},"author":{"name":"Equipe G\u00e1vea News","@id":"https:\/\/www.gaveanews.com\/#\/schema\/person\/2ec14f73fb96be2caf28f91afb14749d"},"headline":"V\u00eddeo: Meia do Flamengo revela estar jogando lesionado h\u00e1 8 meses para fazer parte da hist\u00f3ria do clube","datePublished":"2019-11-23T03:37:23+00:00","dateModified":"2019-11-23T03:37:24+00:00","mainEntityOfPage":{"@id":"https:\/\/www.gaveanews.com\/index.php\/2019\/11\/23\/video-meia-do-flamengo-revela-estar-jogando-lesionado-ha-8-meses-para-fazer-parte-da-historia-do-clube\/"},"wordCount":352,"commentCount":0,"image":{"@id":"https:\/\/www.gaveanews.com\/index.php\/2019\/11\/23\/video-meia-do-flamengo-revela-estar-jogando-lesionado-ha-8-meses-para-fazer-parte-da-historia-do-clube\/#primaryimage"},"thumbnailUrl":"https:\/\/www.gaveanews.com\/wp-content\/uploads\/Meia-Everton-Ribeiro-durante-uma-partida-do-Flamengo.webp","articleSection":["Flamengo"],"inLanguage":"pt-BR","potentialAction":[{"@type":"CommentAction","name":"Comment","target":["https:\/\/www.gaveanews.com\/index.php\/2019\/11\/23\/video-meia-do-flamengo-revela-estar-jogando-lesionado-ha-8-meses-para-fazer-parte-da-historia-do-clube\/#respond"]}],"copyrightYear":"2019","copyrightHolder":{"@id":"https:\/\/www.gaveanews.com\/#organization"}},{"@type":"WebPage","@id":"https:\/\/www.gaveanews.com\/index.php\/2019\/11\/23\/video-meia-do-flamengo-revela-estar-jogando-lesionado-ha-8-meses-para-fazer-parte-da-historia-do-clube\/","url":"https:\/\/www.gaveanews.com\/index.php\/2019\/11\/23\/video-meia-do-flamengo-revela-estar-jogando-lesionado-ha-8-meses-para-fazer-parte-da-historia-do-clube\/","name":"V\u00eddeo: Meia do Flamengo revela estar jogando lesionado h\u00e1 8 meses para fazer parte da hist\u00f3ria do clube","isPartOf":{"@id":"https:\/\/www.gaveanews.com\/#website"},"primaryImageOfPage":{"@id":"https:\/\/www.gaveanews.com\/index.php\/2019\/11\/23\/video-meia-do-flamengo-revela-estar-jogando-lesionado-ha-8-meses-para-fazer-parte-da-historia-do-clube\/#primaryimage"},"image":{"@id":"https:\/\/www.gaveanews.com\/index.php\/2019\/11\/23\/video-meia-do-flamengo-revela-estar-jogando-lesionado-ha-8-meses-para-fazer-parte-da-historia-do-clube\/#primaryimage"},"thumbnailUrl":"https:\/\/www.gaveanews.com\/wp-content\/uploads\/Meia-Everton-Ribeiro-durante-uma-partida-do-Flamengo.webp","datePublished":"2019-11-23T03:37:23+00:00","dateModified":"2019-11-23T03:37:24+00:00","author":{"@id":"https:\/\/www.gaveanews.com\/#\/schema\/person\/2ec14f73fb96be2caf28f91afb14749d"},"breadcrumb":{"@id":"https:\/\/www.gaveanews.com\/index.php\/2019\/11\/23\/video-meia-do-flamengo-revela-estar-jogando-lesionado-ha-8-meses-para-fazer-parte-da-historia-do-clube\/#breadcrumb"},"inLanguage":"pt-BR","potentialAction":[{"@type":"ReadAction","target":["https:\/\/www.gaveanews.com\/index.php\/2019\/11\/23\/video-meia-do-flamengo-revela-estar-jogando-lesionado-ha-8-meses-para-fazer-parte-da-historia-do-clube\/"]}]},{"@type":"ImageObject","inLanguage":"pt-BR","@id":"https:\/\/www.gaveanews.com\/index.php\/2019\/11\/23\/video-meia-do-flamengo-revela-estar-jogando-lesionado-ha-8-meses-para-fazer-parte-da-historia-do-clube\/#primaryimage","url":"https:\/\/www.gaveanews.com\/wp-content\/uploads\/Meia-Everton-Ribeiro-durante-uma-partida-do-Flamengo.webp","contentUrl":"https:\/\/www.gaveanews.com\/wp-content\/uploads\/Meia-Everton-Ribeiro-durante-uma-partida-do-Flamengo.webp","width":900,"height":600,"caption":"Meia Everton Ribeiro durante uma partida do Flamengo (Foto: Alexandre Vidal\/Flamengo)"},{"@type":"BreadcrumbList","@id":"https:\/\/www.gaveanews.com\/index.php\/2019\/11\/23\/video-meia-do-flamengo-revela-estar-jogando-lesionado-ha-8-meses-para-fazer-parte-da-historia-do-clube\/#breadcrumb","itemListElement":[{"@type":"ListItem","position":1,"name":"Home","item":"https:\/\/www.gaveanews.com\/"},{"@type":"ListItem","position":2,"name":"V\u00eddeo: Meia do Flamengo revela estar jogando lesionado h\u00e1 8 meses para fazer parte da hist\u00f3ria do clube"}]},{"@type":"WebSite","@id":"https:\/\/www.gaveanews.com\/#website","url":"https:\/\/www.gaveanews.com\/","name":"G\u00e1vea News","description":"Veja todas as not\u00edcias sobre o Flamengo: Contrata\u00e7\u00f5es, categorias de base, resultados das partidas, tabela de classifica\u00e7\u00e3o, pr\u00f3ximos jogos!","potentialAction":[{"@type":"SearchAction","target":{"@type":"EntryPoint","urlTemplate":"https:\/\/www.gaveanews.com\/?s={search_term_string}"},"query-input":{"@type":"PropertyValueSpecification","valueRequired":true,"valueName":"search_term_string"}}],"inLanguage":"pt-BR"},{"@type":"Person","@id":"https:\/\/www.gaveanews.com\/#\/schema\/person\/2ec14f73fb96be2caf28f91afb14749d","name":"Equipe G\u00e1vea News","image":{"@type":"ImageObject","inLanguage":"pt-BR","@id":"https:\/\/www.gaveanews.com\/#\/schema\/person\/image\/","url":"https:\/\/secure.gravatar.com\/avatar\/1e1956f1facbffd3f8fa53a326721950116b3b9dc9bd44939c01180fd4a745a9?s=96&d=mm&r=g","contentUrl":"https:\/\/secure.gravatar.com\/avatar\/1e1956f1facbffd3f8fa53a326721950116b3b9dc9bd44939c01180fd4a745a9?s=96&d=mm&r=g","caption":"Equipe G\u00e1vea News"}}]}},"_links":{"self":[{"href":"https:\/\/www.gaveanews.com\/index.php\/wp-json\/wp\/v2\/posts\/32323","targetHints":{"allow":["GET"]}}],"collection":[{"href":"https:\/\/www.gaveanews.com\/index.php\/wp-json\/wp\/v2\/posts"}],"about":[{"href":"https:\/\/www.gaveanews.com\/index.php\/wp-json\/wp\/v2\/types\/post"}],"author":[{"embeddable":true,"href":"https:\/\/www.gaveanews.com\/index.php\/wp-json\/wp\/v2\/users\/1"}],"replies":[{"embeddable":true,"href":"https:\/\/www.gaveanews.com\/index.php\/wp-json\/wp\/v2\/comments?post=32323"}],"version-history":[{"count":0,"href":"https:\/\/www.gaveanews.com\/index.php\/wp-json\/wp\/v2\/posts\/32323\/revisions"}],"wp:featuredmedia":[{"embeddable":true,"href":"https:\/\/www.gaveanews.com\/index.php\/wp-json\/wp\/v2\/media\/28902"}],"wp:attachment":[{"href":"https:\/\/www.gaveanews.com\/index.php\/wp-json\/wp\/v2\/media?parent=32323"}],"wp:term":[{"taxonomy":"category","embeddable":true,"href":"https:\/\/www.gaveanews.com\/index.php\/wp-json\/wp\/v2\/categories?post=32323"},{"taxonomy":"post_tag","embeddable":true,"href":"https:\/\/www.gaveanews.com\/index.php\/wp-json\/wp\/v2\/tags?post=32323"}],"curies":[{"name":"wp","href":"https:\/\/api.w.org\/{rel}","templated":true}]}}