{"id":32326,"date":"2019-11-23T12:38:32","date_gmt":"2019-11-23T15:38:32","guid":{"rendered":"http:\/\/www.gaveanews.com\/?p=32326"},"modified":"2019-11-23T12:38:34","modified_gmt":"2019-11-23T15:38:34","slug":"apresentadora-se-empolga-canta-junto-com-a-torcida-do-flamengo-em-lima-e-video-viraliza-assista","status":"publish","type":"post","link":"https:\/\/www.gaveanews.com\/index.php\/2019\/11\/23\/apresentadora-se-empolga-canta-junto-com-a-torcida-do-flamengo-em-lima-e-video-viraliza-assista\/","title":{"rendered":"Apresentadora se empolga, canta junto com a torcida do Flamengo em Lima, e v\u00eddeo viraliza; assista"},"content":{"rendered":"\n<p>A festa da torcida do Flamengo em Lima, no Peru, segue a todo vapor. Os flamenguistas j\u00e1 tomam a rua da capital peruana \u00e0 espera da final da Libertadores, que ser\u00e1 realizada neste s\u00e1bado (23), \u00e0s 17h, contra o River Plate. Uma das torcedores ilustres que est\u00e1 presente na invas\u00e3o rubro-negra \u00e9 a apresentadora Mariana Gross, da Globo.<\/p>\n\n\n\n<p>Mariana Gross \u00e9 apresentadora do RJTV Primeira Edi\u00e7\u00e3o e tamb\u00e9m participa da transmiss\u00e3o dos desfiles das escolas de samba do Rio de Janeiro. Ela embarcou rumo a Lima na quarta-feira (20) e, nesta sexta, viralizou no Twitter ao aparecer em um v\u00eddeo cantando m\u00fasicas do Flamengo em meio aos in\u00fameros torcedores. <\/p>\n\n\n\n<p><strong>Assista ao v\u00eddeo abaixo:<\/strong><\/p>\n\n\n\n<figure class=\"wp-block-embed-youtube wp-block-embed is-type-video is-provider-youtube wp-embed-aspect-4-3 wp-has-aspect-ratio\"><div class=\"wp-block-embed__wrapper\">\n<iframe loading=\"lazy\" title=\"Mariana Gross na torcida do Flamengo em Lima, no Peru\" width=\"640\" height=\"360\" src=\"https:\/\/www.youtube.com\/embed\/AnF-WEVdHWI?feature=oembed\" frameborder=\"0\" allow=\"accelerometer; autoplay; clipboard-write; encrypted-media; gyroscope; picture-in-picture; web-share\" referrerpolicy=\"strict-origin-when-cross-origin\" allowfullscreen><\/iframe>\n<\/div><\/figure>\n\n\n\n<p>Retirado de: Torcedores<\/p>\n","protected":false},"excerpt":{"rendered":"<p>A festa da torcida do Flamengo em Lima, no Peru, segue a todo vapor. Os flamenguistas j\u00e1 tomam a rua da capital peruana \u00e0 espera da final da Libertadores, que ser\u00e1 realizada neste s\u00e1bado (23), \u00e0s 17h, contra o River Plate. Uma das torcedores ilustres que est\u00e1 presente na invas\u00e3o rubro-negra \u00e9 a apresentadora Mariana [&hellip;]<\/p>\n","protected":false},"author":1,"featured_media":17043,"comment_status":"open","ping_status":"open","sticky":false,"template":"","format":"standard","meta":{"footnotes":""},"categories":[1],"tags":[],"class_list":["post-32326","post","type-post","status-publish","format-standard","has-post-thumbnail","hentry","category-flamengo"],"yoast_head":"<!-- This site is optimized with the Yoast SEO Premium plugin v24.2 (Yoast SEO v26.9) - https:\/\/yoast.com\/product\/yoast-seo-premium-wordpress\/ -->\n<title>Apresentadora se empolga, canta junto com a torcida do Flamengo em Lima, e v\u00eddeo viraliza; assista<\/title>\n<meta name=\"robots\" content=\"index, follow, max-snippet:-1, max-image-preview:large, max-video-preview:-1\" \/>\n<link rel=\"canonical\" href=\"https:\/\/www.gaveanews.com\/index.php\/2019\/11\/23\/apresentadora-se-empolga-canta-junto-com-a-torcida-do-flamengo-em-lima-e-video-viraliza-assista\/\" \/>\n<meta property=\"og:locale\" content=\"pt_BR\" \/>\n<meta property=\"og:type\" content=\"article\" \/>\n<meta property=\"og:title\" content=\"Apresentadora se empolga, canta junto com a torcida do Flamengo em Lima, e v\u00eddeo viraliza; assista\" \/>\n<meta property=\"og:description\" content=\"A festa da torcida do Flamengo em Lima, no Peru, segue a todo vapor. Os flamenguistas j\u00e1 tomam a rua da capital peruana \u00e0 espera da final da Libertadores, que ser\u00e1 realizada neste s\u00e1bado (23), \u00e0s 17h, contra o River Plate. Uma das torcedores ilustres que est\u00e1 presente na invas\u00e3o rubro-negra \u00e9 a apresentadora Mariana [&hellip;]\" \/>\n<meta property=\"og:url\" content=\"https:\/\/www.gaveanews.com\/index.php\/2019\/11\/23\/apresentadora-se-empolga-canta-junto-com-a-torcida-do-flamengo-em-lima-e-video-viraliza-assista\/\" \/>\n<meta property=\"og:site_name\" content=\"G\u00e1vea News\" \/>\n<meta property=\"article:publisher\" content=\"https:\/\/facebook.com\/gaveaNews\/\" \/>\n<meta property=\"article:published_time\" content=\"2019-11-23T15:38:32+00:00\" \/>\n<meta property=\"article:modified_time\" content=\"2019-11-23T15:38:34+00:00\" \/>\n<meta property=\"og:image\" content=\"https:\/\/www.gaveanews.com\/wp-content\/uploads\/2019\/04\/Logomarca-da-Rede-Globo.webp\" \/>\n\t<meta property=\"og:image:width\" content=\"1920\" \/>\n\t<meta property=\"og:image:height\" content=\"1076\" \/>\n\t<meta property=\"og:image:type\" content=\"image\/png\" \/>\n<meta name=\"author\" content=\"Equipe G\u00e1vea News\" \/>\n<meta name=\"twitter:card\" content=\"summary_large_image\" \/>\n<meta name=\"twitter:label1\" content=\"Escrito por\" \/>\n\t<meta name=\"twitter:data1\" content=\"Equipe G\u00e1vea News\" \/>\n\t<meta name=\"twitter:label2\" content=\"Est. tempo de leitura\" \/>\n\t<meta name=\"twitter:data2\" content=\"1 minuto\" \/>\n<script type=\"application\/ld+json\" class=\"yoast-schema-graph\">{\"@context\":\"https:\/\/schema.org\",\"@graph\":[{\"@type\":\"NewsArticle\",\"@id\":\"https:\/\/www.gaveanews.com\/index.php\/2019\/11\/23\/apresentadora-se-empolga-canta-junto-com-a-torcida-do-flamengo-em-lima-e-video-viraliza-assista\/#article\",\"isPartOf\":{\"@id\":\"https:\/\/www.gaveanews.com\/index.php\/2019\/11\/23\/apresentadora-se-empolga-canta-junto-com-a-torcida-do-flamengo-em-lima-e-video-viraliza-assista\/\"},\"author\":{\"name\":\"Equipe G\u00e1vea News\",\"@id\":\"https:\/\/www.gaveanews.com\/#\/schema\/person\/2ec14f73fb96be2caf28f91afb14749d\"},\"headline\":\"Apresentadora se empolga, canta junto com a torcida do Flamengo em Lima, e v\u00eddeo viraliza; assista\",\"datePublished\":\"2019-11-23T15:38:32+00:00\",\"dateModified\":\"2019-11-23T15:38:34+00:00\",\"mainEntityOfPage\":{\"@id\":\"https:\/\/www.gaveanews.com\/index.php\/2019\/11\/23\/apresentadora-se-empolga-canta-junto-com-a-torcida-do-flamengo-em-lima-e-video-viraliza-assista\/\"},\"wordCount\":148,\"commentCount\":0,\"image\":{\"@id\":\"https:\/\/www.gaveanews.com\/index.php\/2019\/11\/23\/apresentadora-se-empolga-canta-junto-com-a-torcida-do-flamengo-em-lima-e-video-viraliza-assista\/#primaryimage\"},\"thumbnailUrl\":\"https:\/\/www.gaveanews.com\/wp-content\/uploads\/2019\/04\/Logomarca-da-Rede-Globo.webp\",\"articleSection\":[\"Flamengo\"],\"inLanguage\":\"pt-BR\",\"potentialAction\":[{\"@type\":\"CommentAction\",\"name\":\"Comment\",\"target\":[\"https:\/\/www.gaveanews.com\/index.php\/2019\/11\/23\/apresentadora-se-empolga-canta-junto-com-a-torcida-do-flamengo-em-lima-e-video-viraliza-assista\/#respond\"]}],\"copyrightYear\":\"2019\",\"copyrightHolder\":{\"@id\":\"https:\/\/www.gaveanews.com\/#organization\"}},{\"@type\":\"WebPage\",\"@id\":\"https:\/\/www.gaveanews.com\/index.php\/2019\/11\/23\/apresentadora-se-empolga-canta-junto-com-a-torcida-do-flamengo-em-lima-e-video-viraliza-assista\/\",\"url\":\"https:\/\/www.gaveanews.com\/index.php\/2019\/11\/23\/apresentadora-se-empolga-canta-junto-com-a-torcida-do-flamengo-em-lima-e-video-viraliza-assista\/\",\"name\":\"Apresentadora se empolga, canta junto com a torcida do Flamengo em Lima, e v\u00eddeo viraliza; assista\",\"isPartOf\":{\"@id\":\"https:\/\/www.gaveanews.com\/#website\"},\"primaryImageOfPage\":{\"@id\":\"https:\/\/www.gaveanews.com\/index.php\/2019\/11\/23\/apresentadora-se-empolga-canta-junto-com-a-torcida-do-flamengo-em-lima-e-video-viraliza-assista\/#primaryimage\"},\"image\":{\"@id\":\"https:\/\/www.gaveanews.com\/index.php\/2019\/11\/23\/apresentadora-se-empolga-canta-junto-com-a-torcida-do-flamengo-em-lima-e-video-viraliza-assista\/#primaryimage\"},\"thumbnailUrl\":\"https:\/\/www.gaveanews.com\/wp-content\/uploads\/2019\/04\/Logomarca-da-Rede-Globo.webp\",\"datePublished\":\"2019-11-23T15:38:32+00:00\",\"dateModified\":\"2019-11-23T15:38:34+00:00\",\"author\":{\"@id\":\"https:\/\/www.gaveanews.com\/#\/schema\/person\/2ec14f73fb96be2caf28f91afb14749d\"},\"breadcrumb\":{\"@id\":\"https:\/\/www.gaveanews.com\/index.php\/2019\/11\/23\/apresentadora-se-empolga-canta-junto-com-a-torcida-do-flamengo-em-lima-e-video-viraliza-assista\/#breadcrumb\"},\"inLanguage\":\"pt-BR\",\"potentialAction\":[{\"@type\":\"ReadAction\",\"target\":[\"https:\/\/www.gaveanews.com\/index.php\/2019\/11\/23\/apresentadora-se-empolga-canta-junto-com-a-torcida-do-flamengo-em-lima-e-video-viraliza-assista\/\"]}]},{\"@type\":\"ImageObject\",\"inLanguage\":\"pt-BR\",\"@id\":\"https:\/\/www.gaveanews.com\/index.php\/2019\/11\/23\/apresentadora-se-empolga-canta-junto-com-a-torcida-do-flamengo-em-lima-e-video-viraliza-assista\/#primaryimage\",\"url\":\"https:\/\/www.gaveanews.com\/wp-content\/uploads\/2019\/04\/Logomarca-da-Rede-Globo.webp\",\"contentUrl\":\"https:\/\/www.gaveanews.com\/wp-content\/uploads\/2019\/04\/Logomarca-da-Rede-Globo.webp\",\"width\":1920,\"height\":1076,\"caption\":\"Logomarca da Rede Globo (Foto: Reprodu\u00e7\u00e3o)\"},{\"@type\":\"BreadcrumbList\",\"@id\":\"https:\/\/www.gaveanews.com\/index.php\/2019\/11\/23\/apresentadora-se-empolga-canta-junto-com-a-torcida-do-flamengo-em-lima-e-video-viraliza-assista\/#breadcrumb\",\"itemListElement\":[{\"@type\":\"ListItem\",\"position\":1,\"name\":\"Home\",\"item\":\"https:\/\/www.gaveanews.com\/\"},{\"@type\":\"ListItem\",\"position\":2,\"name\":\"Apresentadora se empolga, canta junto com a torcida do Flamengo em Lima, e v\u00eddeo viraliza; assista\"}]},{\"@type\":\"WebSite\",\"@id\":\"https:\/\/www.gaveanews.com\/#website\",\"url\":\"https:\/\/www.gaveanews.com\/\",\"name\":\"G\u00e1vea News\",\"description\":\"Veja todas as not\u00edcias sobre o Flamengo: Contrata\u00e7\u00f5es, categorias de base, resultados das partidas, tabela de classifica\u00e7\u00e3o, pr\u00f3ximos jogos!\",\"potentialAction\":[{\"@type\":\"SearchAction\",\"target\":{\"@type\":\"EntryPoint\",\"urlTemplate\":\"https:\/\/www.gaveanews.com\/?s={search_term_string}\"},\"query-input\":{\"@type\":\"PropertyValueSpecification\",\"valueRequired\":true,\"valueName\":\"search_term_string\"}}],\"inLanguage\":\"pt-BR\"},{\"@type\":\"Person\",\"@id\":\"https:\/\/www.gaveanews.com\/#\/schema\/person\/2ec14f73fb96be2caf28f91afb14749d\",\"name\":\"Equipe G\u00e1vea News\",\"image\":{\"@type\":\"ImageObject\",\"inLanguage\":\"pt-BR\",\"@id\":\"https:\/\/www.gaveanews.com\/#\/schema\/person\/image\/\",\"url\":\"https:\/\/secure.gravatar.com\/avatar\/1e1956f1facbffd3f8fa53a326721950116b3b9dc9bd44939c01180fd4a745a9?s=96&d=mm&r=g\",\"contentUrl\":\"https:\/\/secure.gravatar.com\/avatar\/1e1956f1facbffd3f8fa53a326721950116b3b9dc9bd44939c01180fd4a745a9?s=96&d=mm&r=g\",\"caption\":\"Equipe G\u00e1vea News\"}}]}<\/script>\n<!-- \/ Yoast SEO Premium plugin. -->","yoast_head_json":{"title":"Apresentadora se empolga, canta junto com a torcida do Flamengo em Lima, e v\u00eddeo viraliza; assista","robots":{"index":"index","follow":"follow","max-snippet":"max-snippet:-1","max-image-preview":"max-image-preview:large","max-video-preview":"max-video-preview:-1"},"canonical":"https:\/\/www.gaveanews.com\/index.php\/2019\/11\/23\/apresentadora-se-empolga-canta-junto-com-a-torcida-do-flamengo-em-lima-e-video-viraliza-assista\/","og_locale":"pt_BR","og_type":"article","og_title":"Apresentadora se empolga, canta junto com a torcida do Flamengo em Lima, e v\u00eddeo viraliza; assista","og_description":"A festa da torcida do Flamengo em Lima, no Peru, segue a todo vapor. Os flamenguistas j\u00e1 tomam a rua da capital peruana \u00e0 espera da final da Libertadores, que ser\u00e1 realizada neste s\u00e1bado (23), \u00e0s 17h, contra o River Plate. Uma das torcedores ilustres que est\u00e1 presente na invas\u00e3o rubro-negra \u00e9 a apresentadora Mariana [&hellip;]","og_url":"https:\/\/www.gaveanews.com\/index.php\/2019\/11\/23\/apresentadora-se-empolga-canta-junto-com-a-torcida-do-flamengo-em-lima-e-video-viraliza-assista\/","og_site_name":"G\u00e1vea News","article_publisher":"https:\/\/facebook.com\/gaveaNews\/","article_published_time":"2019-11-23T15:38:32+00:00","article_modified_time":"2019-11-23T15:38:34+00:00","og_image":[{"width":1920,"height":1076,"url":"https:\/\/www.gaveanews.com\/wp-content\/uploads\/2019\/04\/Logomarca-da-Rede-Globo.webp","type":"image\/png"}],"author":"Equipe G\u00e1vea News","twitter_card":"summary_large_image","twitter_misc":{"Escrito por":"Equipe G\u00e1vea News","Est. tempo de leitura":"1 minuto"},"schema":{"@context":"https:\/\/schema.org","@graph":[{"@type":"NewsArticle","@id":"https:\/\/www.gaveanews.com\/index.php\/2019\/11\/23\/apresentadora-se-empolga-canta-junto-com-a-torcida-do-flamengo-em-lima-e-video-viraliza-assista\/#article","isPartOf":{"@id":"https:\/\/www.gaveanews.com\/index.php\/2019\/11\/23\/apresentadora-se-empolga-canta-junto-com-a-torcida-do-flamengo-em-lima-e-video-viraliza-assista\/"},"author":{"name":"Equipe G\u00e1vea News","@id":"https:\/\/www.gaveanews.com\/#\/schema\/person\/2ec14f73fb96be2caf28f91afb14749d"},"headline":"Apresentadora se empolga, canta junto com a torcida do Flamengo em Lima, e v\u00eddeo viraliza; assista","datePublished":"2019-11-23T15:38:32+00:00","dateModified":"2019-11-23T15:38:34+00:00","mainEntityOfPage":{"@id":"https:\/\/www.gaveanews.com\/index.php\/2019\/11\/23\/apresentadora-se-empolga-canta-junto-com-a-torcida-do-flamengo-em-lima-e-video-viraliza-assista\/"},"wordCount":148,"commentCount":0,"image":{"@id":"https:\/\/www.gaveanews.com\/index.php\/2019\/11\/23\/apresentadora-se-empolga-canta-junto-com-a-torcida-do-flamengo-em-lima-e-video-viraliza-assista\/#primaryimage"},"thumbnailUrl":"https:\/\/www.gaveanews.com\/wp-content\/uploads\/2019\/04\/Logomarca-da-Rede-Globo.webp","articleSection":["Flamengo"],"inLanguage":"pt-BR","potentialAction":[{"@type":"CommentAction","name":"Comment","target":["https:\/\/www.gaveanews.com\/index.php\/2019\/11\/23\/apresentadora-se-empolga-canta-junto-com-a-torcida-do-flamengo-em-lima-e-video-viraliza-assista\/#respond"]}],"copyrightYear":"2019","copyrightHolder":{"@id":"https:\/\/www.gaveanews.com\/#organization"}},{"@type":"WebPage","@id":"https:\/\/www.gaveanews.com\/index.php\/2019\/11\/23\/apresentadora-se-empolga-canta-junto-com-a-torcida-do-flamengo-em-lima-e-video-viraliza-assista\/","url":"https:\/\/www.gaveanews.com\/index.php\/2019\/11\/23\/apresentadora-se-empolga-canta-junto-com-a-torcida-do-flamengo-em-lima-e-video-viraliza-assista\/","name":"Apresentadora se empolga, canta junto com a torcida do Flamengo em Lima, e v\u00eddeo viraliza; assista","isPartOf":{"@id":"https:\/\/www.gaveanews.com\/#website"},"primaryImageOfPage":{"@id":"https:\/\/www.gaveanews.com\/index.php\/2019\/11\/23\/apresentadora-se-empolga-canta-junto-com-a-torcida-do-flamengo-em-lima-e-video-viraliza-assista\/#primaryimage"},"image":{"@id":"https:\/\/www.gaveanews.com\/index.php\/2019\/11\/23\/apresentadora-se-empolga-canta-junto-com-a-torcida-do-flamengo-em-lima-e-video-viraliza-assista\/#primaryimage"},"thumbnailUrl":"https:\/\/www.gaveanews.com\/wp-content\/uploads\/2019\/04\/Logomarca-da-Rede-Globo.webp","datePublished":"2019-11-23T15:38:32+00:00","dateModified":"2019-11-23T15:38:34+00:00","author":{"@id":"https:\/\/www.gaveanews.com\/#\/schema\/person\/2ec14f73fb96be2caf28f91afb14749d"},"breadcrumb":{"@id":"https:\/\/www.gaveanews.com\/index.php\/2019\/11\/23\/apresentadora-se-empolga-canta-junto-com-a-torcida-do-flamengo-em-lima-e-video-viraliza-assista\/#breadcrumb"},"inLanguage":"pt-BR","potentialAction":[{"@type":"ReadAction","target":["https:\/\/www.gaveanews.com\/index.php\/2019\/11\/23\/apresentadora-se-empolga-canta-junto-com-a-torcida-do-flamengo-em-lima-e-video-viraliza-assista\/"]}]},{"@type":"ImageObject","inLanguage":"pt-BR","@id":"https:\/\/www.gaveanews.com\/index.php\/2019\/11\/23\/apresentadora-se-empolga-canta-junto-com-a-torcida-do-flamengo-em-lima-e-video-viraliza-assista\/#primaryimage","url":"https:\/\/www.gaveanews.com\/wp-content\/uploads\/2019\/04\/Logomarca-da-Rede-Globo.webp","contentUrl":"https:\/\/www.gaveanews.com\/wp-content\/uploads\/2019\/04\/Logomarca-da-Rede-Globo.webp","width":1920,"height":1076,"caption":"Logomarca da Rede Globo (Foto: Reprodu\u00e7\u00e3o)"},{"@type":"BreadcrumbList","@id":"https:\/\/www.gaveanews.com\/index.php\/2019\/11\/23\/apresentadora-se-empolga-canta-junto-com-a-torcida-do-flamengo-em-lima-e-video-viraliza-assista\/#breadcrumb","itemListElement":[{"@type":"ListItem","position":1,"name":"Home","item":"https:\/\/www.gaveanews.com\/"},{"@type":"ListItem","position":2,"name":"Apresentadora se empolga, canta junto com a torcida do Flamengo em Lima, e v\u00eddeo viraliza; assista"}]},{"@type":"WebSite","@id":"https:\/\/www.gaveanews.com\/#website","url":"https:\/\/www.gaveanews.com\/","name":"G\u00e1vea News","description":"Veja todas as not\u00edcias sobre o Flamengo: Contrata\u00e7\u00f5es, categorias de base, resultados das partidas, tabela de classifica\u00e7\u00e3o, pr\u00f3ximos jogos!","potentialAction":[{"@type":"SearchAction","target":{"@type":"EntryPoint","urlTemplate":"https:\/\/www.gaveanews.com\/?s={search_term_string}"},"query-input":{"@type":"PropertyValueSpecification","valueRequired":true,"valueName":"search_term_string"}}],"inLanguage":"pt-BR"},{"@type":"Person","@id":"https:\/\/www.gaveanews.com\/#\/schema\/person\/2ec14f73fb96be2caf28f91afb14749d","name":"Equipe G\u00e1vea News","image":{"@type":"ImageObject","inLanguage":"pt-BR","@id":"https:\/\/www.gaveanews.com\/#\/schema\/person\/image\/","url":"https:\/\/secure.gravatar.com\/avatar\/1e1956f1facbffd3f8fa53a326721950116b3b9dc9bd44939c01180fd4a745a9?s=96&d=mm&r=g","contentUrl":"https:\/\/secure.gravatar.com\/avatar\/1e1956f1facbffd3f8fa53a326721950116b3b9dc9bd44939c01180fd4a745a9?s=96&d=mm&r=g","caption":"Equipe G\u00e1vea News"}}]}},"_links":{"self":[{"href":"https:\/\/www.gaveanews.com\/index.php\/wp-json\/wp\/v2\/posts\/32326","targetHints":{"allow":["GET"]}}],"collection":[{"href":"https:\/\/www.gaveanews.com\/index.php\/wp-json\/wp\/v2\/posts"}],"about":[{"href":"https:\/\/www.gaveanews.com\/index.php\/wp-json\/wp\/v2\/types\/post"}],"author":[{"embeddable":true,"href":"https:\/\/www.gaveanews.com\/index.php\/wp-json\/wp\/v2\/users\/1"}],"replies":[{"embeddable":true,"href":"https:\/\/www.gaveanews.com\/index.php\/wp-json\/wp\/v2\/comments?post=32326"}],"version-history":[{"count":0,"href":"https:\/\/www.gaveanews.com\/index.php\/wp-json\/wp\/v2\/posts\/32326\/revisions"}],"wp:featuredmedia":[{"embeddable":true,"href":"https:\/\/www.gaveanews.com\/index.php\/wp-json\/wp\/v2\/media\/17043"}],"wp:attachment":[{"href":"https:\/\/www.gaveanews.com\/index.php\/wp-json\/wp\/v2\/media?parent=32326"}],"wp:term":[{"taxonomy":"category","embeddable":true,"href":"https:\/\/www.gaveanews.com\/index.php\/wp-json\/wp\/v2\/categories?post=32326"},{"taxonomy":"post_tag","embeddable":true,"href":"https:\/\/www.gaveanews.com\/index.php\/wp-json\/wp\/v2\/tags?post=32326"}],"curies":[{"name":"wp","href":"https:\/\/api.w.org\/{rel}","templated":true}]}}