{"id":32502,"date":"2019-11-26T08:30:00","date_gmt":"2019-11-26T11:30:00","guid":{"rendered":"http:\/\/www.gaveanews.com\/?p=32502"},"modified":"2019-11-26T07:00:13","modified_gmt":"2019-11-26T10:00:13","slug":"video-gol-de-gabigol-e-eleito-o-mais-bonito-da-copa-libertadores-da-america-de-2019-assista","status":"publish","type":"post","link":"https:\/\/www.gaveanews.com\/index.php\/2019\/11\/26\/video-gol-de-gabigol-e-eleito-o-mais-bonito-da-copa-libertadores-da-america-de-2019-assista\/","title":{"rendered":"V\u00eddeo: Gol de Gabigol \u00e9 eleito o mais bonito da Copa Libertadores da Am\u00e9rica de 2019; assista"},"content":{"rendered":"\n<p>Artilheiro do Campeonato Brasileiro e da Copa Libertadores e campe\u00e3o dos dois t\u00edtulos em menos de 24 horas no \u00faltimo fim de semana, Gabigol vive grande fase no comando de ataque do Flamengo. Nesta segunda-feira, a Conmebol deu mais um motivo para atacante comemorar.<\/p>\n\n\n\n<p>A entidade anunciou nas redes sociais que o primeiro gol marcado pelo camisa 9 do Fla na goleada por 5 a 0 contra o Gr\u00eamio, o segundo do Rubro-Negro na partida, foi eleito o gol mais bonito da competi\u00e7\u00e3o.<\/p>\n\n\n\n<p>No lance, Arrascaeta cobra escanteio, a defesa desvia para o meio da \u00e1rea e Gabigol gira chutando de primeira, de perna esquerda, e a bola entra no \u00e2ngulo de Paulo Victor.<\/p>\n\n\n\n<h3 class=\"wp-block-heading\"><strong>Assista ao gol abaixo:<\/strong><\/h3>\n\n\n\n<figure class=\"wp-block-embed-youtube wp-block-embed is-type-video is-provider-youtube wp-embed-aspect-16-9 wp-has-aspect-ratio\"><div class=\"wp-block-embed__wrapper\">\n<iframe loading=\"lazy\" title=\"O primeiro gol do Gabigol | Flamengo 5x0 Gr\u00eamio | Libertadores 2019\" width=\"640\" height=\"360\" src=\"https:\/\/www.youtube.com\/embed\/bx9L7tTPMjo?start=3&#038;feature=oembed\" frameborder=\"0\" allow=\"accelerometer; autoplay; clipboard-write; encrypted-media; gyroscope; picture-in-picture; web-share\" referrerpolicy=\"strict-origin-when-cross-origin\" allowfullscreen><\/iframe>\n<\/div><\/figure>\n\n\n\n<p>O artilheiro fechou sua participa\u00e7\u00e3o na Libertadores com 9 gols em 12 jogos. No Brasileir\u00e3o, em 26 partidas, ele marcou 22 gols. Gabriel deve ser titular do Flamengo na pr\u00f3xima quarta-feira, \u00e0s 21h30, quando a equipe encara o Cear\u00e1 no Maracan\u00e3 pelo Campeonato Brasileiro.<\/p>\n\n\n\n<p>Retirado de: ESPN<\/p>\n","protected":false},"excerpt":{"rendered":"<p>Artilheiro do Campeonato Brasileiro e da Copa Libertadores e campe\u00e3o dos dois t\u00edtulos em menos de 24 horas no \u00faltimo fim de semana, Gabigol vive grande fase no comando de ataque do Flamengo. Nesta segunda-feira, a Conmebol deu mais um motivo para atacante comemorar. A entidade anunciou nas redes sociais que o primeiro gol marcado [&hellip;]<\/p>\n","protected":false},"author":1,"featured_media":31014,"comment_status":"open","ping_status":"open","sticky":false,"template":"","format":"standard","meta":{"footnotes":""},"categories":[40],"tags":[],"class_list":["post-32502","post","type-post","status-publish","format-standard","has-post-thumbnail","hentry","category-video"],"yoast_head":"<!-- This site is optimized with the Yoast SEO Premium plugin v24.2 (Yoast SEO v26.9) - https:\/\/yoast.com\/product\/yoast-seo-premium-wordpress\/ -->\n<title>V\u00eddeo: Gol de Gabigol \u00e9 eleito o mais bonito da Copa Libertadores da Am\u00e9rica de 2019; assista<\/title>\n<meta name=\"robots\" content=\"index, follow, max-snippet:-1, max-image-preview:large, max-video-preview:-1\" \/>\n<link rel=\"canonical\" href=\"https:\/\/www.gaveanews.com\/index.php\/2019\/11\/26\/video-gol-de-gabigol-e-eleito-o-mais-bonito-da-copa-libertadores-da-america-de-2019-assista\/\" \/>\n<meta property=\"og:locale\" content=\"pt_BR\" \/>\n<meta property=\"og:type\" content=\"article\" \/>\n<meta property=\"og:title\" content=\"V\u00eddeo: Gol de Gabigol \u00e9 eleito o mais bonito da Copa Libertadores da Am\u00e9rica de 2019; assista\" \/>\n<meta property=\"og:description\" content=\"Artilheiro do Campeonato Brasileiro e da Copa Libertadores e campe\u00e3o dos dois t\u00edtulos em menos de 24 horas no \u00faltimo fim de semana, Gabigol vive grande fase no comando de ataque do Flamengo. Nesta segunda-feira, a Conmebol deu mais um motivo para atacante comemorar. A entidade anunciou nas redes sociais que o primeiro gol marcado [&hellip;]\" \/>\n<meta property=\"og:url\" content=\"https:\/\/www.gaveanews.com\/index.php\/2019\/11\/26\/video-gol-de-gabigol-e-eleito-o-mais-bonito-da-copa-libertadores-da-america-de-2019-assista\/\" \/>\n<meta property=\"og:site_name\" content=\"G\u00e1vea News\" \/>\n<meta property=\"article:publisher\" content=\"https:\/\/facebook.com\/gaveaNews\/\" \/>\n<meta property=\"article:published_time\" content=\"2019-11-26T11:30:00+00:00\" \/>\n<meta property=\"og:image\" content=\"https:\/\/www.gaveanews.com\/wp-content\/uploads\/Atacante-Gabigol-em-acao-pelo-Flamengo-no-estadio-do-Maracana.webp\" \/>\n\t<meta property=\"og:image:width\" content=\"1\" \/>\n\t<meta property=\"og:image:height\" content=\"1\" \/>\n\t<meta property=\"og:image:type\" content=\"image\/jpeg\" \/>\n<meta name=\"author\" content=\"Equipe G\u00e1vea News\" \/>\n<meta name=\"twitter:card\" content=\"summary_large_image\" \/>\n<meta name=\"twitter:label1\" content=\"Escrito por\" \/>\n\t<meta name=\"twitter:data1\" content=\"Equipe G\u00e1vea News\" \/>\n\t<meta name=\"twitter:label2\" content=\"Est. tempo de leitura\" \/>\n\t<meta name=\"twitter:data2\" content=\"1 minuto\" \/>\n<script type=\"application\/ld+json\" class=\"yoast-schema-graph\">{\"@context\":\"https:\/\/schema.org\",\"@graph\":[{\"@type\":\"NewsArticle\",\"@id\":\"https:\/\/www.gaveanews.com\/index.php\/2019\/11\/26\/video-gol-de-gabigol-e-eleito-o-mais-bonito-da-copa-libertadores-da-america-de-2019-assista\/#article\",\"isPartOf\":{\"@id\":\"https:\/\/www.gaveanews.com\/index.php\/2019\/11\/26\/video-gol-de-gabigol-e-eleito-o-mais-bonito-da-copa-libertadores-da-america-de-2019-assista\/\"},\"author\":{\"name\":\"Equipe G\u00e1vea News\",\"@id\":\"https:\/\/www.gaveanews.com\/#\/schema\/person\/2ec14f73fb96be2caf28f91afb14749d\"},\"headline\":\"V\u00eddeo: Gol de Gabigol \u00e9 eleito o mais bonito da Copa Libertadores da Am\u00e9rica de 2019; assista\",\"datePublished\":\"2019-11-26T11:30:00+00:00\",\"mainEntityOfPage\":{\"@id\":\"https:\/\/www.gaveanews.com\/index.php\/2019\/11\/26\/video-gol-de-gabigol-e-eleito-o-mais-bonito-da-copa-libertadores-da-america-de-2019-assista\/\"},\"wordCount\":197,\"commentCount\":0,\"image\":{\"@id\":\"https:\/\/www.gaveanews.com\/index.php\/2019\/11\/26\/video-gol-de-gabigol-e-eleito-o-mais-bonito-da-copa-libertadores-da-america-de-2019-assista\/#primaryimage\"},\"thumbnailUrl\":\"https:\/\/www.gaveanews.com\/wp-content\/uploads\/Atacante-Gabigol-em-acao-pelo-Flamengo-no-estadio-do-Maracana.webp\",\"articleSection\":[\"V\u00eddeos\"],\"inLanguage\":\"pt-BR\",\"potentialAction\":[{\"@type\":\"CommentAction\",\"name\":\"Comment\",\"target\":[\"https:\/\/www.gaveanews.com\/index.php\/2019\/11\/26\/video-gol-de-gabigol-e-eleito-o-mais-bonito-da-copa-libertadores-da-america-de-2019-assista\/#respond\"]}],\"copyrightYear\":\"2019\",\"copyrightHolder\":{\"@id\":\"https:\/\/www.gaveanews.com\/#organization\"}},{\"@type\":\"WebPage\",\"@id\":\"https:\/\/www.gaveanews.com\/index.php\/2019\/11\/26\/video-gol-de-gabigol-e-eleito-o-mais-bonito-da-copa-libertadores-da-america-de-2019-assista\/\",\"url\":\"https:\/\/www.gaveanews.com\/index.php\/2019\/11\/26\/video-gol-de-gabigol-e-eleito-o-mais-bonito-da-copa-libertadores-da-america-de-2019-assista\/\",\"name\":\"V\u00eddeo: Gol de Gabigol \u00e9 eleito o mais bonito da Copa Libertadores da Am\u00e9rica de 2019; assista\",\"isPartOf\":{\"@id\":\"https:\/\/www.gaveanews.com\/#website\"},\"primaryImageOfPage\":{\"@id\":\"https:\/\/www.gaveanews.com\/index.php\/2019\/11\/26\/video-gol-de-gabigol-e-eleito-o-mais-bonito-da-copa-libertadores-da-america-de-2019-assista\/#primaryimage\"},\"image\":{\"@id\":\"https:\/\/www.gaveanews.com\/index.php\/2019\/11\/26\/video-gol-de-gabigol-e-eleito-o-mais-bonito-da-copa-libertadores-da-america-de-2019-assista\/#primaryimage\"},\"thumbnailUrl\":\"https:\/\/www.gaveanews.com\/wp-content\/uploads\/Atacante-Gabigol-em-acao-pelo-Flamengo-no-estadio-do-Maracana.webp\",\"datePublished\":\"2019-11-26T11:30:00+00:00\",\"author\":{\"@id\":\"https:\/\/www.gaveanews.com\/#\/schema\/person\/2ec14f73fb96be2caf28f91afb14749d\"},\"breadcrumb\":{\"@id\":\"https:\/\/www.gaveanews.com\/index.php\/2019\/11\/26\/video-gol-de-gabigol-e-eleito-o-mais-bonito-da-copa-libertadores-da-america-de-2019-assista\/#breadcrumb\"},\"inLanguage\":\"pt-BR\",\"potentialAction\":[{\"@type\":\"ReadAction\",\"target\":[\"https:\/\/www.gaveanews.com\/index.php\/2019\/11\/26\/video-gol-de-gabigol-e-eleito-o-mais-bonito-da-copa-libertadores-da-america-de-2019-assista\/\"]}]},{\"@type\":\"ImageObject\",\"inLanguage\":\"pt-BR\",\"@id\":\"https:\/\/www.gaveanews.com\/index.php\/2019\/11\/26\/video-gol-de-gabigol-e-eleito-o-mais-bonito-da-copa-libertadores-da-america-de-2019-assista\/#primaryimage\",\"url\":\"https:\/\/www.gaveanews.com\/wp-content\/uploads\/Atacante-Gabigol-em-acao-pelo-Flamengo-no-estadio-do-Maracana.webp\",\"contentUrl\":\"https:\/\/www.gaveanews.com\/wp-content\/uploads\/Atacante-Gabigol-em-acao-pelo-Flamengo-no-estadio-do-Maracana.webp\",\"caption\":\"Atacante Gabigol em a\u00e7\u00e3o pelo Flamengo no est\u00e1dio do Maracan\u00e3 (Foto: Marcelo Cortes\/Flamengo)\"},{\"@type\":\"BreadcrumbList\",\"@id\":\"https:\/\/www.gaveanews.com\/index.php\/2019\/11\/26\/video-gol-de-gabigol-e-eleito-o-mais-bonito-da-copa-libertadores-da-america-de-2019-assista\/#breadcrumb\",\"itemListElement\":[{\"@type\":\"ListItem\",\"position\":1,\"name\":\"Home\",\"item\":\"https:\/\/www.gaveanews.com\/\"},{\"@type\":\"ListItem\",\"position\":2,\"name\":\"V\u00eddeo: Gol de Gabigol \u00e9 eleito o mais bonito da Copa Libertadores da Am\u00e9rica de 2019; assista\"}]},{\"@type\":\"WebSite\",\"@id\":\"https:\/\/www.gaveanews.com\/#website\",\"url\":\"https:\/\/www.gaveanews.com\/\",\"name\":\"G\u00e1vea News\",\"description\":\"Veja todas as not\u00edcias sobre o Flamengo: Contrata\u00e7\u00f5es, categorias de base, resultados das partidas, tabela de classifica\u00e7\u00e3o, pr\u00f3ximos jogos!\",\"potentialAction\":[{\"@type\":\"SearchAction\",\"target\":{\"@type\":\"EntryPoint\",\"urlTemplate\":\"https:\/\/www.gaveanews.com\/?s={search_term_string}\"},\"query-input\":{\"@type\":\"PropertyValueSpecification\",\"valueRequired\":true,\"valueName\":\"search_term_string\"}}],\"inLanguage\":\"pt-BR\"},{\"@type\":\"Person\",\"@id\":\"https:\/\/www.gaveanews.com\/#\/schema\/person\/2ec14f73fb96be2caf28f91afb14749d\",\"name\":\"Equipe G\u00e1vea News\",\"image\":{\"@type\":\"ImageObject\",\"inLanguage\":\"pt-BR\",\"@id\":\"https:\/\/www.gaveanews.com\/#\/schema\/person\/image\/\",\"url\":\"https:\/\/secure.gravatar.com\/avatar\/1e1956f1facbffd3f8fa53a326721950116b3b9dc9bd44939c01180fd4a745a9?s=96&d=mm&r=g\",\"contentUrl\":\"https:\/\/secure.gravatar.com\/avatar\/1e1956f1facbffd3f8fa53a326721950116b3b9dc9bd44939c01180fd4a745a9?s=96&d=mm&r=g\",\"caption\":\"Equipe G\u00e1vea News\"}}]}<\/script>\n<!-- \/ Yoast SEO Premium plugin. -->","yoast_head_json":{"title":"V\u00eddeo: Gol de Gabigol \u00e9 eleito o mais bonito da Copa Libertadores da Am\u00e9rica de 2019; assista","robots":{"index":"index","follow":"follow","max-snippet":"max-snippet:-1","max-image-preview":"max-image-preview:large","max-video-preview":"max-video-preview:-1"},"canonical":"https:\/\/www.gaveanews.com\/index.php\/2019\/11\/26\/video-gol-de-gabigol-e-eleito-o-mais-bonito-da-copa-libertadores-da-america-de-2019-assista\/","og_locale":"pt_BR","og_type":"article","og_title":"V\u00eddeo: Gol de Gabigol \u00e9 eleito o mais bonito da Copa Libertadores da Am\u00e9rica de 2019; assista","og_description":"Artilheiro do Campeonato Brasileiro e da Copa Libertadores e campe\u00e3o dos dois t\u00edtulos em menos de 24 horas no \u00faltimo fim de semana, Gabigol vive grande fase no comando de ataque do Flamengo. Nesta segunda-feira, a Conmebol deu mais um motivo para atacante comemorar. A entidade anunciou nas redes sociais que o primeiro gol marcado [&hellip;]","og_url":"https:\/\/www.gaveanews.com\/index.php\/2019\/11\/26\/video-gol-de-gabigol-e-eleito-o-mais-bonito-da-copa-libertadores-da-america-de-2019-assista\/","og_site_name":"G\u00e1vea News","article_publisher":"https:\/\/facebook.com\/gaveaNews\/","article_published_time":"2019-11-26T11:30:00+00:00","og_image":[{"url":"https:\/\/www.gaveanews.com\/wp-content\/uploads\/Atacante-Gabigol-em-acao-pelo-Flamengo-no-estadio-do-Maracana.webp","width":1,"height":1,"type":"image\/jpeg"}],"author":"Equipe G\u00e1vea News","twitter_card":"summary_large_image","twitter_misc":{"Escrito por":"Equipe G\u00e1vea News","Est. tempo de leitura":"1 minuto"},"schema":{"@context":"https:\/\/schema.org","@graph":[{"@type":"NewsArticle","@id":"https:\/\/www.gaveanews.com\/index.php\/2019\/11\/26\/video-gol-de-gabigol-e-eleito-o-mais-bonito-da-copa-libertadores-da-america-de-2019-assista\/#article","isPartOf":{"@id":"https:\/\/www.gaveanews.com\/index.php\/2019\/11\/26\/video-gol-de-gabigol-e-eleito-o-mais-bonito-da-copa-libertadores-da-america-de-2019-assista\/"},"author":{"name":"Equipe G\u00e1vea News","@id":"https:\/\/www.gaveanews.com\/#\/schema\/person\/2ec14f73fb96be2caf28f91afb14749d"},"headline":"V\u00eddeo: Gol de Gabigol \u00e9 eleito o mais bonito da Copa Libertadores da Am\u00e9rica de 2019; assista","datePublished":"2019-11-26T11:30:00+00:00","mainEntityOfPage":{"@id":"https:\/\/www.gaveanews.com\/index.php\/2019\/11\/26\/video-gol-de-gabigol-e-eleito-o-mais-bonito-da-copa-libertadores-da-america-de-2019-assista\/"},"wordCount":197,"commentCount":0,"image":{"@id":"https:\/\/www.gaveanews.com\/index.php\/2019\/11\/26\/video-gol-de-gabigol-e-eleito-o-mais-bonito-da-copa-libertadores-da-america-de-2019-assista\/#primaryimage"},"thumbnailUrl":"https:\/\/www.gaveanews.com\/wp-content\/uploads\/Atacante-Gabigol-em-acao-pelo-Flamengo-no-estadio-do-Maracana.webp","articleSection":["V\u00eddeos"],"inLanguage":"pt-BR","potentialAction":[{"@type":"CommentAction","name":"Comment","target":["https:\/\/www.gaveanews.com\/index.php\/2019\/11\/26\/video-gol-de-gabigol-e-eleito-o-mais-bonito-da-copa-libertadores-da-america-de-2019-assista\/#respond"]}],"copyrightYear":"2019","copyrightHolder":{"@id":"https:\/\/www.gaveanews.com\/#organization"}},{"@type":"WebPage","@id":"https:\/\/www.gaveanews.com\/index.php\/2019\/11\/26\/video-gol-de-gabigol-e-eleito-o-mais-bonito-da-copa-libertadores-da-america-de-2019-assista\/","url":"https:\/\/www.gaveanews.com\/index.php\/2019\/11\/26\/video-gol-de-gabigol-e-eleito-o-mais-bonito-da-copa-libertadores-da-america-de-2019-assista\/","name":"V\u00eddeo: Gol de Gabigol \u00e9 eleito o mais bonito da Copa Libertadores da Am\u00e9rica de 2019; assista","isPartOf":{"@id":"https:\/\/www.gaveanews.com\/#website"},"primaryImageOfPage":{"@id":"https:\/\/www.gaveanews.com\/index.php\/2019\/11\/26\/video-gol-de-gabigol-e-eleito-o-mais-bonito-da-copa-libertadores-da-america-de-2019-assista\/#primaryimage"},"image":{"@id":"https:\/\/www.gaveanews.com\/index.php\/2019\/11\/26\/video-gol-de-gabigol-e-eleito-o-mais-bonito-da-copa-libertadores-da-america-de-2019-assista\/#primaryimage"},"thumbnailUrl":"https:\/\/www.gaveanews.com\/wp-content\/uploads\/Atacante-Gabigol-em-acao-pelo-Flamengo-no-estadio-do-Maracana.webp","datePublished":"2019-11-26T11:30:00+00:00","author":{"@id":"https:\/\/www.gaveanews.com\/#\/schema\/person\/2ec14f73fb96be2caf28f91afb14749d"},"breadcrumb":{"@id":"https:\/\/www.gaveanews.com\/index.php\/2019\/11\/26\/video-gol-de-gabigol-e-eleito-o-mais-bonito-da-copa-libertadores-da-america-de-2019-assista\/#breadcrumb"},"inLanguage":"pt-BR","potentialAction":[{"@type":"ReadAction","target":["https:\/\/www.gaveanews.com\/index.php\/2019\/11\/26\/video-gol-de-gabigol-e-eleito-o-mais-bonito-da-copa-libertadores-da-america-de-2019-assista\/"]}]},{"@type":"ImageObject","inLanguage":"pt-BR","@id":"https:\/\/www.gaveanews.com\/index.php\/2019\/11\/26\/video-gol-de-gabigol-e-eleito-o-mais-bonito-da-copa-libertadores-da-america-de-2019-assista\/#primaryimage","url":"https:\/\/www.gaveanews.com\/wp-content\/uploads\/Atacante-Gabigol-em-acao-pelo-Flamengo-no-estadio-do-Maracana.webp","contentUrl":"https:\/\/www.gaveanews.com\/wp-content\/uploads\/Atacante-Gabigol-em-acao-pelo-Flamengo-no-estadio-do-Maracana.webp","caption":"Atacante Gabigol em a\u00e7\u00e3o pelo Flamengo no est\u00e1dio do Maracan\u00e3 (Foto: Marcelo Cortes\/Flamengo)"},{"@type":"BreadcrumbList","@id":"https:\/\/www.gaveanews.com\/index.php\/2019\/11\/26\/video-gol-de-gabigol-e-eleito-o-mais-bonito-da-copa-libertadores-da-america-de-2019-assista\/#breadcrumb","itemListElement":[{"@type":"ListItem","position":1,"name":"Home","item":"https:\/\/www.gaveanews.com\/"},{"@type":"ListItem","position":2,"name":"V\u00eddeo: Gol de Gabigol \u00e9 eleito o mais bonito da Copa Libertadores da Am\u00e9rica de 2019; assista"}]},{"@type":"WebSite","@id":"https:\/\/www.gaveanews.com\/#website","url":"https:\/\/www.gaveanews.com\/","name":"G\u00e1vea News","description":"Veja todas as not\u00edcias sobre o Flamengo: Contrata\u00e7\u00f5es, categorias de base, resultados das partidas, tabela de classifica\u00e7\u00e3o, pr\u00f3ximos jogos!","potentialAction":[{"@type":"SearchAction","target":{"@type":"EntryPoint","urlTemplate":"https:\/\/www.gaveanews.com\/?s={search_term_string}"},"query-input":{"@type":"PropertyValueSpecification","valueRequired":true,"valueName":"search_term_string"}}],"inLanguage":"pt-BR"},{"@type":"Person","@id":"https:\/\/www.gaveanews.com\/#\/schema\/person\/2ec14f73fb96be2caf28f91afb14749d","name":"Equipe G\u00e1vea News","image":{"@type":"ImageObject","inLanguage":"pt-BR","@id":"https:\/\/www.gaveanews.com\/#\/schema\/person\/image\/","url":"https:\/\/secure.gravatar.com\/avatar\/1e1956f1facbffd3f8fa53a326721950116b3b9dc9bd44939c01180fd4a745a9?s=96&d=mm&r=g","contentUrl":"https:\/\/secure.gravatar.com\/avatar\/1e1956f1facbffd3f8fa53a326721950116b3b9dc9bd44939c01180fd4a745a9?s=96&d=mm&r=g","caption":"Equipe G\u00e1vea News"}}]}},"_links":{"self":[{"href":"https:\/\/www.gaveanews.com\/index.php\/wp-json\/wp\/v2\/posts\/32502","targetHints":{"allow":["GET"]}}],"collection":[{"href":"https:\/\/www.gaveanews.com\/index.php\/wp-json\/wp\/v2\/posts"}],"about":[{"href":"https:\/\/www.gaveanews.com\/index.php\/wp-json\/wp\/v2\/types\/post"}],"author":[{"embeddable":true,"href":"https:\/\/www.gaveanews.com\/index.php\/wp-json\/wp\/v2\/users\/1"}],"replies":[{"embeddable":true,"href":"https:\/\/www.gaveanews.com\/index.php\/wp-json\/wp\/v2\/comments?post=32502"}],"version-history":[{"count":0,"href":"https:\/\/www.gaveanews.com\/index.php\/wp-json\/wp\/v2\/posts\/32502\/revisions"}],"wp:featuredmedia":[{"embeddable":true,"href":"https:\/\/www.gaveanews.com\/index.php\/wp-json\/wp\/v2\/media\/31014"}],"wp:attachment":[{"href":"https:\/\/www.gaveanews.com\/index.php\/wp-json\/wp\/v2\/media?parent=32502"}],"wp:term":[{"taxonomy":"category","embeddable":true,"href":"https:\/\/www.gaveanews.com\/index.php\/wp-json\/wp\/v2\/categories?post=32502"},{"taxonomy":"post_tag","embeddable":true,"href":"https:\/\/www.gaveanews.com\/index.php\/wp-json\/wp\/v2\/tags?post=32502"}],"curies":[{"name":"wp","href":"https:\/\/api.w.org\/{rel}","templated":true}]}}