{"id":32638,"date":"2019-11-27T20:24:26","date_gmt":"2019-11-27T23:24:26","guid":{"rendered":"http:\/\/www.gaveanews.com\/?p=32638"},"modified":"2019-11-27T20:38:08","modified_gmt":"2019-11-27T23:38:08","slug":"apos-titulos-gabigol-inova-e-muda-o-visual-flamengo-utilizara-camisa-especial-diante-do-ceara","status":"publish","type":"post","link":"https:\/\/www.gaveanews.com\/index.php\/2019\/11\/27\/apos-titulos-gabigol-inova-e-muda-o-visual-flamengo-utilizara-camisa-especial-diante-do-ceara\/","title":{"rendered":"Ap\u00f3s t\u00edtulos, Gabigol inova e muda o visual; Flamengo utilizar\u00e1 camisa especial diante do Cear\u00e1"},"content":{"rendered":"\n<p>Ap\u00f3s conquistar a Libertadores e o Campeonato Brasileiro pelo Flamengo no \u00faltimo fim de semana, Gabigol mudou o visual e adotou dreads loiros. O jogador convidou o hairstylist Marcos Barone, de S\u00e3o Paulo, para fazer a transforma\u00e7\u00e3o que demorou cerca de quatro horas.<\/p>\n\n\n\n<p>Gabigol ir\u00e1 estrear o novo visual na noite de hoje, durante o jogo da ta\u00e7a contra o Cear\u00e1 no Maracan\u00e3, \u00e0s 21h30. Com o t\u00edtulo do Brasileiro garantido, o atacante ir\u00e1 acompanhar a partida do camarote.<\/p>\n\n\n\n<figure class=\"wp-block-embed-twitter wp-block-embed is-type-rich is-provider-twitter\"><div class=\"wp-block-embed__wrapper\">\nhttps:\/\/twitter.com\/gavea_news\/status\/1199834737256386560\n<\/div><\/figure>\n\n\n\n<h2 class=\"wp-block-heading\"><strong>Flamengo utilizar\u00e1 camisa especial diante do Cear\u00e1<\/strong>:<\/h2>\n\n\n\n<figure class=\"wp-block-embed-youtube wp-block-embed is-type-video is-provider-youtube wp-embed-aspect-16-9 wp-has-aspect-ratio\"><div class=\"wp-block-embed__wrapper\">\n<iframe loading=\"lazy\" title=\"Flamengo x Cear\u00e1 Ao Vivo - Maracan\u00e3 (BR)\" width=\"640\" height=\"360\" src=\"https:\/\/www.youtube.com\/embed\/HEE_ivCoi68?feature=oembed\" frameborder=\"0\" allow=\"accelerometer; autoplay; clipboard-write; encrypted-media; gyroscope; picture-in-picture; web-share\" referrerpolicy=\"strict-origin-when-cross-origin\" allowfullscreen><\/iframe>\n<\/div><\/figure>\n\n\n\n<p>Campe\u00e3o brasileiro de 2019 de forma antecipada, Flamengo ter\u00e1 novidade em seu uniforme no jogo desta quarta-feira, contra o Cear\u00e1, pela 35\u00aa rodada do Campeonato Brasileiro, no Maracan\u00e3. O Rubro-Negro ter\u00e1 na camisa patchs em refer\u00eancia ao t\u00edtulo assegurado matematicamente no \u00faltimo domingo.<\/p>\n\n\n\n<p>H\u00e1 um patch no peito e outro nas mangas, ambos com a inscri\u00e7\u00e3o &#8220;Brasileir\u00e3o 2019 &#8211; Campe\u00e3o&#8221;. O Flamengo divulgou a imagem da camisa com os adere\u00e7os em suas redes sociais.<\/p>\n\n\n\n<figure class=\"wp-block-image size-large\"><img decoding=\"async\" src=\"https:\/\/s2.glbimg.com\/dIuWJ7ml302hbJIHRgITy3vIYwg=\/0x0:2048x1536\/1000x0\/smart\/filters:strip_icc()\/i.s3.glbimg.com\/v1\/AUTH_bc8228b6673f488aa253bbcb03c80ec5\/internal_photos\/bs\/2019\/2\/L\/V8vERFR4aFVkKqIuJY4Q\/patchcampeao.webp\" alt=\"\"\/><figcaption>Uniforme do Flamengo com patch de campe\u00e3o brasileiro 2019 (Foto: Divulga\u00e7\u00e3o)<\/figcaption><\/figure>\n\n\n\n<p>A noite ser\u00e1 de festa para a torcida rubro-negra no Maracan\u00e3. O Flamengo receber\u00e1 a ta\u00e7a de campe\u00e3o em uma cerim\u00f4nia que ser\u00e1 realizada ap\u00f3s a partida. O duelo com o Cear\u00e1 est\u00e1 marcado para as 21h30 (hor\u00e1rio de Bras\u00edlia).<\/p>\n\n\n\n<p>Retirado de: Globo Esporte<\/p>\n","protected":false},"excerpt":{"rendered":"<p>Ap\u00f3s conquistar a Libertadores e o Campeonato Brasileiro pelo Flamengo no \u00faltimo fim de semana, Gabigol mudou o visual e adotou dreads loiros. O jogador convidou o hairstylist Marcos Barone, de S\u00e3o Paulo, para fazer a transforma\u00e7\u00e3o que demorou cerca de quatro horas. Gabigol ir\u00e1 estrear o novo visual na noite de hoje, durante o [&hellip;]<\/p>\n","protected":false},"author":1,"featured_media":16214,"comment_status":"open","ping_status":"open","sticky":false,"template":"","format":"standard","meta":{"footnotes":""},"categories":[1],"tags":[],"class_list":["post-32638","post","type-post","status-publish","format-standard","has-post-thumbnail","hentry","category-flamengo"],"yoast_head":"<!-- This site is optimized with the Yoast SEO Premium plugin v24.2 (Yoast SEO v26.9) - https:\/\/yoast.com\/product\/yoast-seo-premium-wordpress\/ -->\n<title>Ap\u00f3s t\u00edtulos, Gabigol inova e muda o visual; Flamengo utilizar\u00e1 camisa especial diante do Cear\u00e1<\/title>\n<meta name=\"robots\" content=\"index, follow, max-snippet:-1, max-image-preview:large, max-video-preview:-1\" \/>\n<link rel=\"canonical\" href=\"https:\/\/www.gaveanews.com\/index.php\/2019\/11\/27\/apos-titulos-gabigol-inova-e-muda-o-visual-flamengo-utilizara-camisa-especial-diante-do-ceara\/\" \/>\n<meta property=\"og:locale\" content=\"pt_BR\" \/>\n<meta property=\"og:type\" content=\"article\" \/>\n<meta property=\"og:title\" content=\"Ap\u00f3s t\u00edtulos, Gabigol inova e muda o visual; Flamengo utilizar\u00e1 camisa especial diante do Cear\u00e1\" \/>\n<meta property=\"og:description\" content=\"Ap\u00f3s conquistar a Libertadores e o Campeonato Brasileiro pelo Flamengo no \u00faltimo fim de semana, Gabigol mudou o visual e adotou dreads loiros. O jogador convidou o hairstylist Marcos Barone, de S\u00e3o Paulo, para fazer a transforma\u00e7\u00e3o que demorou cerca de quatro horas. Gabigol ir\u00e1 estrear o novo visual na noite de hoje, durante o [&hellip;]\" \/>\n<meta property=\"og:url\" content=\"https:\/\/www.gaveanews.com\/index.php\/2019\/11\/27\/apos-titulos-gabigol-inova-e-muda-o-visual-flamengo-utilizara-camisa-especial-diante-do-ceara\/\" \/>\n<meta property=\"og:site_name\" content=\"G\u00e1vea News\" \/>\n<meta property=\"article:publisher\" content=\"https:\/\/facebook.com\/gaveaNews\/\" \/>\n<meta property=\"article:published_time\" content=\"2019-11-27T23:24:26+00:00\" \/>\n<meta property=\"article:modified_time\" content=\"2019-11-27T23:38:08+00:00\" \/>\n<meta property=\"og:image\" content=\"https:\/\/www.gaveanews.com\/wp-content\/uploads\/2019\/03\/Logomarca-da-Adidas.webp\" \/>\n\t<meta property=\"og:image:width\" content=\"1200\" \/>\n\t<meta property=\"og:image:height\" content=\"600\" \/>\n\t<meta property=\"og:image:type\" content=\"image\/png\" \/>\n<meta name=\"author\" content=\"Equipe G\u00e1vea News\" \/>\n<meta name=\"twitter:card\" content=\"summary_large_image\" \/>\n<meta name=\"twitter:label1\" content=\"Escrito por\" \/>\n\t<meta name=\"twitter:data1\" content=\"Equipe G\u00e1vea News\" \/>\n\t<meta name=\"twitter:label2\" content=\"Est. tempo de leitura\" \/>\n\t<meta name=\"twitter:data2\" content=\"1 minuto\" \/>\n<script type=\"application\/ld+json\" class=\"yoast-schema-graph\">{\"@context\":\"https:\/\/schema.org\",\"@graph\":[{\"@type\":\"NewsArticle\",\"@id\":\"https:\/\/www.gaveanews.com\/index.php\/2019\/11\/27\/apos-titulos-gabigol-inova-e-muda-o-visual-flamengo-utilizara-camisa-especial-diante-do-ceara\/#article\",\"isPartOf\":{\"@id\":\"https:\/\/www.gaveanews.com\/index.php\/2019\/11\/27\/apos-titulos-gabigol-inova-e-muda-o-visual-flamengo-utilizara-camisa-especial-diante-do-ceara\/\"},\"author\":{\"name\":\"Equipe G\u00e1vea News\",\"@id\":\"https:\/\/www.gaveanews.com\/#\/schema\/person\/2ec14f73fb96be2caf28f91afb14749d\"},\"headline\":\"Ap\u00f3s t\u00edtulos, Gabigol inova e muda o visual; Flamengo utilizar\u00e1 camisa especial diante do Cear\u00e1\",\"datePublished\":\"2019-11-27T23:24:26+00:00\",\"dateModified\":\"2019-11-27T23:38:08+00:00\",\"mainEntityOfPage\":{\"@id\":\"https:\/\/www.gaveanews.com\/index.php\/2019\/11\/27\/apos-titulos-gabigol-inova-e-muda-o-visual-flamengo-utilizara-camisa-especial-diante-do-ceara\/\"},\"wordCount\":262,\"commentCount\":0,\"image\":{\"@id\":\"https:\/\/www.gaveanews.com\/index.php\/2019\/11\/27\/apos-titulos-gabigol-inova-e-muda-o-visual-flamengo-utilizara-camisa-especial-diante-do-ceara\/#primaryimage\"},\"thumbnailUrl\":\"https:\/\/www.gaveanews.com\/wp-content\/uploads\/2019\/03\/Logomarca-da-Adidas.webp\",\"articleSection\":[\"Flamengo\"],\"inLanguage\":\"pt-BR\",\"potentialAction\":[{\"@type\":\"CommentAction\",\"name\":\"Comment\",\"target\":[\"https:\/\/www.gaveanews.com\/index.php\/2019\/11\/27\/apos-titulos-gabigol-inova-e-muda-o-visual-flamengo-utilizara-camisa-especial-diante-do-ceara\/#respond\"]}],\"copyrightYear\":\"2019\",\"copyrightHolder\":{\"@id\":\"https:\/\/www.gaveanews.com\/#organization\"}},{\"@type\":\"WebPage\",\"@id\":\"https:\/\/www.gaveanews.com\/index.php\/2019\/11\/27\/apos-titulos-gabigol-inova-e-muda-o-visual-flamengo-utilizara-camisa-especial-diante-do-ceara\/\",\"url\":\"https:\/\/www.gaveanews.com\/index.php\/2019\/11\/27\/apos-titulos-gabigol-inova-e-muda-o-visual-flamengo-utilizara-camisa-especial-diante-do-ceara\/\",\"name\":\"Ap\u00f3s t\u00edtulos, Gabigol inova e muda o visual; Flamengo utilizar\u00e1 camisa especial diante do Cear\u00e1\",\"isPartOf\":{\"@id\":\"https:\/\/www.gaveanews.com\/#website\"},\"primaryImageOfPage\":{\"@id\":\"https:\/\/www.gaveanews.com\/index.php\/2019\/11\/27\/apos-titulos-gabigol-inova-e-muda-o-visual-flamengo-utilizara-camisa-especial-diante-do-ceara\/#primaryimage\"},\"image\":{\"@id\":\"https:\/\/www.gaveanews.com\/index.php\/2019\/11\/27\/apos-titulos-gabigol-inova-e-muda-o-visual-flamengo-utilizara-camisa-especial-diante-do-ceara\/#primaryimage\"},\"thumbnailUrl\":\"https:\/\/www.gaveanews.com\/wp-content\/uploads\/2019\/03\/Logomarca-da-Adidas.webp\",\"datePublished\":\"2019-11-27T23:24:26+00:00\",\"dateModified\":\"2019-11-27T23:38:08+00:00\",\"author\":{\"@id\":\"https:\/\/www.gaveanews.com\/#\/schema\/person\/2ec14f73fb96be2caf28f91afb14749d\"},\"breadcrumb\":{\"@id\":\"https:\/\/www.gaveanews.com\/index.php\/2019\/11\/27\/apos-titulos-gabigol-inova-e-muda-o-visual-flamengo-utilizara-camisa-especial-diante-do-ceara\/#breadcrumb\"},\"inLanguage\":\"pt-BR\",\"potentialAction\":[{\"@type\":\"ReadAction\",\"target\":[\"https:\/\/www.gaveanews.com\/index.php\/2019\/11\/27\/apos-titulos-gabigol-inova-e-muda-o-visual-flamengo-utilizara-camisa-especial-diante-do-ceara\/\"]}]},{\"@type\":\"ImageObject\",\"inLanguage\":\"pt-BR\",\"@id\":\"https:\/\/www.gaveanews.com\/index.php\/2019\/11\/27\/apos-titulos-gabigol-inova-e-muda-o-visual-flamengo-utilizara-camisa-especial-diante-do-ceara\/#primaryimage\",\"url\":\"https:\/\/www.gaveanews.com\/wp-content\/uploads\/2019\/03\/Logomarca-da-Adidas.webp\",\"contentUrl\":\"https:\/\/www.gaveanews.com\/wp-content\/uploads\/2019\/03\/Logomarca-da-Adidas.webp\",\"width\":1200,\"height\":600,\"caption\":\"Logomarca da Adidas (Foto: Reprodu\u00e7\u00e3o)\"},{\"@type\":\"BreadcrumbList\",\"@id\":\"https:\/\/www.gaveanews.com\/index.php\/2019\/11\/27\/apos-titulos-gabigol-inova-e-muda-o-visual-flamengo-utilizara-camisa-especial-diante-do-ceara\/#breadcrumb\",\"itemListElement\":[{\"@type\":\"ListItem\",\"position\":1,\"name\":\"Home\",\"item\":\"https:\/\/www.gaveanews.com\/\"},{\"@type\":\"ListItem\",\"position\":2,\"name\":\"Ap\u00f3s t\u00edtulos, Gabigol inova e muda o visual; Flamengo utilizar\u00e1 camisa especial diante do Cear\u00e1\"}]},{\"@type\":\"WebSite\",\"@id\":\"https:\/\/www.gaveanews.com\/#website\",\"url\":\"https:\/\/www.gaveanews.com\/\",\"name\":\"G\u00e1vea News\",\"description\":\"Veja todas as not\u00edcias sobre o Flamengo: Contrata\u00e7\u00f5es, categorias de base, resultados das partidas, tabela de classifica\u00e7\u00e3o, pr\u00f3ximos jogos!\",\"potentialAction\":[{\"@type\":\"SearchAction\",\"target\":{\"@type\":\"EntryPoint\",\"urlTemplate\":\"https:\/\/www.gaveanews.com\/?s={search_term_string}\"},\"query-input\":{\"@type\":\"PropertyValueSpecification\",\"valueRequired\":true,\"valueName\":\"search_term_string\"}}],\"inLanguage\":\"pt-BR\"},{\"@type\":\"Person\",\"@id\":\"https:\/\/www.gaveanews.com\/#\/schema\/person\/2ec14f73fb96be2caf28f91afb14749d\",\"name\":\"Equipe G\u00e1vea News\",\"image\":{\"@type\":\"ImageObject\",\"inLanguage\":\"pt-BR\",\"@id\":\"https:\/\/www.gaveanews.com\/#\/schema\/person\/image\/\",\"url\":\"https:\/\/secure.gravatar.com\/avatar\/1e1956f1facbffd3f8fa53a326721950116b3b9dc9bd44939c01180fd4a745a9?s=96&d=mm&r=g\",\"contentUrl\":\"https:\/\/secure.gravatar.com\/avatar\/1e1956f1facbffd3f8fa53a326721950116b3b9dc9bd44939c01180fd4a745a9?s=96&d=mm&r=g\",\"caption\":\"Equipe G\u00e1vea News\"}}]}<\/script>\n<!-- \/ Yoast SEO Premium plugin. -->","yoast_head_json":{"title":"Ap\u00f3s t\u00edtulos, Gabigol inova e muda o visual; Flamengo utilizar\u00e1 camisa especial diante do Cear\u00e1","robots":{"index":"index","follow":"follow","max-snippet":"max-snippet:-1","max-image-preview":"max-image-preview:large","max-video-preview":"max-video-preview:-1"},"canonical":"https:\/\/www.gaveanews.com\/index.php\/2019\/11\/27\/apos-titulos-gabigol-inova-e-muda-o-visual-flamengo-utilizara-camisa-especial-diante-do-ceara\/","og_locale":"pt_BR","og_type":"article","og_title":"Ap\u00f3s t\u00edtulos, Gabigol inova e muda o visual; Flamengo utilizar\u00e1 camisa especial diante do Cear\u00e1","og_description":"Ap\u00f3s conquistar a Libertadores e o Campeonato Brasileiro pelo Flamengo no \u00faltimo fim de semana, Gabigol mudou o visual e adotou dreads loiros. O jogador convidou o hairstylist Marcos Barone, de S\u00e3o Paulo, para fazer a transforma\u00e7\u00e3o que demorou cerca de quatro horas. Gabigol ir\u00e1 estrear o novo visual na noite de hoje, durante o [&hellip;]","og_url":"https:\/\/www.gaveanews.com\/index.php\/2019\/11\/27\/apos-titulos-gabigol-inova-e-muda-o-visual-flamengo-utilizara-camisa-especial-diante-do-ceara\/","og_site_name":"G\u00e1vea News","article_publisher":"https:\/\/facebook.com\/gaveaNews\/","article_published_time":"2019-11-27T23:24:26+00:00","article_modified_time":"2019-11-27T23:38:08+00:00","og_image":[{"width":1200,"height":600,"url":"https:\/\/www.gaveanews.com\/wp-content\/uploads\/2019\/03\/Logomarca-da-Adidas.webp","type":"image\/png"}],"author":"Equipe G\u00e1vea News","twitter_card":"summary_large_image","twitter_misc":{"Escrito por":"Equipe G\u00e1vea News","Est. tempo de leitura":"1 minuto"},"schema":{"@context":"https:\/\/schema.org","@graph":[{"@type":"NewsArticle","@id":"https:\/\/www.gaveanews.com\/index.php\/2019\/11\/27\/apos-titulos-gabigol-inova-e-muda-o-visual-flamengo-utilizara-camisa-especial-diante-do-ceara\/#article","isPartOf":{"@id":"https:\/\/www.gaveanews.com\/index.php\/2019\/11\/27\/apos-titulos-gabigol-inova-e-muda-o-visual-flamengo-utilizara-camisa-especial-diante-do-ceara\/"},"author":{"name":"Equipe G\u00e1vea News","@id":"https:\/\/www.gaveanews.com\/#\/schema\/person\/2ec14f73fb96be2caf28f91afb14749d"},"headline":"Ap\u00f3s t\u00edtulos, Gabigol inova e muda o visual; Flamengo utilizar\u00e1 camisa especial diante do Cear\u00e1","datePublished":"2019-11-27T23:24:26+00:00","dateModified":"2019-11-27T23:38:08+00:00","mainEntityOfPage":{"@id":"https:\/\/www.gaveanews.com\/index.php\/2019\/11\/27\/apos-titulos-gabigol-inova-e-muda-o-visual-flamengo-utilizara-camisa-especial-diante-do-ceara\/"},"wordCount":262,"commentCount":0,"image":{"@id":"https:\/\/www.gaveanews.com\/index.php\/2019\/11\/27\/apos-titulos-gabigol-inova-e-muda-o-visual-flamengo-utilizara-camisa-especial-diante-do-ceara\/#primaryimage"},"thumbnailUrl":"https:\/\/www.gaveanews.com\/wp-content\/uploads\/2019\/03\/Logomarca-da-Adidas.webp","articleSection":["Flamengo"],"inLanguage":"pt-BR","potentialAction":[{"@type":"CommentAction","name":"Comment","target":["https:\/\/www.gaveanews.com\/index.php\/2019\/11\/27\/apos-titulos-gabigol-inova-e-muda-o-visual-flamengo-utilizara-camisa-especial-diante-do-ceara\/#respond"]}],"copyrightYear":"2019","copyrightHolder":{"@id":"https:\/\/www.gaveanews.com\/#organization"}},{"@type":"WebPage","@id":"https:\/\/www.gaveanews.com\/index.php\/2019\/11\/27\/apos-titulos-gabigol-inova-e-muda-o-visual-flamengo-utilizara-camisa-especial-diante-do-ceara\/","url":"https:\/\/www.gaveanews.com\/index.php\/2019\/11\/27\/apos-titulos-gabigol-inova-e-muda-o-visual-flamengo-utilizara-camisa-especial-diante-do-ceara\/","name":"Ap\u00f3s t\u00edtulos, Gabigol inova e muda o visual; Flamengo utilizar\u00e1 camisa especial diante do Cear\u00e1","isPartOf":{"@id":"https:\/\/www.gaveanews.com\/#website"},"primaryImageOfPage":{"@id":"https:\/\/www.gaveanews.com\/index.php\/2019\/11\/27\/apos-titulos-gabigol-inova-e-muda-o-visual-flamengo-utilizara-camisa-especial-diante-do-ceara\/#primaryimage"},"image":{"@id":"https:\/\/www.gaveanews.com\/index.php\/2019\/11\/27\/apos-titulos-gabigol-inova-e-muda-o-visual-flamengo-utilizara-camisa-especial-diante-do-ceara\/#primaryimage"},"thumbnailUrl":"https:\/\/www.gaveanews.com\/wp-content\/uploads\/2019\/03\/Logomarca-da-Adidas.webp","datePublished":"2019-11-27T23:24:26+00:00","dateModified":"2019-11-27T23:38:08+00:00","author":{"@id":"https:\/\/www.gaveanews.com\/#\/schema\/person\/2ec14f73fb96be2caf28f91afb14749d"},"breadcrumb":{"@id":"https:\/\/www.gaveanews.com\/index.php\/2019\/11\/27\/apos-titulos-gabigol-inova-e-muda-o-visual-flamengo-utilizara-camisa-especial-diante-do-ceara\/#breadcrumb"},"inLanguage":"pt-BR","potentialAction":[{"@type":"ReadAction","target":["https:\/\/www.gaveanews.com\/index.php\/2019\/11\/27\/apos-titulos-gabigol-inova-e-muda-o-visual-flamengo-utilizara-camisa-especial-diante-do-ceara\/"]}]},{"@type":"ImageObject","inLanguage":"pt-BR","@id":"https:\/\/www.gaveanews.com\/index.php\/2019\/11\/27\/apos-titulos-gabigol-inova-e-muda-o-visual-flamengo-utilizara-camisa-especial-diante-do-ceara\/#primaryimage","url":"https:\/\/www.gaveanews.com\/wp-content\/uploads\/2019\/03\/Logomarca-da-Adidas.webp","contentUrl":"https:\/\/www.gaveanews.com\/wp-content\/uploads\/2019\/03\/Logomarca-da-Adidas.webp","width":1200,"height":600,"caption":"Logomarca da Adidas (Foto: Reprodu\u00e7\u00e3o)"},{"@type":"BreadcrumbList","@id":"https:\/\/www.gaveanews.com\/index.php\/2019\/11\/27\/apos-titulos-gabigol-inova-e-muda-o-visual-flamengo-utilizara-camisa-especial-diante-do-ceara\/#breadcrumb","itemListElement":[{"@type":"ListItem","position":1,"name":"Home","item":"https:\/\/www.gaveanews.com\/"},{"@type":"ListItem","position":2,"name":"Ap\u00f3s t\u00edtulos, Gabigol inova e muda o visual; Flamengo utilizar\u00e1 camisa especial diante do Cear\u00e1"}]},{"@type":"WebSite","@id":"https:\/\/www.gaveanews.com\/#website","url":"https:\/\/www.gaveanews.com\/","name":"G\u00e1vea News","description":"Veja todas as not\u00edcias sobre o Flamengo: Contrata\u00e7\u00f5es, categorias de base, resultados das partidas, tabela de classifica\u00e7\u00e3o, pr\u00f3ximos jogos!","potentialAction":[{"@type":"SearchAction","target":{"@type":"EntryPoint","urlTemplate":"https:\/\/www.gaveanews.com\/?s={search_term_string}"},"query-input":{"@type":"PropertyValueSpecification","valueRequired":true,"valueName":"search_term_string"}}],"inLanguage":"pt-BR"},{"@type":"Person","@id":"https:\/\/www.gaveanews.com\/#\/schema\/person\/2ec14f73fb96be2caf28f91afb14749d","name":"Equipe G\u00e1vea News","image":{"@type":"ImageObject","inLanguage":"pt-BR","@id":"https:\/\/www.gaveanews.com\/#\/schema\/person\/image\/","url":"https:\/\/secure.gravatar.com\/avatar\/1e1956f1facbffd3f8fa53a326721950116b3b9dc9bd44939c01180fd4a745a9?s=96&d=mm&r=g","contentUrl":"https:\/\/secure.gravatar.com\/avatar\/1e1956f1facbffd3f8fa53a326721950116b3b9dc9bd44939c01180fd4a745a9?s=96&d=mm&r=g","caption":"Equipe G\u00e1vea News"}}]}},"_links":{"self":[{"href":"https:\/\/www.gaveanews.com\/index.php\/wp-json\/wp\/v2\/posts\/32638","targetHints":{"allow":["GET"]}}],"collection":[{"href":"https:\/\/www.gaveanews.com\/index.php\/wp-json\/wp\/v2\/posts"}],"about":[{"href":"https:\/\/www.gaveanews.com\/index.php\/wp-json\/wp\/v2\/types\/post"}],"author":[{"embeddable":true,"href":"https:\/\/www.gaveanews.com\/index.php\/wp-json\/wp\/v2\/users\/1"}],"replies":[{"embeddable":true,"href":"https:\/\/www.gaveanews.com\/index.php\/wp-json\/wp\/v2\/comments?post=32638"}],"version-history":[{"count":0,"href":"https:\/\/www.gaveanews.com\/index.php\/wp-json\/wp\/v2\/posts\/32638\/revisions"}],"wp:featuredmedia":[{"embeddable":true,"href":"https:\/\/www.gaveanews.com\/index.php\/wp-json\/wp\/v2\/media\/16214"}],"wp:attachment":[{"href":"https:\/\/www.gaveanews.com\/index.php\/wp-json\/wp\/v2\/media?parent=32638"}],"wp:term":[{"taxonomy":"category","embeddable":true,"href":"https:\/\/www.gaveanews.com\/index.php\/wp-json\/wp\/v2\/categories?post=32638"},{"taxonomy":"post_tag","embeddable":true,"href":"https:\/\/www.gaveanews.com\/index.php\/wp-json\/wp\/v2\/tags?post=32638"}],"curies":[{"name":"wp","href":"https:\/\/api.w.org\/{rel}","templated":true}]}}