{"id":32673,"date":"2019-11-28T09:09:52","date_gmt":"2019-11-28T12:09:52","guid":{"rendered":"http:\/\/www.gaveanews.com\/?p=32673"},"modified":"2019-11-28T09:10:15","modified_gmt":"2019-11-28T12:10:15","slug":"video-presidente-do-flamengo-fala-sobre-futuro-de-jorge-jesus-e-revela-historia-curiosa-do-treinador","status":"publish","type":"post","link":"https:\/\/www.gaveanews.com\/index.php\/2019\/11\/28\/video-presidente-do-flamengo-fala-sobre-futuro-de-jorge-jesus-e-revela-historia-curiosa-do-treinador\/","title":{"rendered":"V\u00eddeo: Presidente do Flamengo fala sobre futuro de Jorge Jesus e revela hist\u00f3ria curiosa do treinador"},"content":{"rendered":"\n<p>Campe\u00e3o da Libertadores e Campeonato Brasileiro em 2019, al\u00e9m da chance de lutar pelo t\u00edtulo do Mundial de Clubes, o t\u00e9cnico Jorge Jesus ganhou o centro dos holofotes no mercado da bola devido ao grande feito com o clube carioca e pelo fato de seu contrato ter dura\u00e7\u00e3o somente at\u00e9 maio de 2020. <\/p>\n\n\n\n<p>Seu futuro passou a ser especulado em equipes da Europa e \u00c1sia, mas o time rubro-negro est\u00e1 respaldado por um acordo do presidente Rodolfo Landim com o treinador portugu\u00eas para se reunir ao fim da temporada para deixar tudo acertado para o pr\u00f3ximo ano.<\/p>\n\n\n\n<p>Durante a festa pelo heptacampeonato brasileiro, ap\u00f3s goleada por 4 a 1 sobre o Cear\u00e1, o presidente do Flamengo, Rodolfo Landim, comentou com a imprensa presente no gramado do est\u00e1dio do Maracan\u00e3 sobre a boa possibilidade de continuidade do treinador portugu\u00eas no clube em 2020.<\/p>\n\n\n\n<p>\u201cAcho que d\u00e1 [para ficar]. Acho que ele quer ficar tamb\u00e9m. N\u00f3s ainda n\u00e3o conversamos porque acertamos que voltar\u00edamos a falar ao final da temporada para n\u00e3o perder o foco. Agora a temporada ficou mais longa, n\u00e9. Gra\u00e7as a Deus. Vamos ao Mundial e a temporada segue at\u00e9 o dia 21 [de dezembro]. Vamos confiantes em ter um bom resultado.<\/p>\n\n\n\n<p>O presidente rubro-negro ainda revelou hist\u00f3ria inusitada que ocorreu enquanto negociava o contrato do t\u00e9cnico, apelidado de Mister, antes do anuncio oficial.<\/p>\n\n\n\n<p>\u201cQuando estava negociando o contrato com o Mister, falamos de Brasileiro, falamos de premia\u00e7\u00e3o de Libertadores e a\u00ed ele falou: \u2018est\u00e1 faltando uma a\u00ed, o Mundial\u2019. Se eu tinha d\u00favida de que o cara certo era ele, eu deixei de ter nesse momento. N\u00f3s pensamos iguais. Queremos ganhar tudo\u201d, contou o dirigente.<\/p>\n\n\n\n<p>Com a vit\u00f3ria sobre o Cear\u00e1, o Flamengo chegou aos 84 pontos na tabela de classifica\u00e7\u00e3o e bateu o recorde de melhor campanha do Brasileir\u00e3o em pontos corridos com 20 clubes \u2013 disputado desde 2006. O time rubro-negro quebrou a marca que pertencia ao Corinthians de 2015 (que fez 81 pontos).<\/p>\n\n\n\n<p>O Meng\u00e3o volta a campo contra o Palmeiras no pr\u00f3ximo domingo (1), \u00e0s 16h (de Bras\u00edlia), no Allianz Parque, em jogo v\u00e1lido pela 36\u00aa rodada do Campeonato Brasileiro 2019.<\/p>\n\n\n\n<p><strong>ASSISTA AO V\u00cdDEO DA DECLARA\u00c7\u00c3O DO DIRIGENTE RUBRO-NEGRO:<\/strong><\/p>\n\n\n\n<figure class=\"wp-block-embed-twitter wp-block-embed is-type-rich is-provider-twitter\"><div class=\"wp-block-embed__wrapper\">\n<blockquote class=\"twitter-tweet\" data-width=\"550\" data-dnt=\"true\"><p lang=\"pt\" dir=\"ltr\">Landim mostra confian\u00e7a na manuten\u00e7\u00e3o do elenco do Flamengo para 2020 e revela hist\u00f3ria curiosa de quando assinou contrato com Jorge Jesus <a href=\"https:\/\/twitter.com\/hashtag\/gefla?src=hash&amp;ref_src=twsrc%5Etfw\">#gefla<\/a> <a href=\"https:\/\/t.co\/MgbvUEZylO\">pic.twitter.com\/MgbvUEZylO<\/a><\/p>&mdash; Thiago Lima (@tdellima) <a href=\"https:\/\/twitter.com\/tdellima\/status\/1199893466043564032?ref_src=twsrc%5Etfw\">November 28, 2019<\/a><\/blockquote><script async src=\"https:\/\/platform.twitter.com\/widgets.js\" charset=\"utf-8\"><\/script>\n<\/div><\/figure>\n\n\n\n<p>Retirado de: Torcedores<\/p>\n","protected":false},"excerpt":{"rendered":"<p>Campe\u00e3o da Libertadores e Campeonato Brasileiro em 2019, al\u00e9m da chance de lutar pelo t\u00edtulo do Mundial de Clubes, o t\u00e9cnico Jorge Jesus ganhou o centro dos holofotes no mercado da bola devido ao grande feito com o clube carioca e pelo fato de seu contrato ter dura\u00e7\u00e3o somente at\u00e9 maio de 2020. Seu futuro [&hellip;]<\/p>\n","protected":false},"author":1,"featured_media":23323,"comment_status":"open","ping_status":"open","sticky":false,"template":"","format":"standard","meta":{"footnotes":""},"categories":[40],"tags":[],"class_list":["post-32673","post","type-post","status-publish","format-standard","has-post-thumbnail","hentry","category-video"],"yoast_head":"<!-- This site is optimized with the Yoast SEO Premium plugin v24.2 (Yoast SEO v26.9) - https:\/\/yoast.com\/product\/yoast-seo-premium-wordpress\/ -->\n<title>V\u00eddeo: Presidente do Flamengo fala sobre futuro de Jorge Jesus e revela hist\u00f3ria curiosa do treinador<\/title>\n<meta name=\"robots\" content=\"index, follow, max-snippet:-1, max-image-preview:large, max-video-preview:-1\" \/>\n<link rel=\"canonical\" href=\"https:\/\/www.gaveanews.com\/index.php\/2019\/11\/28\/video-presidente-do-flamengo-fala-sobre-futuro-de-jorge-jesus-e-revela-historia-curiosa-do-treinador\/\" \/>\n<meta property=\"og:locale\" content=\"pt_BR\" \/>\n<meta property=\"og:type\" content=\"article\" \/>\n<meta property=\"og:title\" content=\"V\u00eddeo: Presidente do Flamengo fala sobre futuro de Jorge Jesus e revela hist\u00f3ria curiosa do treinador\" \/>\n<meta property=\"og:description\" content=\"Campe\u00e3o da Libertadores e Campeonato Brasileiro em 2019, al\u00e9m da chance de lutar pelo t\u00edtulo do Mundial de Clubes, o t\u00e9cnico Jorge Jesus ganhou o centro dos holofotes no mercado da bola devido ao grande feito com o clube carioca e pelo fato de seu contrato ter dura\u00e7\u00e3o somente at\u00e9 maio de 2020. Seu futuro [&hellip;]\" \/>\n<meta property=\"og:url\" content=\"https:\/\/www.gaveanews.com\/index.php\/2019\/11\/28\/video-presidente-do-flamengo-fala-sobre-futuro-de-jorge-jesus-e-revela-historia-curiosa-do-treinador\/\" \/>\n<meta property=\"og:site_name\" content=\"G\u00e1vea News\" \/>\n<meta property=\"article:publisher\" content=\"https:\/\/facebook.com\/gaveaNews\/\" \/>\n<meta property=\"article:published_time\" content=\"2019-11-28T12:09:52+00:00\" \/>\n<meta property=\"article:modified_time\" content=\"2019-11-28T12:10:15+00:00\" \/>\n<meta property=\"og:image\" content=\"https:\/\/www.gaveanews.com\/wp-content\/uploads\/2019\/07\/Jorge-Jesus-durante-uma-partida-do-Flamengo-no-Maracana.webp\" \/>\n\t<meta property=\"og:image:width\" content=\"1\" \/>\n\t<meta property=\"og:image:height\" content=\"1\" \/>\n\t<meta property=\"og:image:type\" content=\"image\/jpeg\" \/>\n<meta name=\"author\" content=\"Equipe G\u00e1vea News\" \/>\n<meta name=\"twitter:card\" content=\"summary_large_image\" \/>\n<meta name=\"twitter:label1\" content=\"Escrito por\" \/>\n\t<meta name=\"twitter:data1\" content=\"Equipe G\u00e1vea News\" \/>\n\t<meta name=\"twitter:label2\" content=\"Est. tempo de leitura\" \/>\n\t<meta name=\"twitter:data2\" content=\"2 minutos\" \/>\n<script type=\"application\/ld+json\" class=\"yoast-schema-graph\">{\"@context\":\"https:\/\/schema.org\",\"@graph\":[{\"@type\":\"NewsArticle\",\"@id\":\"https:\/\/www.gaveanews.com\/index.php\/2019\/11\/28\/video-presidente-do-flamengo-fala-sobre-futuro-de-jorge-jesus-e-revela-historia-curiosa-do-treinador\/#article\",\"isPartOf\":{\"@id\":\"https:\/\/www.gaveanews.com\/index.php\/2019\/11\/28\/video-presidente-do-flamengo-fala-sobre-futuro-de-jorge-jesus-e-revela-historia-curiosa-do-treinador\/\"},\"author\":{\"name\":\"Equipe G\u00e1vea News\",\"@id\":\"https:\/\/www.gaveanews.com\/#\/schema\/person\/2ec14f73fb96be2caf28f91afb14749d\"},\"headline\":\"V\u00eddeo: Presidente do Flamengo fala sobre futuro de Jorge Jesus e revela hist\u00f3ria curiosa do treinador\",\"datePublished\":\"2019-11-28T12:09:52+00:00\",\"dateModified\":\"2019-11-28T12:10:15+00:00\",\"mainEntityOfPage\":{\"@id\":\"https:\/\/www.gaveanews.com\/index.php\/2019\/11\/28\/video-presidente-do-flamengo-fala-sobre-futuro-de-jorge-jesus-e-revela-historia-curiosa-do-treinador\/\"},\"wordCount\":426,\"commentCount\":0,\"image\":{\"@id\":\"https:\/\/www.gaveanews.com\/index.php\/2019\/11\/28\/video-presidente-do-flamengo-fala-sobre-futuro-de-jorge-jesus-e-revela-historia-curiosa-do-treinador\/#primaryimage\"},\"thumbnailUrl\":\"https:\/\/www.gaveanews.com\/wp-content\/uploads\/2019\/07\/Jorge-Jesus-durante-uma-partida-do-Flamengo-no-Maracana.webp\",\"articleSection\":[\"V\u00eddeos\"],\"inLanguage\":\"pt-BR\",\"potentialAction\":[{\"@type\":\"CommentAction\",\"name\":\"Comment\",\"target\":[\"https:\/\/www.gaveanews.com\/index.php\/2019\/11\/28\/video-presidente-do-flamengo-fala-sobre-futuro-de-jorge-jesus-e-revela-historia-curiosa-do-treinador\/#respond\"]}],\"copyrightYear\":\"2019\",\"copyrightHolder\":{\"@id\":\"https:\/\/www.gaveanews.com\/#organization\"}},{\"@type\":\"WebPage\",\"@id\":\"https:\/\/www.gaveanews.com\/index.php\/2019\/11\/28\/video-presidente-do-flamengo-fala-sobre-futuro-de-jorge-jesus-e-revela-historia-curiosa-do-treinador\/\",\"url\":\"https:\/\/www.gaveanews.com\/index.php\/2019\/11\/28\/video-presidente-do-flamengo-fala-sobre-futuro-de-jorge-jesus-e-revela-historia-curiosa-do-treinador\/\",\"name\":\"V\u00eddeo: Presidente do Flamengo fala sobre futuro de Jorge Jesus e revela hist\u00f3ria curiosa do treinador\",\"isPartOf\":{\"@id\":\"https:\/\/www.gaveanews.com\/#website\"},\"primaryImageOfPage\":{\"@id\":\"https:\/\/www.gaveanews.com\/index.php\/2019\/11\/28\/video-presidente-do-flamengo-fala-sobre-futuro-de-jorge-jesus-e-revela-historia-curiosa-do-treinador\/#primaryimage\"},\"image\":{\"@id\":\"https:\/\/www.gaveanews.com\/index.php\/2019\/11\/28\/video-presidente-do-flamengo-fala-sobre-futuro-de-jorge-jesus-e-revela-historia-curiosa-do-treinador\/#primaryimage\"},\"thumbnailUrl\":\"https:\/\/www.gaveanews.com\/wp-content\/uploads\/2019\/07\/Jorge-Jesus-durante-uma-partida-do-Flamengo-no-Maracana.webp\",\"datePublished\":\"2019-11-28T12:09:52+00:00\",\"dateModified\":\"2019-11-28T12:10:15+00:00\",\"author\":{\"@id\":\"https:\/\/www.gaveanews.com\/#\/schema\/person\/2ec14f73fb96be2caf28f91afb14749d\"},\"breadcrumb\":{\"@id\":\"https:\/\/www.gaveanews.com\/index.php\/2019\/11\/28\/video-presidente-do-flamengo-fala-sobre-futuro-de-jorge-jesus-e-revela-historia-curiosa-do-treinador\/#breadcrumb\"},\"inLanguage\":\"pt-BR\",\"potentialAction\":[{\"@type\":\"ReadAction\",\"target\":[\"https:\/\/www.gaveanews.com\/index.php\/2019\/11\/28\/video-presidente-do-flamengo-fala-sobre-futuro-de-jorge-jesus-e-revela-historia-curiosa-do-treinador\/\"]}]},{\"@type\":\"ImageObject\",\"inLanguage\":\"pt-BR\",\"@id\":\"https:\/\/www.gaveanews.com\/index.php\/2019\/11\/28\/video-presidente-do-flamengo-fala-sobre-futuro-de-jorge-jesus-e-revela-historia-curiosa-do-treinador\/#primaryimage\",\"url\":\"https:\/\/www.gaveanews.com\/wp-content\/uploads\/2019\/07\/Jorge-Jesus-durante-uma-partida-do-Flamengo-no-Maracana.webp\",\"contentUrl\":\"https:\/\/www.gaveanews.com\/wp-content\/uploads\/2019\/07\/Jorge-Jesus-durante-uma-partida-do-Flamengo-no-Maracana.webp\",\"width\":901,\"height\":600,\"caption\":\"Jorge Jesus durante uma partida do Flamengo no Maracan\u00e3 (Foto: Alexandre Vidal\/Flamengo)\"},{\"@type\":\"BreadcrumbList\",\"@id\":\"https:\/\/www.gaveanews.com\/index.php\/2019\/11\/28\/video-presidente-do-flamengo-fala-sobre-futuro-de-jorge-jesus-e-revela-historia-curiosa-do-treinador\/#breadcrumb\",\"itemListElement\":[{\"@type\":\"ListItem\",\"position\":1,\"name\":\"Home\",\"item\":\"https:\/\/www.gaveanews.com\/\"},{\"@type\":\"ListItem\",\"position\":2,\"name\":\"V\u00eddeo: Presidente do Flamengo fala sobre futuro de Jorge Jesus e revela hist\u00f3ria curiosa do treinador\"}]},{\"@type\":\"WebSite\",\"@id\":\"https:\/\/www.gaveanews.com\/#website\",\"url\":\"https:\/\/www.gaveanews.com\/\",\"name\":\"G\u00e1vea News\",\"description\":\"Veja todas as not\u00edcias sobre o Flamengo: Contrata\u00e7\u00f5es, categorias de base, resultados das partidas, tabela de classifica\u00e7\u00e3o, pr\u00f3ximos jogos!\",\"potentialAction\":[{\"@type\":\"SearchAction\",\"target\":{\"@type\":\"EntryPoint\",\"urlTemplate\":\"https:\/\/www.gaveanews.com\/?s={search_term_string}\"},\"query-input\":{\"@type\":\"PropertyValueSpecification\",\"valueRequired\":true,\"valueName\":\"search_term_string\"}}],\"inLanguage\":\"pt-BR\"},{\"@type\":\"Person\",\"@id\":\"https:\/\/www.gaveanews.com\/#\/schema\/person\/2ec14f73fb96be2caf28f91afb14749d\",\"name\":\"Equipe G\u00e1vea News\",\"image\":{\"@type\":\"ImageObject\",\"inLanguage\":\"pt-BR\",\"@id\":\"https:\/\/www.gaveanews.com\/#\/schema\/person\/image\/\",\"url\":\"https:\/\/secure.gravatar.com\/avatar\/1e1956f1facbffd3f8fa53a326721950116b3b9dc9bd44939c01180fd4a745a9?s=96&d=mm&r=g\",\"contentUrl\":\"https:\/\/secure.gravatar.com\/avatar\/1e1956f1facbffd3f8fa53a326721950116b3b9dc9bd44939c01180fd4a745a9?s=96&d=mm&r=g\",\"caption\":\"Equipe G\u00e1vea News\"}}]}<\/script>\n<!-- \/ Yoast SEO Premium plugin. -->","yoast_head_json":{"title":"V\u00eddeo: Presidente do Flamengo fala sobre futuro de Jorge Jesus e revela hist\u00f3ria curiosa do treinador","robots":{"index":"index","follow":"follow","max-snippet":"max-snippet:-1","max-image-preview":"max-image-preview:large","max-video-preview":"max-video-preview:-1"},"canonical":"https:\/\/www.gaveanews.com\/index.php\/2019\/11\/28\/video-presidente-do-flamengo-fala-sobre-futuro-de-jorge-jesus-e-revela-historia-curiosa-do-treinador\/","og_locale":"pt_BR","og_type":"article","og_title":"V\u00eddeo: Presidente do Flamengo fala sobre futuro de Jorge Jesus e revela hist\u00f3ria curiosa do treinador","og_description":"Campe\u00e3o da Libertadores e Campeonato Brasileiro em 2019, al\u00e9m da chance de lutar pelo t\u00edtulo do Mundial de Clubes, o t\u00e9cnico Jorge Jesus ganhou o centro dos holofotes no mercado da bola devido ao grande feito com o clube carioca e pelo fato de seu contrato ter dura\u00e7\u00e3o somente at\u00e9 maio de 2020. Seu futuro [&hellip;]","og_url":"https:\/\/www.gaveanews.com\/index.php\/2019\/11\/28\/video-presidente-do-flamengo-fala-sobre-futuro-de-jorge-jesus-e-revela-historia-curiosa-do-treinador\/","og_site_name":"G\u00e1vea News","article_publisher":"https:\/\/facebook.com\/gaveaNews\/","article_published_time":"2019-11-28T12:09:52+00:00","article_modified_time":"2019-11-28T12:10:15+00:00","og_image":[{"url":"https:\/\/www.gaveanews.com\/wp-content\/uploads\/2019\/07\/Jorge-Jesus-durante-uma-partida-do-Flamengo-no-Maracana.webp","width":1,"height":1,"type":"image\/jpeg"}],"author":"Equipe G\u00e1vea News","twitter_card":"summary_large_image","twitter_misc":{"Escrito por":"Equipe G\u00e1vea News","Est. tempo de leitura":"2 minutos"},"schema":{"@context":"https:\/\/schema.org","@graph":[{"@type":"NewsArticle","@id":"https:\/\/www.gaveanews.com\/index.php\/2019\/11\/28\/video-presidente-do-flamengo-fala-sobre-futuro-de-jorge-jesus-e-revela-historia-curiosa-do-treinador\/#article","isPartOf":{"@id":"https:\/\/www.gaveanews.com\/index.php\/2019\/11\/28\/video-presidente-do-flamengo-fala-sobre-futuro-de-jorge-jesus-e-revela-historia-curiosa-do-treinador\/"},"author":{"name":"Equipe G\u00e1vea News","@id":"https:\/\/www.gaveanews.com\/#\/schema\/person\/2ec14f73fb96be2caf28f91afb14749d"},"headline":"V\u00eddeo: Presidente do Flamengo fala sobre futuro de Jorge Jesus e revela hist\u00f3ria curiosa do treinador","datePublished":"2019-11-28T12:09:52+00:00","dateModified":"2019-11-28T12:10:15+00:00","mainEntityOfPage":{"@id":"https:\/\/www.gaveanews.com\/index.php\/2019\/11\/28\/video-presidente-do-flamengo-fala-sobre-futuro-de-jorge-jesus-e-revela-historia-curiosa-do-treinador\/"},"wordCount":426,"commentCount":0,"image":{"@id":"https:\/\/www.gaveanews.com\/index.php\/2019\/11\/28\/video-presidente-do-flamengo-fala-sobre-futuro-de-jorge-jesus-e-revela-historia-curiosa-do-treinador\/#primaryimage"},"thumbnailUrl":"https:\/\/www.gaveanews.com\/wp-content\/uploads\/2019\/07\/Jorge-Jesus-durante-uma-partida-do-Flamengo-no-Maracana.webp","articleSection":["V\u00eddeos"],"inLanguage":"pt-BR","potentialAction":[{"@type":"CommentAction","name":"Comment","target":["https:\/\/www.gaveanews.com\/index.php\/2019\/11\/28\/video-presidente-do-flamengo-fala-sobre-futuro-de-jorge-jesus-e-revela-historia-curiosa-do-treinador\/#respond"]}],"copyrightYear":"2019","copyrightHolder":{"@id":"https:\/\/www.gaveanews.com\/#organization"}},{"@type":"WebPage","@id":"https:\/\/www.gaveanews.com\/index.php\/2019\/11\/28\/video-presidente-do-flamengo-fala-sobre-futuro-de-jorge-jesus-e-revela-historia-curiosa-do-treinador\/","url":"https:\/\/www.gaveanews.com\/index.php\/2019\/11\/28\/video-presidente-do-flamengo-fala-sobre-futuro-de-jorge-jesus-e-revela-historia-curiosa-do-treinador\/","name":"V\u00eddeo: Presidente do Flamengo fala sobre futuro de Jorge Jesus e revela hist\u00f3ria curiosa do treinador","isPartOf":{"@id":"https:\/\/www.gaveanews.com\/#website"},"primaryImageOfPage":{"@id":"https:\/\/www.gaveanews.com\/index.php\/2019\/11\/28\/video-presidente-do-flamengo-fala-sobre-futuro-de-jorge-jesus-e-revela-historia-curiosa-do-treinador\/#primaryimage"},"image":{"@id":"https:\/\/www.gaveanews.com\/index.php\/2019\/11\/28\/video-presidente-do-flamengo-fala-sobre-futuro-de-jorge-jesus-e-revela-historia-curiosa-do-treinador\/#primaryimage"},"thumbnailUrl":"https:\/\/www.gaveanews.com\/wp-content\/uploads\/2019\/07\/Jorge-Jesus-durante-uma-partida-do-Flamengo-no-Maracana.webp","datePublished":"2019-11-28T12:09:52+00:00","dateModified":"2019-11-28T12:10:15+00:00","author":{"@id":"https:\/\/www.gaveanews.com\/#\/schema\/person\/2ec14f73fb96be2caf28f91afb14749d"},"breadcrumb":{"@id":"https:\/\/www.gaveanews.com\/index.php\/2019\/11\/28\/video-presidente-do-flamengo-fala-sobre-futuro-de-jorge-jesus-e-revela-historia-curiosa-do-treinador\/#breadcrumb"},"inLanguage":"pt-BR","potentialAction":[{"@type":"ReadAction","target":["https:\/\/www.gaveanews.com\/index.php\/2019\/11\/28\/video-presidente-do-flamengo-fala-sobre-futuro-de-jorge-jesus-e-revela-historia-curiosa-do-treinador\/"]}]},{"@type":"ImageObject","inLanguage":"pt-BR","@id":"https:\/\/www.gaveanews.com\/index.php\/2019\/11\/28\/video-presidente-do-flamengo-fala-sobre-futuro-de-jorge-jesus-e-revela-historia-curiosa-do-treinador\/#primaryimage","url":"https:\/\/www.gaveanews.com\/wp-content\/uploads\/2019\/07\/Jorge-Jesus-durante-uma-partida-do-Flamengo-no-Maracana.webp","contentUrl":"https:\/\/www.gaveanews.com\/wp-content\/uploads\/2019\/07\/Jorge-Jesus-durante-uma-partida-do-Flamengo-no-Maracana.webp","width":901,"height":600,"caption":"Jorge Jesus durante uma partida do Flamengo no Maracan\u00e3 (Foto: Alexandre Vidal\/Flamengo)"},{"@type":"BreadcrumbList","@id":"https:\/\/www.gaveanews.com\/index.php\/2019\/11\/28\/video-presidente-do-flamengo-fala-sobre-futuro-de-jorge-jesus-e-revela-historia-curiosa-do-treinador\/#breadcrumb","itemListElement":[{"@type":"ListItem","position":1,"name":"Home","item":"https:\/\/www.gaveanews.com\/"},{"@type":"ListItem","position":2,"name":"V\u00eddeo: Presidente do Flamengo fala sobre futuro de Jorge Jesus e revela hist\u00f3ria curiosa do treinador"}]},{"@type":"WebSite","@id":"https:\/\/www.gaveanews.com\/#website","url":"https:\/\/www.gaveanews.com\/","name":"G\u00e1vea News","description":"Veja todas as not\u00edcias sobre o Flamengo: Contrata\u00e7\u00f5es, categorias de base, resultados das partidas, tabela de classifica\u00e7\u00e3o, pr\u00f3ximos jogos!","potentialAction":[{"@type":"SearchAction","target":{"@type":"EntryPoint","urlTemplate":"https:\/\/www.gaveanews.com\/?s={search_term_string}"},"query-input":{"@type":"PropertyValueSpecification","valueRequired":true,"valueName":"search_term_string"}}],"inLanguage":"pt-BR"},{"@type":"Person","@id":"https:\/\/www.gaveanews.com\/#\/schema\/person\/2ec14f73fb96be2caf28f91afb14749d","name":"Equipe G\u00e1vea News","image":{"@type":"ImageObject","inLanguage":"pt-BR","@id":"https:\/\/www.gaveanews.com\/#\/schema\/person\/image\/","url":"https:\/\/secure.gravatar.com\/avatar\/1e1956f1facbffd3f8fa53a326721950116b3b9dc9bd44939c01180fd4a745a9?s=96&d=mm&r=g","contentUrl":"https:\/\/secure.gravatar.com\/avatar\/1e1956f1facbffd3f8fa53a326721950116b3b9dc9bd44939c01180fd4a745a9?s=96&d=mm&r=g","caption":"Equipe G\u00e1vea News"}}]}},"_links":{"self":[{"href":"https:\/\/www.gaveanews.com\/index.php\/wp-json\/wp\/v2\/posts\/32673","targetHints":{"allow":["GET"]}}],"collection":[{"href":"https:\/\/www.gaveanews.com\/index.php\/wp-json\/wp\/v2\/posts"}],"about":[{"href":"https:\/\/www.gaveanews.com\/index.php\/wp-json\/wp\/v2\/types\/post"}],"author":[{"embeddable":true,"href":"https:\/\/www.gaveanews.com\/index.php\/wp-json\/wp\/v2\/users\/1"}],"replies":[{"embeddable":true,"href":"https:\/\/www.gaveanews.com\/index.php\/wp-json\/wp\/v2\/comments?post=32673"}],"version-history":[{"count":0,"href":"https:\/\/www.gaveanews.com\/index.php\/wp-json\/wp\/v2\/posts\/32673\/revisions"}],"wp:featuredmedia":[{"embeddable":true,"href":"https:\/\/www.gaveanews.com\/index.php\/wp-json\/wp\/v2\/media\/23323"}],"wp:attachment":[{"href":"https:\/\/www.gaveanews.com\/index.php\/wp-json\/wp\/v2\/media?parent=32673"}],"wp:term":[{"taxonomy":"category","embeddable":true,"href":"https:\/\/www.gaveanews.com\/index.php\/wp-json\/wp\/v2\/categories?post=32673"},{"taxonomy":"post_tag","embeddable":true,"href":"https:\/\/www.gaveanews.com\/index.php\/wp-json\/wp\/v2\/tags?post=32673"}],"curies":[{"name":"wp","href":"https:\/\/api.w.org\/{rel}","templated":true}]}}