{"id":32706,"date":"2019-11-28T18:30:00","date_gmt":"2019-11-28T21:30:00","guid":{"rendered":"http:\/\/www.gaveanews.com\/?p=32706"},"modified":"2019-11-28T18:03:44","modified_gmt":"2019-11-28T21:03:44","slug":"idolo-do-palmeiras-se-rende-a-temporada-do-flamengo-atropelaram-nao-tem-o-que-falar","status":"publish","type":"post","link":"https:\/\/www.gaveanews.com\/index.php\/2019\/11\/28\/idolo-do-palmeiras-se-rende-a-temporada-do-flamengo-atropelaram-nao-tem-o-que-falar\/","title":{"rendered":"\u00cddolo do Palmeiras se rende \u00e0 temporada do Flamengo: \u201cAtropelaram, n\u00e3o tem o que falar\u201d"},"content":{"rendered":"\n<p>O Flamengo faz de 2019 uma das temporadas mais vitoriosas n\u00e3o s\u00f3 da hist\u00f3ria do clube, mas sim de toda a hist\u00f3ria do futebol nacional. Com os t\u00edtulos do Brasileir\u00e3o e da Libertadores garantidos, o Rubro-Negro ainda tra\u00e7a a meta de conquistar o Mundial Interclubes. Em meio a isso, o ex-goleiro Marcos, que fez hist\u00f3ria no Palmeiras, se rendeu aos feitos do Mais Querido.<\/p>\n\n\n\n<p>Ao falar da equipe comandada por Jorge Jesus, o ex-jogador n\u00e3o escondeu admira\u00e7\u00e3o, afirmando que n\u00e3o h\u00e1 sequer um ponto fraco no atual Flamengo. Al\u00e9m disso, ele destacou o rendimento da equipe no triunfo por 4 a 1 sobre o Cear\u00e1, mesmo ap\u00f3s toda a festa realizada ap\u00f3s as conquistas do Brasileir\u00e3o e da Libertadores.<\/p>\n\n\n\n<p>\u2014 Atropelaram. N\u00e3o tem o que falar do Flamengo este ano. Pode at\u00e9 tentar buscar qualquer defeito no time do Flamengo, mas voc\u00ea n\u00e3o acha. \u00c9 um time que joga bonito, fez um campeonato, a partir de um momento, bem s\u00f3lido, sem problemas. Pelo jogo de ontem, j\u00e1 deu para ver o quanto o Flamengo est\u00e1 sobrando, n\u00e9? Porque era um jogo de ressaca, depois de muita festa, e jogou para caramba. Est\u00e1 vivendo um grande momento e nada mais justo do que ter sido campe\u00e3o. Acho que, para o futebol brasileiro, \u00e9 bom quando um time joga bem e \u00e9 campe\u00e3o, faz os outros correrem atr\u00e1s -, disse o \u00eddolo alviverde, em entrevista ao portal Torcedores.com.<\/p>\n\n\n\n<p>O Palmeiras, clube no qual Marcos se tornou um dos principais nomes ao longo da hist\u00f3ria, se tornou um dos principais rivais do Fla nos \u00faltimos anos. Em 2019, a equipe palestrina foi quem tentou tomar a lideran\u00e7a do Flamengo no Brasileir\u00e3o durante a maior parte do tempo, mas n\u00e3o conseguiu cumprir seu objetivo. Para o pr\u00f3ximo ano, a tend\u00eancia \u00e9 que a rivalidade siga se acirrando, uma vez que as duas equipes t\u00eam o maior potencial de investimento do pa\u00eds.<\/p>\n\n\n\n<p>Retirado de: <a href=\"https:\/\/colunadofla.com\/2019\/11\/idolo-do-palmeiras-se-rende-a-temporada-do-flamengo-atropelaram-nao-tem-o-que-falar\/\">Coluna do Fla<\/a><\/p>\n","protected":false},"excerpt":{"rendered":"<p>O Flamengo faz de 2019 uma das temporadas mais vitoriosas n\u00e3o s\u00f3 da hist\u00f3ria do clube, mas sim de toda a hist\u00f3ria do futebol nacional. Com os t\u00edtulos do Brasileir\u00e3o e da Libertadores garantidos, o Rubro-Negro ainda tra\u00e7a a meta de conquistar o Mundial Interclubes. Em meio a isso, o ex-goleiro Marcos, que fez hist\u00f3ria [&hellip;]<\/p>\n","protected":false},"author":1,"featured_media":28616,"comment_status":"open","ping_status":"open","sticky":false,"template":"","format":"standard","meta":{"footnotes":""},"categories":[47],"tags":[],"class_list":["post-32706","post","type-post","status-publish","format-standard","has-post-thumbnail","hentry","category-destaques"],"yoast_head":"<!-- This site is optimized with the Yoast SEO Premium plugin v24.2 (Yoast SEO v26.9) - https:\/\/yoast.com\/product\/yoast-seo-premium-wordpress\/ -->\n<title>\u00cddolo do Palmeiras se rende \u00e0 temporada do Flamengo: \u201cAtropelaram, n\u00e3o tem o que falar\u201d<\/title>\n<meta name=\"robots\" content=\"index, follow, max-snippet:-1, max-image-preview:large, max-video-preview:-1\" \/>\n<link rel=\"canonical\" href=\"https:\/\/www.gaveanews.com\/index.php\/2019\/11\/28\/idolo-do-palmeiras-se-rende-a-temporada-do-flamengo-atropelaram-nao-tem-o-que-falar\/\" \/>\n<meta property=\"og:locale\" content=\"pt_BR\" \/>\n<meta property=\"og:type\" content=\"article\" \/>\n<meta property=\"og:title\" content=\"\u00cddolo do Palmeiras se rende \u00e0 temporada do Flamengo: \u201cAtropelaram, n\u00e3o tem o que falar\u201d\" \/>\n<meta property=\"og:description\" content=\"O Flamengo faz de 2019 uma das temporadas mais vitoriosas n\u00e3o s\u00f3 da hist\u00f3ria do clube, mas sim de toda a hist\u00f3ria do futebol nacional. Com os t\u00edtulos do Brasileir\u00e3o e da Libertadores garantidos, o Rubro-Negro ainda tra\u00e7a a meta de conquistar o Mundial Interclubes. Em meio a isso, o ex-goleiro Marcos, que fez hist\u00f3ria [&hellip;]\" \/>\n<meta property=\"og:url\" content=\"https:\/\/www.gaveanews.com\/index.php\/2019\/11\/28\/idolo-do-palmeiras-se-rende-a-temporada-do-flamengo-atropelaram-nao-tem-o-que-falar\/\" \/>\n<meta property=\"og:site_name\" content=\"G\u00e1vea News\" \/>\n<meta property=\"article:publisher\" content=\"https:\/\/facebook.com\/gaveaNews\/\" \/>\n<meta property=\"article:published_time\" content=\"2019-11-28T21:30:00+00:00\" \/>\n<meta property=\"og:image\" content=\"https:\/\/www.gaveanews.com\/wp-content\/uploads\/Jorge-Jesus-durante-partida-do-Flamengo-no-estadio-do-Maracana.webp\" \/>\n\t<meta property=\"og:image:width\" content=\"1\" \/>\n\t<meta property=\"og:image:height\" content=\"1\" \/>\n\t<meta property=\"og:image:type\" content=\"image\/jpeg\" \/>\n<meta name=\"author\" content=\"Equipe G\u00e1vea News\" \/>\n<meta name=\"twitter:card\" content=\"summary_large_image\" \/>\n<meta name=\"twitter:label1\" content=\"Escrito por\" \/>\n\t<meta name=\"twitter:data1\" content=\"Equipe G\u00e1vea News\" \/>\n\t<meta name=\"twitter:label2\" content=\"Est. tempo de leitura\" \/>\n\t<meta name=\"twitter:data2\" content=\"2 minutos\" \/>\n<script type=\"application\/ld+json\" class=\"yoast-schema-graph\">{\"@context\":\"https:\/\/schema.org\",\"@graph\":[{\"@type\":\"NewsArticle\",\"@id\":\"https:\/\/www.gaveanews.com\/index.php\/2019\/11\/28\/idolo-do-palmeiras-se-rende-a-temporada-do-flamengo-atropelaram-nao-tem-o-que-falar\/#article\",\"isPartOf\":{\"@id\":\"https:\/\/www.gaveanews.com\/index.php\/2019\/11\/28\/idolo-do-palmeiras-se-rende-a-temporada-do-flamengo-atropelaram-nao-tem-o-que-falar\/\"},\"author\":{\"name\":\"Equipe G\u00e1vea News\",\"@id\":\"https:\/\/www.gaveanews.com\/#\/schema\/person\/2ec14f73fb96be2caf28f91afb14749d\"},\"headline\":\"\u00cddolo do Palmeiras se rende \u00e0 temporada do Flamengo: \u201cAtropelaram, n\u00e3o tem o que falar\u201d\",\"datePublished\":\"2019-11-28T21:30:00+00:00\",\"mainEntityOfPage\":{\"@id\":\"https:\/\/www.gaveanews.com\/index.php\/2019\/11\/28\/idolo-do-palmeiras-se-rende-a-temporada-do-flamengo-atropelaram-nao-tem-o-que-falar\/\"},\"wordCount\":357,\"commentCount\":0,\"image\":{\"@id\":\"https:\/\/www.gaveanews.com\/index.php\/2019\/11\/28\/idolo-do-palmeiras-se-rende-a-temporada-do-flamengo-atropelaram-nao-tem-o-que-falar\/#primaryimage\"},\"thumbnailUrl\":\"https:\/\/www.gaveanews.com\/wp-content\/uploads\/Jorge-Jesus-durante-partida-do-Flamengo-no-estadio-do-Maracana.webp\",\"articleSection\":[\"Destaques\"],\"inLanguage\":\"pt-BR\",\"potentialAction\":[{\"@type\":\"CommentAction\",\"name\":\"Comment\",\"target\":[\"https:\/\/www.gaveanews.com\/index.php\/2019\/11\/28\/idolo-do-palmeiras-se-rende-a-temporada-do-flamengo-atropelaram-nao-tem-o-que-falar\/#respond\"]}],\"copyrightYear\":\"2019\",\"copyrightHolder\":{\"@id\":\"https:\/\/www.gaveanews.com\/#organization\"}},{\"@type\":\"WebPage\",\"@id\":\"https:\/\/www.gaveanews.com\/index.php\/2019\/11\/28\/idolo-do-palmeiras-se-rende-a-temporada-do-flamengo-atropelaram-nao-tem-o-que-falar\/\",\"url\":\"https:\/\/www.gaveanews.com\/index.php\/2019\/11\/28\/idolo-do-palmeiras-se-rende-a-temporada-do-flamengo-atropelaram-nao-tem-o-que-falar\/\",\"name\":\"\u00cddolo do Palmeiras se rende \u00e0 temporada do Flamengo: \u201cAtropelaram, n\u00e3o tem o que falar\u201d\",\"isPartOf\":{\"@id\":\"https:\/\/www.gaveanews.com\/#website\"},\"primaryImageOfPage\":{\"@id\":\"https:\/\/www.gaveanews.com\/index.php\/2019\/11\/28\/idolo-do-palmeiras-se-rende-a-temporada-do-flamengo-atropelaram-nao-tem-o-que-falar\/#primaryimage\"},\"image\":{\"@id\":\"https:\/\/www.gaveanews.com\/index.php\/2019\/11\/28\/idolo-do-palmeiras-se-rende-a-temporada-do-flamengo-atropelaram-nao-tem-o-que-falar\/#primaryimage\"},\"thumbnailUrl\":\"https:\/\/www.gaveanews.com\/wp-content\/uploads\/Jorge-Jesus-durante-partida-do-Flamengo-no-estadio-do-Maracana.webp\",\"datePublished\":\"2019-11-28T21:30:00+00:00\",\"author\":{\"@id\":\"https:\/\/www.gaveanews.com\/#\/schema\/person\/2ec14f73fb96be2caf28f91afb14749d\"},\"breadcrumb\":{\"@id\":\"https:\/\/www.gaveanews.com\/index.php\/2019\/11\/28\/idolo-do-palmeiras-se-rende-a-temporada-do-flamengo-atropelaram-nao-tem-o-que-falar\/#breadcrumb\"},\"inLanguage\":\"pt-BR\",\"potentialAction\":[{\"@type\":\"ReadAction\",\"target\":[\"https:\/\/www.gaveanews.com\/index.php\/2019\/11\/28\/idolo-do-palmeiras-se-rende-a-temporada-do-flamengo-atropelaram-nao-tem-o-que-falar\/\"]}]},{\"@type\":\"ImageObject\",\"inLanguage\":\"pt-BR\",\"@id\":\"https:\/\/www.gaveanews.com\/index.php\/2019\/11\/28\/idolo-do-palmeiras-se-rende-a-temporada-do-flamengo-atropelaram-nao-tem-o-que-falar\/#primaryimage\",\"url\":\"https:\/\/www.gaveanews.com\/wp-content\/uploads\/Jorge-Jesus-durante-partida-do-Flamengo-no-estadio-do-Maracana.webp\",\"contentUrl\":\"https:\/\/www.gaveanews.com\/wp-content\/uploads\/Jorge-Jesus-durante-partida-do-Flamengo-no-estadio-do-Maracana.webp\",\"caption\":\"Jorge Jesus durante partida do Flamengo no est\u00e1dio do Maracan\u00e3 (Foto: Alexandre Vidal\/Flamengo)\"},{\"@type\":\"BreadcrumbList\",\"@id\":\"https:\/\/www.gaveanews.com\/index.php\/2019\/11\/28\/idolo-do-palmeiras-se-rende-a-temporada-do-flamengo-atropelaram-nao-tem-o-que-falar\/#breadcrumb\",\"itemListElement\":[{\"@type\":\"ListItem\",\"position\":1,\"name\":\"Home\",\"item\":\"https:\/\/www.gaveanews.com\/\"},{\"@type\":\"ListItem\",\"position\":2,\"name\":\"\u00cddolo do Palmeiras se rende \u00e0 temporada do Flamengo: \u201cAtropelaram, n\u00e3o tem o que falar\u201d\"}]},{\"@type\":\"WebSite\",\"@id\":\"https:\/\/www.gaveanews.com\/#website\",\"url\":\"https:\/\/www.gaveanews.com\/\",\"name\":\"G\u00e1vea News\",\"description\":\"Veja todas as not\u00edcias sobre o Flamengo: Contrata\u00e7\u00f5es, categorias de base, resultados das partidas, tabela de classifica\u00e7\u00e3o, pr\u00f3ximos jogos!\",\"potentialAction\":[{\"@type\":\"SearchAction\",\"target\":{\"@type\":\"EntryPoint\",\"urlTemplate\":\"https:\/\/www.gaveanews.com\/?s={search_term_string}\"},\"query-input\":{\"@type\":\"PropertyValueSpecification\",\"valueRequired\":true,\"valueName\":\"search_term_string\"}}],\"inLanguage\":\"pt-BR\"},{\"@type\":\"Person\",\"@id\":\"https:\/\/www.gaveanews.com\/#\/schema\/person\/2ec14f73fb96be2caf28f91afb14749d\",\"name\":\"Equipe G\u00e1vea News\",\"image\":{\"@type\":\"ImageObject\",\"inLanguage\":\"pt-BR\",\"@id\":\"https:\/\/www.gaveanews.com\/#\/schema\/person\/image\/\",\"url\":\"https:\/\/secure.gravatar.com\/avatar\/1e1956f1facbffd3f8fa53a326721950116b3b9dc9bd44939c01180fd4a745a9?s=96&d=mm&r=g\",\"contentUrl\":\"https:\/\/secure.gravatar.com\/avatar\/1e1956f1facbffd3f8fa53a326721950116b3b9dc9bd44939c01180fd4a745a9?s=96&d=mm&r=g\",\"caption\":\"Equipe G\u00e1vea News\"}}]}<\/script>\n<!-- \/ Yoast SEO Premium plugin. -->","yoast_head_json":{"title":"\u00cddolo do Palmeiras se rende \u00e0 temporada do Flamengo: \u201cAtropelaram, n\u00e3o tem o que falar\u201d","robots":{"index":"index","follow":"follow","max-snippet":"max-snippet:-1","max-image-preview":"max-image-preview:large","max-video-preview":"max-video-preview:-1"},"canonical":"https:\/\/www.gaveanews.com\/index.php\/2019\/11\/28\/idolo-do-palmeiras-se-rende-a-temporada-do-flamengo-atropelaram-nao-tem-o-que-falar\/","og_locale":"pt_BR","og_type":"article","og_title":"\u00cddolo do Palmeiras se rende \u00e0 temporada do Flamengo: \u201cAtropelaram, n\u00e3o tem o que falar\u201d","og_description":"O Flamengo faz de 2019 uma das temporadas mais vitoriosas n\u00e3o s\u00f3 da hist\u00f3ria do clube, mas sim de toda a hist\u00f3ria do futebol nacional. Com os t\u00edtulos do Brasileir\u00e3o e da Libertadores garantidos, o Rubro-Negro ainda tra\u00e7a a meta de conquistar o Mundial Interclubes. Em meio a isso, o ex-goleiro Marcos, que fez hist\u00f3ria [&hellip;]","og_url":"https:\/\/www.gaveanews.com\/index.php\/2019\/11\/28\/idolo-do-palmeiras-se-rende-a-temporada-do-flamengo-atropelaram-nao-tem-o-que-falar\/","og_site_name":"G\u00e1vea News","article_publisher":"https:\/\/facebook.com\/gaveaNews\/","article_published_time":"2019-11-28T21:30:00+00:00","og_image":[{"url":"https:\/\/www.gaveanews.com\/wp-content\/uploads\/Jorge-Jesus-durante-partida-do-Flamengo-no-estadio-do-Maracana.webp","width":1,"height":1,"type":"image\/jpeg"}],"author":"Equipe G\u00e1vea News","twitter_card":"summary_large_image","twitter_misc":{"Escrito por":"Equipe G\u00e1vea News","Est. tempo de leitura":"2 minutos"},"schema":{"@context":"https:\/\/schema.org","@graph":[{"@type":"NewsArticle","@id":"https:\/\/www.gaveanews.com\/index.php\/2019\/11\/28\/idolo-do-palmeiras-se-rende-a-temporada-do-flamengo-atropelaram-nao-tem-o-que-falar\/#article","isPartOf":{"@id":"https:\/\/www.gaveanews.com\/index.php\/2019\/11\/28\/idolo-do-palmeiras-se-rende-a-temporada-do-flamengo-atropelaram-nao-tem-o-que-falar\/"},"author":{"name":"Equipe G\u00e1vea News","@id":"https:\/\/www.gaveanews.com\/#\/schema\/person\/2ec14f73fb96be2caf28f91afb14749d"},"headline":"\u00cddolo do Palmeiras se rende \u00e0 temporada do Flamengo: \u201cAtropelaram, n\u00e3o tem o que falar\u201d","datePublished":"2019-11-28T21:30:00+00:00","mainEntityOfPage":{"@id":"https:\/\/www.gaveanews.com\/index.php\/2019\/11\/28\/idolo-do-palmeiras-se-rende-a-temporada-do-flamengo-atropelaram-nao-tem-o-que-falar\/"},"wordCount":357,"commentCount":0,"image":{"@id":"https:\/\/www.gaveanews.com\/index.php\/2019\/11\/28\/idolo-do-palmeiras-se-rende-a-temporada-do-flamengo-atropelaram-nao-tem-o-que-falar\/#primaryimage"},"thumbnailUrl":"https:\/\/www.gaveanews.com\/wp-content\/uploads\/Jorge-Jesus-durante-partida-do-Flamengo-no-estadio-do-Maracana.webp","articleSection":["Destaques"],"inLanguage":"pt-BR","potentialAction":[{"@type":"CommentAction","name":"Comment","target":["https:\/\/www.gaveanews.com\/index.php\/2019\/11\/28\/idolo-do-palmeiras-se-rende-a-temporada-do-flamengo-atropelaram-nao-tem-o-que-falar\/#respond"]}],"copyrightYear":"2019","copyrightHolder":{"@id":"https:\/\/www.gaveanews.com\/#organization"}},{"@type":"WebPage","@id":"https:\/\/www.gaveanews.com\/index.php\/2019\/11\/28\/idolo-do-palmeiras-se-rende-a-temporada-do-flamengo-atropelaram-nao-tem-o-que-falar\/","url":"https:\/\/www.gaveanews.com\/index.php\/2019\/11\/28\/idolo-do-palmeiras-se-rende-a-temporada-do-flamengo-atropelaram-nao-tem-o-que-falar\/","name":"\u00cddolo do Palmeiras se rende \u00e0 temporada do Flamengo: \u201cAtropelaram, n\u00e3o tem o que falar\u201d","isPartOf":{"@id":"https:\/\/www.gaveanews.com\/#website"},"primaryImageOfPage":{"@id":"https:\/\/www.gaveanews.com\/index.php\/2019\/11\/28\/idolo-do-palmeiras-se-rende-a-temporada-do-flamengo-atropelaram-nao-tem-o-que-falar\/#primaryimage"},"image":{"@id":"https:\/\/www.gaveanews.com\/index.php\/2019\/11\/28\/idolo-do-palmeiras-se-rende-a-temporada-do-flamengo-atropelaram-nao-tem-o-que-falar\/#primaryimage"},"thumbnailUrl":"https:\/\/www.gaveanews.com\/wp-content\/uploads\/Jorge-Jesus-durante-partida-do-Flamengo-no-estadio-do-Maracana.webp","datePublished":"2019-11-28T21:30:00+00:00","author":{"@id":"https:\/\/www.gaveanews.com\/#\/schema\/person\/2ec14f73fb96be2caf28f91afb14749d"},"breadcrumb":{"@id":"https:\/\/www.gaveanews.com\/index.php\/2019\/11\/28\/idolo-do-palmeiras-se-rende-a-temporada-do-flamengo-atropelaram-nao-tem-o-que-falar\/#breadcrumb"},"inLanguage":"pt-BR","potentialAction":[{"@type":"ReadAction","target":["https:\/\/www.gaveanews.com\/index.php\/2019\/11\/28\/idolo-do-palmeiras-se-rende-a-temporada-do-flamengo-atropelaram-nao-tem-o-que-falar\/"]}]},{"@type":"ImageObject","inLanguage":"pt-BR","@id":"https:\/\/www.gaveanews.com\/index.php\/2019\/11\/28\/idolo-do-palmeiras-se-rende-a-temporada-do-flamengo-atropelaram-nao-tem-o-que-falar\/#primaryimage","url":"https:\/\/www.gaveanews.com\/wp-content\/uploads\/Jorge-Jesus-durante-partida-do-Flamengo-no-estadio-do-Maracana.webp","contentUrl":"https:\/\/www.gaveanews.com\/wp-content\/uploads\/Jorge-Jesus-durante-partida-do-Flamengo-no-estadio-do-Maracana.webp","caption":"Jorge Jesus durante partida do Flamengo no est\u00e1dio do Maracan\u00e3 (Foto: Alexandre Vidal\/Flamengo)"},{"@type":"BreadcrumbList","@id":"https:\/\/www.gaveanews.com\/index.php\/2019\/11\/28\/idolo-do-palmeiras-se-rende-a-temporada-do-flamengo-atropelaram-nao-tem-o-que-falar\/#breadcrumb","itemListElement":[{"@type":"ListItem","position":1,"name":"Home","item":"https:\/\/www.gaveanews.com\/"},{"@type":"ListItem","position":2,"name":"\u00cddolo do Palmeiras se rende \u00e0 temporada do Flamengo: \u201cAtropelaram, n\u00e3o tem o que falar\u201d"}]},{"@type":"WebSite","@id":"https:\/\/www.gaveanews.com\/#website","url":"https:\/\/www.gaveanews.com\/","name":"G\u00e1vea News","description":"Veja todas as not\u00edcias sobre o Flamengo: Contrata\u00e7\u00f5es, categorias de base, resultados das partidas, tabela de classifica\u00e7\u00e3o, pr\u00f3ximos jogos!","potentialAction":[{"@type":"SearchAction","target":{"@type":"EntryPoint","urlTemplate":"https:\/\/www.gaveanews.com\/?s={search_term_string}"},"query-input":{"@type":"PropertyValueSpecification","valueRequired":true,"valueName":"search_term_string"}}],"inLanguage":"pt-BR"},{"@type":"Person","@id":"https:\/\/www.gaveanews.com\/#\/schema\/person\/2ec14f73fb96be2caf28f91afb14749d","name":"Equipe G\u00e1vea News","image":{"@type":"ImageObject","inLanguage":"pt-BR","@id":"https:\/\/www.gaveanews.com\/#\/schema\/person\/image\/","url":"https:\/\/secure.gravatar.com\/avatar\/1e1956f1facbffd3f8fa53a326721950116b3b9dc9bd44939c01180fd4a745a9?s=96&d=mm&r=g","contentUrl":"https:\/\/secure.gravatar.com\/avatar\/1e1956f1facbffd3f8fa53a326721950116b3b9dc9bd44939c01180fd4a745a9?s=96&d=mm&r=g","caption":"Equipe G\u00e1vea News"}}]}},"_links":{"self":[{"href":"https:\/\/www.gaveanews.com\/index.php\/wp-json\/wp\/v2\/posts\/32706","targetHints":{"allow":["GET"]}}],"collection":[{"href":"https:\/\/www.gaveanews.com\/index.php\/wp-json\/wp\/v2\/posts"}],"about":[{"href":"https:\/\/www.gaveanews.com\/index.php\/wp-json\/wp\/v2\/types\/post"}],"author":[{"embeddable":true,"href":"https:\/\/www.gaveanews.com\/index.php\/wp-json\/wp\/v2\/users\/1"}],"replies":[{"embeddable":true,"href":"https:\/\/www.gaveanews.com\/index.php\/wp-json\/wp\/v2\/comments?post=32706"}],"version-history":[{"count":0,"href":"https:\/\/www.gaveanews.com\/index.php\/wp-json\/wp\/v2\/posts\/32706\/revisions"}],"wp:featuredmedia":[{"embeddable":true,"href":"https:\/\/www.gaveanews.com\/index.php\/wp-json\/wp\/v2\/media\/28616"}],"wp:attachment":[{"href":"https:\/\/www.gaveanews.com\/index.php\/wp-json\/wp\/v2\/media?parent=32706"}],"wp:term":[{"taxonomy":"category","embeddable":true,"href":"https:\/\/www.gaveanews.com\/index.php\/wp-json\/wp\/v2\/categories?post=32706"},{"taxonomy":"post_tag","embeddable":true,"href":"https:\/\/www.gaveanews.com\/index.php\/wp-json\/wp\/v2\/tags?post=32706"}],"curies":[{"name":"wp","href":"https:\/\/api.w.org\/{rel}","templated":true}]}}