{"id":32726,"date":"2019-11-29T00:32:31","date_gmt":"2019-11-29T03:32:31","guid":{"rendered":"http:\/\/www.gaveanews.com\/?p=32726"},"modified":"2019-11-29T00:32:33","modified_gmt":"2019-11-29T03:32:33","slug":"video-atacante-emprestado-pelo-flamengo-marca-primeiro-gol-como-profissional-e-se-emociona-muito-durante-entrevista","status":"publish","type":"post","link":"https:\/\/www.gaveanews.com\/index.php\/2019\/11\/29\/video-atacante-emprestado-pelo-flamengo-marca-primeiro-gol-como-profissional-e-se-emociona-muito-durante-entrevista\/","title":{"rendered":"V\u00eddeo: Atacante emprestado pelo Flamengo marca primeiro gol como profissional e se emociona muito durante entrevista"},"content":{"rendered":"\n<p>Promessa do Flamengo, o atacante Bill, que est\u00e1 emprestado a Ponte Preta, marcou o primeiro gol como profissional na vit\u00f3ria por 4 a 0 sobre o Brasil de Pelotas, v\u00e1lido pela \u00faltima rodada Segunda Divis\u00e3o do Campeonato Brasileiro. Na entrevista na sa\u00edda para o intervalo, o jogador n\u00e3o escondeu a emo\u00e7\u00e3o por balan\u00e7ar as redes.<\/p>\n\n\n\n<p>Bill saiu do campo de defesa, conduziu at\u00e9 a intermedi\u00e1ria advers\u00e1ria e lan\u00e7ou Renato Caj\u00e1 para receber dentro da \u00e1rea, deixou o goleiro no ch\u00e3o antes de empurrar para o fundo das redes. Na entrevista durante o intervalo, o jovem chorou em entrevista ao rep\u00f3rter Gustavo Biano, do SporTV.<\/p>\n\n\n\n<p>&#8220;S\u00f3 Deus e minha fam\u00edlia sabem o que eu passei\u2026 Eu me emociono porque eu lembro\u2026 Desculpa, eu me emociono, lembro do meu pai, da minha m\u00e3e\u2026 S\u00f3 Deus sabe o que eu passei aqui nesses cinco meses de Ponte Preta. S\u00f3 agrade\u00e7o a Deus por me dar for\u00e7as por ter a fam\u00edlia que eu tenho, os pais que eu tenho. \u00c9 isso, desculpa, n\u00e3o consigo&#8221;, disse Bill, bastante emocionado.<\/p>\n\n\n\n<figure class=\"wp-block-embed-youtube wp-block-embed is-type-video is-provider-youtube wp-embed-aspect-16-9 wp-has-aspect-ratio\"><div class=\"wp-block-embed__wrapper\">\nhttps:\/\/www.youtube.com\/watch?v=0H2u6sb13UA\n<\/div><\/figure>\n\n\n\n<p>Retirado de: O Dia<\/p>\n","protected":false},"excerpt":{"rendered":"<p>Promessa do Flamengo, o atacante Bill, que est\u00e1 emprestado a Ponte Preta, marcou o primeiro gol como profissional na vit\u00f3ria por 4 a 0 sobre o Brasil de Pelotas, v\u00e1lido pela \u00faltima rodada Segunda Divis\u00e3o do Campeonato Brasileiro. Na entrevista na sa\u00edda para o intervalo, o jogador n\u00e3o escondeu a emo\u00e7\u00e3o por balan\u00e7ar as redes. [&hellip;]<\/p>\n","protected":false},"author":1,"featured_media":22648,"comment_status":"open","ping_status":"open","sticky":false,"template":"","format":"standard","meta":{"footnotes":""},"categories":[1],"tags":[],"class_list":["post-32726","post","type-post","status-publish","format-standard","has-post-thumbnail","hentry","category-flamengo"],"yoast_head":"<!-- This site is optimized with the Yoast SEO Premium plugin v24.2 (Yoast SEO v26.9) - https:\/\/yoast.com\/product\/yoast-seo-premium-wordpress\/ -->\n<title>V\u00eddeo: Atacante emprestado pelo Flamengo marca primeiro gol como profissional e se emociona muito durante entrevista<\/title>\n<meta name=\"robots\" content=\"index, follow, max-snippet:-1, max-image-preview:large, max-video-preview:-1\" \/>\n<link rel=\"canonical\" href=\"https:\/\/www.gaveanews.com\/index.php\/2019\/11\/29\/video-atacante-emprestado-pelo-flamengo-marca-primeiro-gol-como-profissional-e-se-emociona-muito-durante-entrevista\/\" \/>\n<meta property=\"og:locale\" content=\"pt_BR\" \/>\n<meta property=\"og:type\" content=\"article\" \/>\n<meta property=\"og:title\" content=\"V\u00eddeo: Atacante emprestado pelo Flamengo marca primeiro gol como profissional e se emociona muito durante entrevista\" \/>\n<meta property=\"og:description\" content=\"Promessa do Flamengo, o atacante Bill, que est\u00e1 emprestado a Ponte Preta, marcou o primeiro gol como profissional na vit\u00f3ria por 4 a 0 sobre o Brasil de Pelotas, v\u00e1lido pela \u00faltima rodada Segunda Divis\u00e3o do Campeonato Brasileiro. Na entrevista na sa\u00edda para o intervalo, o jogador n\u00e3o escondeu a emo\u00e7\u00e3o por balan\u00e7ar as redes. [&hellip;]\" \/>\n<meta property=\"og:url\" content=\"https:\/\/www.gaveanews.com\/index.php\/2019\/11\/29\/video-atacante-emprestado-pelo-flamengo-marca-primeiro-gol-como-profissional-e-se-emociona-muito-durante-entrevista\/\" \/>\n<meta property=\"og:site_name\" content=\"G\u00e1vea News\" \/>\n<meta property=\"article:publisher\" content=\"https:\/\/facebook.com\/gaveaNews\/\" \/>\n<meta property=\"article:published_time\" content=\"2019-11-29T03:32:31+00:00\" \/>\n<meta property=\"article:modified_time\" content=\"2019-11-29T03:32:33+00:00\" \/>\n<meta property=\"og:image\" content=\"https:\/\/www.gaveanews.com\/wp-content\/uploads\/2019\/07\/Bill-e-Berrio-durante-treinamento-no-Ninho-do-Urubu.webp\" \/>\n\t<meta property=\"og:image:width\" content=\"1\" \/>\n\t<meta property=\"og:image:height\" content=\"1\" \/>\n\t<meta property=\"og:image:type\" content=\"image\/jpeg\" \/>\n<meta name=\"author\" content=\"Equipe G\u00e1vea News\" \/>\n<meta name=\"twitter:card\" content=\"summary_large_image\" \/>\n<meta name=\"twitter:label1\" content=\"Escrito por\" \/>\n\t<meta name=\"twitter:data1\" content=\"Equipe G\u00e1vea News\" \/>\n\t<meta name=\"twitter:label2\" content=\"Est. tempo de leitura\" \/>\n\t<meta name=\"twitter:data2\" content=\"1 minuto\" \/>\n<script type=\"application\/ld+json\" class=\"yoast-schema-graph\">{\"@context\":\"https:\/\/schema.org\",\"@graph\":[{\"@type\":\"NewsArticle\",\"@id\":\"https:\/\/www.gaveanews.com\/index.php\/2019\/11\/29\/video-atacante-emprestado-pelo-flamengo-marca-primeiro-gol-como-profissional-e-se-emociona-muito-durante-entrevista\/#article\",\"isPartOf\":{\"@id\":\"https:\/\/www.gaveanews.com\/index.php\/2019\/11\/29\/video-atacante-emprestado-pelo-flamengo-marca-primeiro-gol-como-profissional-e-se-emociona-muito-durante-entrevista\/\"},\"author\":{\"name\":\"Equipe G\u00e1vea News\",\"@id\":\"https:\/\/www.gaveanews.com\/#\/schema\/person\/2ec14f73fb96be2caf28f91afb14749d\"},\"headline\":\"V\u00eddeo: Atacante emprestado pelo Flamengo marca primeiro gol como profissional e se emociona muito durante entrevista\",\"datePublished\":\"2019-11-29T03:32:31+00:00\",\"dateModified\":\"2019-11-29T03:32:33+00:00\",\"mainEntityOfPage\":{\"@id\":\"https:\/\/www.gaveanews.com\/index.php\/2019\/11\/29\/video-atacante-emprestado-pelo-flamengo-marca-primeiro-gol-como-profissional-e-se-emociona-muito-durante-entrevista\/\"},\"wordCount\":220,\"commentCount\":0,\"image\":{\"@id\":\"https:\/\/www.gaveanews.com\/index.php\/2019\/11\/29\/video-atacante-emprestado-pelo-flamengo-marca-primeiro-gol-como-profissional-e-se-emociona-muito-durante-entrevista\/#primaryimage\"},\"thumbnailUrl\":\"https:\/\/www.gaveanews.com\/wp-content\/uploads\/2019\/07\/Bill-e-Berrio-durante-treinamento-no-Ninho-do-Urubu.webp\",\"articleSection\":[\"Flamengo\"],\"inLanguage\":\"pt-BR\",\"potentialAction\":[{\"@type\":\"CommentAction\",\"name\":\"Comment\",\"target\":[\"https:\/\/www.gaveanews.com\/index.php\/2019\/11\/29\/video-atacante-emprestado-pelo-flamengo-marca-primeiro-gol-como-profissional-e-se-emociona-muito-durante-entrevista\/#respond\"]}],\"copyrightYear\":\"2019\",\"copyrightHolder\":{\"@id\":\"https:\/\/www.gaveanews.com\/#organization\"}},{\"@type\":\"WebPage\",\"@id\":\"https:\/\/www.gaveanews.com\/index.php\/2019\/11\/29\/video-atacante-emprestado-pelo-flamengo-marca-primeiro-gol-como-profissional-e-se-emociona-muito-durante-entrevista\/\",\"url\":\"https:\/\/www.gaveanews.com\/index.php\/2019\/11\/29\/video-atacante-emprestado-pelo-flamengo-marca-primeiro-gol-como-profissional-e-se-emociona-muito-durante-entrevista\/\",\"name\":\"V\u00eddeo: Atacante emprestado pelo Flamengo marca primeiro gol como profissional e se emociona muito durante entrevista\",\"isPartOf\":{\"@id\":\"https:\/\/www.gaveanews.com\/#website\"},\"primaryImageOfPage\":{\"@id\":\"https:\/\/www.gaveanews.com\/index.php\/2019\/11\/29\/video-atacante-emprestado-pelo-flamengo-marca-primeiro-gol-como-profissional-e-se-emociona-muito-durante-entrevista\/#primaryimage\"},\"image\":{\"@id\":\"https:\/\/www.gaveanews.com\/index.php\/2019\/11\/29\/video-atacante-emprestado-pelo-flamengo-marca-primeiro-gol-como-profissional-e-se-emociona-muito-durante-entrevista\/#primaryimage\"},\"thumbnailUrl\":\"https:\/\/www.gaveanews.com\/wp-content\/uploads\/2019\/07\/Bill-e-Berrio-durante-treinamento-no-Ninho-do-Urubu.webp\",\"datePublished\":\"2019-11-29T03:32:31+00:00\",\"dateModified\":\"2019-11-29T03:32:33+00:00\",\"author\":{\"@id\":\"https:\/\/www.gaveanews.com\/#\/schema\/person\/2ec14f73fb96be2caf28f91afb14749d\"},\"breadcrumb\":{\"@id\":\"https:\/\/www.gaveanews.com\/index.php\/2019\/11\/29\/video-atacante-emprestado-pelo-flamengo-marca-primeiro-gol-como-profissional-e-se-emociona-muito-durante-entrevista\/#breadcrumb\"},\"inLanguage\":\"pt-BR\",\"potentialAction\":[{\"@type\":\"ReadAction\",\"target\":[\"https:\/\/www.gaveanews.com\/index.php\/2019\/11\/29\/video-atacante-emprestado-pelo-flamengo-marca-primeiro-gol-como-profissional-e-se-emociona-muito-durante-entrevista\/\"]}]},{\"@type\":\"ImageObject\",\"inLanguage\":\"pt-BR\",\"@id\":\"https:\/\/www.gaveanews.com\/index.php\/2019\/11\/29\/video-atacante-emprestado-pelo-flamengo-marca-primeiro-gol-como-profissional-e-se-emociona-muito-durante-entrevista\/#primaryimage\",\"url\":\"https:\/\/www.gaveanews.com\/wp-content\/uploads\/2019\/07\/Bill-e-Berrio-durante-treinamento-no-Ninho-do-Urubu.webp\",\"contentUrl\":\"https:\/\/www.gaveanews.com\/wp-content\/uploads\/2019\/07\/Bill-e-Berrio-durante-treinamento-no-Ninho-do-Urubu.webp\",\"width\":640,\"height\":427,\"caption\":\"Bill e Berr\u00edo durante treinamento no Ninho do Urubu (Foto: Gilvan de Souza\/Flamengo)\"},{\"@type\":\"BreadcrumbList\",\"@id\":\"https:\/\/www.gaveanews.com\/index.php\/2019\/11\/29\/video-atacante-emprestado-pelo-flamengo-marca-primeiro-gol-como-profissional-e-se-emociona-muito-durante-entrevista\/#breadcrumb\",\"itemListElement\":[{\"@type\":\"ListItem\",\"position\":1,\"name\":\"Home\",\"item\":\"https:\/\/www.gaveanews.com\/\"},{\"@type\":\"ListItem\",\"position\":2,\"name\":\"V\u00eddeo: Atacante emprestado pelo Flamengo marca primeiro gol como profissional e se emociona muito durante entrevista\"}]},{\"@type\":\"WebSite\",\"@id\":\"https:\/\/www.gaveanews.com\/#website\",\"url\":\"https:\/\/www.gaveanews.com\/\",\"name\":\"G\u00e1vea News\",\"description\":\"Veja todas as not\u00edcias sobre o Flamengo: Contrata\u00e7\u00f5es, categorias de base, resultados das partidas, tabela de classifica\u00e7\u00e3o, pr\u00f3ximos jogos!\",\"potentialAction\":[{\"@type\":\"SearchAction\",\"target\":{\"@type\":\"EntryPoint\",\"urlTemplate\":\"https:\/\/www.gaveanews.com\/?s={search_term_string}\"},\"query-input\":{\"@type\":\"PropertyValueSpecification\",\"valueRequired\":true,\"valueName\":\"search_term_string\"}}],\"inLanguage\":\"pt-BR\"},{\"@type\":\"Person\",\"@id\":\"https:\/\/www.gaveanews.com\/#\/schema\/person\/2ec14f73fb96be2caf28f91afb14749d\",\"name\":\"Equipe G\u00e1vea News\",\"image\":{\"@type\":\"ImageObject\",\"inLanguage\":\"pt-BR\",\"@id\":\"https:\/\/www.gaveanews.com\/#\/schema\/person\/image\/\",\"url\":\"https:\/\/secure.gravatar.com\/avatar\/1e1956f1facbffd3f8fa53a326721950116b3b9dc9bd44939c01180fd4a745a9?s=96&d=mm&r=g\",\"contentUrl\":\"https:\/\/secure.gravatar.com\/avatar\/1e1956f1facbffd3f8fa53a326721950116b3b9dc9bd44939c01180fd4a745a9?s=96&d=mm&r=g\",\"caption\":\"Equipe G\u00e1vea News\"}}]}<\/script>\n<!-- \/ Yoast SEO Premium plugin. -->","yoast_head_json":{"title":"V\u00eddeo: Atacante emprestado pelo Flamengo marca primeiro gol como profissional e se emociona muito durante entrevista","robots":{"index":"index","follow":"follow","max-snippet":"max-snippet:-1","max-image-preview":"max-image-preview:large","max-video-preview":"max-video-preview:-1"},"canonical":"https:\/\/www.gaveanews.com\/index.php\/2019\/11\/29\/video-atacante-emprestado-pelo-flamengo-marca-primeiro-gol-como-profissional-e-se-emociona-muito-durante-entrevista\/","og_locale":"pt_BR","og_type":"article","og_title":"V\u00eddeo: Atacante emprestado pelo Flamengo marca primeiro gol como profissional e se emociona muito durante entrevista","og_description":"Promessa do Flamengo, o atacante Bill, que est\u00e1 emprestado a Ponte Preta, marcou o primeiro gol como profissional na vit\u00f3ria por 4 a 0 sobre o Brasil de Pelotas, v\u00e1lido pela \u00faltima rodada Segunda Divis\u00e3o do Campeonato Brasileiro. Na entrevista na sa\u00edda para o intervalo, o jogador n\u00e3o escondeu a emo\u00e7\u00e3o por balan\u00e7ar as redes. [&hellip;]","og_url":"https:\/\/www.gaveanews.com\/index.php\/2019\/11\/29\/video-atacante-emprestado-pelo-flamengo-marca-primeiro-gol-como-profissional-e-se-emociona-muito-durante-entrevista\/","og_site_name":"G\u00e1vea News","article_publisher":"https:\/\/facebook.com\/gaveaNews\/","article_published_time":"2019-11-29T03:32:31+00:00","article_modified_time":"2019-11-29T03:32:33+00:00","og_image":[{"url":"https:\/\/www.gaveanews.com\/wp-content\/uploads\/2019\/07\/Bill-e-Berrio-durante-treinamento-no-Ninho-do-Urubu.webp","width":1,"height":1,"type":"image\/jpeg"}],"author":"Equipe G\u00e1vea News","twitter_card":"summary_large_image","twitter_misc":{"Escrito por":"Equipe G\u00e1vea News","Est. tempo de leitura":"1 minuto"},"schema":{"@context":"https:\/\/schema.org","@graph":[{"@type":"NewsArticle","@id":"https:\/\/www.gaveanews.com\/index.php\/2019\/11\/29\/video-atacante-emprestado-pelo-flamengo-marca-primeiro-gol-como-profissional-e-se-emociona-muito-durante-entrevista\/#article","isPartOf":{"@id":"https:\/\/www.gaveanews.com\/index.php\/2019\/11\/29\/video-atacante-emprestado-pelo-flamengo-marca-primeiro-gol-como-profissional-e-se-emociona-muito-durante-entrevista\/"},"author":{"name":"Equipe G\u00e1vea News","@id":"https:\/\/www.gaveanews.com\/#\/schema\/person\/2ec14f73fb96be2caf28f91afb14749d"},"headline":"V\u00eddeo: Atacante emprestado pelo Flamengo marca primeiro gol como profissional e se emociona muito durante entrevista","datePublished":"2019-11-29T03:32:31+00:00","dateModified":"2019-11-29T03:32:33+00:00","mainEntityOfPage":{"@id":"https:\/\/www.gaveanews.com\/index.php\/2019\/11\/29\/video-atacante-emprestado-pelo-flamengo-marca-primeiro-gol-como-profissional-e-se-emociona-muito-durante-entrevista\/"},"wordCount":220,"commentCount":0,"image":{"@id":"https:\/\/www.gaveanews.com\/index.php\/2019\/11\/29\/video-atacante-emprestado-pelo-flamengo-marca-primeiro-gol-como-profissional-e-se-emociona-muito-durante-entrevista\/#primaryimage"},"thumbnailUrl":"https:\/\/www.gaveanews.com\/wp-content\/uploads\/2019\/07\/Bill-e-Berrio-durante-treinamento-no-Ninho-do-Urubu.webp","articleSection":["Flamengo"],"inLanguage":"pt-BR","potentialAction":[{"@type":"CommentAction","name":"Comment","target":["https:\/\/www.gaveanews.com\/index.php\/2019\/11\/29\/video-atacante-emprestado-pelo-flamengo-marca-primeiro-gol-como-profissional-e-se-emociona-muito-durante-entrevista\/#respond"]}],"copyrightYear":"2019","copyrightHolder":{"@id":"https:\/\/www.gaveanews.com\/#organization"}},{"@type":"WebPage","@id":"https:\/\/www.gaveanews.com\/index.php\/2019\/11\/29\/video-atacante-emprestado-pelo-flamengo-marca-primeiro-gol-como-profissional-e-se-emociona-muito-durante-entrevista\/","url":"https:\/\/www.gaveanews.com\/index.php\/2019\/11\/29\/video-atacante-emprestado-pelo-flamengo-marca-primeiro-gol-como-profissional-e-se-emociona-muito-durante-entrevista\/","name":"V\u00eddeo: Atacante emprestado pelo Flamengo marca primeiro gol como profissional e se emociona muito durante entrevista","isPartOf":{"@id":"https:\/\/www.gaveanews.com\/#website"},"primaryImageOfPage":{"@id":"https:\/\/www.gaveanews.com\/index.php\/2019\/11\/29\/video-atacante-emprestado-pelo-flamengo-marca-primeiro-gol-como-profissional-e-se-emociona-muito-durante-entrevista\/#primaryimage"},"image":{"@id":"https:\/\/www.gaveanews.com\/index.php\/2019\/11\/29\/video-atacante-emprestado-pelo-flamengo-marca-primeiro-gol-como-profissional-e-se-emociona-muito-durante-entrevista\/#primaryimage"},"thumbnailUrl":"https:\/\/www.gaveanews.com\/wp-content\/uploads\/2019\/07\/Bill-e-Berrio-durante-treinamento-no-Ninho-do-Urubu.webp","datePublished":"2019-11-29T03:32:31+00:00","dateModified":"2019-11-29T03:32:33+00:00","author":{"@id":"https:\/\/www.gaveanews.com\/#\/schema\/person\/2ec14f73fb96be2caf28f91afb14749d"},"breadcrumb":{"@id":"https:\/\/www.gaveanews.com\/index.php\/2019\/11\/29\/video-atacante-emprestado-pelo-flamengo-marca-primeiro-gol-como-profissional-e-se-emociona-muito-durante-entrevista\/#breadcrumb"},"inLanguage":"pt-BR","potentialAction":[{"@type":"ReadAction","target":["https:\/\/www.gaveanews.com\/index.php\/2019\/11\/29\/video-atacante-emprestado-pelo-flamengo-marca-primeiro-gol-como-profissional-e-se-emociona-muito-durante-entrevista\/"]}]},{"@type":"ImageObject","inLanguage":"pt-BR","@id":"https:\/\/www.gaveanews.com\/index.php\/2019\/11\/29\/video-atacante-emprestado-pelo-flamengo-marca-primeiro-gol-como-profissional-e-se-emociona-muito-durante-entrevista\/#primaryimage","url":"https:\/\/www.gaveanews.com\/wp-content\/uploads\/2019\/07\/Bill-e-Berrio-durante-treinamento-no-Ninho-do-Urubu.webp","contentUrl":"https:\/\/www.gaveanews.com\/wp-content\/uploads\/2019\/07\/Bill-e-Berrio-durante-treinamento-no-Ninho-do-Urubu.webp","width":640,"height":427,"caption":"Bill e Berr\u00edo durante treinamento no Ninho do Urubu (Foto: Gilvan de Souza\/Flamengo)"},{"@type":"BreadcrumbList","@id":"https:\/\/www.gaveanews.com\/index.php\/2019\/11\/29\/video-atacante-emprestado-pelo-flamengo-marca-primeiro-gol-como-profissional-e-se-emociona-muito-durante-entrevista\/#breadcrumb","itemListElement":[{"@type":"ListItem","position":1,"name":"Home","item":"https:\/\/www.gaveanews.com\/"},{"@type":"ListItem","position":2,"name":"V\u00eddeo: Atacante emprestado pelo Flamengo marca primeiro gol como profissional e se emociona muito durante entrevista"}]},{"@type":"WebSite","@id":"https:\/\/www.gaveanews.com\/#website","url":"https:\/\/www.gaveanews.com\/","name":"G\u00e1vea News","description":"Veja todas as not\u00edcias sobre o Flamengo: Contrata\u00e7\u00f5es, categorias de base, resultados das partidas, tabela de classifica\u00e7\u00e3o, pr\u00f3ximos jogos!","potentialAction":[{"@type":"SearchAction","target":{"@type":"EntryPoint","urlTemplate":"https:\/\/www.gaveanews.com\/?s={search_term_string}"},"query-input":{"@type":"PropertyValueSpecification","valueRequired":true,"valueName":"search_term_string"}}],"inLanguage":"pt-BR"},{"@type":"Person","@id":"https:\/\/www.gaveanews.com\/#\/schema\/person\/2ec14f73fb96be2caf28f91afb14749d","name":"Equipe G\u00e1vea News","image":{"@type":"ImageObject","inLanguage":"pt-BR","@id":"https:\/\/www.gaveanews.com\/#\/schema\/person\/image\/","url":"https:\/\/secure.gravatar.com\/avatar\/1e1956f1facbffd3f8fa53a326721950116b3b9dc9bd44939c01180fd4a745a9?s=96&d=mm&r=g","contentUrl":"https:\/\/secure.gravatar.com\/avatar\/1e1956f1facbffd3f8fa53a326721950116b3b9dc9bd44939c01180fd4a745a9?s=96&d=mm&r=g","caption":"Equipe G\u00e1vea News"}}]}},"_links":{"self":[{"href":"https:\/\/www.gaveanews.com\/index.php\/wp-json\/wp\/v2\/posts\/32726","targetHints":{"allow":["GET"]}}],"collection":[{"href":"https:\/\/www.gaveanews.com\/index.php\/wp-json\/wp\/v2\/posts"}],"about":[{"href":"https:\/\/www.gaveanews.com\/index.php\/wp-json\/wp\/v2\/types\/post"}],"author":[{"embeddable":true,"href":"https:\/\/www.gaveanews.com\/index.php\/wp-json\/wp\/v2\/users\/1"}],"replies":[{"embeddable":true,"href":"https:\/\/www.gaveanews.com\/index.php\/wp-json\/wp\/v2\/comments?post=32726"}],"version-history":[{"count":0,"href":"https:\/\/www.gaveanews.com\/index.php\/wp-json\/wp\/v2\/posts\/32726\/revisions"}],"wp:featuredmedia":[{"embeddable":true,"href":"https:\/\/www.gaveanews.com\/index.php\/wp-json\/wp\/v2\/media\/22648"}],"wp:attachment":[{"href":"https:\/\/www.gaveanews.com\/index.php\/wp-json\/wp\/v2\/media?parent=32726"}],"wp:term":[{"taxonomy":"category","embeddable":true,"href":"https:\/\/www.gaveanews.com\/index.php\/wp-json\/wp\/v2\/categories?post=32726"},{"taxonomy":"post_tag","embeddable":true,"href":"https:\/\/www.gaveanews.com\/index.php\/wp-json\/wp\/v2\/tags?post=32726"}],"curies":[{"name":"wp","href":"https:\/\/api.w.org\/{rel}","templated":true}]}}