{"id":32729,"date":"2019-11-29T01:46:41","date_gmt":"2019-11-29T04:46:41","guid":{"rendered":"http:\/\/www.gaveanews.com\/?p=32729"},"modified":"2019-11-29T01:48:20","modified_gmt":"2019-11-29T04:48:20","slug":"mercado-da-bola-confira-um-resumao-com-os-quatro-jogadores-que-foram-especulados-no-flamengo","status":"publish","type":"post","link":"https:\/\/www.gaveanews.com\/index.php\/2019\/11\/29\/mercado-da-bola-confira-um-resumao-com-os-quatro-jogadores-que-foram-especulados-no-flamengo\/","title":{"rendered":"Mercado da bola: Confira um resum\u00e3o com os quatro jogadores que foram especulados no Flamengo"},"content":{"rendered":"\n<p>Mesmo com os t\u00edtulos da Libertadores e do Campeonato Brasileiro j\u00e1 garantidos, a temporada ainda est\u00e1 longe de terminar para o Flamengo, que em dezembro embarcar\u00e1 para a disputa do Mundial de Clubes da Fifa, no Qatar. <\/p>\n\n\n\n<p>Apesar disso, o planejamento para 2020 j\u00e1 come\u00e7a a ser preparado, e a manuten\u00e7\u00e3o do elenco e a contrata\u00e7\u00e3o de refor\u00e7os pontuais \u00e9 fundamental para manter o sucesso.<\/p>\n\n\n\n<p>Para te ajudar a ficar por dentro das negocia\u00e7\u00f5es do Flamengo no mercado da bola para 2020, o portal <a href=\"https:\/\/www.torcedores.com\/noticias\/2019\/11\/gabigol-diego-costa-jorge-jesus-flamengo-mercado-da-bola-2020\"><em>Torcedores<\/em><\/a> listou e resumimos as situa\u00e7\u00f5es dos principais nomes especulados no clube. <\/p>\n\n\n\n<p>Utilize o menu de navega\u00e7\u00e3o abaixo e fique por dentro dos bastidores do Meng\u00e3o!<\/p>\n\n\n\n<!--nextpage-->\n\n\n\n<h3 class=\"wp-block-heading\"><strong>Diego Costa<\/strong>:<\/h3>\n\n\n\n<figure class=\"wp-block-image size-large\"><img decoding=\"async\" src=\"https:\/\/uploads.metropoles.com\/wp-content\/uploads\/2019\/11\/28134425\/Diego-Costa-Flamengo.webp\" alt=\"\"\/><\/figure>\n\n\n\n<p>Temendo perder Gabigol, o Flamengo j\u00e1 estaria de olho na poss\u00edvel contrata\u00e7\u00e3o de Diego Costa, atualmente no Atl\u00e9tico de Madrid. Segundo informa\u00e7\u00f5es do Goal.com, o clube rubro-negro, inclusive, j\u00e1 chegou a abrir conversas pelo atacante \u2013 vale lembrar que se n\u00e3o conseguir garantir a perman\u00eancia do camisa 9, o Flamengo ter\u00e1 mais de R$ 100 milh\u00f5es \u00e0 disposi\u00e7\u00e3o para investir em outros nomes.<\/p>\n\n\n\n<p>Em setembro, em entrevista ao canal Que Partidazo, no YouTube, Diego Costa falou sobre a possibilidade de jogar no Flamengo. \u201cL\u00f3gico que tenho vontade de jogar no Brasil, porque nunca joguei. Ent\u00e3o tenho essa vontade e esse sonho. Clubes como o Flamengo, se chega o momento, se voc\u00ea tem essa possibilidade, voc\u00ea n\u00e3o vai dizer n\u00e3o. Mas voc\u00ea tem que estar bem, porque \u00e9 time grande\u201d.<\/p>\n\n\n\n<p>De acordo com o Goal.com, o Atl\u00e9tico de Madrid, que t\u00eam interesse numa negocia\u00e7\u00e3o, avalia o atacante entre 20 e 30 milh\u00f5es de euros (entre R$ 93 e R$ 140 milh\u00f5es). Vale lembrar que Diego Costa tem contrato at\u00e9 junho de 2021.<\/p>\n\n\n\n<!--nextpage-->\n\n\n\n<h3 class=\"wp-block-heading\"><strong>Eden\u00edlson<\/strong>:<\/h3>\n\n\n\n<figure class=\"wp-block-image size-large\"><img decoding=\"async\" src=\"http:\/\/radiohincha.final.com.br\/wp-content\/uploads\/sites\/129\/2018\/04\/foto_20180422170834.webp\" alt=\"\"\/><\/figure>\n\n\n\n<p>Um dos principais destaques do Internacional nesta temporada, o meia do Internacional estaria na mira do Flamengo para 2020 a pedido do t\u00e9cnico Jorge Jesus. A informa\u00e7\u00e3o \u00e9 da ESPN e do Esporte Interativo.<\/p>\n\n\n\n<p>O jogador, que esteve recentemente na mira do Al-Ahli, ampliou seu v\u00ednculo anterior com o colorado e agora tem contrato com o clube at\u00e9 2022.<\/p>\n\n\n\n<!--nextpage-->\n\n\n\n<h3 class=\"wp-block-heading\"><strong>Wendel<\/strong>: <\/h3>\n\n\n\n<figure class=\"wp-block-image size-large\"><img decoding=\"async\" src=\"https:\/\/static-wp-tor15-prd.torcedores.com\/wp-content\/uploads\/2018\/07\/flamengo-wendel.webp\" alt=\"\"\/><\/figure>\n\n\n\n<p>Outro nome que aparece na mira do Flamengo \u00e9 o volante Wendel, ex-Fluminense e atualmente no Sporting, de Portugal. Segundo o Globoesporte.com, \u201ca ideia, em um primeiro momento, \u00e9 conseguir um empr\u00e9stimo com o clube de Lisboa\u201d.<\/p>\n\n\n\n<p>\u201cN\u00e3o podemos falar muito sobre coisas que ainda precisam ser conversadas. Mas certamente fatores naturais acabaram aproximando as duas partes: a boa performance no Sporting, a visibilidade de uma sele\u00e7\u00e3o ol\u00edmpica e tamb\u00e9m o projeto do Flamengo em querer qualificar cada vez mais seu elenco\u201d, disse Cl\u00e1udio Mois\u00e9s dos Santos, tio e empres\u00e1rio do volante.<\/p>\n\n\n\n<p>Wendel tem 22 anos e seu contrato com o Sporting vai at\u00e9 2023.<\/p>\n\n\n\n<!--nextpage-->\n\n\n\n<h3 class=\"wp-block-heading\"><strong>Neymar<\/strong><\/h3>\n\n\n\n<figure class=\"wp-block-image size-large\"><img decoding=\"async\" src=\"https:\/\/conteudo.imguol.com.br\/c\/esporte\/b6\/2019\/11\/22\/neymar-em-acao-pelo-psg-contra-o-lille-1574457346897_v2_1920x1276.webp\" alt=\"\"\/><\/figure>\n\n\n\n<p>Os rumores sobre a poss\u00edvel contrata\u00e7\u00e3o de Neymar por empr\u00e9stimo come\u00e7ou no \u00faltimo domingo (24), quando o jornalista Juca Kfouri noticiou uma negocia\u00e7\u00e3o envolvendo a ida de Reinier, promessa de 17 anos revelada pelo Flamengo, por cerca de R$ 300 milh\u00f5es. O presidente rubro-negro, Rodolfo Landim, no entanto, admitiu que se trata de algo fora da realidade.<\/p>\n\n\n\n<p>\u201cOs n\u00fameros do Neymar que chegaram para mim s\u00e3o impressionantes em termos de sal\u00e1rio. O que o Neymar ganha, vamos dizer assim, \u00e9 10 vezes mais do que o atleta mais bem remunerado pelo Flamengo. Temos muito p\u00e9 no ch\u00e3o. A gente sabe o que \u00e9 o Neymar para o futebol mundial. Ningu\u00e9m faz loucura. N\u00e3o foi fazendo loucura que chegamos onde chegamos\u201d, disse o dirigente em entrevista ao canal SporTV.<\/p>\n\n\n\n<!--nextpage-->\n\n\n\n<h3 class=\"wp-block-heading\"><strong>Nossas redes sociais:<\/strong><\/h3>\n\n\n\n<ul class=\"wp-block-list\"><li><a href=\"https:\/\/twitter.com\/gavea_news\">Twitter: Gavea_News<\/a><\/li><\/ul>\n\n\n\n<ul class=\"wp-block-list\"><li><a href=\"https:\/\/www.facebook.com\/GaveaNews\/\">Facebook: GaveaNews<\/a><\/li><\/ul>\n\n\n\n<ul class=\"wp-block-list\"><li><a href=\"http:\/\/bit.ly\/InstagramDoGaveaNews\">Instagram: GaveaNews<\/a><\/li><\/ul>\n","protected":false},"excerpt":{"rendered":"<p>Mesmo com os t\u00edtulos da Libertadores e do Campeonato Brasileiro j\u00e1 garantidos, a temporada ainda est\u00e1 longe de terminar para o Flamengo, que em dezembro embarcar\u00e1 para a disputa do Mundial de Clubes da Fifa, no Qatar. Apesar disso, o planejamento para 2020 j\u00e1 come\u00e7a a ser preparado, e a manuten\u00e7\u00e3o do elenco e a [&hellip;]<\/p>\n","protected":false},"author":1,"featured_media":15077,"comment_status":"open","ping_status":"open","sticky":false,"template":"","format":"standard","meta":{"footnotes":""},"categories":[48],"tags":[],"class_list":["post-32729","post","type-post","status-publish","format-standard","has-post-thumbnail","hentry","category-negociacoes"],"yoast_head":"<!-- This site is optimized with the Yoast SEO Premium plugin v24.2 (Yoast SEO v26.9) - https:\/\/yoast.com\/product\/yoast-seo-premium-wordpress\/ -->\n<title>Mercado da bola: Confira um resum\u00e3o com os quatro jogadores que foram especulados no Flamengo<\/title>\n<meta name=\"robots\" content=\"index, follow, max-snippet:-1, max-image-preview:large, max-video-preview:-1\" \/>\n<link rel=\"canonical\" href=\"https:\/\/www.gaveanews.com\/index.php\/2019\/11\/29\/mercado-da-bola-confira-um-resumao-com-os-quatro-jogadores-que-foram-especulados-no-flamengo\/\" \/>\n<link rel=\"next\" href=\"https:\/\/www.gaveanews.com\/index.php\/2019\/11\/29\/mercado-da-bola-confira-um-resumao-com-os-quatro-jogadores-que-foram-especulados-no-flamengo\/2\/\" \/>\n<meta property=\"og:locale\" content=\"pt_BR\" \/>\n<meta property=\"og:type\" content=\"article\" \/>\n<meta property=\"og:title\" content=\"Mercado da bola: Confira um resum\u00e3o com os quatro jogadores que foram especulados no Flamengo\" \/>\n<meta property=\"og:description\" content=\"Mesmo com os t\u00edtulos da Libertadores e do Campeonato Brasileiro j\u00e1 garantidos, a temporada ainda est\u00e1 longe de terminar para o Flamengo, que em dezembro embarcar\u00e1 para a disputa do Mundial de Clubes da Fifa, no Qatar. Apesar disso, o planejamento para 2020 j\u00e1 come\u00e7a a ser preparado, e a manuten\u00e7\u00e3o do elenco e a [&hellip;]\" \/>\n<meta property=\"og:url\" content=\"https:\/\/www.gaveanews.com\/index.php\/2019\/11\/29\/mercado-da-bola-confira-um-resumao-com-os-quatro-jogadores-que-foram-especulados-no-flamengo\/\" \/>\n<meta property=\"og:site_name\" content=\"G\u00e1vea News\" \/>\n<meta property=\"article:publisher\" content=\"https:\/\/facebook.com\/gaveaNews\/\" \/>\n<meta property=\"article:published_time\" content=\"2019-11-29T04:46:41+00:00\" \/>\n<meta property=\"article:modified_time\" content=\"2019-11-29T04:48:20+00:00\" \/>\n<meta property=\"og:image\" content=\"https:\/\/www.gaveanews.com\/wp-content\/uploads\/2019\/03\/Rodolfo-Landim-durante-entrevista-coletiva-na-Gavea.webp\" \/>\n\t<meta property=\"og:image:width\" content=\"1\" \/>\n\t<meta property=\"og:image:height\" content=\"1\" \/>\n\t<meta property=\"og:image:type\" content=\"image\/jpeg\" \/>\n<meta name=\"author\" content=\"Equipe G\u00e1vea News\" \/>\n<meta name=\"twitter:card\" content=\"summary_large_image\" \/>\n<meta name=\"twitter:label1\" content=\"Escrito por\" \/>\n\t<meta name=\"twitter:data1\" content=\"Equipe G\u00e1vea News\" \/>\n\t<meta name=\"twitter:label2\" content=\"Est. tempo de leitura\" \/>\n\t<meta name=\"twitter:data2\" content=\"3 minutos\" \/>\n<script type=\"application\/ld+json\" class=\"yoast-schema-graph\">{\"@context\":\"https:\/\/schema.org\",\"@graph\":[{\"@type\":\"NewsArticle\",\"@id\":\"https:\/\/www.gaveanews.com\/index.php\/2019\/11\/29\/mercado-da-bola-confira-um-resumao-com-os-quatro-jogadores-que-foram-especulados-no-flamengo\/#article\",\"isPartOf\":{\"@id\":\"https:\/\/www.gaveanews.com\/index.php\/2019\/11\/29\/mercado-da-bola-confira-um-resumao-com-os-quatro-jogadores-que-foram-especulados-no-flamengo\/\"},\"author\":{\"name\":\"Equipe G\u00e1vea News\",\"@id\":\"https:\/\/www.gaveanews.com\/#\/schema\/person\/2ec14f73fb96be2caf28f91afb14749d\"},\"headline\":\"Mercado da bola: Confira um resum\u00e3o com os quatro jogadores que foram especulados no Flamengo\",\"datePublished\":\"2019-11-29T04:46:41+00:00\",\"dateModified\":\"2019-11-29T04:48:20+00:00\",\"mainEntityOfPage\":{\"@id\":\"https:\/\/www.gaveanews.com\/index.php\/2019\/11\/29\/mercado-da-bola-confira-um-resumao-com-os-quatro-jogadores-que-foram-especulados-no-flamengo\/\"},\"wordCount\":631,\"commentCount\":0,\"image\":{\"@id\":\"https:\/\/www.gaveanews.com\/index.php\/2019\/11\/29\/mercado-da-bola-confira-um-resumao-com-os-quatro-jogadores-que-foram-especulados-no-flamengo\/#primaryimage\"},\"thumbnailUrl\":\"https:\/\/www.gaveanews.com\/wp-content\/uploads\/2019\/03\/Rodolfo-Landim-durante-entrevista-coletiva-na-Gavea.webp\",\"articleSection\":[\"Negocia\u00e7\u00f5es\"],\"inLanguage\":\"pt-BR\",\"potentialAction\":[{\"@type\":\"CommentAction\",\"name\":\"Comment\",\"target\":[\"https:\/\/www.gaveanews.com\/index.php\/2019\/11\/29\/mercado-da-bola-confira-um-resumao-com-os-quatro-jogadores-que-foram-especulados-no-flamengo\/#respond\"]}],\"copyrightYear\":\"2019\",\"copyrightHolder\":{\"@id\":\"https:\/\/www.gaveanews.com\/#organization\"}},{\"@type\":\"WebPage\",\"@id\":\"https:\/\/www.gaveanews.com\/index.php\/2019\/11\/29\/mercado-da-bola-confira-um-resumao-com-os-quatro-jogadores-que-foram-especulados-no-flamengo\/\",\"url\":\"https:\/\/www.gaveanews.com\/index.php\/2019\/11\/29\/mercado-da-bola-confira-um-resumao-com-os-quatro-jogadores-que-foram-especulados-no-flamengo\/\",\"name\":\"Mercado da bola: Confira um resum\u00e3o com os quatro jogadores que foram especulados no Flamengo\",\"isPartOf\":{\"@id\":\"https:\/\/www.gaveanews.com\/#website\"},\"primaryImageOfPage\":{\"@id\":\"https:\/\/www.gaveanews.com\/index.php\/2019\/11\/29\/mercado-da-bola-confira-um-resumao-com-os-quatro-jogadores-que-foram-especulados-no-flamengo\/#primaryimage\"},\"image\":{\"@id\":\"https:\/\/www.gaveanews.com\/index.php\/2019\/11\/29\/mercado-da-bola-confira-um-resumao-com-os-quatro-jogadores-que-foram-especulados-no-flamengo\/#primaryimage\"},\"thumbnailUrl\":\"https:\/\/www.gaveanews.com\/wp-content\/uploads\/2019\/03\/Rodolfo-Landim-durante-entrevista-coletiva-na-Gavea.webp\",\"datePublished\":\"2019-11-29T04:46:41+00:00\",\"dateModified\":\"2019-11-29T04:48:20+00:00\",\"author\":{\"@id\":\"https:\/\/www.gaveanews.com\/#\/schema\/person\/2ec14f73fb96be2caf28f91afb14749d\"},\"inLanguage\":\"pt-BR\",\"potentialAction\":[{\"@type\":\"ReadAction\",\"target\":[\"https:\/\/www.gaveanews.com\/index.php\/2019\/11\/29\/mercado-da-bola-confira-um-resumao-com-os-quatro-jogadores-que-foram-especulados-no-flamengo\/\"]}]},{\"@type\":\"ImageObject\",\"inLanguage\":\"pt-BR\",\"@id\":\"https:\/\/www.gaveanews.com\/index.php\/2019\/11\/29\/mercado-da-bola-confira-um-resumao-com-os-quatro-jogadores-que-foram-especulados-no-flamengo\/#primaryimage\",\"url\":\"https:\/\/www.gaveanews.com\/wp-content\/uploads\/2019\/03\/Rodolfo-Landim-durante-entrevista-coletiva-na-Gavea.webp\",\"contentUrl\":\"https:\/\/www.gaveanews.com\/wp-content\/uploads\/2019\/03\/Rodolfo-Landim-durante-entrevista-coletiva-na-Gavea.webp\",\"width\":900,\"height\":599,\"caption\":\"Rodolfo Landim durante entrevista coletiva na G\u00e1vea (Foto: Ag\u00eancia Foto BR)\"},{\"@type\":\"WebSite\",\"@id\":\"https:\/\/www.gaveanews.com\/#website\",\"url\":\"https:\/\/www.gaveanews.com\/\",\"name\":\"G\u00e1vea News\",\"description\":\"Veja todas as not\u00edcias sobre o Flamengo: Contrata\u00e7\u00f5es, categorias de base, resultados das partidas, tabela de classifica\u00e7\u00e3o, pr\u00f3ximos jogos!\",\"potentialAction\":[{\"@type\":\"SearchAction\",\"target\":{\"@type\":\"EntryPoint\",\"urlTemplate\":\"https:\/\/www.gaveanews.com\/?s={search_term_string}\"},\"query-input\":{\"@type\":\"PropertyValueSpecification\",\"valueRequired\":true,\"valueName\":\"search_term_string\"}}],\"inLanguage\":\"pt-BR\"},{\"@type\":\"Person\",\"@id\":\"https:\/\/www.gaveanews.com\/#\/schema\/person\/2ec14f73fb96be2caf28f91afb14749d\",\"name\":\"Equipe G\u00e1vea News\",\"image\":{\"@type\":\"ImageObject\",\"inLanguage\":\"pt-BR\",\"@id\":\"https:\/\/www.gaveanews.com\/#\/schema\/person\/image\/\",\"url\":\"https:\/\/secure.gravatar.com\/avatar\/1e1956f1facbffd3f8fa53a326721950116b3b9dc9bd44939c01180fd4a745a9?s=96&d=mm&r=g\",\"contentUrl\":\"https:\/\/secure.gravatar.com\/avatar\/1e1956f1facbffd3f8fa53a326721950116b3b9dc9bd44939c01180fd4a745a9?s=96&d=mm&r=g\",\"caption\":\"Equipe G\u00e1vea News\"}}]}<\/script>\n<!-- \/ Yoast SEO Premium plugin. -->","yoast_head_json":{"title":"Mercado da bola: Confira um resum\u00e3o com os quatro jogadores que foram especulados no Flamengo","robots":{"index":"index","follow":"follow","max-snippet":"max-snippet:-1","max-image-preview":"max-image-preview:large","max-video-preview":"max-video-preview:-1"},"canonical":"https:\/\/www.gaveanews.com\/index.php\/2019\/11\/29\/mercado-da-bola-confira-um-resumao-com-os-quatro-jogadores-que-foram-especulados-no-flamengo\/","next":"https:\/\/www.gaveanews.com\/index.php\/2019\/11\/29\/mercado-da-bola-confira-um-resumao-com-os-quatro-jogadores-que-foram-especulados-no-flamengo\/2\/","og_locale":"pt_BR","og_type":"article","og_title":"Mercado da bola: Confira um resum\u00e3o com os quatro jogadores que foram especulados no Flamengo","og_description":"Mesmo com os t\u00edtulos da Libertadores e do Campeonato Brasileiro j\u00e1 garantidos, a temporada ainda est\u00e1 longe de terminar para o Flamengo, que em dezembro embarcar\u00e1 para a disputa do Mundial de Clubes da Fifa, no Qatar. Apesar disso, o planejamento para 2020 j\u00e1 come\u00e7a a ser preparado, e a manuten\u00e7\u00e3o do elenco e a [&hellip;]","og_url":"https:\/\/www.gaveanews.com\/index.php\/2019\/11\/29\/mercado-da-bola-confira-um-resumao-com-os-quatro-jogadores-que-foram-especulados-no-flamengo\/","og_site_name":"G\u00e1vea News","article_publisher":"https:\/\/facebook.com\/gaveaNews\/","article_published_time":"2019-11-29T04:46:41+00:00","article_modified_time":"2019-11-29T04:48:20+00:00","og_image":[{"url":"https:\/\/www.gaveanews.com\/wp-content\/uploads\/2019\/03\/Rodolfo-Landim-durante-entrevista-coletiva-na-Gavea.webp","width":1,"height":1,"type":"image\/jpeg"}],"author":"Equipe G\u00e1vea News","twitter_card":"summary_large_image","twitter_misc":{"Escrito por":"Equipe G\u00e1vea News","Est. tempo de leitura":"3 minutos"},"schema":{"@context":"https:\/\/schema.org","@graph":[{"@type":"NewsArticle","@id":"https:\/\/www.gaveanews.com\/index.php\/2019\/11\/29\/mercado-da-bola-confira-um-resumao-com-os-quatro-jogadores-que-foram-especulados-no-flamengo\/#article","isPartOf":{"@id":"https:\/\/www.gaveanews.com\/index.php\/2019\/11\/29\/mercado-da-bola-confira-um-resumao-com-os-quatro-jogadores-que-foram-especulados-no-flamengo\/"},"author":{"name":"Equipe G\u00e1vea News","@id":"https:\/\/www.gaveanews.com\/#\/schema\/person\/2ec14f73fb96be2caf28f91afb14749d"},"headline":"Mercado da bola: Confira um resum\u00e3o com os quatro jogadores que foram especulados no Flamengo","datePublished":"2019-11-29T04:46:41+00:00","dateModified":"2019-11-29T04:48:20+00:00","mainEntityOfPage":{"@id":"https:\/\/www.gaveanews.com\/index.php\/2019\/11\/29\/mercado-da-bola-confira-um-resumao-com-os-quatro-jogadores-que-foram-especulados-no-flamengo\/"},"wordCount":631,"commentCount":0,"image":{"@id":"https:\/\/www.gaveanews.com\/index.php\/2019\/11\/29\/mercado-da-bola-confira-um-resumao-com-os-quatro-jogadores-que-foram-especulados-no-flamengo\/#primaryimage"},"thumbnailUrl":"https:\/\/www.gaveanews.com\/wp-content\/uploads\/2019\/03\/Rodolfo-Landim-durante-entrevista-coletiva-na-Gavea.webp","articleSection":["Negocia\u00e7\u00f5es"],"inLanguage":"pt-BR","potentialAction":[{"@type":"CommentAction","name":"Comment","target":["https:\/\/www.gaveanews.com\/index.php\/2019\/11\/29\/mercado-da-bola-confira-um-resumao-com-os-quatro-jogadores-que-foram-especulados-no-flamengo\/#respond"]}],"copyrightYear":"2019","copyrightHolder":{"@id":"https:\/\/www.gaveanews.com\/#organization"}},{"@type":"WebPage","@id":"https:\/\/www.gaveanews.com\/index.php\/2019\/11\/29\/mercado-da-bola-confira-um-resumao-com-os-quatro-jogadores-que-foram-especulados-no-flamengo\/","url":"https:\/\/www.gaveanews.com\/index.php\/2019\/11\/29\/mercado-da-bola-confira-um-resumao-com-os-quatro-jogadores-que-foram-especulados-no-flamengo\/","name":"Mercado da bola: Confira um resum\u00e3o com os quatro jogadores que foram especulados no Flamengo","isPartOf":{"@id":"https:\/\/www.gaveanews.com\/#website"},"primaryImageOfPage":{"@id":"https:\/\/www.gaveanews.com\/index.php\/2019\/11\/29\/mercado-da-bola-confira-um-resumao-com-os-quatro-jogadores-que-foram-especulados-no-flamengo\/#primaryimage"},"image":{"@id":"https:\/\/www.gaveanews.com\/index.php\/2019\/11\/29\/mercado-da-bola-confira-um-resumao-com-os-quatro-jogadores-que-foram-especulados-no-flamengo\/#primaryimage"},"thumbnailUrl":"https:\/\/www.gaveanews.com\/wp-content\/uploads\/2019\/03\/Rodolfo-Landim-durante-entrevista-coletiva-na-Gavea.webp","datePublished":"2019-11-29T04:46:41+00:00","dateModified":"2019-11-29T04:48:20+00:00","author":{"@id":"https:\/\/www.gaveanews.com\/#\/schema\/person\/2ec14f73fb96be2caf28f91afb14749d"},"inLanguage":"pt-BR","potentialAction":[{"@type":"ReadAction","target":["https:\/\/www.gaveanews.com\/index.php\/2019\/11\/29\/mercado-da-bola-confira-um-resumao-com-os-quatro-jogadores-que-foram-especulados-no-flamengo\/"]}]},{"@type":"ImageObject","inLanguage":"pt-BR","@id":"https:\/\/www.gaveanews.com\/index.php\/2019\/11\/29\/mercado-da-bola-confira-um-resumao-com-os-quatro-jogadores-que-foram-especulados-no-flamengo\/#primaryimage","url":"https:\/\/www.gaveanews.com\/wp-content\/uploads\/2019\/03\/Rodolfo-Landim-durante-entrevista-coletiva-na-Gavea.webp","contentUrl":"https:\/\/www.gaveanews.com\/wp-content\/uploads\/2019\/03\/Rodolfo-Landim-durante-entrevista-coletiva-na-Gavea.webp","width":900,"height":599,"caption":"Rodolfo Landim durante entrevista coletiva na G\u00e1vea (Foto: Ag\u00eancia Foto BR)"},{"@type":"WebSite","@id":"https:\/\/www.gaveanews.com\/#website","url":"https:\/\/www.gaveanews.com\/","name":"G\u00e1vea News","description":"Veja todas as not\u00edcias sobre o Flamengo: Contrata\u00e7\u00f5es, categorias de base, resultados das partidas, tabela de classifica\u00e7\u00e3o, pr\u00f3ximos jogos!","potentialAction":[{"@type":"SearchAction","target":{"@type":"EntryPoint","urlTemplate":"https:\/\/www.gaveanews.com\/?s={search_term_string}"},"query-input":{"@type":"PropertyValueSpecification","valueRequired":true,"valueName":"search_term_string"}}],"inLanguage":"pt-BR"},{"@type":"Person","@id":"https:\/\/www.gaveanews.com\/#\/schema\/person\/2ec14f73fb96be2caf28f91afb14749d","name":"Equipe G\u00e1vea News","image":{"@type":"ImageObject","inLanguage":"pt-BR","@id":"https:\/\/www.gaveanews.com\/#\/schema\/person\/image\/","url":"https:\/\/secure.gravatar.com\/avatar\/1e1956f1facbffd3f8fa53a326721950116b3b9dc9bd44939c01180fd4a745a9?s=96&d=mm&r=g","contentUrl":"https:\/\/secure.gravatar.com\/avatar\/1e1956f1facbffd3f8fa53a326721950116b3b9dc9bd44939c01180fd4a745a9?s=96&d=mm&r=g","caption":"Equipe G\u00e1vea News"}}]}},"_links":{"self":[{"href":"https:\/\/www.gaveanews.com\/index.php\/wp-json\/wp\/v2\/posts\/32729","targetHints":{"allow":["GET"]}}],"collection":[{"href":"https:\/\/www.gaveanews.com\/index.php\/wp-json\/wp\/v2\/posts"}],"about":[{"href":"https:\/\/www.gaveanews.com\/index.php\/wp-json\/wp\/v2\/types\/post"}],"author":[{"embeddable":true,"href":"https:\/\/www.gaveanews.com\/index.php\/wp-json\/wp\/v2\/users\/1"}],"replies":[{"embeddable":true,"href":"https:\/\/www.gaveanews.com\/index.php\/wp-json\/wp\/v2\/comments?post=32729"}],"version-history":[{"count":0,"href":"https:\/\/www.gaveanews.com\/index.php\/wp-json\/wp\/v2\/posts\/32729\/revisions"}],"wp:featuredmedia":[{"embeddable":true,"href":"https:\/\/www.gaveanews.com\/index.php\/wp-json\/wp\/v2\/media\/15077"}],"wp:attachment":[{"href":"https:\/\/www.gaveanews.com\/index.php\/wp-json\/wp\/v2\/media?parent=32729"}],"wp:term":[{"taxonomy":"category","embeddable":true,"href":"https:\/\/www.gaveanews.com\/index.php\/wp-json\/wp\/v2\/categories?post=32729"},{"taxonomy":"post_tag","embeddable":true,"href":"https:\/\/www.gaveanews.com\/index.php\/wp-json\/wp\/v2\/tags?post=32729"}],"curies":[{"name":"wp","href":"https:\/\/api.w.org\/{rel}","templated":true}]}}