{"id":32739,"date":"2019-11-29T08:57:29","date_gmt":"2019-11-29T11:57:29","guid":{"rendered":"http:\/\/www.gaveanews.com\/?p=32739"},"modified":"2019-11-29T08:58:53","modified_gmt":"2019-11-29T11:58:53","slug":"lateral-rafinha-faz-tatuagem-para-eternizar-titulos-da-copa-libertadores-e-do-campeonato-brasileiro-pelo-flamengo","status":"publish","type":"post","link":"https:\/\/www.gaveanews.com\/index.php\/2019\/11\/29\/lateral-rafinha-faz-tatuagem-para-eternizar-titulos-da-copa-libertadores-e-do-campeonato-brasileiro-pelo-flamengo\/","title":{"rendered":"Lateral Rafinha faz tatuagens para eternizar t\u00edtulos da Copa Libertadores e do Campeonato Brasileiro pelo Flamengo"},"content":{"rendered":"\n<p>Enfrentar a dor n\u00e3o \u00e9 um problema para Rafinha, lateral do Flamengo. Na final da Libertadores, s\u00e1bado, em seu primeiro jogo sem o capacete, usado desde que fraturou um osso do rosto, pelo Brasileiro, ele sofreu com a marca\u00e7\u00e3o forte \u2013 por vezes desleal \u2013 do River Plate. Mas n\u00e3o s\u00f3 tirou de letra mais uma batalha, como saboreou o primeiro t\u00edtulo em cinco meses na G\u00e1vea.<\/p>\n\n\n\n<p>Na quinta-feira, o camisa 13 eternizou suas duas conquistas pelo time de Jorge Jesus (no domingo, faturou o Brasileiro) com uma de suas maiores paix\u00f5es, a tatuagem. Cada trof\u00e9u conquistado ganhou um espa\u00e7o no bra\u00e7o esquerdo do jogador.<\/p>\n\n\n\n<p>Em meio \u00e0s agulhas e \u00e0 tinta, ele ouve a pergunta: a decis\u00e3o em Lima foi a mais dolorida mesmo para quem ganhou Mundial, Champions League e algumas edi\u00e7\u00f5es do Campeonato Alem\u00e3o pelo Bayern de Munique?<\/p>\n\n\n\n<p>\u2014 Acho que sim. A primeira les\u00e3o que tive foi no Brasileir\u00e3o (contra o Athletico, na Arena da Baixada), mas pelo que aconteceu foi a m+ais dolorida. Nesse \u00faltimo jogo, joguei sem o capacete e tomei uma pancada que inchou. Achei que tivesse sido no mesmo lugar. Quando passei a m\u00e3o, senti uma bola e apavorei. No intervalo, pensei &#8220;Meu Deus, de novo&#8221;. Mas mesmo se tivesse quebrado alguma coisa n\u00e3o ia sair, n\u00e3o. \u00c9 marca da guerra, n\u00e9, mas foi bacana. Um t\u00edtulo dessa dimens\u00e3o \u2013 comenta o campe\u00e3o da Libertadores.<\/p>\n\n\n\n<p>As duas novas tatuagens do lateral-direito do Flamengo foram feitas pelo paulista Tiago Frigi, que h\u00e1 quatro anos \u00e9 o respons\u00e1vel por fazer o trabalho. Quando Rafinha jogava no Bayern, Frigi ia cerca de duas vezes por ano \u00e0 Alemanha tatu\u00e1-lo.<\/p>\n\n\n\n<figure class=\"wp-block-image size-large\"><img decoding=\"async\" src=\"http:\/\/3.bp.blogspot.com\/-uVo2PR_wafA\/XeEHP5fQntI\/AAAAAAAAcIc\/mUQUZekSpIotiQIegA6YGYGgUyBqEnDxACK4BGAYYCw\/s1600\/x85919989_es-rio-de-janeiro-rj-28-11-2019-jogador-de-futebol-rafinha-faz-tatoo-em-homenagem-aos-t.webp.pagespeed.ic.34moVhnZ0R.webp\" alt=\"\"\/><figcaption>(Foto: Foto: Domingos Peixoto\/Ag\u00eancia O Globo)<\/figcaption><\/figure>\n\n\n\n<p>No s\u00e1bado, o tatuador pensou que fosse perder esse novo servi\u00e7o. O Flamengo era derrotado por 1 a 0 at\u00e9 os 43 minutos do segundo tempo, quando Gabigol marcou o primeiro de seus dois gols no River Plate:<\/p>\n\n\n\n<p>\u2014 Achei que n\u00e3o ia fazer mais. N\u00e3o tor\u00e7o pelo time dele, mas \u00e9 um amigo que est\u00e1 jogando, e a gente sempre torce por ele. Fiquei contente por v\u00ea-lo ganhar e fazer essa tatuagem \u2013 conta o profissional, que tamb\u00e9m tem, entre os clientes, nomes como o surfista Gabriel Medina e o volante chileno Artur Vidal, que hoje atua pelo Barcelona.<\/p>\n\n\n\n<p>O camisa 13 do Flamengo tem tatuagens espalhadas pelo corpo, como costas, peito, bra\u00e7os e pernas. Para ele, no bra\u00e7o, como as de ontem, \u00e9 onde mais d\u00f3i. Mas valeu a pena, mais uma vez, encarar a dor:<\/p>\n\n\n\n<p>\u2013 Ficaram muito boas. O Tiago risca a pele igual caneta no papel \u2013 recomenda o lateral direito.<\/p>\n\n\n\n<div class=\"wp-block-image\"><figure class=\"aligncenter size-large\"><img decoding=\"async\" src=\"http:\/\/1.bp.blogspot.com\/--sg2ZLCF1J0\/XeEHOujX_WI\/AAAAAAAAcIM\/Qj8nhguE-CoU64cKXKGKcSsWKLYJLBjeACK4BGAYYCw\/s1600\/x85920013_es-rio-de-janeiro-rj-28-11-2019-jogador-de-futebol-rafinha-faz-tatoo-em-homenagem-aos-t.webp.pagespeed.ic.nMtmxozO7I.webp\" alt=\"\"\/><figcaption>(Foto: Foto: Domingos Peixoto\/Ag\u00eancia O Globo)<\/figcaption><\/figure><\/div>\n\n\n\n<h3 class=\"wp-block-heading\"><strong>A m\u00e3e detesta<\/strong><\/h3>\n\n\n\n<p>A paix\u00e3o de Rafinha pelas tatuagens come\u00e7ou em 2005, quando jogava no Schalke 04, na Alemanha. Ele confessa que tinha medo, mas o compatriota e companheiro de time Bordon o incentivou:<\/p>\n\n\n\n<p>\u2013 Meu pai tinha falecido havia tr\u00eas anos. Nem falava nada, s\u00f3 gritava, o (zagueiro) Bordon traduzia \u2013 relembra, aos risos.<\/p>\n\n\n\n<p>Os tr\u00eas filhos de Rafinha, Maria Luiza, Maria Sofia e o ca\u00e7ula, Rafael Luca, de tr\u00eas meses, e a m\u00e3e do jogador tamb\u00e9m ganharam homenagens. Mas nem todos gostaram. \u00c9 quando o jogador se lembra da express\u00e3o de dona Deusdete:<\/p>\n\n\n\n<p>\u2013 Nem do \u201cm\u00e3e, eu te amo\u201d ela gostou. Ela disse: \u201cque tatuagem feia\u201d. Minha m\u00e3e detesta tatuagem \u2013 comenta, resignado.<\/p>\n\n\n\n<p>Alguns desenhos n\u00e3o t\u00eam rela\u00e7\u00e3o direta com o futebol. Na perna direita, Marcio Rafael Ferreira de Souza tem um leopardo gravado. Por qu\u00ea?<\/p>\n\n\n\n<p>\u2014 Ele tem muitas virtudes que um ser humano precisa \u2013 filosofa o londrinense\u2013 Gosta de lutar, n\u00e3o desiste, \u00e9 r\u00e1pido, paciente, esperto, sem pressa, estrat\u00e9gico.<\/p>\n\n\n\n<p>F\u00e3 de samba, o camisa 13 do Flamengo tamb\u00e9m tem o refr\u00e3o \u201crespeite quem p\u00f4de chegar onde a gente chegou\u201d gravado em um dos bra\u00e7os. O Mundial o lateral j\u00e1 tem tatuado, uma vez que venceu pelo Bayern. E se o Flamengo conquistar em dezembro, no Qatar? Rafinha vai tatuar outra ta\u00e7a?<\/p>\n\n\n\n<p>\u2014 N\u00e3o, nesse caso, vou gravar o ano: 2019.<\/p>\n\n\n\n<div class=\"wp-block-image\"><figure class=\"aligncenter size-large\"><img decoding=\"async\" src=\"http:\/\/2.bp.blogspot.com\/-kcVbI9C_4NY\/XeEHPm-ITwI\/AAAAAAAAcIU\/xPR9I51xyr4lhX1ikrknPVusp1kVmxSxgCK4BGAYYCw\/s1600\/x85920681_es-rio-de-janeiro-rj-28-11-2019-jogador-de-futebol-rafinha-faz-tatoo-em-homenagem-aos-t.webp.pagespeed.ic.zeCNYQfwq0.webp\" alt=\"\"\/><figcaption>(Foto: Foto: Domingos Peixoto\/Ag\u00eancia O Globo)<\/figcaption><\/figure><\/div>\n\n\n\n<p>Retirado de: Extra<\/p>\n","protected":false},"excerpt":{"rendered":"<p>Enfrentar a dor n\u00e3o \u00e9 um problema para Rafinha, lateral do Flamengo. Na final da Libertadores, s\u00e1bado, em seu primeiro jogo sem o capacete, usado desde que fraturou um osso do rosto, pelo Brasileiro, ele sofreu com a marca\u00e7\u00e3o forte \u2013 por vezes desleal \u2013 do River Plate. Mas n\u00e3o s\u00f3 tirou de letra mais [&hellip;]<\/p>\n","protected":false},"author":1,"featured_media":28892,"comment_status":"open","ping_status":"open","sticky":false,"template":"","format":"standard","meta":{"footnotes":""},"categories":[1],"tags":[],"class_list":["post-32739","post","type-post","status-publish","format-standard","has-post-thumbnail","hentry","category-flamengo"],"yoast_head":"<!-- This site is optimized with the Yoast SEO Premium plugin v24.2 (Yoast SEO v26.9) - https:\/\/yoast.com\/product\/yoast-seo-premium-wordpress\/ -->\n<title>Lateral Rafinha faz tatuagens para eternizar t\u00edtulos da Copa Libertadores e do Campeonato Brasileiro pelo Flamengo<\/title>\n<meta name=\"robots\" content=\"index, follow, max-snippet:-1, max-image-preview:large, max-video-preview:-1\" \/>\n<link rel=\"canonical\" href=\"https:\/\/www.gaveanews.com\/index.php\/2019\/11\/29\/lateral-rafinha-faz-tatuagem-para-eternizar-titulos-da-copa-libertadores-e-do-campeonato-brasileiro-pelo-flamengo\/\" \/>\n<meta property=\"og:locale\" content=\"pt_BR\" \/>\n<meta property=\"og:type\" content=\"article\" \/>\n<meta property=\"og:title\" content=\"Lateral Rafinha faz tatuagens para eternizar t\u00edtulos da Copa Libertadores e do Campeonato Brasileiro pelo Flamengo\" \/>\n<meta property=\"og:description\" content=\"Enfrentar a dor n\u00e3o \u00e9 um problema para Rafinha, lateral do Flamengo. Na final da Libertadores, s\u00e1bado, em seu primeiro jogo sem o capacete, usado desde que fraturou um osso do rosto, pelo Brasileiro, ele sofreu com a marca\u00e7\u00e3o forte \u2013 por vezes desleal \u2013 do River Plate. Mas n\u00e3o s\u00f3 tirou de letra mais [&hellip;]\" \/>\n<meta property=\"og:url\" content=\"https:\/\/www.gaveanews.com\/index.php\/2019\/11\/29\/lateral-rafinha-faz-tatuagem-para-eternizar-titulos-da-copa-libertadores-e-do-campeonato-brasileiro-pelo-flamengo\/\" \/>\n<meta property=\"og:site_name\" content=\"G\u00e1vea News\" \/>\n<meta property=\"article:publisher\" content=\"https:\/\/facebook.com\/gaveaNews\/\" \/>\n<meta property=\"article:published_time\" content=\"2019-11-29T11:57:29+00:00\" \/>\n<meta property=\"article:modified_time\" content=\"2019-11-29T11:58:53+00:00\" \/>\n<meta property=\"og:image\" content=\"https:\/\/www.gaveanews.com\/wp-content\/uploads\/Lateral-Rafinha-em-acao-pelo-Flamengo.webp\" \/>\n\t<meta property=\"og:image:width\" content=\"1\" \/>\n\t<meta property=\"og:image:height\" content=\"1\" \/>\n\t<meta property=\"og:image:type\" content=\"image\/jpeg\" \/>\n<meta name=\"author\" content=\"Equipe G\u00e1vea News\" \/>\n<meta name=\"twitter:card\" content=\"summary_large_image\" \/>\n<meta name=\"twitter:label1\" content=\"Escrito por\" \/>\n\t<meta name=\"twitter:data1\" content=\"Equipe G\u00e1vea News\" \/>\n\t<meta name=\"twitter:label2\" content=\"Est. tempo de leitura\" \/>\n\t<meta name=\"twitter:data2\" content=\"4 minutos\" \/>\n<script type=\"application\/ld+json\" class=\"yoast-schema-graph\">{\"@context\":\"https:\/\/schema.org\",\"@graph\":[{\"@type\":\"NewsArticle\",\"@id\":\"https:\/\/www.gaveanews.com\/index.php\/2019\/11\/29\/lateral-rafinha-faz-tatuagem-para-eternizar-titulos-da-copa-libertadores-e-do-campeonato-brasileiro-pelo-flamengo\/#article\",\"isPartOf\":{\"@id\":\"https:\/\/www.gaveanews.com\/index.php\/2019\/11\/29\/lateral-rafinha-faz-tatuagem-para-eternizar-titulos-da-copa-libertadores-e-do-campeonato-brasileiro-pelo-flamengo\/\"},\"author\":{\"name\":\"Equipe G\u00e1vea News\",\"@id\":\"https:\/\/www.gaveanews.com\/#\/schema\/person\/2ec14f73fb96be2caf28f91afb14749d\"},\"headline\":\"Lateral Rafinha faz tatuagens para eternizar t\u00edtulos da Copa Libertadores e do Campeonato Brasileiro pelo Flamengo\",\"datePublished\":\"2019-11-29T11:57:29+00:00\",\"dateModified\":\"2019-11-29T11:58:53+00:00\",\"mainEntityOfPage\":{\"@id\":\"https:\/\/www.gaveanews.com\/index.php\/2019\/11\/29\/lateral-rafinha-faz-tatuagem-para-eternizar-titulos-da-copa-libertadores-e-do-campeonato-brasileiro-pelo-flamengo\/\"},\"wordCount\":725,\"commentCount\":0,\"image\":{\"@id\":\"https:\/\/www.gaveanews.com\/index.php\/2019\/11\/29\/lateral-rafinha-faz-tatuagem-para-eternizar-titulos-da-copa-libertadores-e-do-campeonato-brasileiro-pelo-flamengo\/#primaryimage\"},\"thumbnailUrl\":\"https:\/\/www.gaveanews.com\/wp-content\/uploads\/Lateral-Rafinha-em-acao-pelo-Flamengo.webp\",\"articleSection\":[\"Flamengo\"],\"inLanguage\":\"pt-BR\",\"potentialAction\":[{\"@type\":\"CommentAction\",\"name\":\"Comment\",\"target\":[\"https:\/\/www.gaveanews.com\/index.php\/2019\/11\/29\/lateral-rafinha-faz-tatuagem-para-eternizar-titulos-da-copa-libertadores-e-do-campeonato-brasileiro-pelo-flamengo\/#respond\"]}],\"copyrightYear\":\"2019\",\"copyrightHolder\":{\"@id\":\"https:\/\/www.gaveanews.com\/#organization\"}},{\"@type\":\"WebPage\",\"@id\":\"https:\/\/www.gaveanews.com\/index.php\/2019\/11\/29\/lateral-rafinha-faz-tatuagem-para-eternizar-titulos-da-copa-libertadores-e-do-campeonato-brasileiro-pelo-flamengo\/\",\"url\":\"https:\/\/www.gaveanews.com\/index.php\/2019\/11\/29\/lateral-rafinha-faz-tatuagem-para-eternizar-titulos-da-copa-libertadores-e-do-campeonato-brasileiro-pelo-flamengo\/\",\"name\":\"Lateral Rafinha faz tatuagens para eternizar t\u00edtulos da Copa Libertadores e do Campeonato Brasileiro pelo Flamengo\",\"isPartOf\":{\"@id\":\"https:\/\/www.gaveanews.com\/#website\"},\"primaryImageOfPage\":{\"@id\":\"https:\/\/www.gaveanews.com\/index.php\/2019\/11\/29\/lateral-rafinha-faz-tatuagem-para-eternizar-titulos-da-copa-libertadores-e-do-campeonato-brasileiro-pelo-flamengo\/#primaryimage\"},\"image\":{\"@id\":\"https:\/\/www.gaveanews.com\/index.php\/2019\/11\/29\/lateral-rafinha-faz-tatuagem-para-eternizar-titulos-da-copa-libertadores-e-do-campeonato-brasileiro-pelo-flamengo\/#primaryimage\"},\"thumbnailUrl\":\"https:\/\/www.gaveanews.com\/wp-content\/uploads\/Lateral-Rafinha-em-acao-pelo-Flamengo.webp\",\"datePublished\":\"2019-11-29T11:57:29+00:00\",\"dateModified\":\"2019-11-29T11:58:53+00:00\",\"author\":{\"@id\":\"https:\/\/www.gaveanews.com\/#\/schema\/person\/2ec14f73fb96be2caf28f91afb14749d\"},\"breadcrumb\":{\"@id\":\"https:\/\/www.gaveanews.com\/index.php\/2019\/11\/29\/lateral-rafinha-faz-tatuagem-para-eternizar-titulos-da-copa-libertadores-e-do-campeonato-brasileiro-pelo-flamengo\/#breadcrumb\"},\"inLanguage\":\"pt-BR\",\"potentialAction\":[{\"@type\":\"ReadAction\",\"target\":[\"https:\/\/www.gaveanews.com\/index.php\/2019\/11\/29\/lateral-rafinha-faz-tatuagem-para-eternizar-titulos-da-copa-libertadores-e-do-campeonato-brasileiro-pelo-flamengo\/\"]}]},{\"@type\":\"ImageObject\",\"inLanguage\":\"pt-BR\",\"@id\":\"https:\/\/www.gaveanews.com\/index.php\/2019\/11\/29\/lateral-rafinha-faz-tatuagem-para-eternizar-titulos-da-copa-libertadores-e-do-campeonato-brasileiro-pelo-flamengo\/#primaryimage\",\"url\":\"https:\/\/www.gaveanews.com\/wp-content\/uploads\/Lateral-Rafinha-em-acao-pelo-Flamengo.webp\",\"contentUrl\":\"https:\/\/www.gaveanews.com\/wp-content\/uploads\/Lateral-Rafinha-em-acao-pelo-Flamengo.webp\",\"caption\":\"Lateral Rafinha em a\u00e7\u00e3o pelo Flamengo (Foto: Marcelo Theobald\/Ag\u00eancia O Globo)\"},{\"@type\":\"BreadcrumbList\",\"@id\":\"https:\/\/www.gaveanews.com\/index.php\/2019\/11\/29\/lateral-rafinha-faz-tatuagem-para-eternizar-titulos-da-copa-libertadores-e-do-campeonato-brasileiro-pelo-flamengo\/#breadcrumb\",\"itemListElement\":[{\"@type\":\"ListItem\",\"position\":1,\"name\":\"Home\",\"item\":\"https:\/\/www.gaveanews.com\/\"},{\"@type\":\"ListItem\",\"position\":2,\"name\":\"Lateral Rafinha faz tatuagens para eternizar t\u00edtulos da Copa Libertadores e do Campeonato Brasileiro pelo Flamengo\"}]},{\"@type\":\"WebSite\",\"@id\":\"https:\/\/www.gaveanews.com\/#website\",\"url\":\"https:\/\/www.gaveanews.com\/\",\"name\":\"G\u00e1vea News\",\"description\":\"Veja todas as not\u00edcias sobre o Flamengo: Contrata\u00e7\u00f5es, categorias de base, resultados das partidas, tabela de classifica\u00e7\u00e3o, pr\u00f3ximos jogos!\",\"potentialAction\":[{\"@type\":\"SearchAction\",\"target\":{\"@type\":\"EntryPoint\",\"urlTemplate\":\"https:\/\/www.gaveanews.com\/?s={search_term_string}\"},\"query-input\":{\"@type\":\"PropertyValueSpecification\",\"valueRequired\":true,\"valueName\":\"search_term_string\"}}],\"inLanguage\":\"pt-BR\"},{\"@type\":\"Person\",\"@id\":\"https:\/\/www.gaveanews.com\/#\/schema\/person\/2ec14f73fb96be2caf28f91afb14749d\",\"name\":\"Equipe G\u00e1vea News\",\"image\":{\"@type\":\"ImageObject\",\"inLanguage\":\"pt-BR\",\"@id\":\"https:\/\/www.gaveanews.com\/#\/schema\/person\/image\/\",\"url\":\"https:\/\/secure.gravatar.com\/avatar\/1e1956f1facbffd3f8fa53a326721950116b3b9dc9bd44939c01180fd4a745a9?s=96&d=mm&r=g\",\"contentUrl\":\"https:\/\/secure.gravatar.com\/avatar\/1e1956f1facbffd3f8fa53a326721950116b3b9dc9bd44939c01180fd4a745a9?s=96&d=mm&r=g\",\"caption\":\"Equipe G\u00e1vea News\"}}]}<\/script>\n<!-- \/ Yoast SEO Premium plugin. -->","yoast_head_json":{"title":"Lateral Rafinha faz tatuagens para eternizar t\u00edtulos da Copa Libertadores e do Campeonato Brasileiro pelo Flamengo","robots":{"index":"index","follow":"follow","max-snippet":"max-snippet:-1","max-image-preview":"max-image-preview:large","max-video-preview":"max-video-preview:-1"},"canonical":"https:\/\/www.gaveanews.com\/index.php\/2019\/11\/29\/lateral-rafinha-faz-tatuagem-para-eternizar-titulos-da-copa-libertadores-e-do-campeonato-brasileiro-pelo-flamengo\/","og_locale":"pt_BR","og_type":"article","og_title":"Lateral Rafinha faz tatuagens para eternizar t\u00edtulos da Copa Libertadores e do Campeonato Brasileiro pelo Flamengo","og_description":"Enfrentar a dor n\u00e3o \u00e9 um problema para Rafinha, lateral do Flamengo. Na final da Libertadores, s\u00e1bado, em seu primeiro jogo sem o capacete, usado desde que fraturou um osso do rosto, pelo Brasileiro, ele sofreu com a marca\u00e7\u00e3o forte \u2013 por vezes desleal \u2013 do River Plate. Mas n\u00e3o s\u00f3 tirou de letra mais [&hellip;]","og_url":"https:\/\/www.gaveanews.com\/index.php\/2019\/11\/29\/lateral-rafinha-faz-tatuagem-para-eternizar-titulos-da-copa-libertadores-e-do-campeonato-brasileiro-pelo-flamengo\/","og_site_name":"G\u00e1vea News","article_publisher":"https:\/\/facebook.com\/gaveaNews\/","article_published_time":"2019-11-29T11:57:29+00:00","article_modified_time":"2019-11-29T11:58:53+00:00","og_image":[{"url":"https:\/\/www.gaveanews.com\/wp-content\/uploads\/Lateral-Rafinha-em-acao-pelo-Flamengo.webp","width":1,"height":1,"type":"image\/jpeg"}],"author":"Equipe G\u00e1vea News","twitter_card":"summary_large_image","twitter_misc":{"Escrito por":"Equipe G\u00e1vea News","Est. tempo de leitura":"4 minutos"},"schema":{"@context":"https:\/\/schema.org","@graph":[{"@type":"NewsArticle","@id":"https:\/\/www.gaveanews.com\/index.php\/2019\/11\/29\/lateral-rafinha-faz-tatuagem-para-eternizar-titulos-da-copa-libertadores-e-do-campeonato-brasileiro-pelo-flamengo\/#article","isPartOf":{"@id":"https:\/\/www.gaveanews.com\/index.php\/2019\/11\/29\/lateral-rafinha-faz-tatuagem-para-eternizar-titulos-da-copa-libertadores-e-do-campeonato-brasileiro-pelo-flamengo\/"},"author":{"name":"Equipe G\u00e1vea News","@id":"https:\/\/www.gaveanews.com\/#\/schema\/person\/2ec14f73fb96be2caf28f91afb14749d"},"headline":"Lateral Rafinha faz tatuagens para eternizar t\u00edtulos da Copa Libertadores e do Campeonato Brasileiro pelo Flamengo","datePublished":"2019-11-29T11:57:29+00:00","dateModified":"2019-11-29T11:58:53+00:00","mainEntityOfPage":{"@id":"https:\/\/www.gaveanews.com\/index.php\/2019\/11\/29\/lateral-rafinha-faz-tatuagem-para-eternizar-titulos-da-copa-libertadores-e-do-campeonato-brasileiro-pelo-flamengo\/"},"wordCount":725,"commentCount":0,"image":{"@id":"https:\/\/www.gaveanews.com\/index.php\/2019\/11\/29\/lateral-rafinha-faz-tatuagem-para-eternizar-titulos-da-copa-libertadores-e-do-campeonato-brasileiro-pelo-flamengo\/#primaryimage"},"thumbnailUrl":"https:\/\/www.gaveanews.com\/wp-content\/uploads\/Lateral-Rafinha-em-acao-pelo-Flamengo.webp","articleSection":["Flamengo"],"inLanguage":"pt-BR","potentialAction":[{"@type":"CommentAction","name":"Comment","target":["https:\/\/www.gaveanews.com\/index.php\/2019\/11\/29\/lateral-rafinha-faz-tatuagem-para-eternizar-titulos-da-copa-libertadores-e-do-campeonato-brasileiro-pelo-flamengo\/#respond"]}],"copyrightYear":"2019","copyrightHolder":{"@id":"https:\/\/www.gaveanews.com\/#organization"}},{"@type":"WebPage","@id":"https:\/\/www.gaveanews.com\/index.php\/2019\/11\/29\/lateral-rafinha-faz-tatuagem-para-eternizar-titulos-da-copa-libertadores-e-do-campeonato-brasileiro-pelo-flamengo\/","url":"https:\/\/www.gaveanews.com\/index.php\/2019\/11\/29\/lateral-rafinha-faz-tatuagem-para-eternizar-titulos-da-copa-libertadores-e-do-campeonato-brasileiro-pelo-flamengo\/","name":"Lateral Rafinha faz tatuagens para eternizar t\u00edtulos da Copa Libertadores e do Campeonato Brasileiro pelo Flamengo","isPartOf":{"@id":"https:\/\/www.gaveanews.com\/#website"},"primaryImageOfPage":{"@id":"https:\/\/www.gaveanews.com\/index.php\/2019\/11\/29\/lateral-rafinha-faz-tatuagem-para-eternizar-titulos-da-copa-libertadores-e-do-campeonato-brasileiro-pelo-flamengo\/#primaryimage"},"image":{"@id":"https:\/\/www.gaveanews.com\/index.php\/2019\/11\/29\/lateral-rafinha-faz-tatuagem-para-eternizar-titulos-da-copa-libertadores-e-do-campeonato-brasileiro-pelo-flamengo\/#primaryimage"},"thumbnailUrl":"https:\/\/www.gaveanews.com\/wp-content\/uploads\/Lateral-Rafinha-em-acao-pelo-Flamengo.webp","datePublished":"2019-11-29T11:57:29+00:00","dateModified":"2019-11-29T11:58:53+00:00","author":{"@id":"https:\/\/www.gaveanews.com\/#\/schema\/person\/2ec14f73fb96be2caf28f91afb14749d"},"breadcrumb":{"@id":"https:\/\/www.gaveanews.com\/index.php\/2019\/11\/29\/lateral-rafinha-faz-tatuagem-para-eternizar-titulos-da-copa-libertadores-e-do-campeonato-brasileiro-pelo-flamengo\/#breadcrumb"},"inLanguage":"pt-BR","potentialAction":[{"@type":"ReadAction","target":["https:\/\/www.gaveanews.com\/index.php\/2019\/11\/29\/lateral-rafinha-faz-tatuagem-para-eternizar-titulos-da-copa-libertadores-e-do-campeonato-brasileiro-pelo-flamengo\/"]}]},{"@type":"ImageObject","inLanguage":"pt-BR","@id":"https:\/\/www.gaveanews.com\/index.php\/2019\/11\/29\/lateral-rafinha-faz-tatuagem-para-eternizar-titulos-da-copa-libertadores-e-do-campeonato-brasileiro-pelo-flamengo\/#primaryimage","url":"https:\/\/www.gaveanews.com\/wp-content\/uploads\/Lateral-Rafinha-em-acao-pelo-Flamengo.webp","contentUrl":"https:\/\/www.gaveanews.com\/wp-content\/uploads\/Lateral-Rafinha-em-acao-pelo-Flamengo.webp","caption":"Lateral Rafinha em a\u00e7\u00e3o pelo Flamengo (Foto: Marcelo Theobald\/Ag\u00eancia O Globo)"},{"@type":"BreadcrumbList","@id":"https:\/\/www.gaveanews.com\/index.php\/2019\/11\/29\/lateral-rafinha-faz-tatuagem-para-eternizar-titulos-da-copa-libertadores-e-do-campeonato-brasileiro-pelo-flamengo\/#breadcrumb","itemListElement":[{"@type":"ListItem","position":1,"name":"Home","item":"https:\/\/www.gaveanews.com\/"},{"@type":"ListItem","position":2,"name":"Lateral Rafinha faz tatuagens para eternizar t\u00edtulos da Copa Libertadores e do Campeonato Brasileiro pelo Flamengo"}]},{"@type":"WebSite","@id":"https:\/\/www.gaveanews.com\/#website","url":"https:\/\/www.gaveanews.com\/","name":"G\u00e1vea News","description":"Veja todas as not\u00edcias sobre o Flamengo: Contrata\u00e7\u00f5es, categorias de base, resultados das partidas, tabela de classifica\u00e7\u00e3o, pr\u00f3ximos jogos!","potentialAction":[{"@type":"SearchAction","target":{"@type":"EntryPoint","urlTemplate":"https:\/\/www.gaveanews.com\/?s={search_term_string}"},"query-input":{"@type":"PropertyValueSpecification","valueRequired":true,"valueName":"search_term_string"}}],"inLanguage":"pt-BR"},{"@type":"Person","@id":"https:\/\/www.gaveanews.com\/#\/schema\/person\/2ec14f73fb96be2caf28f91afb14749d","name":"Equipe G\u00e1vea News","image":{"@type":"ImageObject","inLanguage":"pt-BR","@id":"https:\/\/www.gaveanews.com\/#\/schema\/person\/image\/","url":"https:\/\/secure.gravatar.com\/avatar\/1e1956f1facbffd3f8fa53a326721950116b3b9dc9bd44939c01180fd4a745a9?s=96&d=mm&r=g","contentUrl":"https:\/\/secure.gravatar.com\/avatar\/1e1956f1facbffd3f8fa53a326721950116b3b9dc9bd44939c01180fd4a745a9?s=96&d=mm&r=g","caption":"Equipe G\u00e1vea News"}}]}},"_links":{"self":[{"href":"https:\/\/www.gaveanews.com\/index.php\/wp-json\/wp\/v2\/posts\/32739","targetHints":{"allow":["GET"]}}],"collection":[{"href":"https:\/\/www.gaveanews.com\/index.php\/wp-json\/wp\/v2\/posts"}],"about":[{"href":"https:\/\/www.gaveanews.com\/index.php\/wp-json\/wp\/v2\/types\/post"}],"author":[{"embeddable":true,"href":"https:\/\/www.gaveanews.com\/index.php\/wp-json\/wp\/v2\/users\/1"}],"replies":[{"embeddable":true,"href":"https:\/\/www.gaveanews.com\/index.php\/wp-json\/wp\/v2\/comments?post=32739"}],"version-history":[{"count":0,"href":"https:\/\/www.gaveanews.com\/index.php\/wp-json\/wp\/v2\/posts\/32739\/revisions"}],"wp:featuredmedia":[{"embeddable":true,"href":"https:\/\/www.gaveanews.com\/index.php\/wp-json\/wp\/v2\/media\/28892"}],"wp:attachment":[{"href":"https:\/\/www.gaveanews.com\/index.php\/wp-json\/wp\/v2\/media?parent=32739"}],"wp:term":[{"taxonomy":"category","embeddable":true,"href":"https:\/\/www.gaveanews.com\/index.php\/wp-json\/wp\/v2\/categories?post=32739"},{"taxonomy":"post_tag","embeddable":true,"href":"https:\/\/www.gaveanews.com\/index.php\/wp-json\/wp\/v2\/tags?post=32739"}],"curies":[{"name":"wp","href":"https:\/\/api.w.org\/{rel}","templated":true}]}}