{"id":32750,"date":"2019-11-29T10:41:19","date_gmt":"2019-11-29T13:41:19","guid":{"rendered":"http:\/\/www.gaveanews.com\/?p=32750"},"modified":"2019-11-29T10:41:19","modified_gmt":"2019-11-29T13:41:19","slug":"video-zagueiro-rodrigo-caio-fala-sobre-a-possibilidade-de-sair-do-rubro-negro","status":"publish","type":"post","link":"https:\/\/www.gaveanews.com\/index.php\/2019\/11\/29\/video-zagueiro-rodrigo-caio-fala-sobre-a-possibilidade-de-sair-do-rubro-negro\/","title":{"rendered":"V\u00eddeo: Zagueiro Rodrigo Caio fala sobre a possibilidade de sair do rubro-negro"},"content":{"rendered":"\n<p>O Flamengo montou um elenco poderos\u00edssimo para a temporada deste ano. O clube carioca contratou nove jogadores. Rodrigo Caio foi o primeiro refor\u00e7o a pintar na G\u00e1vea. Sob desconfian\u00e7a da torcida, o zagueiro superou todas as expectativas e se tornou um dos principais atletas do plantel rubro-negro. <\/p>\n\n\n\n<p>O defensor conquistou o Campeonato Brasileiro e a Libertadores da Am\u00e9rica no Fla, atuando em alto n\u00edvel em 2019. Por isso, as sondagens come\u00e7aram a aparecer, e, em entrevista ao canal De Sola, ele comentou a possibilidade de sair do Mais Querido (assista a entrevista completa no final desta mat\u00e9ria).<\/p>\n\n\n\n<p>\u2014 S\u00f3 se for algo muito bom, muito bom mesmo para a minha carreira e para o Flamengo, porque foi o clube que acreditou e que me abriu as portas. N\u00e3o \u00e9 financeiramente, mas algo bom de proje\u00e7\u00e3o de carreira, foi o que sempre pensei. Eu tive muitas oportunidades e nunca pensei em dinheiro. Dinheiro \u00e9 importante, mas a sua alegria \u00e9 mais importante. A alegria, o prazer em jogar, a felicidade, a fam\u00edlia estar bem no ambiente, isso faz toda a diferen\u00e7a. Hoje eu me sinto como se tivesse feito a carreira no Flamengo -, disse Rodrigo Caio, que concluiu:<\/p>\n\n\n\n<p>\u2014 Eu cheguei com 12 anos no S\u00e3o Paulo. \u00c9 como se eu tivesse chegado com 12 anos no Flamengo, tivesse feito a base no Flamengo, ter subido para o profissional e ter ganho a Libertadores e o Brasileiro, esse \u00e9 o meu sentimento hoje, de satisfa\u00e7\u00e3o pessoal, mas tamb\u00e9m de gratid\u00e3o, porque o Flamengo me deu a oportunidade de retomar a minha carreira, acreditou em mim. Eu tenho o sonho de jogar na Europa, sempre deixei isso claro, mas, para que eu saia do Flamengo, tem que ser muito importante na minha carreira, que v\u00e1 me valorizar, porque se n\u00e3o for por isso, n\u00e3o tenho porque sair de um lugar onde estou feliz e minha fam\u00edlia est\u00e1 feliz.<\/p>\n\n\n\n<p>Rodrigo Caio foi contratado em dezembro de 2018. Revelado pelo S\u00e3o Paulo, o jogador custou 5 milh\u00f5es de euros (cerca de R$ 22 milh\u00f5es na cota\u00e7\u00e3o da \u00e9poca) aos cofres do Flamengo. O clube carioca adquiriu 45% dos direitos econ\u00f4micos do atleta. O Tricolor permanecer com 45%, enquanto 10% \u00e9 do pr\u00f3prio defensor. Como o zagueiro tem mais de 4 mil minutos em campo nesta temporada, o Fla vai exercer a cl\u00e1usula obrigat\u00f3ria no contrato de compra de mais 15% dos direitos econ\u00f4micos do camisa 3 por 1 milh\u00e3o de euros ( algo em torno de R$ 4.5 mi).<\/p>\n\n\n\n<p>Rodrigo Caio \u00e9 apontado, por muitos, como um dos principais zagueiros do futebol brasileiro. O jogador deve estar em campo no pr\u00f3ximo domingo (01), quando o Flamengo enfrenta o Palmeiras, pela 36\u00aa rodada do Campeonato Brasileiro. O jogo vai ser disputado no est\u00e1dio do time paulista e ter\u00e1 in\u00edcio \u00e0s 16h (hor\u00e1rio de Bras\u00edlia). A equipe carioca, que j\u00e1 \u00e9 campe\u00e3 da competi\u00e7\u00e3o, est\u00e1 com 84 pontos, enquanto o time alviverde ocupa a terceira coloca\u00e7\u00e3o, com 68 somados.<\/p>\n\n\n\n<figure class=\"wp-block-embed-youtube wp-block-embed is-type-video is-provider-youtube wp-embed-aspect-16-9 wp-has-aspect-ratio\"><div class=\"wp-block-embed__wrapper\">\n<iframe loading=\"lazy\" title=\"RODRIGO CAIO: &quot;MARCAMOS NOSSO NOME NA HIST\u00d3RIA DO FLAMENGO&quot; - Al\u00ea Oliveira Responde #115\" width=\"640\" height=\"360\" src=\"https:\/\/www.youtube.com\/embed\/H6mt3ODCxSA?feature=oembed\" frameborder=\"0\" allow=\"accelerometer; autoplay; clipboard-write; encrypted-media; gyroscope; picture-in-picture; web-share\" referrerpolicy=\"strict-origin-when-cross-origin\" allowfullscreen><\/iframe>\n<\/div><\/figure>\n\n\n\n<p>Retirado de: <a href=\"https:\/\/colunadofla.com\/2019\/11\/rodrigo-caio-comenta-possibilidade-de-sair-do-flamengo-so-se-for-algo-muito-bom-para-a-minha-carreira\/\">Coluna do Fla<\/a><\/p>\n","protected":false},"excerpt":{"rendered":"<p>O Flamengo montou um elenco poderos\u00edssimo para a temporada deste ano. O clube carioca contratou nove jogadores. Rodrigo Caio foi o primeiro refor\u00e7o a pintar na G\u00e1vea. Sob desconfian\u00e7a da torcida, o zagueiro superou todas as expectativas e se tornou um dos principais atletas do plantel rubro-negro. O defensor conquistou o Campeonato Brasileiro e a [&hellip;]<\/p>\n","protected":false},"author":1,"featured_media":28912,"comment_status":"open","ping_status":"open","sticky":false,"template":"","format":"standard","meta":{"footnotes":""},"categories":[48,40],"tags":[],"class_list":["post-32750","post","type-post","status-publish","format-standard","has-post-thumbnail","hentry","category-negociacoes","category-video"],"yoast_head":"<!-- This site is optimized with the Yoast SEO Premium plugin v24.2 (Yoast SEO v26.9) - https:\/\/yoast.com\/product\/yoast-seo-premium-wordpress\/ -->\n<title>V\u00eddeo: Zagueiro Rodrigo Caio fala sobre a possibilidade de sair do rubro-negro<\/title>\n<meta name=\"robots\" content=\"index, follow, max-snippet:-1, max-image-preview:large, max-video-preview:-1\" \/>\n<link rel=\"canonical\" href=\"https:\/\/www.gaveanews.com\/index.php\/2019\/11\/29\/video-zagueiro-rodrigo-caio-fala-sobre-a-possibilidade-de-sair-do-rubro-negro\/\" \/>\n<meta property=\"og:locale\" content=\"pt_BR\" \/>\n<meta property=\"og:type\" content=\"article\" \/>\n<meta property=\"og:title\" content=\"V\u00eddeo: Zagueiro Rodrigo Caio fala sobre a possibilidade de sair do rubro-negro\" \/>\n<meta property=\"og:description\" content=\"O Flamengo montou um elenco poderos\u00edssimo para a temporada deste ano. O clube carioca contratou nove jogadores. Rodrigo Caio foi o primeiro refor\u00e7o a pintar na G\u00e1vea. Sob desconfian\u00e7a da torcida, o zagueiro superou todas as expectativas e se tornou um dos principais atletas do plantel rubro-negro. O defensor conquistou o Campeonato Brasileiro e a [&hellip;]\" \/>\n<meta property=\"og:url\" content=\"https:\/\/www.gaveanews.com\/index.php\/2019\/11\/29\/video-zagueiro-rodrigo-caio-fala-sobre-a-possibilidade-de-sair-do-rubro-negro\/\" \/>\n<meta property=\"og:site_name\" content=\"G\u00e1vea News\" \/>\n<meta property=\"article:publisher\" content=\"https:\/\/facebook.com\/gaveaNews\/\" \/>\n<meta property=\"article:published_time\" content=\"2019-11-29T13:41:19+00:00\" \/>\n<meta property=\"og:image\" content=\"https:\/\/www.gaveanews.com\/wp-content\/uploads\/Zagueiro-Rodrigo-Caio-em-acao-pelo-Flamengo.webp\" \/>\n\t<meta property=\"og:image:width\" content=\"1\" \/>\n\t<meta property=\"og:image:height\" content=\"1\" \/>\n\t<meta property=\"og:image:type\" content=\"image\/jpeg\" \/>\n<meta name=\"author\" content=\"Equipe G\u00e1vea News\" \/>\n<meta name=\"twitter:card\" content=\"summary_large_image\" \/>\n<meta name=\"twitter:label1\" content=\"Escrito por\" \/>\n\t<meta name=\"twitter:data1\" content=\"Equipe G\u00e1vea News\" \/>\n\t<meta name=\"twitter:label2\" content=\"Est. tempo de leitura\" \/>\n\t<meta name=\"twitter:data2\" content=\"3 minutos\" \/>\n<script type=\"application\/ld+json\" class=\"yoast-schema-graph\">{\"@context\":\"https:\/\/schema.org\",\"@graph\":[{\"@type\":\"NewsArticle\",\"@id\":\"https:\/\/www.gaveanews.com\/index.php\/2019\/11\/29\/video-zagueiro-rodrigo-caio-fala-sobre-a-possibilidade-de-sair-do-rubro-negro\/#article\",\"isPartOf\":{\"@id\":\"https:\/\/www.gaveanews.com\/index.php\/2019\/11\/29\/video-zagueiro-rodrigo-caio-fala-sobre-a-possibilidade-de-sair-do-rubro-negro\/\"},\"author\":{\"name\":\"Equipe G\u00e1vea News\",\"@id\":\"https:\/\/www.gaveanews.com\/#\/schema\/person\/2ec14f73fb96be2caf28f91afb14749d\"},\"headline\":\"V\u00eddeo: Zagueiro Rodrigo Caio fala sobre a possibilidade de sair do rubro-negro\",\"datePublished\":\"2019-11-29T13:41:19+00:00\",\"mainEntityOfPage\":{\"@id\":\"https:\/\/www.gaveanews.com\/index.php\/2019\/11\/29\/video-zagueiro-rodrigo-caio-fala-sobre-a-possibilidade-de-sair-do-rubro-negro\/\"},\"wordCount\":528,\"commentCount\":0,\"image\":{\"@id\":\"https:\/\/www.gaveanews.com\/index.php\/2019\/11\/29\/video-zagueiro-rodrigo-caio-fala-sobre-a-possibilidade-de-sair-do-rubro-negro\/#primaryimage\"},\"thumbnailUrl\":\"https:\/\/www.gaveanews.com\/wp-content\/uploads\/Zagueiro-Rodrigo-Caio-em-acao-pelo-Flamengo.webp\",\"articleSection\":[\"Negocia\u00e7\u00f5es\",\"V\u00eddeos\"],\"inLanguage\":\"pt-BR\",\"potentialAction\":[{\"@type\":\"CommentAction\",\"name\":\"Comment\",\"target\":[\"https:\/\/www.gaveanews.com\/index.php\/2019\/11\/29\/video-zagueiro-rodrigo-caio-fala-sobre-a-possibilidade-de-sair-do-rubro-negro\/#respond\"]}],\"copyrightYear\":\"2019\",\"copyrightHolder\":{\"@id\":\"https:\/\/www.gaveanews.com\/#organization\"}},{\"@type\":\"WebPage\",\"@id\":\"https:\/\/www.gaveanews.com\/index.php\/2019\/11\/29\/video-zagueiro-rodrigo-caio-fala-sobre-a-possibilidade-de-sair-do-rubro-negro\/\",\"url\":\"https:\/\/www.gaveanews.com\/index.php\/2019\/11\/29\/video-zagueiro-rodrigo-caio-fala-sobre-a-possibilidade-de-sair-do-rubro-negro\/\",\"name\":\"V\u00eddeo: Zagueiro Rodrigo Caio fala sobre a possibilidade de sair do rubro-negro\",\"isPartOf\":{\"@id\":\"https:\/\/www.gaveanews.com\/#website\"},\"primaryImageOfPage\":{\"@id\":\"https:\/\/www.gaveanews.com\/index.php\/2019\/11\/29\/video-zagueiro-rodrigo-caio-fala-sobre-a-possibilidade-de-sair-do-rubro-negro\/#primaryimage\"},\"image\":{\"@id\":\"https:\/\/www.gaveanews.com\/index.php\/2019\/11\/29\/video-zagueiro-rodrigo-caio-fala-sobre-a-possibilidade-de-sair-do-rubro-negro\/#primaryimage\"},\"thumbnailUrl\":\"https:\/\/www.gaveanews.com\/wp-content\/uploads\/Zagueiro-Rodrigo-Caio-em-acao-pelo-Flamengo.webp\",\"datePublished\":\"2019-11-29T13:41:19+00:00\",\"author\":{\"@id\":\"https:\/\/www.gaveanews.com\/#\/schema\/person\/2ec14f73fb96be2caf28f91afb14749d\"},\"breadcrumb\":{\"@id\":\"https:\/\/www.gaveanews.com\/index.php\/2019\/11\/29\/video-zagueiro-rodrigo-caio-fala-sobre-a-possibilidade-de-sair-do-rubro-negro\/#breadcrumb\"},\"inLanguage\":\"pt-BR\",\"potentialAction\":[{\"@type\":\"ReadAction\",\"target\":[\"https:\/\/www.gaveanews.com\/index.php\/2019\/11\/29\/video-zagueiro-rodrigo-caio-fala-sobre-a-possibilidade-de-sair-do-rubro-negro\/\"]}]},{\"@type\":\"ImageObject\",\"inLanguage\":\"pt-BR\",\"@id\":\"https:\/\/www.gaveanews.com\/index.php\/2019\/11\/29\/video-zagueiro-rodrigo-caio-fala-sobre-a-possibilidade-de-sair-do-rubro-negro\/#primaryimage\",\"url\":\"https:\/\/www.gaveanews.com\/wp-content\/uploads\/Zagueiro-Rodrigo-Caio-em-acao-pelo-Flamengo.webp\",\"contentUrl\":\"https:\/\/www.gaveanews.com\/wp-content\/uploads\/Zagueiro-Rodrigo-Caio-em-acao-pelo-Flamengo.webp\",\"caption\":\"Zagueiro Rodrigo Caio em a\u00e7\u00e3o pelo Flamengo (Foto: Alexandre Vidal\/Flamengo)\"},{\"@type\":\"BreadcrumbList\",\"@id\":\"https:\/\/www.gaveanews.com\/index.php\/2019\/11\/29\/video-zagueiro-rodrigo-caio-fala-sobre-a-possibilidade-de-sair-do-rubro-negro\/#breadcrumb\",\"itemListElement\":[{\"@type\":\"ListItem\",\"position\":1,\"name\":\"Home\",\"item\":\"https:\/\/www.gaveanews.com\/\"},{\"@type\":\"ListItem\",\"position\":2,\"name\":\"V\u00eddeo: Zagueiro Rodrigo Caio fala sobre a possibilidade de sair do rubro-negro\"}]},{\"@type\":\"WebSite\",\"@id\":\"https:\/\/www.gaveanews.com\/#website\",\"url\":\"https:\/\/www.gaveanews.com\/\",\"name\":\"G\u00e1vea News\",\"description\":\"Veja todas as not\u00edcias sobre o Flamengo: Contrata\u00e7\u00f5es, categorias de base, resultados das partidas, tabela de classifica\u00e7\u00e3o, pr\u00f3ximos jogos!\",\"potentialAction\":[{\"@type\":\"SearchAction\",\"target\":{\"@type\":\"EntryPoint\",\"urlTemplate\":\"https:\/\/www.gaveanews.com\/?s={search_term_string}\"},\"query-input\":{\"@type\":\"PropertyValueSpecification\",\"valueRequired\":true,\"valueName\":\"search_term_string\"}}],\"inLanguage\":\"pt-BR\"},{\"@type\":\"Person\",\"@id\":\"https:\/\/www.gaveanews.com\/#\/schema\/person\/2ec14f73fb96be2caf28f91afb14749d\",\"name\":\"Equipe G\u00e1vea News\",\"image\":{\"@type\":\"ImageObject\",\"inLanguage\":\"pt-BR\",\"@id\":\"https:\/\/www.gaveanews.com\/#\/schema\/person\/image\/\",\"url\":\"https:\/\/secure.gravatar.com\/avatar\/1e1956f1facbffd3f8fa53a326721950116b3b9dc9bd44939c01180fd4a745a9?s=96&d=mm&r=g\",\"contentUrl\":\"https:\/\/secure.gravatar.com\/avatar\/1e1956f1facbffd3f8fa53a326721950116b3b9dc9bd44939c01180fd4a745a9?s=96&d=mm&r=g\",\"caption\":\"Equipe G\u00e1vea News\"}}]}<\/script>\n<!-- \/ Yoast SEO Premium plugin. -->","yoast_head_json":{"title":"V\u00eddeo: Zagueiro Rodrigo Caio fala sobre a possibilidade de sair do rubro-negro","robots":{"index":"index","follow":"follow","max-snippet":"max-snippet:-1","max-image-preview":"max-image-preview:large","max-video-preview":"max-video-preview:-1"},"canonical":"https:\/\/www.gaveanews.com\/index.php\/2019\/11\/29\/video-zagueiro-rodrigo-caio-fala-sobre-a-possibilidade-de-sair-do-rubro-negro\/","og_locale":"pt_BR","og_type":"article","og_title":"V\u00eddeo: Zagueiro Rodrigo Caio fala sobre a possibilidade de sair do rubro-negro","og_description":"O Flamengo montou um elenco poderos\u00edssimo para a temporada deste ano. O clube carioca contratou nove jogadores. Rodrigo Caio foi o primeiro refor\u00e7o a pintar na G\u00e1vea. Sob desconfian\u00e7a da torcida, o zagueiro superou todas as expectativas e se tornou um dos principais atletas do plantel rubro-negro. O defensor conquistou o Campeonato Brasileiro e a [&hellip;]","og_url":"https:\/\/www.gaveanews.com\/index.php\/2019\/11\/29\/video-zagueiro-rodrigo-caio-fala-sobre-a-possibilidade-de-sair-do-rubro-negro\/","og_site_name":"G\u00e1vea News","article_publisher":"https:\/\/facebook.com\/gaveaNews\/","article_published_time":"2019-11-29T13:41:19+00:00","og_image":[{"url":"https:\/\/www.gaveanews.com\/wp-content\/uploads\/Zagueiro-Rodrigo-Caio-em-acao-pelo-Flamengo.webp","width":1,"height":1,"type":"image\/jpeg"}],"author":"Equipe G\u00e1vea News","twitter_card":"summary_large_image","twitter_misc":{"Escrito por":"Equipe G\u00e1vea News","Est. tempo de leitura":"3 minutos"},"schema":{"@context":"https:\/\/schema.org","@graph":[{"@type":"NewsArticle","@id":"https:\/\/www.gaveanews.com\/index.php\/2019\/11\/29\/video-zagueiro-rodrigo-caio-fala-sobre-a-possibilidade-de-sair-do-rubro-negro\/#article","isPartOf":{"@id":"https:\/\/www.gaveanews.com\/index.php\/2019\/11\/29\/video-zagueiro-rodrigo-caio-fala-sobre-a-possibilidade-de-sair-do-rubro-negro\/"},"author":{"name":"Equipe G\u00e1vea News","@id":"https:\/\/www.gaveanews.com\/#\/schema\/person\/2ec14f73fb96be2caf28f91afb14749d"},"headline":"V\u00eddeo: Zagueiro Rodrigo Caio fala sobre a possibilidade de sair do rubro-negro","datePublished":"2019-11-29T13:41:19+00:00","mainEntityOfPage":{"@id":"https:\/\/www.gaveanews.com\/index.php\/2019\/11\/29\/video-zagueiro-rodrigo-caio-fala-sobre-a-possibilidade-de-sair-do-rubro-negro\/"},"wordCount":528,"commentCount":0,"image":{"@id":"https:\/\/www.gaveanews.com\/index.php\/2019\/11\/29\/video-zagueiro-rodrigo-caio-fala-sobre-a-possibilidade-de-sair-do-rubro-negro\/#primaryimage"},"thumbnailUrl":"https:\/\/www.gaveanews.com\/wp-content\/uploads\/Zagueiro-Rodrigo-Caio-em-acao-pelo-Flamengo.webp","articleSection":["Negocia\u00e7\u00f5es","V\u00eddeos"],"inLanguage":"pt-BR","potentialAction":[{"@type":"CommentAction","name":"Comment","target":["https:\/\/www.gaveanews.com\/index.php\/2019\/11\/29\/video-zagueiro-rodrigo-caio-fala-sobre-a-possibilidade-de-sair-do-rubro-negro\/#respond"]}],"copyrightYear":"2019","copyrightHolder":{"@id":"https:\/\/www.gaveanews.com\/#organization"}},{"@type":"WebPage","@id":"https:\/\/www.gaveanews.com\/index.php\/2019\/11\/29\/video-zagueiro-rodrigo-caio-fala-sobre-a-possibilidade-de-sair-do-rubro-negro\/","url":"https:\/\/www.gaveanews.com\/index.php\/2019\/11\/29\/video-zagueiro-rodrigo-caio-fala-sobre-a-possibilidade-de-sair-do-rubro-negro\/","name":"V\u00eddeo: Zagueiro Rodrigo Caio fala sobre a possibilidade de sair do rubro-negro","isPartOf":{"@id":"https:\/\/www.gaveanews.com\/#website"},"primaryImageOfPage":{"@id":"https:\/\/www.gaveanews.com\/index.php\/2019\/11\/29\/video-zagueiro-rodrigo-caio-fala-sobre-a-possibilidade-de-sair-do-rubro-negro\/#primaryimage"},"image":{"@id":"https:\/\/www.gaveanews.com\/index.php\/2019\/11\/29\/video-zagueiro-rodrigo-caio-fala-sobre-a-possibilidade-de-sair-do-rubro-negro\/#primaryimage"},"thumbnailUrl":"https:\/\/www.gaveanews.com\/wp-content\/uploads\/Zagueiro-Rodrigo-Caio-em-acao-pelo-Flamengo.webp","datePublished":"2019-11-29T13:41:19+00:00","author":{"@id":"https:\/\/www.gaveanews.com\/#\/schema\/person\/2ec14f73fb96be2caf28f91afb14749d"},"breadcrumb":{"@id":"https:\/\/www.gaveanews.com\/index.php\/2019\/11\/29\/video-zagueiro-rodrigo-caio-fala-sobre-a-possibilidade-de-sair-do-rubro-negro\/#breadcrumb"},"inLanguage":"pt-BR","potentialAction":[{"@type":"ReadAction","target":["https:\/\/www.gaveanews.com\/index.php\/2019\/11\/29\/video-zagueiro-rodrigo-caio-fala-sobre-a-possibilidade-de-sair-do-rubro-negro\/"]}]},{"@type":"ImageObject","inLanguage":"pt-BR","@id":"https:\/\/www.gaveanews.com\/index.php\/2019\/11\/29\/video-zagueiro-rodrigo-caio-fala-sobre-a-possibilidade-de-sair-do-rubro-negro\/#primaryimage","url":"https:\/\/www.gaveanews.com\/wp-content\/uploads\/Zagueiro-Rodrigo-Caio-em-acao-pelo-Flamengo.webp","contentUrl":"https:\/\/www.gaveanews.com\/wp-content\/uploads\/Zagueiro-Rodrigo-Caio-em-acao-pelo-Flamengo.webp","caption":"Zagueiro Rodrigo Caio em a\u00e7\u00e3o pelo Flamengo (Foto: Alexandre Vidal\/Flamengo)"},{"@type":"BreadcrumbList","@id":"https:\/\/www.gaveanews.com\/index.php\/2019\/11\/29\/video-zagueiro-rodrigo-caio-fala-sobre-a-possibilidade-de-sair-do-rubro-negro\/#breadcrumb","itemListElement":[{"@type":"ListItem","position":1,"name":"Home","item":"https:\/\/www.gaveanews.com\/"},{"@type":"ListItem","position":2,"name":"V\u00eddeo: Zagueiro Rodrigo Caio fala sobre a possibilidade de sair do rubro-negro"}]},{"@type":"WebSite","@id":"https:\/\/www.gaveanews.com\/#website","url":"https:\/\/www.gaveanews.com\/","name":"G\u00e1vea News","description":"Veja todas as not\u00edcias sobre o Flamengo: Contrata\u00e7\u00f5es, categorias de base, resultados das partidas, tabela de classifica\u00e7\u00e3o, pr\u00f3ximos jogos!","potentialAction":[{"@type":"SearchAction","target":{"@type":"EntryPoint","urlTemplate":"https:\/\/www.gaveanews.com\/?s={search_term_string}"},"query-input":{"@type":"PropertyValueSpecification","valueRequired":true,"valueName":"search_term_string"}}],"inLanguage":"pt-BR"},{"@type":"Person","@id":"https:\/\/www.gaveanews.com\/#\/schema\/person\/2ec14f73fb96be2caf28f91afb14749d","name":"Equipe G\u00e1vea News","image":{"@type":"ImageObject","inLanguage":"pt-BR","@id":"https:\/\/www.gaveanews.com\/#\/schema\/person\/image\/","url":"https:\/\/secure.gravatar.com\/avatar\/1e1956f1facbffd3f8fa53a326721950116b3b9dc9bd44939c01180fd4a745a9?s=96&d=mm&r=g","contentUrl":"https:\/\/secure.gravatar.com\/avatar\/1e1956f1facbffd3f8fa53a326721950116b3b9dc9bd44939c01180fd4a745a9?s=96&d=mm&r=g","caption":"Equipe G\u00e1vea News"}}]}},"_links":{"self":[{"href":"https:\/\/www.gaveanews.com\/index.php\/wp-json\/wp\/v2\/posts\/32750","targetHints":{"allow":["GET"]}}],"collection":[{"href":"https:\/\/www.gaveanews.com\/index.php\/wp-json\/wp\/v2\/posts"}],"about":[{"href":"https:\/\/www.gaveanews.com\/index.php\/wp-json\/wp\/v2\/types\/post"}],"author":[{"embeddable":true,"href":"https:\/\/www.gaveanews.com\/index.php\/wp-json\/wp\/v2\/users\/1"}],"replies":[{"embeddable":true,"href":"https:\/\/www.gaveanews.com\/index.php\/wp-json\/wp\/v2\/comments?post=32750"}],"version-history":[{"count":0,"href":"https:\/\/www.gaveanews.com\/index.php\/wp-json\/wp\/v2\/posts\/32750\/revisions"}],"wp:featuredmedia":[{"embeddable":true,"href":"https:\/\/www.gaveanews.com\/index.php\/wp-json\/wp\/v2\/media\/28912"}],"wp:attachment":[{"href":"https:\/\/www.gaveanews.com\/index.php\/wp-json\/wp\/v2\/media?parent=32750"}],"wp:term":[{"taxonomy":"category","embeddable":true,"href":"https:\/\/www.gaveanews.com\/index.php\/wp-json\/wp\/v2\/categories?post=32750"},{"taxonomy":"post_tag","embeddable":true,"href":"https:\/\/www.gaveanews.com\/index.php\/wp-json\/wp\/v2\/tags?post=32750"}],"curies":[{"name":"wp","href":"https:\/\/api.w.org\/{rel}","templated":true}]}}