{"id":32757,"date":"2019-11-29T13:30:00","date_gmt":"2019-11-29T16:30:00","guid":{"rendered":"http:\/\/www.gaveanews.com\/?p=32757"},"modified":"2019-11-29T12:49:04","modified_gmt":"2019-11-29T15:49:04","slug":"tres-jogadores-do-flamengo-disputam-o-premio-de-craque-da-galera-do-campeonato-brasileiro-clique-aqui-e-vote","status":"publish","type":"post","link":"https:\/\/www.gaveanews.com\/index.php\/2019\/11\/29\/tres-jogadores-do-flamengo-disputam-o-premio-de-craque-da-galera-do-campeonato-brasileiro-clique-aqui-e-vote\/","title":{"rendered":"Tr\u00eas jogadores do Flamengo disputam o pr\u00eamio de \u201cCraque da Galera\u201d do Campeonato Brasileiro; clique aqui e vote"},"content":{"rendered":"\n<p>A ta\u00e7a de campe\u00e3o brasileiro 2019 j\u00e1 est\u00e1 na G\u00e1vea e a campanha do Rubro-Negro est\u00e1 na hist\u00f3ria do futebol brasileiro. A equipe comandada por Jorge Jesus levantou o trof\u00e9u sem nem precisar entrar em campo no \u00faltimo fim de semana, enquanto ainda comemorava a Libertadores. Como sempre acontece no fim de cada edi\u00e7\u00e3o da competi\u00e7\u00e3o, chegou a hora da Na\u00e7\u00e3o votar no pr\u00eamio \u201cCraque da Galera\u201d.<\/p>\n\n\n\n<p>Todos titulares do Flamengo fizeram uma grande temporada, mas o perfil oficial do Campeonato Brasileiro precisou escolher apenas tr\u00eas, para a vota\u00e7\u00e3o dos torcedores. Os escolhidos foram: Bruno Henrique, Everton Ribeiro e Gabigol.<\/p>\n\n\n\n<p>Gabriel e Bruno Henrique s\u00e3o os principais artilheiros desta edi\u00e7\u00e3o do Brasileir\u00e3o, somando 43 gols juntos. Enquanto isso, Everton Ribeiro foi o capit\u00e3o da equipe e se destacou com grandes jogadas e assist\u00eancias para os companheiros.<\/p>\n\n\n\n<p><strong>Os rubro-negros podem votar pelo twitter<\/strong>:<\/p>\n\n\n\n<figure class=\"wp-block-embed-twitter wp-block-embed is-type-rich is-provider-twitter\"><div class=\"wp-block-embed__wrapper\">\n<blockquote class=\"twitter-tweet\" data-width=\"550\" data-dnt=\"true\"><p lang=\"und\" dir=\"ltr\"><a href=\"https:\/\/twitter.com\/hashtag\/CraqueDaGalera?src=hash&amp;ref_src=twsrc%5Etfw\">#CraqueDaGalera<\/a> | <a href=\"https:\/\/twitter.com\/Flamengo?ref_src=twsrc%5Etfw\">@Flamengo<\/a><\/p>&mdash; Brasileir\u00e3o (@Brasileirao) <a href=\"https:\/\/twitter.com\/Brasileirao\/status\/1200383780156067840?ref_src=twsrc%5Etfw\">November 29, 2019<\/a><\/blockquote><script async src=\"https:\/\/platform.twitter.com\/widgets.js\" charset=\"utf-8\"><\/script>\n<\/div><\/figure>\n\n\n\n<p>Retirado de: <a href=\"https:\/\/colunadofla.com\/2019\/11\/bruno-henrique-everton-ribeiro-e-gabigol-disputam-o-premio-craque-da-galera-do-brasileirao\/\">Coluna do Fla<\/a><\/p>\n","protected":false},"excerpt":{"rendered":"<p>A ta\u00e7a de campe\u00e3o brasileiro 2019 j\u00e1 est\u00e1 na G\u00e1vea e a campanha do Rubro-Negro est\u00e1 na hist\u00f3ria do futebol brasileiro. A equipe comandada por Jorge Jesus levantou o trof\u00e9u sem nem precisar entrar em campo no \u00faltimo fim de semana, enquanto ainda comemorava a Libertadores. Como sempre acontece no fim de cada edi\u00e7\u00e3o da [&hellip;]<\/p>\n","protected":false},"author":1,"featured_media":15035,"comment_status":"open","ping_status":"open","sticky":false,"template":"","format":"standard","meta":{"footnotes":""},"categories":[1],"tags":[],"class_list":["post-32757","post","type-post","status-publish","format-standard","has-post-thumbnail","hentry","category-flamengo"],"yoast_head":"<!-- This site is optimized with the Yoast SEO Premium plugin v24.2 (Yoast SEO v26.9) - https:\/\/yoast.com\/product\/yoast-seo-premium-wordpress\/ -->\n<title>Tr\u00eas jogadores do Flamengo disputam o pr\u00eamio de \u201cCraque da Galera\u201d do Campeonato Brasileiro; clique aqui e vote<\/title>\n<meta name=\"robots\" content=\"index, follow, max-snippet:-1, max-image-preview:large, max-video-preview:-1\" \/>\n<link rel=\"canonical\" href=\"https:\/\/www.gaveanews.com\/index.php\/2019\/11\/29\/tres-jogadores-do-flamengo-disputam-o-premio-de-craque-da-galera-do-campeonato-brasileiro-clique-aqui-e-vote\/\" \/>\n<meta property=\"og:locale\" content=\"pt_BR\" \/>\n<meta property=\"og:type\" content=\"article\" \/>\n<meta property=\"og:title\" content=\"Tr\u00eas jogadores do Flamengo disputam o pr\u00eamio de \u201cCraque da Galera\u201d do Campeonato Brasileiro; clique aqui e vote\" \/>\n<meta property=\"og:description\" content=\"A ta\u00e7a de campe\u00e3o brasileiro 2019 j\u00e1 est\u00e1 na G\u00e1vea e a campanha do Rubro-Negro est\u00e1 na hist\u00f3ria do futebol brasileiro. A equipe comandada por Jorge Jesus levantou o trof\u00e9u sem nem precisar entrar em campo no \u00faltimo fim de semana, enquanto ainda comemorava a Libertadores. Como sempre acontece no fim de cada edi\u00e7\u00e3o da [&hellip;]\" \/>\n<meta property=\"og:url\" content=\"https:\/\/www.gaveanews.com\/index.php\/2019\/11\/29\/tres-jogadores-do-flamengo-disputam-o-premio-de-craque-da-galera-do-campeonato-brasileiro-clique-aqui-e-vote\/\" \/>\n<meta property=\"og:site_name\" content=\"G\u00e1vea News\" \/>\n<meta property=\"article:publisher\" content=\"https:\/\/facebook.com\/gaveaNews\/\" \/>\n<meta property=\"article:published_time\" content=\"2019-11-29T16:30:00+00:00\" \/>\n<meta property=\"og:image\" content=\"https:\/\/www.gaveanews.com\/wp-content\/uploads\/2019\/03\/Taca-do-Campeonato-Brasileiro.webp\" \/>\n\t<meta property=\"og:image:width\" content=\"1\" \/>\n\t<meta property=\"og:image:height\" content=\"1\" \/>\n\t<meta property=\"og:image:type\" content=\"image\/jpeg\" \/>\n<meta name=\"author\" content=\"Equipe G\u00e1vea News\" \/>\n<meta name=\"twitter:card\" content=\"summary_large_image\" \/>\n<meta name=\"twitter:label1\" content=\"Escrito por\" \/>\n\t<meta name=\"twitter:data1\" content=\"Equipe G\u00e1vea News\" \/>\n\t<meta name=\"twitter:label2\" content=\"Est. tempo de leitura\" \/>\n\t<meta name=\"twitter:data2\" content=\"1 minuto\" \/>\n<script type=\"application\/ld+json\" class=\"yoast-schema-graph\">{\"@context\":\"https:\/\/schema.org\",\"@graph\":[{\"@type\":\"NewsArticle\",\"@id\":\"https:\/\/www.gaveanews.com\/index.php\/2019\/11\/29\/tres-jogadores-do-flamengo-disputam-o-premio-de-craque-da-galera-do-campeonato-brasileiro-clique-aqui-e-vote\/#article\",\"isPartOf\":{\"@id\":\"https:\/\/www.gaveanews.com\/index.php\/2019\/11\/29\/tres-jogadores-do-flamengo-disputam-o-premio-de-craque-da-galera-do-campeonato-brasileiro-clique-aqui-e-vote\/\"},\"author\":{\"name\":\"Equipe G\u00e1vea News\",\"@id\":\"https:\/\/www.gaveanews.com\/#\/schema\/person\/2ec14f73fb96be2caf28f91afb14749d\"},\"headline\":\"Tr\u00eas jogadores do Flamengo disputam o pr\u00eamio de \u201cCraque da Galera\u201d do Campeonato Brasileiro; clique aqui e vote\",\"datePublished\":\"2019-11-29T16:30:00+00:00\",\"mainEntityOfPage\":{\"@id\":\"https:\/\/www.gaveanews.com\/index.php\/2019\/11\/29\/tres-jogadores-do-flamengo-disputam-o-premio-de-craque-da-galera-do-campeonato-brasileiro-clique-aqui-e-vote\/\"},\"wordCount\":217,\"commentCount\":0,\"image\":{\"@id\":\"https:\/\/www.gaveanews.com\/index.php\/2019\/11\/29\/tres-jogadores-do-flamengo-disputam-o-premio-de-craque-da-galera-do-campeonato-brasileiro-clique-aqui-e-vote\/#primaryimage\"},\"thumbnailUrl\":\"https:\/\/www.gaveanews.com\/wp-content\/uploads\/2019\/03\/Taca-do-Campeonato-Brasileiro.webp\",\"articleSection\":[\"Flamengo\"],\"inLanguage\":\"pt-BR\",\"potentialAction\":[{\"@type\":\"CommentAction\",\"name\":\"Comment\",\"target\":[\"https:\/\/www.gaveanews.com\/index.php\/2019\/11\/29\/tres-jogadores-do-flamengo-disputam-o-premio-de-craque-da-galera-do-campeonato-brasileiro-clique-aqui-e-vote\/#respond\"]}],\"copyrightYear\":\"2019\",\"copyrightHolder\":{\"@id\":\"https:\/\/www.gaveanews.com\/#organization\"}},{\"@type\":\"WebPage\",\"@id\":\"https:\/\/www.gaveanews.com\/index.php\/2019\/11\/29\/tres-jogadores-do-flamengo-disputam-o-premio-de-craque-da-galera-do-campeonato-brasileiro-clique-aqui-e-vote\/\",\"url\":\"https:\/\/www.gaveanews.com\/index.php\/2019\/11\/29\/tres-jogadores-do-flamengo-disputam-o-premio-de-craque-da-galera-do-campeonato-brasileiro-clique-aqui-e-vote\/\",\"name\":\"Tr\u00eas jogadores do Flamengo disputam o pr\u00eamio de \u201cCraque da Galera\u201d do Campeonato Brasileiro; clique aqui e vote\",\"isPartOf\":{\"@id\":\"https:\/\/www.gaveanews.com\/#website\"},\"primaryImageOfPage\":{\"@id\":\"https:\/\/www.gaveanews.com\/index.php\/2019\/11\/29\/tres-jogadores-do-flamengo-disputam-o-premio-de-craque-da-galera-do-campeonato-brasileiro-clique-aqui-e-vote\/#primaryimage\"},\"image\":{\"@id\":\"https:\/\/www.gaveanews.com\/index.php\/2019\/11\/29\/tres-jogadores-do-flamengo-disputam-o-premio-de-craque-da-galera-do-campeonato-brasileiro-clique-aqui-e-vote\/#primaryimage\"},\"thumbnailUrl\":\"https:\/\/www.gaveanews.com\/wp-content\/uploads\/2019\/03\/Taca-do-Campeonato-Brasileiro.webp\",\"datePublished\":\"2019-11-29T16:30:00+00:00\",\"author\":{\"@id\":\"https:\/\/www.gaveanews.com\/#\/schema\/person\/2ec14f73fb96be2caf28f91afb14749d\"},\"breadcrumb\":{\"@id\":\"https:\/\/www.gaveanews.com\/index.php\/2019\/11\/29\/tres-jogadores-do-flamengo-disputam-o-premio-de-craque-da-galera-do-campeonato-brasileiro-clique-aqui-e-vote\/#breadcrumb\"},\"inLanguage\":\"pt-BR\",\"potentialAction\":[{\"@type\":\"ReadAction\",\"target\":[\"https:\/\/www.gaveanews.com\/index.php\/2019\/11\/29\/tres-jogadores-do-flamengo-disputam-o-premio-de-craque-da-galera-do-campeonato-brasileiro-clique-aqui-e-vote\/\"]}]},{\"@type\":\"ImageObject\",\"inLanguage\":\"pt-BR\",\"@id\":\"https:\/\/www.gaveanews.com\/index.php\/2019\/11\/29\/tres-jogadores-do-flamengo-disputam-o-premio-de-craque-da-galera-do-campeonato-brasileiro-clique-aqui-e-vote\/#primaryimage\",\"url\":\"https:\/\/www.gaveanews.com\/wp-content\/uploads\/2019\/03\/Taca-do-Campeonato-Brasileiro.webp\",\"contentUrl\":\"https:\/\/www.gaveanews.com\/wp-content\/uploads\/2019\/03\/Taca-do-Campeonato-Brasileiro.webp\",\"caption\":\"Ta\u00e7a do Campeonato Brasileiro (Foto: Rafael Ribeiro\/CBF)\"},{\"@type\":\"BreadcrumbList\",\"@id\":\"https:\/\/www.gaveanews.com\/index.php\/2019\/11\/29\/tres-jogadores-do-flamengo-disputam-o-premio-de-craque-da-galera-do-campeonato-brasileiro-clique-aqui-e-vote\/#breadcrumb\",\"itemListElement\":[{\"@type\":\"ListItem\",\"position\":1,\"name\":\"Home\",\"item\":\"https:\/\/www.gaveanews.com\/\"},{\"@type\":\"ListItem\",\"position\":2,\"name\":\"Tr\u00eas jogadores do Flamengo disputam o pr\u00eamio de \u201cCraque da Galera\u201d do Campeonato Brasileiro; clique aqui e vote\"}]},{\"@type\":\"WebSite\",\"@id\":\"https:\/\/www.gaveanews.com\/#website\",\"url\":\"https:\/\/www.gaveanews.com\/\",\"name\":\"G\u00e1vea News\",\"description\":\"Veja todas as not\u00edcias sobre o Flamengo: Contrata\u00e7\u00f5es, categorias de base, resultados das partidas, tabela de classifica\u00e7\u00e3o, pr\u00f3ximos jogos!\",\"potentialAction\":[{\"@type\":\"SearchAction\",\"target\":{\"@type\":\"EntryPoint\",\"urlTemplate\":\"https:\/\/www.gaveanews.com\/?s={search_term_string}\"},\"query-input\":{\"@type\":\"PropertyValueSpecification\",\"valueRequired\":true,\"valueName\":\"search_term_string\"}}],\"inLanguage\":\"pt-BR\"},{\"@type\":\"Person\",\"@id\":\"https:\/\/www.gaveanews.com\/#\/schema\/person\/2ec14f73fb96be2caf28f91afb14749d\",\"name\":\"Equipe G\u00e1vea News\",\"image\":{\"@type\":\"ImageObject\",\"inLanguage\":\"pt-BR\",\"@id\":\"https:\/\/www.gaveanews.com\/#\/schema\/person\/image\/\",\"url\":\"https:\/\/secure.gravatar.com\/avatar\/1e1956f1facbffd3f8fa53a326721950116b3b9dc9bd44939c01180fd4a745a9?s=96&d=mm&r=g\",\"contentUrl\":\"https:\/\/secure.gravatar.com\/avatar\/1e1956f1facbffd3f8fa53a326721950116b3b9dc9bd44939c01180fd4a745a9?s=96&d=mm&r=g\",\"caption\":\"Equipe G\u00e1vea News\"}}]}<\/script>\n<!-- \/ Yoast SEO Premium plugin. -->","yoast_head_json":{"title":"Tr\u00eas jogadores do Flamengo disputam o pr\u00eamio de \u201cCraque da Galera\u201d do Campeonato Brasileiro; clique aqui e vote","robots":{"index":"index","follow":"follow","max-snippet":"max-snippet:-1","max-image-preview":"max-image-preview:large","max-video-preview":"max-video-preview:-1"},"canonical":"https:\/\/www.gaveanews.com\/index.php\/2019\/11\/29\/tres-jogadores-do-flamengo-disputam-o-premio-de-craque-da-galera-do-campeonato-brasileiro-clique-aqui-e-vote\/","og_locale":"pt_BR","og_type":"article","og_title":"Tr\u00eas jogadores do Flamengo disputam o pr\u00eamio de \u201cCraque da Galera\u201d do Campeonato Brasileiro; clique aqui e vote","og_description":"A ta\u00e7a de campe\u00e3o brasileiro 2019 j\u00e1 est\u00e1 na G\u00e1vea e a campanha do Rubro-Negro est\u00e1 na hist\u00f3ria do futebol brasileiro. A equipe comandada por Jorge Jesus levantou o trof\u00e9u sem nem precisar entrar em campo no \u00faltimo fim de semana, enquanto ainda comemorava a Libertadores. Como sempre acontece no fim de cada edi\u00e7\u00e3o da [&hellip;]","og_url":"https:\/\/www.gaveanews.com\/index.php\/2019\/11\/29\/tres-jogadores-do-flamengo-disputam-o-premio-de-craque-da-galera-do-campeonato-brasileiro-clique-aqui-e-vote\/","og_site_name":"G\u00e1vea News","article_publisher":"https:\/\/facebook.com\/gaveaNews\/","article_published_time":"2019-11-29T16:30:00+00:00","og_image":[{"url":"https:\/\/www.gaveanews.com\/wp-content\/uploads\/2019\/03\/Taca-do-Campeonato-Brasileiro.webp","width":1,"height":1,"type":"image\/jpeg"}],"author":"Equipe G\u00e1vea News","twitter_card":"summary_large_image","twitter_misc":{"Escrito por":"Equipe G\u00e1vea News","Est. tempo de leitura":"1 minuto"},"schema":{"@context":"https:\/\/schema.org","@graph":[{"@type":"NewsArticle","@id":"https:\/\/www.gaveanews.com\/index.php\/2019\/11\/29\/tres-jogadores-do-flamengo-disputam-o-premio-de-craque-da-galera-do-campeonato-brasileiro-clique-aqui-e-vote\/#article","isPartOf":{"@id":"https:\/\/www.gaveanews.com\/index.php\/2019\/11\/29\/tres-jogadores-do-flamengo-disputam-o-premio-de-craque-da-galera-do-campeonato-brasileiro-clique-aqui-e-vote\/"},"author":{"name":"Equipe G\u00e1vea News","@id":"https:\/\/www.gaveanews.com\/#\/schema\/person\/2ec14f73fb96be2caf28f91afb14749d"},"headline":"Tr\u00eas jogadores do Flamengo disputam o pr\u00eamio de \u201cCraque da Galera\u201d do Campeonato Brasileiro; clique aqui e vote","datePublished":"2019-11-29T16:30:00+00:00","mainEntityOfPage":{"@id":"https:\/\/www.gaveanews.com\/index.php\/2019\/11\/29\/tres-jogadores-do-flamengo-disputam-o-premio-de-craque-da-galera-do-campeonato-brasileiro-clique-aqui-e-vote\/"},"wordCount":217,"commentCount":0,"image":{"@id":"https:\/\/www.gaveanews.com\/index.php\/2019\/11\/29\/tres-jogadores-do-flamengo-disputam-o-premio-de-craque-da-galera-do-campeonato-brasileiro-clique-aqui-e-vote\/#primaryimage"},"thumbnailUrl":"https:\/\/www.gaveanews.com\/wp-content\/uploads\/2019\/03\/Taca-do-Campeonato-Brasileiro.webp","articleSection":["Flamengo"],"inLanguage":"pt-BR","potentialAction":[{"@type":"CommentAction","name":"Comment","target":["https:\/\/www.gaveanews.com\/index.php\/2019\/11\/29\/tres-jogadores-do-flamengo-disputam-o-premio-de-craque-da-galera-do-campeonato-brasileiro-clique-aqui-e-vote\/#respond"]}],"copyrightYear":"2019","copyrightHolder":{"@id":"https:\/\/www.gaveanews.com\/#organization"}},{"@type":"WebPage","@id":"https:\/\/www.gaveanews.com\/index.php\/2019\/11\/29\/tres-jogadores-do-flamengo-disputam-o-premio-de-craque-da-galera-do-campeonato-brasileiro-clique-aqui-e-vote\/","url":"https:\/\/www.gaveanews.com\/index.php\/2019\/11\/29\/tres-jogadores-do-flamengo-disputam-o-premio-de-craque-da-galera-do-campeonato-brasileiro-clique-aqui-e-vote\/","name":"Tr\u00eas jogadores do Flamengo disputam o pr\u00eamio de \u201cCraque da Galera\u201d do Campeonato Brasileiro; clique aqui e vote","isPartOf":{"@id":"https:\/\/www.gaveanews.com\/#website"},"primaryImageOfPage":{"@id":"https:\/\/www.gaveanews.com\/index.php\/2019\/11\/29\/tres-jogadores-do-flamengo-disputam-o-premio-de-craque-da-galera-do-campeonato-brasileiro-clique-aqui-e-vote\/#primaryimage"},"image":{"@id":"https:\/\/www.gaveanews.com\/index.php\/2019\/11\/29\/tres-jogadores-do-flamengo-disputam-o-premio-de-craque-da-galera-do-campeonato-brasileiro-clique-aqui-e-vote\/#primaryimage"},"thumbnailUrl":"https:\/\/www.gaveanews.com\/wp-content\/uploads\/2019\/03\/Taca-do-Campeonato-Brasileiro.webp","datePublished":"2019-11-29T16:30:00+00:00","author":{"@id":"https:\/\/www.gaveanews.com\/#\/schema\/person\/2ec14f73fb96be2caf28f91afb14749d"},"breadcrumb":{"@id":"https:\/\/www.gaveanews.com\/index.php\/2019\/11\/29\/tres-jogadores-do-flamengo-disputam-o-premio-de-craque-da-galera-do-campeonato-brasileiro-clique-aqui-e-vote\/#breadcrumb"},"inLanguage":"pt-BR","potentialAction":[{"@type":"ReadAction","target":["https:\/\/www.gaveanews.com\/index.php\/2019\/11\/29\/tres-jogadores-do-flamengo-disputam-o-premio-de-craque-da-galera-do-campeonato-brasileiro-clique-aqui-e-vote\/"]}]},{"@type":"ImageObject","inLanguage":"pt-BR","@id":"https:\/\/www.gaveanews.com\/index.php\/2019\/11\/29\/tres-jogadores-do-flamengo-disputam-o-premio-de-craque-da-galera-do-campeonato-brasileiro-clique-aqui-e-vote\/#primaryimage","url":"https:\/\/www.gaveanews.com\/wp-content\/uploads\/2019\/03\/Taca-do-Campeonato-Brasileiro.webp","contentUrl":"https:\/\/www.gaveanews.com\/wp-content\/uploads\/2019\/03\/Taca-do-Campeonato-Brasileiro.webp","caption":"Ta\u00e7a do Campeonato Brasileiro (Foto: Rafael Ribeiro\/CBF)"},{"@type":"BreadcrumbList","@id":"https:\/\/www.gaveanews.com\/index.php\/2019\/11\/29\/tres-jogadores-do-flamengo-disputam-o-premio-de-craque-da-galera-do-campeonato-brasileiro-clique-aqui-e-vote\/#breadcrumb","itemListElement":[{"@type":"ListItem","position":1,"name":"Home","item":"https:\/\/www.gaveanews.com\/"},{"@type":"ListItem","position":2,"name":"Tr\u00eas jogadores do Flamengo disputam o pr\u00eamio de \u201cCraque da Galera\u201d do Campeonato Brasileiro; clique aqui e vote"}]},{"@type":"WebSite","@id":"https:\/\/www.gaveanews.com\/#website","url":"https:\/\/www.gaveanews.com\/","name":"G\u00e1vea News","description":"Veja todas as not\u00edcias sobre o Flamengo: Contrata\u00e7\u00f5es, categorias de base, resultados das partidas, tabela de classifica\u00e7\u00e3o, pr\u00f3ximos jogos!","potentialAction":[{"@type":"SearchAction","target":{"@type":"EntryPoint","urlTemplate":"https:\/\/www.gaveanews.com\/?s={search_term_string}"},"query-input":{"@type":"PropertyValueSpecification","valueRequired":true,"valueName":"search_term_string"}}],"inLanguage":"pt-BR"},{"@type":"Person","@id":"https:\/\/www.gaveanews.com\/#\/schema\/person\/2ec14f73fb96be2caf28f91afb14749d","name":"Equipe G\u00e1vea News","image":{"@type":"ImageObject","inLanguage":"pt-BR","@id":"https:\/\/www.gaveanews.com\/#\/schema\/person\/image\/","url":"https:\/\/secure.gravatar.com\/avatar\/1e1956f1facbffd3f8fa53a326721950116b3b9dc9bd44939c01180fd4a745a9?s=96&d=mm&r=g","contentUrl":"https:\/\/secure.gravatar.com\/avatar\/1e1956f1facbffd3f8fa53a326721950116b3b9dc9bd44939c01180fd4a745a9?s=96&d=mm&r=g","caption":"Equipe G\u00e1vea News"}}]}},"_links":{"self":[{"href":"https:\/\/www.gaveanews.com\/index.php\/wp-json\/wp\/v2\/posts\/32757","targetHints":{"allow":["GET"]}}],"collection":[{"href":"https:\/\/www.gaveanews.com\/index.php\/wp-json\/wp\/v2\/posts"}],"about":[{"href":"https:\/\/www.gaveanews.com\/index.php\/wp-json\/wp\/v2\/types\/post"}],"author":[{"embeddable":true,"href":"https:\/\/www.gaveanews.com\/index.php\/wp-json\/wp\/v2\/users\/1"}],"replies":[{"embeddable":true,"href":"https:\/\/www.gaveanews.com\/index.php\/wp-json\/wp\/v2\/comments?post=32757"}],"version-history":[{"count":0,"href":"https:\/\/www.gaveanews.com\/index.php\/wp-json\/wp\/v2\/posts\/32757\/revisions"}],"wp:featuredmedia":[{"embeddable":true,"href":"https:\/\/www.gaveanews.com\/index.php\/wp-json\/wp\/v2\/media\/15035"}],"wp:attachment":[{"href":"https:\/\/www.gaveanews.com\/index.php\/wp-json\/wp\/v2\/media?parent=32757"}],"wp:term":[{"taxonomy":"category","embeddable":true,"href":"https:\/\/www.gaveanews.com\/index.php\/wp-json\/wp\/v2\/categories?post=32757"},{"taxonomy":"post_tag","embeddable":true,"href":"https:\/\/www.gaveanews.com\/index.php\/wp-json\/wp\/v2\/tags?post=32757"}],"curies":[{"name":"wp","href":"https:\/\/api.w.org\/{rel}","templated":true}]}}