{"id":32769,"date":"2019-11-29T20:30:00","date_gmt":"2019-11-29T23:30:00","guid":{"rendered":"http:\/\/www.gaveanews.com\/?p=32769"},"modified":"2021-08-12T00:44:25","modified_gmt":"2021-08-12T03:44:25","slug":"video-apos-ser-campeao-pelo-flamengo-de-arrascaeta-fala-sobre-sua-saida-do-cruzeiro","status":"publish","type":"post","link":"https:\/\/www.gaveanews.com\/index.php\/2019\/11\/29\/video-apos-ser-campeao-pelo-flamengo-de-arrascaeta-fala-sobre-sua-saida-do-cruzeiro\/","title":{"rendered":"V\u00eddeo: Ap\u00f3s ser campe\u00e3o pelo Flamengo, De Arrascaeta fala sobre sua sa\u00edda do Cruzeiro"},"content":{"rendered":"\n<p>O Flamengo e o Cruzeiro vivem momentos completamente opostos na temporada de 2019. Enquanto o time carioca comemora a tr\u00edplice coroa (Campeonato Carioca, Copa Libertadores da Am\u00e9rica e Campeonato Brasileiro), o time mineiro est\u00e1 lutando para n\u00e3o ser rebaixado para a segunda divis\u00e3o.<\/p>\n\n\n\n<p>E nesta sexta-feira (29 de novembro), o meia Giorgian De Arrascaeta, que atuava no Cruzeiro no inicio deste ano, conversou com a emissora Fox Sports e falou sobre a sua sa\u00edda do time de Belo Horizonte.<\/p>\n\n\n\n<h3 class=\"wp-block-heading\"><strong>Assista ao v\u00eddeo abaixo:<\/strong><\/h3>\n\n\n\n<figure class=\"wp-block-embed-twitter wp-block-embed is-type-rich is-provider-twitter\"><div class=\"wp-block-embed__wrapper\">\n<blockquote class=\"twitter-tweet\" data-width=\"550\" data-dnt=\"true\"><p lang=\"pt\" dir=\"ltr\">&quot;FOI UM ASCENSO NA MINHA CARREIRA&quot;<br><br>O uruguaio Arrascaeta falou sobre sua sa\u00edda do <a href=\"https:\/\/twitter.com\/Cruzeiro?ref_src=twsrc%5Etfw\">@Cruzeiro<\/a>!<a href=\"https:\/\/twitter.com\/hashtag\/FSRadioBrasil?src=hash&amp;ref_src=twsrc%5Etfw\">#FSRadioBrasil<\/a> <a href=\"https:\/\/t.co\/NXU1z3cGrG\">pic.twitter.com\/NXU1z3cGrG<\/a><\/p>&mdash; SportsCenter Brasil (@SportsCenterBR) <a href=\"https:\/\/twitter.com\/SportsCenterBR\/status\/1200484402360455168?ref_src=twsrc%5Etfw\">November 29, 2019<\/a><\/blockquote><script async src=\"https:\/\/platform.twitter.com\/widgets.js\" charset=\"utf-8\"><\/script>\n<\/div><\/figure>\n","protected":false},"excerpt":{"rendered":"<p>O Flamengo e o Cruzeiro vivem momentos completamente opostos na temporada de 2019. Enquanto o time carioca comemora a tr\u00edplice coroa (Campeonato Carioca, Copa Libertadores da Am\u00e9rica e Campeonato Brasileiro), o time mineiro est\u00e1 lutando para n\u00e3o ser rebaixado para a segunda divis\u00e3o. E nesta sexta-feira (29 de novembro), o meia Giorgian De Arrascaeta, que [&hellip;]<\/p>\n","protected":false},"author":2,"featured_media":28936,"comment_status":"open","ping_status":"open","sticky":false,"template":"","format":"standard","meta":{"footnotes":""},"categories":[40],"tags":[],"class_list":["post-32769","post","type-post","status-publish","format-standard","has-post-thumbnail","hentry","category-video"],"yoast_head":"<!-- This site is optimized with the Yoast SEO Premium plugin v24.2 (Yoast SEO v26.9) - https:\/\/yoast.com\/product\/yoast-seo-premium-wordpress\/ -->\n<title>V\u00eddeo: Ap\u00f3s ser campe\u00e3o pelo Flamengo, De Arrascaeta fala sobre sua sa\u00edda do Cruzeiro<\/title>\n<meta name=\"robots\" content=\"index, follow, max-snippet:-1, max-image-preview:large, max-video-preview:-1\" \/>\n<link rel=\"canonical\" href=\"https:\/\/www.gaveanews.com\/index.php\/2019\/11\/29\/video-apos-ser-campeao-pelo-flamengo-de-arrascaeta-fala-sobre-sua-saida-do-cruzeiro\/\" \/>\n<meta property=\"og:locale\" content=\"pt_BR\" \/>\n<meta property=\"og:type\" content=\"article\" \/>\n<meta property=\"og:title\" content=\"V\u00eddeo: Ap\u00f3s ser campe\u00e3o pelo Flamengo, De Arrascaeta fala sobre sua sa\u00edda do Cruzeiro\" \/>\n<meta property=\"og:description\" content=\"O Flamengo e o Cruzeiro vivem momentos completamente opostos na temporada de 2019. Enquanto o time carioca comemora a tr\u00edplice coroa (Campeonato Carioca, Copa Libertadores da Am\u00e9rica e Campeonato Brasileiro), o time mineiro est\u00e1 lutando para n\u00e3o ser rebaixado para a segunda divis\u00e3o. E nesta sexta-feira (29 de novembro), o meia Giorgian De Arrascaeta, que [&hellip;]\" \/>\n<meta property=\"og:url\" content=\"https:\/\/www.gaveanews.com\/index.php\/2019\/11\/29\/video-apos-ser-campeao-pelo-flamengo-de-arrascaeta-fala-sobre-sua-saida-do-cruzeiro\/\" \/>\n<meta property=\"og:site_name\" content=\"G\u00e1vea News\" \/>\n<meta property=\"article:publisher\" content=\"https:\/\/facebook.com\/gaveaNews\/\" \/>\n<meta property=\"article:published_time\" content=\"2019-11-29T23:30:00+00:00\" \/>\n<meta property=\"article:modified_time\" content=\"2021-08-12T03:44:25+00:00\" \/>\n<meta property=\"og:image\" content=\"https:\/\/www.gaveanews.com\/wp-content\/uploads\/Meio-campista-De-Arrascaeta-em-acao-pelo-Flamengo.webp\" \/>\n\t<meta property=\"og:image:width\" content=\"1\" \/>\n\t<meta property=\"og:image:height\" content=\"1\" \/>\n\t<meta property=\"og:image:type\" content=\"image\/jpeg\" \/>\n<meta name=\"author\" content=\"Hugo Nogueira\" \/>\n<meta name=\"twitter:card\" content=\"summary_large_image\" \/>\n<meta name=\"twitter:label1\" content=\"Escrito por\" \/>\n\t<meta name=\"twitter:data1\" content=\"Hugo Nogueira\" \/>\n<script type=\"application\/ld+json\" class=\"yoast-schema-graph\">{\"@context\":\"https:\/\/schema.org\",\"@graph\":[{\"@type\":\"NewsArticle\",\"@id\":\"https:\/\/www.gaveanews.com\/index.php\/2019\/11\/29\/video-apos-ser-campeao-pelo-flamengo-de-arrascaeta-fala-sobre-sua-saida-do-cruzeiro\/#article\",\"isPartOf\":{\"@id\":\"https:\/\/www.gaveanews.com\/index.php\/2019\/11\/29\/video-apos-ser-campeao-pelo-flamengo-de-arrascaeta-fala-sobre-sua-saida-do-cruzeiro\/\"},\"author\":{\"name\":\"Hugo Nogueira\",\"@id\":\"https:\/\/www.gaveanews.com\/#\/schema\/person\/3a0372021fabaeec4e7e4242cfa27841\"},\"headline\":\"V\u00eddeo: Ap\u00f3s ser campe\u00e3o pelo Flamengo, De Arrascaeta fala sobre sua sa\u00edda do Cruzeiro\",\"datePublished\":\"2019-11-29T23:30:00+00:00\",\"dateModified\":\"2021-08-12T03:44:25+00:00\",\"mainEntityOfPage\":{\"@id\":\"https:\/\/www.gaveanews.com\/index.php\/2019\/11\/29\/video-apos-ser-campeao-pelo-flamengo-de-arrascaeta-fala-sobre-sua-saida-do-cruzeiro\/\"},\"wordCount\":110,\"commentCount\":0,\"image\":{\"@id\":\"https:\/\/www.gaveanews.com\/index.php\/2019\/11\/29\/video-apos-ser-campeao-pelo-flamengo-de-arrascaeta-fala-sobre-sua-saida-do-cruzeiro\/#primaryimage\"},\"thumbnailUrl\":\"https:\/\/www.gaveanews.com\/wp-content\/uploads\/Meio-campista-De-Arrascaeta-em-acao-pelo-Flamengo.webp\",\"articleSection\":[\"V\u00eddeos\"],\"inLanguage\":\"pt-BR\",\"potentialAction\":[{\"@type\":\"CommentAction\",\"name\":\"Comment\",\"target\":[\"https:\/\/www.gaveanews.com\/index.php\/2019\/11\/29\/video-apos-ser-campeao-pelo-flamengo-de-arrascaeta-fala-sobre-sua-saida-do-cruzeiro\/#respond\"]}],\"copyrightYear\":\"2019\",\"copyrightHolder\":{\"@id\":\"https:\/\/www.gaveanews.com\/#organization\"}},{\"@type\":\"WebPage\",\"@id\":\"https:\/\/www.gaveanews.com\/index.php\/2019\/11\/29\/video-apos-ser-campeao-pelo-flamengo-de-arrascaeta-fala-sobre-sua-saida-do-cruzeiro\/\",\"url\":\"https:\/\/www.gaveanews.com\/index.php\/2019\/11\/29\/video-apos-ser-campeao-pelo-flamengo-de-arrascaeta-fala-sobre-sua-saida-do-cruzeiro\/\",\"name\":\"V\u00eddeo: Ap\u00f3s ser campe\u00e3o pelo Flamengo, De Arrascaeta fala sobre sua sa\u00edda do Cruzeiro\",\"isPartOf\":{\"@id\":\"https:\/\/www.gaveanews.com\/#website\"},\"primaryImageOfPage\":{\"@id\":\"https:\/\/www.gaveanews.com\/index.php\/2019\/11\/29\/video-apos-ser-campeao-pelo-flamengo-de-arrascaeta-fala-sobre-sua-saida-do-cruzeiro\/#primaryimage\"},\"image\":{\"@id\":\"https:\/\/www.gaveanews.com\/index.php\/2019\/11\/29\/video-apos-ser-campeao-pelo-flamengo-de-arrascaeta-fala-sobre-sua-saida-do-cruzeiro\/#primaryimage\"},\"thumbnailUrl\":\"https:\/\/www.gaveanews.com\/wp-content\/uploads\/Meio-campista-De-Arrascaeta-em-acao-pelo-Flamengo.webp\",\"datePublished\":\"2019-11-29T23:30:00+00:00\",\"dateModified\":\"2021-08-12T03:44:25+00:00\",\"author\":{\"@id\":\"https:\/\/www.gaveanews.com\/#\/schema\/person\/3a0372021fabaeec4e7e4242cfa27841\"},\"breadcrumb\":{\"@id\":\"https:\/\/www.gaveanews.com\/index.php\/2019\/11\/29\/video-apos-ser-campeao-pelo-flamengo-de-arrascaeta-fala-sobre-sua-saida-do-cruzeiro\/#breadcrumb\"},\"inLanguage\":\"pt-BR\",\"potentialAction\":[{\"@type\":\"ReadAction\",\"target\":[\"https:\/\/www.gaveanews.com\/index.php\/2019\/11\/29\/video-apos-ser-campeao-pelo-flamengo-de-arrascaeta-fala-sobre-sua-saida-do-cruzeiro\/\"]}]},{\"@type\":\"ImageObject\",\"inLanguage\":\"pt-BR\",\"@id\":\"https:\/\/www.gaveanews.com\/index.php\/2019\/11\/29\/video-apos-ser-campeao-pelo-flamengo-de-arrascaeta-fala-sobre-sua-saida-do-cruzeiro\/#primaryimage\",\"url\":\"https:\/\/www.gaveanews.com\/wp-content\/uploads\/Meio-campista-De-Arrascaeta-em-acao-pelo-Flamengo.webp\",\"contentUrl\":\"https:\/\/www.gaveanews.com\/wp-content\/uploads\/Meio-campista-De-Arrascaeta-em-acao-pelo-Flamengo.webp\",\"caption\":\"Meio-campista De Arrascaeta em a\u00e7\u00e3o pelo Flamengo (Foto: Alexandre Vidal\/Flamengo)\"},{\"@type\":\"BreadcrumbList\",\"@id\":\"https:\/\/www.gaveanews.com\/index.php\/2019\/11\/29\/video-apos-ser-campeao-pelo-flamengo-de-arrascaeta-fala-sobre-sua-saida-do-cruzeiro\/#breadcrumb\",\"itemListElement\":[{\"@type\":\"ListItem\",\"position\":1,\"name\":\"Home\",\"item\":\"https:\/\/www.gaveanews.com\/\"},{\"@type\":\"ListItem\",\"position\":2,\"name\":\"V\u00eddeo: Ap\u00f3s ser campe\u00e3o pelo Flamengo, De Arrascaeta fala sobre sua sa\u00edda do Cruzeiro\"}]},{\"@type\":\"WebSite\",\"@id\":\"https:\/\/www.gaveanews.com\/#website\",\"url\":\"https:\/\/www.gaveanews.com\/\",\"name\":\"G\u00e1vea News\",\"description\":\"Veja todas as not\u00edcias sobre o Flamengo: Contrata\u00e7\u00f5es, categorias de base, resultados das partidas, tabela de classifica\u00e7\u00e3o, pr\u00f3ximos jogos!\",\"potentialAction\":[{\"@type\":\"SearchAction\",\"target\":{\"@type\":\"EntryPoint\",\"urlTemplate\":\"https:\/\/www.gaveanews.com\/?s={search_term_string}\"},\"query-input\":{\"@type\":\"PropertyValueSpecification\",\"valueRequired\":true,\"valueName\":\"search_term_string\"}}],\"inLanguage\":\"pt-BR\"},{\"@type\":\"Person\",\"@id\":\"https:\/\/www.gaveanews.com\/#\/schema\/person\/3a0372021fabaeec4e7e4242cfa27841\",\"name\":\"Hugo Nogueira\",\"image\":{\"@type\":\"ImageObject\",\"inLanguage\":\"pt-BR\",\"@id\":\"https:\/\/www.gaveanews.com\/#\/schema\/person\/image\/\",\"url\":\"https:\/\/secure.gravatar.com\/avatar\/0cdd89f3b47bb55926c08eee2db992845cfdd53f84c9fdd47a49d89b3cd40c0a?s=96&d=mm&r=g\",\"contentUrl\":\"https:\/\/secure.gravatar.com\/avatar\/0cdd89f3b47bb55926c08eee2db992845cfdd53f84c9fdd47a49d89b3cd40c0a?s=96&d=mm&r=g\",\"caption\":\"Hugo Nogueira\"}}]}<\/script>\n<!-- \/ Yoast SEO Premium plugin. -->","yoast_head_json":{"title":"V\u00eddeo: Ap\u00f3s ser campe\u00e3o pelo Flamengo, De Arrascaeta fala sobre sua sa\u00edda do Cruzeiro","robots":{"index":"index","follow":"follow","max-snippet":"max-snippet:-1","max-image-preview":"max-image-preview:large","max-video-preview":"max-video-preview:-1"},"canonical":"https:\/\/www.gaveanews.com\/index.php\/2019\/11\/29\/video-apos-ser-campeao-pelo-flamengo-de-arrascaeta-fala-sobre-sua-saida-do-cruzeiro\/","og_locale":"pt_BR","og_type":"article","og_title":"V\u00eddeo: Ap\u00f3s ser campe\u00e3o pelo Flamengo, De Arrascaeta fala sobre sua sa\u00edda do Cruzeiro","og_description":"O Flamengo e o Cruzeiro vivem momentos completamente opostos na temporada de 2019. Enquanto o time carioca comemora a tr\u00edplice coroa (Campeonato Carioca, Copa Libertadores da Am\u00e9rica e Campeonato Brasileiro), o time mineiro est\u00e1 lutando para n\u00e3o ser rebaixado para a segunda divis\u00e3o. E nesta sexta-feira (29 de novembro), o meia Giorgian De Arrascaeta, que [&hellip;]","og_url":"https:\/\/www.gaveanews.com\/index.php\/2019\/11\/29\/video-apos-ser-campeao-pelo-flamengo-de-arrascaeta-fala-sobre-sua-saida-do-cruzeiro\/","og_site_name":"G\u00e1vea News","article_publisher":"https:\/\/facebook.com\/gaveaNews\/","article_published_time":"2019-11-29T23:30:00+00:00","article_modified_time":"2021-08-12T03:44:25+00:00","og_image":[{"url":"https:\/\/www.gaveanews.com\/wp-content\/uploads\/Meio-campista-De-Arrascaeta-em-acao-pelo-Flamengo.webp","width":1,"height":1,"type":"image\/jpeg"}],"author":"Hugo Nogueira","twitter_card":"summary_large_image","twitter_misc":{"Escrito por":"Hugo Nogueira"},"schema":{"@context":"https:\/\/schema.org","@graph":[{"@type":"NewsArticle","@id":"https:\/\/www.gaveanews.com\/index.php\/2019\/11\/29\/video-apos-ser-campeao-pelo-flamengo-de-arrascaeta-fala-sobre-sua-saida-do-cruzeiro\/#article","isPartOf":{"@id":"https:\/\/www.gaveanews.com\/index.php\/2019\/11\/29\/video-apos-ser-campeao-pelo-flamengo-de-arrascaeta-fala-sobre-sua-saida-do-cruzeiro\/"},"author":{"name":"Hugo Nogueira","@id":"https:\/\/www.gaveanews.com\/#\/schema\/person\/3a0372021fabaeec4e7e4242cfa27841"},"headline":"V\u00eddeo: Ap\u00f3s ser campe\u00e3o pelo Flamengo, De Arrascaeta fala sobre sua sa\u00edda do Cruzeiro","datePublished":"2019-11-29T23:30:00+00:00","dateModified":"2021-08-12T03:44:25+00:00","mainEntityOfPage":{"@id":"https:\/\/www.gaveanews.com\/index.php\/2019\/11\/29\/video-apos-ser-campeao-pelo-flamengo-de-arrascaeta-fala-sobre-sua-saida-do-cruzeiro\/"},"wordCount":110,"commentCount":0,"image":{"@id":"https:\/\/www.gaveanews.com\/index.php\/2019\/11\/29\/video-apos-ser-campeao-pelo-flamengo-de-arrascaeta-fala-sobre-sua-saida-do-cruzeiro\/#primaryimage"},"thumbnailUrl":"https:\/\/www.gaveanews.com\/wp-content\/uploads\/Meio-campista-De-Arrascaeta-em-acao-pelo-Flamengo.webp","articleSection":["V\u00eddeos"],"inLanguage":"pt-BR","potentialAction":[{"@type":"CommentAction","name":"Comment","target":["https:\/\/www.gaveanews.com\/index.php\/2019\/11\/29\/video-apos-ser-campeao-pelo-flamengo-de-arrascaeta-fala-sobre-sua-saida-do-cruzeiro\/#respond"]}],"copyrightYear":"2019","copyrightHolder":{"@id":"https:\/\/www.gaveanews.com\/#organization"}},{"@type":"WebPage","@id":"https:\/\/www.gaveanews.com\/index.php\/2019\/11\/29\/video-apos-ser-campeao-pelo-flamengo-de-arrascaeta-fala-sobre-sua-saida-do-cruzeiro\/","url":"https:\/\/www.gaveanews.com\/index.php\/2019\/11\/29\/video-apos-ser-campeao-pelo-flamengo-de-arrascaeta-fala-sobre-sua-saida-do-cruzeiro\/","name":"V\u00eddeo: Ap\u00f3s ser campe\u00e3o pelo Flamengo, De Arrascaeta fala sobre sua sa\u00edda do Cruzeiro","isPartOf":{"@id":"https:\/\/www.gaveanews.com\/#website"},"primaryImageOfPage":{"@id":"https:\/\/www.gaveanews.com\/index.php\/2019\/11\/29\/video-apos-ser-campeao-pelo-flamengo-de-arrascaeta-fala-sobre-sua-saida-do-cruzeiro\/#primaryimage"},"image":{"@id":"https:\/\/www.gaveanews.com\/index.php\/2019\/11\/29\/video-apos-ser-campeao-pelo-flamengo-de-arrascaeta-fala-sobre-sua-saida-do-cruzeiro\/#primaryimage"},"thumbnailUrl":"https:\/\/www.gaveanews.com\/wp-content\/uploads\/Meio-campista-De-Arrascaeta-em-acao-pelo-Flamengo.webp","datePublished":"2019-11-29T23:30:00+00:00","dateModified":"2021-08-12T03:44:25+00:00","author":{"@id":"https:\/\/www.gaveanews.com\/#\/schema\/person\/3a0372021fabaeec4e7e4242cfa27841"},"breadcrumb":{"@id":"https:\/\/www.gaveanews.com\/index.php\/2019\/11\/29\/video-apos-ser-campeao-pelo-flamengo-de-arrascaeta-fala-sobre-sua-saida-do-cruzeiro\/#breadcrumb"},"inLanguage":"pt-BR","potentialAction":[{"@type":"ReadAction","target":["https:\/\/www.gaveanews.com\/index.php\/2019\/11\/29\/video-apos-ser-campeao-pelo-flamengo-de-arrascaeta-fala-sobre-sua-saida-do-cruzeiro\/"]}]},{"@type":"ImageObject","inLanguage":"pt-BR","@id":"https:\/\/www.gaveanews.com\/index.php\/2019\/11\/29\/video-apos-ser-campeao-pelo-flamengo-de-arrascaeta-fala-sobre-sua-saida-do-cruzeiro\/#primaryimage","url":"https:\/\/www.gaveanews.com\/wp-content\/uploads\/Meio-campista-De-Arrascaeta-em-acao-pelo-Flamengo.webp","contentUrl":"https:\/\/www.gaveanews.com\/wp-content\/uploads\/Meio-campista-De-Arrascaeta-em-acao-pelo-Flamengo.webp","caption":"Meio-campista De Arrascaeta em a\u00e7\u00e3o pelo Flamengo (Foto: Alexandre Vidal\/Flamengo)"},{"@type":"BreadcrumbList","@id":"https:\/\/www.gaveanews.com\/index.php\/2019\/11\/29\/video-apos-ser-campeao-pelo-flamengo-de-arrascaeta-fala-sobre-sua-saida-do-cruzeiro\/#breadcrumb","itemListElement":[{"@type":"ListItem","position":1,"name":"Home","item":"https:\/\/www.gaveanews.com\/"},{"@type":"ListItem","position":2,"name":"V\u00eddeo: Ap\u00f3s ser campe\u00e3o pelo Flamengo, De Arrascaeta fala sobre sua sa\u00edda do Cruzeiro"}]},{"@type":"WebSite","@id":"https:\/\/www.gaveanews.com\/#website","url":"https:\/\/www.gaveanews.com\/","name":"G\u00e1vea News","description":"Veja todas as not\u00edcias sobre o Flamengo: Contrata\u00e7\u00f5es, categorias de base, resultados das partidas, tabela de classifica\u00e7\u00e3o, pr\u00f3ximos jogos!","potentialAction":[{"@type":"SearchAction","target":{"@type":"EntryPoint","urlTemplate":"https:\/\/www.gaveanews.com\/?s={search_term_string}"},"query-input":{"@type":"PropertyValueSpecification","valueRequired":true,"valueName":"search_term_string"}}],"inLanguage":"pt-BR"},{"@type":"Person","@id":"https:\/\/www.gaveanews.com\/#\/schema\/person\/3a0372021fabaeec4e7e4242cfa27841","name":"Hugo Nogueira","image":{"@type":"ImageObject","inLanguage":"pt-BR","@id":"https:\/\/www.gaveanews.com\/#\/schema\/person\/image\/","url":"https:\/\/secure.gravatar.com\/avatar\/0cdd89f3b47bb55926c08eee2db992845cfdd53f84c9fdd47a49d89b3cd40c0a?s=96&d=mm&r=g","contentUrl":"https:\/\/secure.gravatar.com\/avatar\/0cdd89f3b47bb55926c08eee2db992845cfdd53f84c9fdd47a49d89b3cd40c0a?s=96&d=mm&r=g","caption":"Hugo Nogueira"}}]}},"_links":{"self":[{"href":"https:\/\/www.gaveanews.com\/index.php\/wp-json\/wp\/v2\/posts\/32769","targetHints":{"allow":["GET"]}}],"collection":[{"href":"https:\/\/www.gaveanews.com\/index.php\/wp-json\/wp\/v2\/posts"}],"about":[{"href":"https:\/\/www.gaveanews.com\/index.php\/wp-json\/wp\/v2\/types\/post"}],"author":[{"embeddable":true,"href":"https:\/\/www.gaveanews.com\/index.php\/wp-json\/wp\/v2\/users\/2"}],"replies":[{"embeddable":true,"href":"https:\/\/www.gaveanews.com\/index.php\/wp-json\/wp\/v2\/comments?post=32769"}],"version-history":[{"count":0,"href":"https:\/\/www.gaveanews.com\/index.php\/wp-json\/wp\/v2\/posts\/32769\/revisions"}],"wp:featuredmedia":[{"embeddable":true,"href":"https:\/\/www.gaveanews.com\/index.php\/wp-json\/wp\/v2\/media\/28936"}],"wp:attachment":[{"href":"https:\/\/www.gaveanews.com\/index.php\/wp-json\/wp\/v2\/media?parent=32769"}],"wp:term":[{"taxonomy":"category","embeddable":true,"href":"https:\/\/www.gaveanews.com\/index.php\/wp-json\/wp\/v2\/categories?post=32769"},{"taxonomy":"post_tag","embeddable":true,"href":"https:\/\/www.gaveanews.com\/index.php\/wp-json\/wp\/v2\/tags?post=32769"}],"curies":[{"name":"wp","href":"https:\/\/api.w.org\/{rel}","templated":true}]}}