{"id":32803,"date":"2019-12-01T03:06:05","date_gmt":"2019-12-01T06:06:05","guid":{"rendered":"http:\/\/www.gaveanews.com\/?p=32803"},"modified":"2019-12-01T03:06:06","modified_gmt":"2019-12-01T06:06:06","slug":"gabigol-concede-entrevista-para-imprensa-da-europa-e-fala-sobre-o-seu-futuro","status":"publish","type":"post","link":"https:\/\/www.gaveanews.com\/index.php\/2019\/12\/01\/gabigol-concede-entrevista-para-imprensa-da-europa-e-fala-sobre-o-seu-futuro\/","title":{"rendered":"Gabigol concede entrevista para imprensa da Europa e fala sobre o seu futuro"},"content":{"rendered":"\n<p>Artilheiro do Campeonato Brasileiro e da Libertadores, Gabigol vive melhor momento da carreira no Flamengo. Em entrevista ao jornal portugu\u00eas &#8220;A Bola&#8221;, o atacante rasgou elogios ao t\u00e9cnico Jorge Jesus e explicou como as ideias o ajudaram a &#8220;se reinventar&#8221; como jogador.<\/p>\n\n\n\n<p>&#8220;O Mister \u00e9 um dos grandes t\u00e9cnicos com quem j\u00e1 trabalhei. Trabalhei com grandes nomes que ajudaram muito na forma\u00e7\u00e3o da minha carreira como atleta e como pessoa, e acredito que o Mister tenha me reinventado. Sou outro jogador agora, na parte t\u00e9cnica, f\u00edsica e tamb\u00e9m t\u00e1tica. O Mister me deu uma vis\u00e3o diferente de tudo. Sou muito grato a ele, realmente mudou minha vida&#8221;, explicou Gabigol, que classifica o ano de 2019 como &#8220;o melhor da sua carreira&#8221;.<\/p>\n\n\n\n<p>Gabigol tamb\u00e9m revelou como foi o primeiro contato com Jorge Jesus, que foi contratado pelo Flamengo em junho durante a pausa da Copa Am\u00e9rica, para substituir Abel Braga, que se demitiu do cargo no final de maio.<\/p>\n\n\n\n<p>&#8220;Ele chegou passando muita confian\u00e7a e motiva\u00e7\u00e3o, deixou claro que acreditava no meu potencial. A gente conversa sempre, desde o primeiro dia. Isso foi fundamental no meu crescimento e de todos os jogadores do nosso grupo&#8221;, salientou Gabigol.<\/p>\n\n\n\n<p>Empolgado com a boa fase do Flamengo, que conquistou tr\u00eas t\u00edtulos na atual temporada, e pode conquistar o Mundial de Clubes, em dezembro, Gabigol disse crer que o Flamengo ter\u00e1 um per\u00edodo de hegemonia no futebol brasileiro.<\/p>\n\n\n\n<p>&#8220;Acredito, visto que o Flamengo se estruturou muito bem. Organizou o clube, e os frutos est\u00e3o sendo colhidos. Conseguimos montar uma equipe muito forte, com jogadores experientes e com muita hist\u00f3ria dentro do futebol. Agora \u00e9 manter toda essa base de investimento, ter um bom sistema de s\u00f3cios, patrocinadores\u2026 a tend\u00eancia \u00e9 que o Flamengo se mantenha no topo por muitos anos&#8221;, analisou.<\/p>\n\n\n\n<p>Sobre o futuro, Gabigol n\u00e3o escondeu o desejo de retornar ao futebol europeu para tentar se consolidar no Velho Continente, j\u00e1 que foi bem nas duas experi\u00eancias anteriores, quando atuou pela Internazionale e Benfica, mas o rendimento do atacante foi abaixo da expectativa.<\/p>\n\n\n\n<p>&#8220;O futebol europeu \u00e9 o caminho natural para todo jogador, e nunca escondi meu desejo. Sei do meu potencial, hoje me vejo muito mais maduro, experiente e ciente do que posso render l\u00e1 fora tamb\u00e9m, repetindo assim os desempenhos que tive com a camisa do Santos e do Flamengo. Mas n\u00e3o \u00e9 uma coisa para pensar agora, ainda teremos o Mundial pela frente. Temos de estar 100% com a cabe\u00e7a nisso&#8221;, pregou o atacante, que disse n\u00e3o ter m\u00e1goa da Internazionale.<\/p>\n\n\n\n<p>&#8220;Sempre respeitei muito a Inter desde o meu primeiro dia l\u00e1, sempre respeitei tamb\u00e9m os t\u00e9cnicos que passaram l\u00e1. \u00c9 um clube com uma hist\u00f3ria muito linda no futebol mundial. N\u00e3o existe m\u00e1goa, existe sim um sentimento de que poderia ter tido mais sequ\u00eancia, mais oportunidades. Mas respeito tudo que vivi l\u00e1, e isso me fortaleceu, porque nunca desanimei e sempre busquei o melhor em mim.&#8221;<\/p>\n\n\n\n<p>Retirado de: O Dia<\/p>\n","protected":false},"excerpt":{"rendered":"<p>Artilheiro do Campeonato Brasileiro e da Libertadores, Gabigol vive melhor momento da carreira no Flamengo. Em entrevista ao jornal portugu\u00eas &#8220;A Bola&#8221;, o atacante rasgou elogios ao t\u00e9cnico Jorge Jesus e explicou como as ideias o ajudaram a &#8220;se reinventar&#8221; como jogador. &#8220;O Mister \u00e9 um dos grandes t\u00e9cnicos com quem j\u00e1 trabalhei. Trabalhei com [&hellip;]<\/p>\n","protected":false},"author":1,"featured_media":15116,"comment_status":"open","ping_status":"open","sticky":false,"template":"","format":"standard","meta":{"footnotes":""},"categories":[48],"tags":[],"class_list":["post-32803","post","type-post","status-publish","format-standard","has-post-thumbnail","hentry","category-negociacoes"],"yoast_head":"<!-- This site is optimized with the Yoast SEO Premium plugin v24.2 (Yoast SEO v26.9) - https:\/\/yoast.com\/product\/yoast-seo-premium-wordpress\/ -->\n<title>Gabigol concede entrevista para imprensa da Europa e fala sobre o seu futuro<\/title>\n<meta name=\"robots\" content=\"index, follow, max-snippet:-1, max-image-preview:large, max-video-preview:-1\" \/>\n<link rel=\"canonical\" href=\"https:\/\/www.gaveanews.com\/index.php\/2019\/12\/01\/gabigol-concede-entrevista-para-imprensa-da-europa-e-fala-sobre-o-seu-futuro\/\" \/>\n<meta property=\"og:locale\" content=\"pt_BR\" \/>\n<meta property=\"og:type\" content=\"article\" \/>\n<meta property=\"og:title\" content=\"Gabigol concede entrevista para imprensa da Europa e fala sobre o seu futuro\" \/>\n<meta property=\"og:description\" content=\"Artilheiro do Campeonato Brasileiro e da Libertadores, Gabigol vive melhor momento da carreira no Flamengo. Em entrevista ao jornal portugu\u00eas &#8220;A Bola&#8221;, o atacante rasgou elogios ao t\u00e9cnico Jorge Jesus e explicou como as ideias o ajudaram a &#8220;se reinventar&#8221; como jogador. &#8220;O Mister \u00e9 um dos grandes t\u00e9cnicos com quem j\u00e1 trabalhei. Trabalhei com [&hellip;]\" \/>\n<meta property=\"og:url\" content=\"https:\/\/www.gaveanews.com\/index.php\/2019\/12\/01\/gabigol-concede-entrevista-para-imprensa-da-europa-e-fala-sobre-o-seu-futuro\/\" \/>\n<meta property=\"og:site_name\" content=\"G\u00e1vea News\" \/>\n<meta property=\"article:publisher\" content=\"https:\/\/facebook.com\/gaveaNews\/\" \/>\n<meta property=\"article:published_time\" content=\"2019-12-01T06:06:05+00:00\" \/>\n<meta property=\"article:modified_time\" content=\"2019-12-01T06:06:06+00:00\" \/>\n<meta property=\"og:image\" content=\"https:\/\/www.gaveanews.com\/wp-content\/uploads\/2019\/03\/Rodrigo-Caio-e-Gabigol-durante-treinamento-no-Ninho-do-Urubu.webp\" \/>\n\t<meta property=\"og:image:width\" content=\"900\" \/>\n\t<meta property=\"og:image:height\" content=\"599\" \/>\n\t<meta property=\"og:image:type\" content=\"image\/jpeg\" \/>\n<meta name=\"author\" content=\"Equipe G\u00e1vea News\" \/>\n<meta name=\"twitter:card\" content=\"summary_large_image\" \/>\n<meta name=\"twitter:label1\" content=\"Escrito por\" \/>\n\t<meta name=\"twitter:data1\" content=\"Equipe G\u00e1vea News\" \/>\n\t<meta name=\"twitter:label2\" content=\"Est. tempo de leitura\" \/>\n\t<meta name=\"twitter:data2\" content=\"3 minutos\" \/>\n<script type=\"application\/ld+json\" class=\"yoast-schema-graph\">{\"@context\":\"https:\/\/schema.org\",\"@graph\":[{\"@type\":\"NewsArticle\",\"@id\":\"https:\/\/www.gaveanews.com\/index.php\/2019\/12\/01\/gabigol-concede-entrevista-para-imprensa-da-europa-e-fala-sobre-o-seu-futuro\/#article\",\"isPartOf\":{\"@id\":\"https:\/\/www.gaveanews.com\/index.php\/2019\/12\/01\/gabigol-concede-entrevista-para-imprensa-da-europa-e-fala-sobre-o-seu-futuro\/\"},\"author\":{\"name\":\"Equipe G\u00e1vea News\",\"@id\":\"https:\/\/www.gaveanews.com\/#\/schema\/person\/2ec14f73fb96be2caf28f91afb14749d\"},\"headline\":\"Gabigol concede entrevista para imprensa da Europa e fala sobre o seu futuro\",\"datePublished\":\"2019-12-01T06:06:05+00:00\",\"dateModified\":\"2019-12-01T06:06:06+00:00\",\"mainEntityOfPage\":{\"@id\":\"https:\/\/www.gaveanews.com\/index.php\/2019\/12\/01\/gabigol-concede-entrevista-para-imprensa-da-europa-e-fala-sobre-o-seu-futuro\/\"},\"wordCount\":528,\"commentCount\":0,\"image\":{\"@id\":\"https:\/\/www.gaveanews.com\/index.php\/2019\/12\/01\/gabigol-concede-entrevista-para-imprensa-da-europa-e-fala-sobre-o-seu-futuro\/#primaryimage\"},\"thumbnailUrl\":\"https:\/\/www.gaveanews.com\/wp-content\/uploads\/2019\/03\/Rodrigo-Caio-e-Gabigol-durante-treinamento-no-Ninho-do-Urubu.webp\",\"articleSection\":[\"Negocia\u00e7\u00f5es\"],\"inLanguage\":\"pt-BR\",\"potentialAction\":[{\"@type\":\"CommentAction\",\"name\":\"Comment\",\"target\":[\"https:\/\/www.gaveanews.com\/index.php\/2019\/12\/01\/gabigol-concede-entrevista-para-imprensa-da-europa-e-fala-sobre-o-seu-futuro\/#respond\"]}],\"copyrightYear\":\"2019\",\"copyrightHolder\":{\"@id\":\"https:\/\/www.gaveanews.com\/#organization\"}},{\"@type\":\"WebPage\",\"@id\":\"https:\/\/www.gaveanews.com\/index.php\/2019\/12\/01\/gabigol-concede-entrevista-para-imprensa-da-europa-e-fala-sobre-o-seu-futuro\/\",\"url\":\"https:\/\/www.gaveanews.com\/index.php\/2019\/12\/01\/gabigol-concede-entrevista-para-imprensa-da-europa-e-fala-sobre-o-seu-futuro\/\",\"name\":\"Gabigol concede entrevista para imprensa da Europa e fala sobre o seu futuro\",\"isPartOf\":{\"@id\":\"https:\/\/www.gaveanews.com\/#website\"},\"primaryImageOfPage\":{\"@id\":\"https:\/\/www.gaveanews.com\/index.php\/2019\/12\/01\/gabigol-concede-entrevista-para-imprensa-da-europa-e-fala-sobre-o-seu-futuro\/#primaryimage\"},\"image\":{\"@id\":\"https:\/\/www.gaveanews.com\/index.php\/2019\/12\/01\/gabigol-concede-entrevista-para-imprensa-da-europa-e-fala-sobre-o-seu-futuro\/#primaryimage\"},\"thumbnailUrl\":\"https:\/\/www.gaveanews.com\/wp-content\/uploads\/2019\/03\/Rodrigo-Caio-e-Gabigol-durante-treinamento-no-Ninho-do-Urubu.webp\",\"datePublished\":\"2019-12-01T06:06:05+00:00\",\"dateModified\":\"2019-12-01T06:06:06+00:00\",\"author\":{\"@id\":\"https:\/\/www.gaveanews.com\/#\/schema\/person\/2ec14f73fb96be2caf28f91afb14749d\"},\"breadcrumb\":{\"@id\":\"https:\/\/www.gaveanews.com\/index.php\/2019\/12\/01\/gabigol-concede-entrevista-para-imprensa-da-europa-e-fala-sobre-o-seu-futuro\/#breadcrumb\"},\"inLanguage\":\"pt-BR\",\"potentialAction\":[{\"@type\":\"ReadAction\",\"target\":[\"https:\/\/www.gaveanews.com\/index.php\/2019\/12\/01\/gabigol-concede-entrevista-para-imprensa-da-europa-e-fala-sobre-o-seu-futuro\/\"]}]},{\"@type\":\"ImageObject\",\"inLanguage\":\"pt-BR\",\"@id\":\"https:\/\/www.gaveanews.com\/index.php\/2019\/12\/01\/gabigol-concede-entrevista-para-imprensa-da-europa-e-fala-sobre-o-seu-futuro\/#primaryimage\",\"url\":\"https:\/\/www.gaveanews.com\/wp-content\/uploads\/2019\/03\/Rodrigo-Caio-e-Gabigol-durante-treinamento-no-Ninho-do-Urubu.webp\",\"contentUrl\":\"https:\/\/www.gaveanews.com\/wp-content\/uploads\/2019\/03\/Rodrigo-Caio-e-Gabigol-durante-treinamento-no-Ninho-do-Urubu.webp\",\"width\":900,\"height\":599,\"caption\":\"Rodrigo Caio e Gabigol durante treinamento no Ninho do Urubu (Foto: Alexandre Vidal\/Flamengo)\"},{\"@type\":\"BreadcrumbList\",\"@id\":\"https:\/\/www.gaveanews.com\/index.php\/2019\/12\/01\/gabigol-concede-entrevista-para-imprensa-da-europa-e-fala-sobre-o-seu-futuro\/#breadcrumb\",\"itemListElement\":[{\"@type\":\"ListItem\",\"position\":1,\"name\":\"Home\",\"item\":\"https:\/\/www.gaveanews.com\/\"},{\"@type\":\"ListItem\",\"position\":2,\"name\":\"Gabigol concede entrevista para imprensa da Europa e fala sobre o seu futuro\"}]},{\"@type\":\"WebSite\",\"@id\":\"https:\/\/www.gaveanews.com\/#website\",\"url\":\"https:\/\/www.gaveanews.com\/\",\"name\":\"G\u00e1vea News\",\"description\":\"Veja todas as not\u00edcias sobre o Flamengo: Contrata\u00e7\u00f5es, categorias de base, resultados das partidas, tabela de classifica\u00e7\u00e3o, pr\u00f3ximos jogos!\",\"potentialAction\":[{\"@type\":\"SearchAction\",\"target\":{\"@type\":\"EntryPoint\",\"urlTemplate\":\"https:\/\/www.gaveanews.com\/?s={search_term_string}\"},\"query-input\":{\"@type\":\"PropertyValueSpecification\",\"valueRequired\":true,\"valueName\":\"search_term_string\"}}],\"inLanguage\":\"pt-BR\"},{\"@type\":\"Person\",\"@id\":\"https:\/\/www.gaveanews.com\/#\/schema\/person\/2ec14f73fb96be2caf28f91afb14749d\",\"name\":\"Equipe G\u00e1vea News\",\"image\":{\"@type\":\"ImageObject\",\"inLanguage\":\"pt-BR\",\"@id\":\"https:\/\/www.gaveanews.com\/#\/schema\/person\/image\/\",\"url\":\"https:\/\/secure.gravatar.com\/avatar\/1e1956f1facbffd3f8fa53a326721950116b3b9dc9bd44939c01180fd4a745a9?s=96&d=mm&r=g\",\"contentUrl\":\"https:\/\/secure.gravatar.com\/avatar\/1e1956f1facbffd3f8fa53a326721950116b3b9dc9bd44939c01180fd4a745a9?s=96&d=mm&r=g\",\"caption\":\"Equipe G\u00e1vea News\"}}]}<\/script>\n<!-- \/ Yoast SEO Premium plugin. -->","yoast_head_json":{"title":"Gabigol concede entrevista para imprensa da Europa e fala sobre o seu futuro","robots":{"index":"index","follow":"follow","max-snippet":"max-snippet:-1","max-image-preview":"max-image-preview:large","max-video-preview":"max-video-preview:-1"},"canonical":"https:\/\/www.gaveanews.com\/index.php\/2019\/12\/01\/gabigol-concede-entrevista-para-imprensa-da-europa-e-fala-sobre-o-seu-futuro\/","og_locale":"pt_BR","og_type":"article","og_title":"Gabigol concede entrevista para imprensa da Europa e fala sobre o seu futuro","og_description":"Artilheiro do Campeonato Brasileiro e da Libertadores, Gabigol vive melhor momento da carreira no Flamengo. Em entrevista ao jornal portugu\u00eas &#8220;A Bola&#8221;, o atacante rasgou elogios ao t\u00e9cnico Jorge Jesus e explicou como as ideias o ajudaram a &#8220;se reinventar&#8221; como jogador. &#8220;O Mister \u00e9 um dos grandes t\u00e9cnicos com quem j\u00e1 trabalhei. Trabalhei com [&hellip;]","og_url":"https:\/\/www.gaveanews.com\/index.php\/2019\/12\/01\/gabigol-concede-entrevista-para-imprensa-da-europa-e-fala-sobre-o-seu-futuro\/","og_site_name":"G\u00e1vea News","article_publisher":"https:\/\/facebook.com\/gaveaNews\/","article_published_time":"2019-12-01T06:06:05+00:00","article_modified_time":"2019-12-01T06:06:06+00:00","og_image":[{"width":900,"height":599,"url":"https:\/\/www.gaveanews.com\/wp-content\/uploads\/2019\/03\/Rodrigo-Caio-e-Gabigol-durante-treinamento-no-Ninho-do-Urubu.webp","type":"image\/jpeg"}],"author":"Equipe G\u00e1vea News","twitter_card":"summary_large_image","twitter_misc":{"Escrito por":"Equipe G\u00e1vea News","Est. tempo de leitura":"3 minutos"},"schema":{"@context":"https:\/\/schema.org","@graph":[{"@type":"NewsArticle","@id":"https:\/\/www.gaveanews.com\/index.php\/2019\/12\/01\/gabigol-concede-entrevista-para-imprensa-da-europa-e-fala-sobre-o-seu-futuro\/#article","isPartOf":{"@id":"https:\/\/www.gaveanews.com\/index.php\/2019\/12\/01\/gabigol-concede-entrevista-para-imprensa-da-europa-e-fala-sobre-o-seu-futuro\/"},"author":{"name":"Equipe G\u00e1vea News","@id":"https:\/\/www.gaveanews.com\/#\/schema\/person\/2ec14f73fb96be2caf28f91afb14749d"},"headline":"Gabigol concede entrevista para imprensa da Europa e fala sobre o seu futuro","datePublished":"2019-12-01T06:06:05+00:00","dateModified":"2019-12-01T06:06:06+00:00","mainEntityOfPage":{"@id":"https:\/\/www.gaveanews.com\/index.php\/2019\/12\/01\/gabigol-concede-entrevista-para-imprensa-da-europa-e-fala-sobre-o-seu-futuro\/"},"wordCount":528,"commentCount":0,"image":{"@id":"https:\/\/www.gaveanews.com\/index.php\/2019\/12\/01\/gabigol-concede-entrevista-para-imprensa-da-europa-e-fala-sobre-o-seu-futuro\/#primaryimage"},"thumbnailUrl":"https:\/\/www.gaveanews.com\/wp-content\/uploads\/2019\/03\/Rodrigo-Caio-e-Gabigol-durante-treinamento-no-Ninho-do-Urubu.webp","articleSection":["Negocia\u00e7\u00f5es"],"inLanguage":"pt-BR","potentialAction":[{"@type":"CommentAction","name":"Comment","target":["https:\/\/www.gaveanews.com\/index.php\/2019\/12\/01\/gabigol-concede-entrevista-para-imprensa-da-europa-e-fala-sobre-o-seu-futuro\/#respond"]}],"copyrightYear":"2019","copyrightHolder":{"@id":"https:\/\/www.gaveanews.com\/#organization"}},{"@type":"WebPage","@id":"https:\/\/www.gaveanews.com\/index.php\/2019\/12\/01\/gabigol-concede-entrevista-para-imprensa-da-europa-e-fala-sobre-o-seu-futuro\/","url":"https:\/\/www.gaveanews.com\/index.php\/2019\/12\/01\/gabigol-concede-entrevista-para-imprensa-da-europa-e-fala-sobre-o-seu-futuro\/","name":"Gabigol concede entrevista para imprensa da Europa e fala sobre o seu futuro","isPartOf":{"@id":"https:\/\/www.gaveanews.com\/#website"},"primaryImageOfPage":{"@id":"https:\/\/www.gaveanews.com\/index.php\/2019\/12\/01\/gabigol-concede-entrevista-para-imprensa-da-europa-e-fala-sobre-o-seu-futuro\/#primaryimage"},"image":{"@id":"https:\/\/www.gaveanews.com\/index.php\/2019\/12\/01\/gabigol-concede-entrevista-para-imprensa-da-europa-e-fala-sobre-o-seu-futuro\/#primaryimage"},"thumbnailUrl":"https:\/\/www.gaveanews.com\/wp-content\/uploads\/2019\/03\/Rodrigo-Caio-e-Gabigol-durante-treinamento-no-Ninho-do-Urubu.webp","datePublished":"2019-12-01T06:06:05+00:00","dateModified":"2019-12-01T06:06:06+00:00","author":{"@id":"https:\/\/www.gaveanews.com\/#\/schema\/person\/2ec14f73fb96be2caf28f91afb14749d"},"breadcrumb":{"@id":"https:\/\/www.gaveanews.com\/index.php\/2019\/12\/01\/gabigol-concede-entrevista-para-imprensa-da-europa-e-fala-sobre-o-seu-futuro\/#breadcrumb"},"inLanguage":"pt-BR","potentialAction":[{"@type":"ReadAction","target":["https:\/\/www.gaveanews.com\/index.php\/2019\/12\/01\/gabigol-concede-entrevista-para-imprensa-da-europa-e-fala-sobre-o-seu-futuro\/"]}]},{"@type":"ImageObject","inLanguage":"pt-BR","@id":"https:\/\/www.gaveanews.com\/index.php\/2019\/12\/01\/gabigol-concede-entrevista-para-imprensa-da-europa-e-fala-sobre-o-seu-futuro\/#primaryimage","url":"https:\/\/www.gaveanews.com\/wp-content\/uploads\/2019\/03\/Rodrigo-Caio-e-Gabigol-durante-treinamento-no-Ninho-do-Urubu.webp","contentUrl":"https:\/\/www.gaveanews.com\/wp-content\/uploads\/2019\/03\/Rodrigo-Caio-e-Gabigol-durante-treinamento-no-Ninho-do-Urubu.webp","width":900,"height":599,"caption":"Rodrigo Caio e Gabigol durante treinamento no Ninho do Urubu (Foto: Alexandre Vidal\/Flamengo)"},{"@type":"BreadcrumbList","@id":"https:\/\/www.gaveanews.com\/index.php\/2019\/12\/01\/gabigol-concede-entrevista-para-imprensa-da-europa-e-fala-sobre-o-seu-futuro\/#breadcrumb","itemListElement":[{"@type":"ListItem","position":1,"name":"Home","item":"https:\/\/www.gaveanews.com\/"},{"@type":"ListItem","position":2,"name":"Gabigol concede entrevista para imprensa da Europa e fala sobre o seu futuro"}]},{"@type":"WebSite","@id":"https:\/\/www.gaveanews.com\/#website","url":"https:\/\/www.gaveanews.com\/","name":"G\u00e1vea News","description":"Veja todas as not\u00edcias sobre o Flamengo: Contrata\u00e7\u00f5es, categorias de base, resultados das partidas, tabela de classifica\u00e7\u00e3o, pr\u00f3ximos jogos!","potentialAction":[{"@type":"SearchAction","target":{"@type":"EntryPoint","urlTemplate":"https:\/\/www.gaveanews.com\/?s={search_term_string}"},"query-input":{"@type":"PropertyValueSpecification","valueRequired":true,"valueName":"search_term_string"}}],"inLanguage":"pt-BR"},{"@type":"Person","@id":"https:\/\/www.gaveanews.com\/#\/schema\/person\/2ec14f73fb96be2caf28f91afb14749d","name":"Equipe G\u00e1vea News","image":{"@type":"ImageObject","inLanguage":"pt-BR","@id":"https:\/\/www.gaveanews.com\/#\/schema\/person\/image\/","url":"https:\/\/secure.gravatar.com\/avatar\/1e1956f1facbffd3f8fa53a326721950116b3b9dc9bd44939c01180fd4a745a9?s=96&d=mm&r=g","contentUrl":"https:\/\/secure.gravatar.com\/avatar\/1e1956f1facbffd3f8fa53a326721950116b3b9dc9bd44939c01180fd4a745a9?s=96&d=mm&r=g","caption":"Equipe G\u00e1vea News"}}]}},"_links":{"self":[{"href":"https:\/\/www.gaveanews.com\/index.php\/wp-json\/wp\/v2\/posts\/32803","targetHints":{"allow":["GET"]}}],"collection":[{"href":"https:\/\/www.gaveanews.com\/index.php\/wp-json\/wp\/v2\/posts"}],"about":[{"href":"https:\/\/www.gaveanews.com\/index.php\/wp-json\/wp\/v2\/types\/post"}],"author":[{"embeddable":true,"href":"https:\/\/www.gaveanews.com\/index.php\/wp-json\/wp\/v2\/users\/1"}],"replies":[{"embeddable":true,"href":"https:\/\/www.gaveanews.com\/index.php\/wp-json\/wp\/v2\/comments?post=32803"}],"version-history":[{"count":0,"href":"https:\/\/www.gaveanews.com\/index.php\/wp-json\/wp\/v2\/posts\/32803\/revisions"}],"wp:featuredmedia":[{"embeddable":true,"href":"https:\/\/www.gaveanews.com\/index.php\/wp-json\/wp\/v2\/media\/15116"}],"wp:attachment":[{"href":"https:\/\/www.gaveanews.com\/index.php\/wp-json\/wp\/v2\/media?parent=32803"}],"wp:term":[{"taxonomy":"category","embeddable":true,"href":"https:\/\/www.gaveanews.com\/index.php\/wp-json\/wp\/v2\/categories?post=32803"},{"taxonomy":"post_tag","embeddable":true,"href":"https:\/\/www.gaveanews.com\/index.php\/wp-json\/wp\/v2\/tags?post=32803"}],"curies":[{"name":"wp","href":"https:\/\/api.w.org\/{rel}","templated":true}]}}