{"id":32843,"date":"2019-12-01T22:53:29","date_gmt":"2019-12-02T01:53:29","guid":{"rendered":"http:\/\/www.gaveanews.com\/?p=32843"},"modified":"2019-12-01T22:56:30","modified_gmt":"2019-12-02T01:56:30","slug":"mano-menezes-e-o-quarto-tecnico-demitido-apos-derrota-para-o-flamengo-de-jesus-no-brasileirao","status":"publish","type":"post","link":"https:\/\/www.gaveanews.com\/index.php\/2019\/12\/01\/mano-menezes-e-o-quarto-tecnico-demitido-apos-derrota-para-o-flamengo-de-jesus-no-brasileirao\/","title":{"rendered":"Mano Menezes \u00e9 o quarto t\u00e9cnico demitido ap\u00f3s derrota para o Flamengo de Jesus no Brasileir\u00e3o"},"content":{"rendered":"\n<p>Campe\u00e3o brasileiro de 2019, o Flamengo tem se especializado em derrubar treinadores advers\u00e1rios. Neste domingo, Mano Menezes foi demitido do Palmeiras ap\u00f3s a derrota por 3 a 1, dentro de casa. O t\u00e9cnico \u00e9 a quarta \u201cv\u00edtima\u201d rubro-negra no Brasileir\u00e3o.<\/p>\n\n\n\n<p>Antes dele, outros tr\u00eas treinadores foram demitidos ap\u00f3s derrotas para o Flamengo. Felip\u00e3o (Palmeiras), Carille (Corinthians) e Adilson Batista (Cear\u00e1). Em comum, o fato de todos terem sofrido derrotas expressivas.<\/p>\n\n\n\n<h3 class=\"wp-block-heading\"><strong>Felip\u00e3o<\/strong><\/h3>\n\n\n\n<h4 class=\"wp-block-heading\"><strong>Flamengo 3 x 0 Palmeiras (1\/9 \u2013 17\u00aa rodada)<\/strong><\/h4>\n\n\n\n<p>Campe\u00e3o brasileiro no ano passado com o Palmeiras, Felip\u00e3o n\u00e3o resitiu \u00e0 elimina\u00e7\u00e3o nas quartas da Libertadores e \u00e0 sequ\u00eancia de sete jogos sem vit\u00f3ria no Brasileir\u00e3o. A derrota por 3 a 0 para o Flamengo, no Maracan\u00e3, decretou a demiss\u00e3o.<\/p>\n\n\n\n<h3 class=\"wp-block-heading\"><strong>Carille<\/strong><\/h3>\n\n\n\n<h4 class=\"wp-block-heading\"><strong>Flamengo 4 x 1 Corinthians (3\/11 \u2013 30\u00aa rodada)<\/strong><\/h4>\n\n\n\n<p>O t\u00e9cnico do Corinthians tamb\u00e9m foi caiu ap\u00f3s goleada do Flamengo, por 4 a 1, no Maracan\u00e3. Em queda livre no Brasileir\u00e3o, o treinador chegou ao Rio de Janeiro pressionado e foi demitido ainda no Maracan\u00e3.<\/p>\n\n\n\n<h3 class=\"wp-block-heading\"><strong>Ad\u00edlson Batista<\/strong><\/h3>\n\n\n\n<h4 class=\"wp-block-heading\"><strong>Flamengo 4 x 1 Cear\u00e1 (27\/11 \u2013 35\u00aa rodada)<\/strong><\/h4>\n\n\n\n<p>Adilson Batista foi outro que ficou desempregado no Maracan\u00e3. Na \u00faltima quarta-feira, o treinador foi demitido ainda no est\u00e1dio ap\u00f3s derrota por 4 a 1 para o Flamengo. Dois dias depois, ele assumiu o Cruzeiro, concorrente da equipe cearense na briga contra a degola.<\/p>\n\n\n\n<h3 class=\"wp-block-heading\"><strong>Mano Menezes<\/strong><\/h3>\n\n\n\n<h4 class=\"wp-block-heading\"><strong>Palmeiras 1 x 3 Flamengo (1\/12 \u2013 36\u00aa rodada)<\/strong><\/h4>\n\n\n\n<p>Um turno ap\u00f3s demitir Felip\u00e3o, o Palmeiras repetiu a receita ap\u00f3s nova derrota para o Flamengo. Mano Menezes caiu no est\u00e1dio ap\u00f3s perder por 3 a 1.<\/p>\n\n\n\n<p>Retirado de: Globo Esporte<\/p>\n","protected":false},"excerpt":{"rendered":"<p>Campe\u00e3o brasileiro de 2019, o Flamengo tem se especializado em derrubar treinadores advers\u00e1rios. Neste domingo, Mano Menezes foi demitido do Palmeiras ap\u00f3s a derrota por 3 a 1, dentro de casa. O t\u00e9cnico \u00e9 a quarta \u201cv\u00edtima\u201d rubro-negra no Brasileir\u00e3o. Antes dele, outros tr\u00eas treinadores foram demitidos ap\u00f3s derrotas para o Flamengo. Felip\u00e3o (Palmeiras), Carille [&hellip;]<\/p>\n","protected":false},"author":1,"featured_media":28886,"comment_status":"open","ping_status":"open","sticky":false,"template":"","format":"standard","meta":{"footnotes":""},"categories":[1],"tags":[],"class_list":["post-32843","post","type-post","status-publish","format-standard","has-post-thumbnail","hentry","category-flamengo"],"yoast_head":"<!-- This site is optimized with the Yoast SEO Premium plugin v24.2 (Yoast SEO v26.9) - https:\/\/yoast.com\/product\/yoast-seo-premium-wordpress\/ -->\n<title>Mano Menezes \u00e9 o quarto t\u00e9cnico demitido ap\u00f3s derrota para o Flamengo de Jesus no Brasileir\u00e3o<\/title>\n<meta name=\"robots\" content=\"index, follow, max-snippet:-1, max-image-preview:large, max-video-preview:-1\" \/>\n<link rel=\"canonical\" href=\"https:\/\/www.gaveanews.com\/index.php\/2019\/12\/01\/mano-menezes-e-o-quarto-tecnico-demitido-apos-derrota-para-o-flamengo-de-jesus-no-brasileirao\/\" \/>\n<meta property=\"og:locale\" content=\"pt_BR\" \/>\n<meta property=\"og:type\" content=\"article\" \/>\n<meta property=\"og:title\" content=\"Mano Menezes \u00e9 o quarto t\u00e9cnico demitido ap\u00f3s derrota para o Flamengo de Jesus no Brasileir\u00e3o\" \/>\n<meta property=\"og:description\" content=\"Campe\u00e3o brasileiro de 2019, o Flamengo tem se especializado em derrubar treinadores advers\u00e1rios. Neste domingo, Mano Menezes foi demitido do Palmeiras ap\u00f3s a derrota por 3 a 1, dentro de casa. O t\u00e9cnico \u00e9 a quarta \u201cv\u00edtima\u201d rubro-negra no Brasileir\u00e3o. Antes dele, outros tr\u00eas treinadores foram demitidos ap\u00f3s derrotas para o Flamengo. Felip\u00e3o (Palmeiras), Carille [&hellip;]\" \/>\n<meta property=\"og:url\" content=\"https:\/\/www.gaveanews.com\/index.php\/2019\/12\/01\/mano-menezes-e-o-quarto-tecnico-demitido-apos-derrota-para-o-flamengo-de-jesus-no-brasileirao\/\" \/>\n<meta property=\"og:site_name\" content=\"G\u00e1vea News\" \/>\n<meta property=\"article:publisher\" content=\"https:\/\/facebook.com\/gaveaNews\/\" \/>\n<meta property=\"article:published_time\" content=\"2019-12-02T01:53:29+00:00\" \/>\n<meta property=\"article:modified_time\" content=\"2019-12-02T01:56:30+00:00\" \/>\n<meta property=\"og:image\" content=\"https:\/\/www.gaveanews.com\/wp-content\/uploads\/Jorge-Jesus-durante-uma-partida-do-Flamengo.webp\" \/>\n\t<meta property=\"og:image:width\" content=\"900\" \/>\n\t<meta property=\"og:image:height\" content=\"600\" \/>\n\t<meta property=\"og:image:type\" content=\"image\/jpeg\" \/>\n<meta name=\"author\" content=\"Equipe G\u00e1vea News\" \/>\n<meta name=\"twitter:card\" content=\"summary_large_image\" \/>\n<meta name=\"twitter:label1\" content=\"Escrito por\" \/>\n\t<meta name=\"twitter:data1\" content=\"Equipe G\u00e1vea News\" \/>\n\t<meta name=\"twitter:label2\" content=\"Est. tempo de leitura\" \/>\n\t<meta name=\"twitter:data2\" content=\"1 minuto\" \/>\n<script type=\"application\/ld+json\" class=\"yoast-schema-graph\">{\"@context\":\"https:\/\/schema.org\",\"@graph\":[{\"@type\":\"NewsArticle\",\"@id\":\"https:\/\/www.gaveanews.com\/index.php\/2019\/12\/01\/mano-menezes-e-o-quarto-tecnico-demitido-apos-derrota-para-o-flamengo-de-jesus-no-brasileirao\/#article\",\"isPartOf\":{\"@id\":\"https:\/\/www.gaveanews.com\/index.php\/2019\/12\/01\/mano-menezes-e-o-quarto-tecnico-demitido-apos-derrota-para-o-flamengo-de-jesus-no-brasileirao\/\"},\"author\":{\"name\":\"Equipe G\u00e1vea News\",\"@id\":\"https:\/\/www.gaveanews.com\/#\/schema\/person\/2ec14f73fb96be2caf28f91afb14749d\"},\"headline\":\"Mano Menezes \u00e9 o quarto t\u00e9cnico demitido ap\u00f3s derrota para o Flamengo de Jesus no Brasileir\u00e3o\",\"datePublished\":\"2019-12-02T01:53:29+00:00\",\"dateModified\":\"2019-12-02T01:56:30+00:00\",\"mainEntityOfPage\":{\"@id\":\"https:\/\/www.gaveanews.com\/index.php\/2019\/12\/01\/mano-menezes-e-o-quarto-tecnico-demitido-apos-derrota-para-o-flamengo-de-jesus-no-brasileirao\/\"},\"wordCount\":278,\"commentCount\":0,\"image\":{\"@id\":\"https:\/\/www.gaveanews.com\/index.php\/2019\/12\/01\/mano-menezes-e-o-quarto-tecnico-demitido-apos-derrota-para-o-flamengo-de-jesus-no-brasileirao\/#primaryimage\"},\"thumbnailUrl\":\"https:\/\/www.gaveanews.com\/wp-content\/uploads\/Jorge-Jesus-durante-uma-partida-do-Flamengo.webp\",\"articleSection\":[\"Flamengo\"],\"inLanguage\":\"pt-BR\",\"potentialAction\":[{\"@type\":\"CommentAction\",\"name\":\"Comment\",\"target\":[\"https:\/\/www.gaveanews.com\/index.php\/2019\/12\/01\/mano-menezes-e-o-quarto-tecnico-demitido-apos-derrota-para-o-flamengo-de-jesus-no-brasileirao\/#respond\"]}],\"copyrightYear\":\"2019\",\"copyrightHolder\":{\"@id\":\"https:\/\/www.gaveanews.com\/#organization\"}},{\"@type\":\"WebPage\",\"@id\":\"https:\/\/www.gaveanews.com\/index.php\/2019\/12\/01\/mano-menezes-e-o-quarto-tecnico-demitido-apos-derrota-para-o-flamengo-de-jesus-no-brasileirao\/\",\"url\":\"https:\/\/www.gaveanews.com\/index.php\/2019\/12\/01\/mano-menezes-e-o-quarto-tecnico-demitido-apos-derrota-para-o-flamengo-de-jesus-no-brasileirao\/\",\"name\":\"Mano Menezes \u00e9 o quarto t\u00e9cnico demitido ap\u00f3s derrota para o Flamengo de Jesus no Brasileir\u00e3o\",\"isPartOf\":{\"@id\":\"https:\/\/www.gaveanews.com\/#website\"},\"primaryImageOfPage\":{\"@id\":\"https:\/\/www.gaveanews.com\/index.php\/2019\/12\/01\/mano-menezes-e-o-quarto-tecnico-demitido-apos-derrota-para-o-flamengo-de-jesus-no-brasileirao\/#primaryimage\"},\"image\":{\"@id\":\"https:\/\/www.gaveanews.com\/index.php\/2019\/12\/01\/mano-menezes-e-o-quarto-tecnico-demitido-apos-derrota-para-o-flamengo-de-jesus-no-brasileirao\/#primaryimage\"},\"thumbnailUrl\":\"https:\/\/www.gaveanews.com\/wp-content\/uploads\/Jorge-Jesus-durante-uma-partida-do-Flamengo.webp\",\"datePublished\":\"2019-12-02T01:53:29+00:00\",\"dateModified\":\"2019-12-02T01:56:30+00:00\",\"author\":{\"@id\":\"https:\/\/www.gaveanews.com\/#\/schema\/person\/2ec14f73fb96be2caf28f91afb14749d\"},\"breadcrumb\":{\"@id\":\"https:\/\/www.gaveanews.com\/index.php\/2019\/12\/01\/mano-menezes-e-o-quarto-tecnico-demitido-apos-derrota-para-o-flamengo-de-jesus-no-brasileirao\/#breadcrumb\"},\"inLanguage\":\"pt-BR\",\"potentialAction\":[{\"@type\":\"ReadAction\",\"target\":[\"https:\/\/www.gaveanews.com\/index.php\/2019\/12\/01\/mano-menezes-e-o-quarto-tecnico-demitido-apos-derrota-para-o-flamengo-de-jesus-no-brasileirao\/\"]}]},{\"@type\":\"ImageObject\",\"inLanguage\":\"pt-BR\",\"@id\":\"https:\/\/www.gaveanews.com\/index.php\/2019\/12\/01\/mano-menezes-e-o-quarto-tecnico-demitido-apos-derrota-para-o-flamengo-de-jesus-no-brasileirao\/#primaryimage\",\"url\":\"https:\/\/www.gaveanews.com\/wp-content\/uploads\/Jorge-Jesus-durante-uma-partida-do-Flamengo.webp\",\"contentUrl\":\"https:\/\/www.gaveanews.com\/wp-content\/uploads\/Jorge-Jesus-durante-uma-partida-do-Flamengo.webp\",\"width\":900,\"height\":600,\"caption\":\"Jorge Jesus durante uma partida do Flamengo (Foto: Alexandre Vidal\/Flamengo)\"},{\"@type\":\"BreadcrumbList\",\"@id\":\"https:\/\/www.gaveanews.com\/index.php\/2019\/12\/01\/mano-menezes-e-o-quarto-tecnico-demitido-apos-derrota-para-o-flamengo-de-jesus-no-brasileirao\/#breadcrumb\",\"itemListElement\":[{\"@type\":\"ListItem\",\"position\":1,\"name\":\"Home\",\"item\":\"https:\/\/www.gaveanews.com\/\"},{\"@type\":\"ListItem\",\"position\":2,\"name\":\"Mano Menezes \u00e9 o quarto t\u00e9cnico demitido ap\u00f3s derrota para o Flamengo de Jesus no Brasileir\u00e3o\"}]},{\"@type\":\"WebSite\",\"@id\":\"https:\/\/www.gaveanews.com\/#website\",\"url\":\"https:\/\/www.gaveanews.com\/\",\"name\":\"G\u00e1vea News\",\"description\":\"Veja todas as not\u00edcias sobre o Flamengo: Contrata\u00e7\u00f5es, categorias de base, resultados das partidas, tabela de classifica\u00e7\u00e3o, pr\u00f3ximos jogos!\",\"potentialAction\":[{\"@type\":\"SearchAction\",\"target\":{\"@type\":\"EntryPoint\",\"urlTemplate\":\"https:\/\/www.gaveanews.com\/?s={search_term_string}\"},\"query-input\":{\"@type\":\"PropertyValueSpecification\",\"valueRequired\":true,\"valueName\":\"search_term_string\"}}],\"inLanguage\":\"pt-BR\"},{\"@type\":\"Person\",\"@id\":\"https:\/\/www.gaveanews.com\/#\/schema\/person\/2ec14f73fb96be2caf28f91afb14749d\",\"name\":\"Equipe G\u00e1vea News\",\"image\":{\"@type\":\"ImageObject\",\"inLanguage\":\"pt-BR\",\"@id\":\"https:\/\/www.gaveanews.com\/#\/schema\/person\/image\/\",\"url\":\"https:\/\/secure.gravatar.com\/avatar\/1e1956f1facbffd3f8fa53a326721950116b3b9dc9bd44939c01180fd4a745a9?s=96&d=mm&r=g\",\"contentUrl\":\"https:\/\/secure.gravatar.com\/avatar\/1e1956f1facbffd3f8fa53a326721950116b3b9dc9bd44939c01180fd4a745a9?s=96&d=mm&r=g\",\"caption\":\"Equipe G\u00e1vea News\"}}]}<\/script>\n<!-- \/ Yoast SEO Premium plugin. -->","yoast_head_json":{"title":"Mano Menezes \u00e9 o quarto t\u00e9cnico demitido ap\u00f3s derrota para o Flamengo de Jesus no Brasileir\u00e3o","robots":{"index":"index","follow":"follow","max-snippet":"max-snippet:-1","max-image-preview":"max-image-preview:large","max-video-preview":"max-video-preview:-1"},"canonical":"https:\/\/www.gaveanews.com\/index.php\/2019\/12\/01\/mano-menezes-e-o-quarto-tecnico-demitido-apos-derrota-para-o-flamengo-de-jesus-no-brasileirao\/","og_locale":"pt_BR","og_type":"article","og_title":"Mano Menezes \u00e9 o quarto t\u00e9cnico demitido ap\u00f3s derrota para o Flamengo de Jesus no Brasileir\u00e3o","og_description":"Campe\u00e3o brasileiro de 2019, o Flamengo tem se especializado em derrubar treinadores advers\u00e1rios. Neste domingo, Mano Menezes foi demitido do Palmeiras ap\u00f3s a derrota por 3 a 1, dentro de casa. O t\u00e9cnico \u00e9 a quarta \u201cv\u00edtima\u201d rubro-negra no Brasileir\u00e3o. Antes dele, outros tr\u00eas treinadores foram demitidos ap\u00f3s derrotas para o Flamengo. Felip\u00e3o (Palmeiras), Carille [&hellip;]","og_url":"https:\/\/www.gaveanews.com\/index.php\/2019\/12\/01\/mano-menezes-e-o-quarto-tecnico-demitido-apos-derrota-para-o-flamengo-de-jesus-no-brasileirao\/","og_site_name":"G\u00e1vea News","article_publisher":"https:\/\/facebook.com\/gaveaNews\/","article_published_time":"2019-12-02T01:53:29+00:00","article_modified_time":"2019-12-02T01:56:30+00:00","og_image":[{"width":900,"height":600,"url":"https:\/\/www.gaveanews.com\/wp-content\/uploads\/Jorge-Jesus-durante-uma-partida-do-Flamengo.webp","type":"image\/jpeg"}],"author":"Equipe G\u00e1vea News","twitter_card":"summary_large_image","twitter_misc":{"Escrito por":"Equipe G\u00e1vea News","Est. tempo de leitura":"1 minuto"},"schema":{"@context":"https:\/\/schema.org","@graph":[{"@type":"NewsArticle","@id":"https:\/\/www.gaveanews.com\/index.php\/2019\/12\/01\/mano-menezes-e-o-quarto-tecnico-demitido-apos-derrota-para-o-flamengo-de-jesus-no-brasileirao\/#article","isPartOf":{"@id":"https:\/\/www.gaveanews.com\/index.php\/2019\/12\/01\/mano-menezes-e-o-quarto-tecnico-demitido-apos-derrota-para-o-flamengo-de-jesus-no-brasileirao\/"},"author":{"name":"Equipe G\u00e1vea News","@id":"https:\/\/www.gaveanews.com\/#\/schema\/person\/2ec14f73fb96be2caf28f91afb14749d"},"headline":"Mano Menezes \u00e9 o quarto t\u00e9cnico demitido ap\u00f3s derrota para o Flamengo de Jesus no Brasileir\u00e3o","datePublished":"2019-12-02T01:53:29+00:00","dateModified":"2019-12-02T01:56:30+00:00","mainEntityOfPage":{"@id":"https:\/\/www.gaveanews.com\/index.php\/2019\/12\/01\/mano-menezes-e-o-quarto-tecnico-demitido-apos-derrota-para-o-flamengo-de-jesus-no-brasileirao\/"},"wordCount":278,"commentCount":0,"image":{"@id":"https:\/\/www.gaveanews.com\/index.php\/2019\/12\/01\/mano-menezes-e-o-quarto-tecnico-demitido-apos-derrota-para-o-flamengo-de-jesus-no-brasileirao\/#primaryimage"},"thumbnailUrl":"https:\/\/www.gaveanews.com\/wp-content\/uploads\/Jorge-Jesus-durante-uma-partida-do-Flamengo.webp","articleSection":["Flamengo"],"inLanguage":"pt-BR","potentialAction":[{"@type":"CommentAction","name":"Comment","target":["https:\/\/www.gaveanews.com\/index.php\/2019\/12\/01\/mano-menezes-e-o-quarto-tecnico-demitido-apos-derrota-para-o-flamengo-de-jesus-no-brasileirao\/#respond"]}],"copyrightYear":"2019","copyrightHolder":{"@id":"https:\/\/www.gaveanews.com\/#organization"}},{"@type":"WebPage","@id":"https:\/\/www.gaveanews.com\/index.php\/2019\/12\/01\/mano-menezes-e-o-quarto-tecnico-demitido-apos-derrota-para-o-flamengo-de-jesus-no-brasileirao\/","url":"https:\/\/www.gaveanews.com\/index.php\/2019\/12\/01\/mano-menezes-e-o-quarto-tecnico-demitido-apos-derrota-para-o-flamengo-de-jesus-no-brasileirao\/","name":"Mano Menezes \u00e9 o quarto t\u00e9cnico demitido ap\u00f3s derrota para o Flamengo de Jesus no Brasileir\u00e3o","isPartOf":{"@id":"https:\/\/www.gaveanews.com\/#website"},"primaryImageOfPage":{"@id":"https:\/\/www.gaveanews.com\/index.php\/2019\/12\/01\/mano-menezes-e-o-quarto-tecnico-demitido-apos-derrota-para-o-flamengo-de-jesus-no-brasileirao\/#primaryimage"},"image":{"@id":"https:\/\/www.gaveanews.com\/index.php\/2019\/12\/01\/mano-menezes-e-o-quarto-tecnico-demitido-apos-derrota-para-o-flamengo-de-jesus-no-brasileirao\/#primaryimage"},"thumbnailUrl":"https:\/\/www.gaveanews.com\/wp-content\/uploads\/Jorge-Jesus-durante-uma-partida-do-Flamengo.webp","datePublished":"2019-12-02T01:53:29+00:00","dateModified":"2019-12-02T01:56:30+00:00","author":{"@id":"https:\/\/www.gaveanews.com\/#\/schema\/person\/2ec14f73fb96be2caf28f91afb14749d"},"breadcrumb":{"@id":"https:\/\/www.gaveanews.com\/index.php\/2019\/12\/01\/mano-menezes-e-o-quarto-tecnico-demitido-apos-derrota-para-o-flamengo-de-jesus-no-brasileirao\/#breadcrumb"},"inLanguage":"pt-BR","potentialAction":[{"@type":"ReadAction","target":["https:\/\/www.gaveanews.com\/index.php\/2019\/12\/01\/mano-menezes-e-o-quarto-tecnico-demitido-apos-derrota-para-o-flamengo-de-jesus-no-brasileirao\/"]}]},{"@type":"ImageObject","inLanguage":"pt-BR","@id":"https:\/\/www.gaveanews.com\/index.php\/2019\/12\/01\/mano-menezes-e-o-quarto-tecnico-demitido-apos-derrota-para-o-flamengo-de-jesus-no-brasileirao\/#primaryimage","url":"https:\/\/www.gaveanews.com\/wp-content\/uploads\/Jorge-Jesus-durante-uma-partida-do-Flamengo.webp","contentUrl":"https:\/\/www.gaveanews.com\/wp-content\/uploads\/Jorge-Jesus-durante-uma-partida-do-Flamengo.webp","width":900,"height":600,"caption":"Jorge Jesus durante uma partida do Flamengo (Foto: Alexandre Vidal\/Flamengo)"},{"@type":"BreadcrumbList","@id":"https:\/\/www.gaveanews.com\/index.php\/2019\/12\/01\/mano-menezes-e-o-quarto-tecnico-demitido-apos-derrota-para-o-flamengo-de-jesus-no-brasileirao\/#breadcrumb","itemListElement":[{"@type":"ListItem","position":1,"name":"Home","item":"https:\/\/www.gaveanews.com\/"},{"@type":"ListItem","position":2,"name":"Mano Menezes \u00e9 o quarto t\u00e9cnico demitido ap\u00f3s derrota para o Flamengo de Jesus no Brasileir\u00e3o"}]},{"@type":"WebSite","@id":"https:\/\/www.gaveanews.com\/#website","url":"https:\/\/www.gaveanews.com\/","name":"G\u00e1vea News","description":"Veja todas as not\u00edcias sobre o Flamengo: Contrata\u00e7\u00f5es, categorias de base, resultados das partidas, tabela de classifica\u00e7\u00e3o, pr\u00f3ximos jogos!","potentialAction":[{"@type":"SearchAction","target":{"@type":"EntryPoint","urlTemplate":"https:\/\/www.gaveanews.com\/?s={search_term_string}"},"query-input":{"@type":"PropertyValueSpecification","valueRequired":true,"valueName":"search_term_string"}}],"inLanguage":"pt-BR"},{"@type":"Person","@id":"https:\/\/www.gaveanews.com\/#\/schema\/person\/2ec14f73fb96be2caf28f91afb14749d","name":"Equipe G\u00e1vea News","image":{"@type":"ImageObject","inLanguage":"pt-BR","@id":"https:\/\/www.gaveanews.com\/#\/schema\/person\/image\/","url":"https:\/\/secure.gravatar.com\/avatar\/1e1956f1facbffd3f8fa53a326721950116b3b9dc9bd44939c01180fd4a745a9?s=96&d=mm&r=g","contentUrl":"https:\/\/secure.gravatar.com\/avatar\/1e1956f1facbffd3f8fa53a326721950116b3b9dc9bd44939c01180fd4a745a9?s=96&d=mm&r=g","caption":"Equipe G\u00e1vea News"}}]}},"_links":{"self":[{"href":"https:\/\/www.gaveanews.com\/index.php\/wp-json\/wp\/v2\/posts\/32843","targetHints":{"allow":["GET"]}}],"collection":[{"href":"https:\/\/www.gaveanews.com\/index.php\/wp-json\/wp\/v2\/posts"}],"about":[{"href":"https:\/\/www.gaveanews.com\/index.php\/wp-json\/wp\/v2\/types\/post"}],"author":[{"embeddable":true,"href":"https:\/\/www.gaveanews.com\/index.php\/wp-json\/wp\/v2\/users\/1"}],"replies":[{"embeddable":true,"href":"https:\/\/www.gaveanews.com\/index.php\/wp-json\/wp\/v2\/comments?post=32843"}],"version-history":[{"count":0,"href":"https:\/\/www.gaveanews.com\/index.php\/wp-json\/wp\/v2\/posts\/32843\/revisions"}],"wp:featuredmedia":[{"embeddable":true,"href":"https:\/\/www.gaveanews.com\/index.php\/wp-json\/wp\/v2\/media\/28886"}],"wp:attachment":[{"href":"https:\/\/www.gaveanews.com\/index.php\/wp-json\/wp\/v2\/media?parent=32843"}],"wp:term":[{"taxonomy":"category","embeddable":true,"href":"https:\/\/www.gaveanews.com\/index.php\/wp-json\/wp\/v2\/categories?post=32843"},{"taxonomy":"post_tag","embeddable":true,"href":"https:\/\/www.gaveanews.com\/index.php\/wp-json\/wp\/v2\/tags?post=32843"}],"curies":[{"name":"wp","href":"https:\/\/api.w.org\/{rel}","templated":true}]}}