{"id":32885,"date":"2019-12-02T13:09:36","date_gmt":"2019-12-02T16:09:36","guid":{"rendered":"http:\/\/www.gaveanews.com\/?p=32885"},"modified":"2019-12-02T13:09:37","modified_gmt":"2019-12-02T16:09:37","slug":"ex-atacante-do-flamengo-comemora-gols-de-gabigol-contra-o-palmeiras-e-torcedores-pedem-o-seu-retorno","status":"publish","type":"post","link":"https:\/\/www.gaveanews.com\/index.php\/2019\/12\/02\/ex-atacante-do-flamengo-comemora-gols-de-gabigol-contra-o-palmeiras-e-torcedores-pedem-o-seu-retorno\/","title":{"rendered":"Ex-atacante do Flamengo comemora gols de Gabigol contra o Palmeiras e torcedores pedem o seu retorno"},"content":{"rendered":"\n<p>Na tarde do \u00faltimo domingo (01 de dezembro), Gabigol teve mais uma boa atua\u00e7\u00e3o pelo time Mais Querido do Brasil. O camisa 9, marcou dois gols e deu uma assist\u00eancia para o meia Giorgian De Arrascaeta. E a boa temporada de Gabriel tem tido repercuss\u00e3o at\u00e9 mesmo fora do Brasil. Prova disto foi a comemora\u00e7\u00e3o do ex-atacante do Flamengo Vinicius J\u00fanior.<\/p>\n\n\n\n<p>Atrav\u00e9s de seu perfil oficial no Instagram, o Garoto do Ninho publicou a seguinte mensagem: &#8220;Pode levantar a plaquinhaaaaas&#8221;.<\/p>\n\n\n\n<h3 class=\"wp-block-heading\"><strong>Confira a publica\u00e7\u00e3o abaixo:<\/strong><\/h3>\n\n\n\n<figure class=\"wp-block-image size-large\"><img decoding=\"async\" src=\"https:\/\/1.bp.blogspot.com\/-7VM--bOitcQ\/XeU0Y40wK6I\/AAAAAAAAcK4\/SU6xKfrUSjUb-Wn-cUsflHYSdjgALr2CACLcBGAsYHQ\/s1600\/wwwwwwwwwwwwww.PNG\" alt=\"\"\/><figcaption>(Foto: Reprodu\u00e7\u00e3o\/Instagram)<\/figcaption><\/figure>\n\n\n\n<h3 class=\"wp-block-heading\"><strong>Torcedores pedem o seu retorno<\/strong>:<\/h3>\n\n\n\n<p>A mensagem de Vinicius J\u00fanior por sua vez, n\u00e3o passou despercebida diante da torcida flamenguista. Muito pelo contr\u00e1rio, diversos torcedores publicaram mensagens pedindo o seu retorno. <strong>Veja abaixo algumas publica\u00e7\u00f5es:<\/strong><\/p>\n\n\n\n<figure class=\"wp-block-image size-large\"><img decoding=\"async\" src=\"https:\/\/1.bp.blogspot.com\/-OGciLiALIOs\/XeU2rGyR5jI\/AAAAAAAAcLI\/Y4V1Ac6yC4kak3i6vAOHlYMAUZJl_INuQCLcBGAsYHQ\/s1600\/q1.PNG\" alt=\"\"\/><figcaption>(Foto: Reprodu\u00e7\u00e3o\/Instagram)<\/figcaption><\/figure>\n\n\n\n<figure class=\"wp-block-image size-large\"><img decoding=\"async\" src=\"https:\/\/1.bp.blogspot.com\/-ZBecgukQN3Q\/XeU2rHRYY1I\/AAAAAAAAcLE\/g9qVozH6ex0_Rd0y9tc0qq7daxVV5lzxQCLcBGAsYHQ\/s1600\/q2.PNG\" alt=\"\"\/><figcaption>(Foto: Reprodu\u00e7\u00e3o\/Instagram)<\/figcaption><\/figure>\n\n\n\n<figure class=\"wp-block-image size-large\"><img decoding=\"async\" src=\"https:\/\/1.bp.blogspot.com\/-ZV1TYs7UIis\/XeU2rGknnMI\/AAAAAAAAcLM\/3g-J4RDTVm0JaXHnXwiphGQ16aC8dKQ7ACLcBGAsYHQ\/s1600\/q3.PNG\" alt=\"\"\/><figcaption>(Foto: Reprodu\u00e7\u00e3o\/Instagram)<\/figcaption><\/figure>\n\n\n\n<figure class=\"wp-block-image size-large\"><img decoding=\"async\" src=\"https:\/\/1.bp.blogspot.com\/-x1L__AJ7-8c\/XeU2sNQq-5I\/AAAAAAAAcLQ\/nEUhnEVYvK0Ph0zyVL5yHLxfTgrEgd49QCLcBGAsYHQ\/s1600\/q4.PNG\" alt=\"\"\/><figcaption>(Foto: Reprodu\u00e7\u00e3o\/Instagram)<\/figcaption><\/figure>\n\n\n\n<figure class=\"wp-block-image size-large\"><img decoding=\"async\" src=\"https:\/\/1.bp.blogspot.com\/-xQCKKER6TxQ\/XeU2sLyZy2I\/AAAAAAAAcLU\/0uogXKyey8gFtOoHfzWVXnfEtvGWXIsWwCLcBGAsYHQ\/s1600\/q5.PNG\" alt=\"\"\/><figcaption>(Foto: Reprodu\u00e7\u00e3o\/Instagram)<\/figcaption><\/figure>\n\n\n\n<figure class=\"wp-block-image size-large\"><img decoding=\"async\" src=\"https:\/\/1.bp.blogspot.com\/-ZjBX1InRdKs\/XeU2ssMqWZI\/AAAAAAAAcLY\/r1PTmNcwN4QTiw7l2StsUaXy1cqmGN5dACLcBGAsYHQ\/s1600\/q6.PNG\" alt=\"\"\/><figcaption>(Foto: Reprodu\u00e7\u00e3o\/Instagram)<\/figcaption><\/figure>\n","protected":false},"excerpt":{"rendered":"<p>Na tarde do \u00faltimo domingo (01 de dezembro), Gabigol teve mais uma boa atua\u00e7\u00e3o pelo time Mais Querido do Brasil. O camisa 9, marcou dois gols e deu uma assist\u00eancia para o meia Giorgian De Arrascaeta. E a boa temporada de Gabriel tem tido repercuss\u00e3o at\u00e9 mesmo fora do Brasil. Prova disto foi a comemora\u00e7\u00e3o [&hellip;]<\/p>\n","protected":false},"author":1,"featured_media":32821,"comment_status":"open","ping_status":"open","sticky":false,"template":"","format":"standard","meta":{"footnotes":""},"categories":[47],"tags":[],"class_list":["post-32885","post","type-post","status-publish","format-standard","has-post-thumbnail","hentry","category-destaques"],"yoast_head":"<!-- This site is optimized with the Yoast SEO Premium plugin v24.2 (Yoast SEO v26.9) - https:\/\/yoast.com\/product\/yoast-seo-premium-wordpress\/ -->\n<title>Ex-atacante do Flamengo comemora gols de Gabigol contra o Palmeiras e torcedores pedem o seu retorno<\/title>\n<meta name=\"robots\" content=\"index, follow, max-snippet:-1, max-image-preview:large, max-video-preview:-1\" \/>\n<link rel=\"canonical\" href=\"https:\/\/www.gaveanews.com\/index.php\/2019\/12\/02\/ex-atacante-do-flamengo-comemora-gols-de-gabigol-contra-o-palmeiras-e-torcedores-pedem-o-seu-retorno\/\" \/>\n<meta property=\"og:locale\" content=\"pt_BR\" \/>\n<meta property=\"og:type\" content=\"article\" \/>\n<meta property=\"og:title\" content=\"Ex-atacante do Flamengo comemora gols de Gabigol contra o Palmeiras e torcedores pedem o seu retorno\" \/>\n<meta property=\"og:description\" content=\"Na tarde do \u00faltimo domingo (01 de dezembro), Gabigol teve mais uma boa atua\u00e7\u00e3o pelo time Mais Querido do Brasil. O camisa 9, marcou dois gols e deu uma assist\u00eancia para o meia Giorgian De Arrascaeta. E a boa temporada de Gabriel tem tido repercuss\u00e3o at\u00e9 mesmo fora do Brasil. Prova disto foi a comemora\u00e7\u00e3o [&hellip;]\" \/>\n<meta property=\"og:url\" content=\"https:\/\/www.gaveanews.com\/index.php\/2019\/12\/02\/ex-atacante-do-flamengo-comemora-gols-de-gabigol-contra-o-palmeiras-e-torcedores-pedem-o-seu-retorno\/\" \/>\n<meta property=\"og:site_name\" content=\"G\u00e1vea News\" \/>\n<meta property=\"article:publisher\" content=\"https:\/\/facebook.com\/gaveaNews\/\" \/>\n<meta property=\"article:published_time\" content=\"2019-12-02T16:09:36+00:00\" \/>\n<meta property=\"article:modified_time\" content=\"2019-12-02T16:09:37+00:00\" \/>\n<meta property=\"og:image\" content=\"https:\/\/www.gaveanews.com\/wp-content\/uploads\/gabigol-flamengo-fluminense-carioca-24-03-2019_2eestwm8b2qb11rdobawsvamj.webp\" \/>\n\t<meta property=\"og:image:width\" content=\"1920\" \/>\n\t<meta property=\"og:image:height\" content=\"1080\" \/>\n\t<meta property=\"og:image:type\" content=\"image\/jpeg\" \/>\n<meta name=\"author\" content=\"Equipe G\u00e1vea News\" \/>\n<meta name=\"twitter:card\" content=\"summary_large_image\" \/>\n<meta name=\"twitter:label1\" content=\"Escrito por\" \/>\n\t<meta name=\"twitter:data1\" content=\"Equipe G\u00e1vea News\" \/>\n\t<meta name=\"twitter:label2\" content=\"Est. tempo de leitura\" \/>\n\t<meta name=\"twitter:data2\" content=\"1 minuto\" \/>\n<script type=\"application\/ld+json\" class=\"yoast-schema-graph\">{\"@context\":\"https:\/\/schema.org\",\"@graph\":[{\"@type\":\"NewsArticle\",\"@id\":\"https:\/\/www.gaveanews.com\/index.php\/2019\/12\/02\/ex-atacante-do-flamengo-comemora-gols-de-gabigol-contra-o-palmeiras-e-torcedores-pedem-o-seu-retorno\/#article\",\"isPartOf\":{\"@id\":\"https:\/\/www.gaveanews.com\/index.php\/2019\/12\/02\/ex-atacante-do-flamengo-comemora-gols-de-gabigol-contra-o-palmeiras-e-torcedores-pedem-o-seu-retorno\/\"},\"author\":{\"name\":\"Equipe G\u00e1vea News\",\"@id\":\"https:\/\/www.gaveanews.com\/#\/schema\/person\/2ec14f73fb96be2caf28f91afb14749d\"},\"headline\":\"Ex-atacante do Flamengo comemora gols de Gabigol contra o Palmeiras e torcedores pedem o seu retorno\",\"datePublished\":\"2019-12-02T16:09:36+00:00\",\"dateModified\":\"2019-12-02T16:09:37+00:00\",\"mainEntityOfPage\":{\"@id\":\"https:\/\/www.gaveanews.com\/index.php\/2019\/12\/02\/ex-atacante-do-flamengo-comemora-gols-de-gabigol-contra-o-palmeiras-e-torcedores-pedem-o-seu-retorno\/\"},\"wordCount\":172,\"commentCount\":0,\"image\":{\"@id\":\"https:\/\/www.gaveanews.com\/index.php\/2019\/12\/02\/ex-atacante-do-flamengo-comemora-gols-de-gabigol-contra-o-palmeiras-e-torcedores-pedem-o-seu-retorno\/#primaryimage\"},\"thumbnailUrl\":\"https:\/\/www.gaveanews.com\/wp-content\/uploads\/gabigol-flamengo-fluminense-carioca-24-03-2019_2eestwm8b2qb11rdobawsvamj.webp\",\"articleSection\":[\"Destaques\"],\"inLanguage\":\"pt-BR\",\"potentialAction\":[{\"@type\":\"CommentAction\",\"name\":\"Comment\",\"target\":[\"https:\/\/www.gaveanews.com\/index.php\/2019\/12\/02\/ex-atacante-do-flamengo-comemora-gols-de-gabigol-contra-o-palmeiras-e-torcedores-pedem-o-seu-retorno\/#respond\"]}],\"copyrightYear\":\"2019\",\"copyrightHolder\":{\"@id\":\"https:\/\/www.gaveanews.com\/#organization\"}},{\"@type\":\"WebPage\",\"@id\":\"https:\/\/www.gaveanews.com\/index.php\/2019\/12\/02\/ex-atacante-do-flamengo-comemora-gols-de-gabigol-contra-o-palmeiras-e-torcedores-pedem-o-seu-retorno\/\",\"url\":\"https:\/\/www.gaveanews.com\/index.php\/2019\/12\/02\/ex-atacante-do-flamengo-comemora-gols-de-gabigol-contra-o-palmeiras-e-torcedores-pedem-o-seu-retorno\/\",\"name\":\"Ex-atacante do Flamengo comemora gols de Gabigol contra o Palmeiras e torcedores pedem o seu retorno\",\"isPartOf\":{\"@id\":\"https:\/\/www.gaveanews.com\/#website\"},\"primaryImageOfPage\":{\"@id\":\"https:\/\/www.gaveanews.com\/index.php\/2019\/12\/02\/ex-atacante-do-flamengo-comemora-gols-de-gabigol-contra-o-palmeiras-e-torcedores-pedem-o-seu-retorno\/#primaryimage\"},\"image\":{\"@id\":\"https:\/\/www.gaveanews.com\/index.php\/2019\/12\/02\/ex-atacante-do-flamengo-comemora-gols-de-gabigol-contra-o-palmeiras-e-torcedores-pedem-o-seu-retorno\/#primaryimage\"},\"thumbnailUrl\":\"https:\/\/www.gaveanews.com\/wp-content\/uploads\/gabigol-flamengo-fluminense-carioca-24-03-2019_2eestwm8b2qb11rdobawsvamj.webp\",\"datePublished\":\"2019-12-02T16:09:36+00:00\",\"dateModified\":\"2019-12-02T16:09:37+00:00\",\"author\":{\"@id\":\"https:\/\/www.gaveanews.com\/#\/schema\/person\/2ec14f73fb96be2caf28f91afb14749d\"},\"breadcrumb\":{\"@id\":\"https:\/\/www.gaveanews.com\/index.php\/2019\/12\/02\/ex-atacante-do-flamengo-comemora-gols-de-gabigol-contra-o-palmeiras-e-torcedores-pedem-o-seu-retorno\/#breadcrumb\"},\"inLanguage\":\"pt-BR\",\"potentialAction\":[{\"@type\":\"ReadAction\",\"target\":[\"https:\/\/www.gaveanews.com\/index.php\/2019\/12\/02\/ex-atacante-do-flamengo-comemora-gols-de-gabigol-contra-o-palmeiras-e-torcedores-pedem-o-seu-retorno\/\"]}]},{\"@type\":\"ImageObject\",\"inLanguage\":\"pt-BR\",\"@id\":\"https:\/\/www.gaveanews.com\/index.php\/2019\/12\/02\/ex-atacante-do-flamengo-comemora-gols-de-gabigol-contra-o-palmeiras-e-torcedores-pedem-o-seu-retorno\/#primaryimage\",\"url\":\"https:\/\/www.gaveanews.com\/wp-content\/uploads\/gabigol-flamengo-fluminense-carioca-24-03-2019_2eestwm8b2qb11rdobawsvamj.webp\",\"contentUrl\":\"https:\/\/www.gaveanews.com\/wp-content\/uploads\/gabigol-flamengo-fluminense-carioca-24-03-2019_2eestwm8b2qb11rdobawsvamj.webp\",\"width\":1920,\"height\":1080},{\"@type\":\"BreadcrumbList\",\"@id\":\"https:\/\/www.gaveanews.com\/index.php\/2019\/12\/02\/ex-atacante-do-flamengo-comemora-gols-de-gabigol-contra-o-palmeiras-e-torcedores-pedem-o-seu-retorno\/#breadcrumb\",\"itemListElement\":[{\"@type\":\"ListItem\",\"position\":1,\"name\":\"Home\",\"item\":\"https:\/\/www.gaveanews.com\/\"},{\"@type\":\"ListItem\",\"position\":2,\"name\":\"Ex-atacante do Flamengo comemora gols de Gabigol contra o Palmeiras e torcedores pedem o seu retorno\"}]},{\"@type\":\"WebSite\",\"@id\":\"https:\/\/www.gaveanews.com\/#website\",\"url\":\"https:\/\/www.gaveanews.com\/\",\"name\":\"G\u00e1vea News\",\"description\":\"Veja todas as not\u00edcias sobre o Flamengo: Contrata\u00e7\u00f5es, categorias de base, resultados das partidas, tabela de classifica\u00e7\u00e3o, pr\u00f3ximos jogos!\",\"potentialAction\":[{\"@type\":\"SearchAction\",\"target\":{\"@type\":\"EntryPoint\",\"urlTemplate\":\"https:\/\/www.gaveanews.com\/?s={search_term_string}\"},\"query-input\":{\"@type\":\"PropertyValueSpecification\",\"valueRequired\":true,\"valueName\":\"search_term_string\"}}],\"inLanguage\":\"pt-BR\"},{\"@type\":\"Person\",\"@id\":\"https:\/\/www.gaveanews.com\/#\/schema\/person\/2ec14f73fb96be2caf28f91afb14749d\",\"name\":\"Equipe G\u00e1vea News\",\"image\":{\"@type\":\"ImageObject\",\"inLanguage\":\"pt-BR\",\"@id\":\"https:\/\/www.gaveanews.com\/#\/schema\/person\/image\/\",\"url\":\"https:\/\/secure.gravatar.com\/avatar\/1e1956f1facbffd3f8fa53a326721950116b3b9dc9bd44939c01180fd4a745a9?s=96&d=mm&r=g\",\"contentUrl\":\"https:\/\/secure.gravatar.com\/avatar\/1e1956f1facbffd3f8fa53a326721950116b3b9dc9bd44939c01180fd4a745a9?s=96&d=mm&r=g\",\"caption\":\"Equipe G\u00e1vea News\"}}]}<\/script>\n<!-- \/ Yoast SEO Premium plugin. -->","yoast_head_json":{"title":"Ex-atacante do Flamengo comemora gols de Gabigol contra o Palmeiras e torcedores pedem o seu retorno","robots":{"index":"index","follow":"follow","max-snippet":"max-snippet:-1","max-image-preview":"max-image-preview:large","max-video-preview":"max-video-preview:-1"},"canonical":"https:\/\/www.gaveanews.com\/index.php\/2019\/12\/02\/ex-atacante-do-flamengo-comemora-gols-de-gabigol-contra-o-palmeiras-e-torcedores-pedem-o-seu-retorno\/","og_locale":"pt_BR","og_type":"article","og_title":"Ex-atacante do Flamengo comemora gols de Gabigol contra o Palmeiras e torcedores pedem o seu retorno","og_description":"Na tarde do \u00faltimo domingo (01 de dezembro), Gabigol teve mais uma boa atua\u00e7\u00e3o pelo time Mais Querido do Brasil. O camisa 9, marcou dois gols e deu uma assist\u00eancia para o meia Giorgian De Arrascaeta. E a boa temporada de Gabriel tem tido repercuss\u00e3o at\u00e9 mesmo fora do Brasil. Prova disto foi a comemora\u00e7\u00e3o [&hellip;]","og_url":"https:\/\/www.gaveanews.com\/index.php\/2019\/12\/02\/ex-atacante-do-flamengo-comemora-gols-de-gabigol-contra-o-palmeiras-e-torcedores-pedem-o-seu-retorno\/","og_site_name":"G\u00e1vea News","article_publisher":"https:\/\/facebook.com\/gaveaNews\/","article_published_time":"2019-12-02T16:09:36+00:00","article_modified_time":"2019-12-02T16:09:37+00:00","og_image":[{"width":1920,"height":1080,"url":"https:\/\/www.gaveanews.com\/wp-content\/uploads\/gabigol-flamengo-fluminense-carioca-24-03-2019_2eestwm8b2qb11rdobawsvamj.webp","type":"image\/jpeg"}],"author":"Equipe G\u00e1vea News","twitter_card":"summary_large_image","twitter_misc":{"Escrito por":"Equipe G\u00e1vea News","Est. tempo de leitura":"1 minuto"},"schema":{"@context":"https:\/\/schema.org","@graph":[{"@type":"NewsArticle","@id":"https:\/\/www.gaveanews.com\/index.php\/2019\/12\/02\/ex-atacante-do-flamengo-comemora-gols-de-gabigol-contra-o-palmeiras-e-torcedores-pedem-o-seu-retorno\/#article","isPartOf":{"@id":"https:\/\/www.gaveanews.com\/index.php\/2019\/12\/02\/ex-atacante-do-flamengo-comemora-gols-de-gabigol-contra-o-palmeiras-e-torcedores-pedem-o-seu-retorno\/"},"author":{"name":"Equipe G\u00e1vea News","@id":"https:\/\/www.gaveanews.com\/#\/schema\/person\/2ec14f73fb96be2caf28f91afb14749d"},"headline":"Ex-atacante do Flamengo comemora gols de Gabigol contra o Palmeiras e torcedores pedem o seu retorno","datePublished":"2019-12-02T16:09:36+00:00","dateModified":"2019-12-02T16:09:37+00:00","mainEntityOfPage":{"@id":"https:\/\/www.gaveanews.com\/index.php\/2019\/12\/02\/ex-atacante-do-flamengo-comemora-gols-de-gabigol-contra-o-palmeiras-e-torcedores-pedem-o-seu-retorno\/"},"wordCount":172,"commentCount":0,"image":{"@id":"https:\/\/www.gaveanews.com\/index.php\/2019\/12\/02\/ex-atacante-do-flamengo-comemora-gols-de-gabigol-contra-o-palmeiras-e-torcedores-pedem-o-seu-retorno\/#primaryimage"},"thumbnailUrl":"https:\/\/www.gaveanews.com\/wp-content\/uploads\/gabigol-flamengo-fluminense-carioca-24-03-2019_2eestwm8b2qb11rdobawsvamj.webp","articleSection":["Destaques"],"inLanguage":"pt-BR","potentialAction":[{"@type":"CommentAction","name":"Comment","target":["https:\/\/www.gaveanews.com\/index.php\/2019\/12\/02\/ex-atacante-do-flamengo-comemora-gols-de-gabigol-contra-o-palmeiras-e-torcedores-pedem-o-seu-retorno\/#respond"]}],"copyrightYear":"2019","copyrightHolder":{"@id":"https:\/\/www.gaveanews.com\/#organization"}},{"@type":"WebPage","@id":"https:\/\/www.gaveanews.com\/index.php\/2019\/12\/02\/ex-atacante-do-flamengo-comemora-gols-de-gabigol-contra-o-palmeiras-e-torcedores-pedem-o-seu-retorno\/","url":"https:\/\/www.gaveanews.com\/index.php\/2019\/12\/02\/ex-atacante-do-flamengo-comemora-gols-de-gabigol-contra-o-palmeiras-e-torcedores-pedem-o-seu-retorno\/","name":"Ex-atacante do Flamengo comemora gols de Gabigol contra o Palmeiras e torcedores pedem o seu retorno","isPartOf":{"@id":"https:\/\/www.gaveanews.com\/#website"},"primaryImageOfPage":{"@id":"https:\/\/www.gaveanews.com\/index.php\/2019\/12\/02\/ex-atacante-do-flamengo-comemora-gols-de-gabigol-contra-o-palmeiras-e-torcedores-pedem-o-seu-retorno\/#primaryimage"},"image":{"@id":"https:\/\/www.gaveanews.com\/index.php\/2019\/12\/02\/ex-atacante-do-flamengo-comemora-gols-de-gabigol-contra-o-palmeiras-e-torcedores-pedem-o-seu-retorno\/#primaryimage"},"thumbnailUrl":"https:\/\/www.gaveanews.com\/wp-content\/uploads\/gabigol-flamengo-fluminense-carioca-24-03-2019_2eestwm8b2qb11rdobawsvamj.webp","datePublished":"2019-12-02T16:09:36+00:00","dateModified":"2019-12-02T16:09:37+00:00","author":{"@id":"https:\/\/www.gaveanews.com\/#\/schema\/person\/2ec14f73fb96be2caf28f91afb14749d"},"breadcrumb":{"@id":"https:\/\/www.gaveanews.com\/index.php\/2019\/12\/02\/ex-atacante-do-flamengo-comemora-gols-de-gabigol-contra-o-palmeiras-e-torcedores-pedem-o-seu-retorno\/#breadcrumb"},"inLanguage":"pt-BR","potentialAction":[{"@type":"ReadAction","target":["https:\/\/www.gaveanews.com\/index.php\/2019\/12\/02\/ex-atacante-do-flamengo-comemora-gols-de-gabigol-contra-o-palmeiras-e-torcedores-pedem-o-seu-retorno\/"]}]},{"@type":"ImageObject","inLanguage":"pt-BR","@id":"https:\/\/www.gaveanews.com\/index.php\/2019\/12\/02\/ex-atacante-do-flamengo-comemora-gols-de-gabigol-contra-o-palmeiras-e-torcedores-pedem-o-seu-retorno\/#primaryimage","url":"https:\/\/www.gaveanews.com\/wp-content\/uploads\/gabigol-flamengo-fluminense-carioca-24-03-2019_2eestwm8b2qb11rdobawsvamj.webp","contentUrl":"https:\/\/www.gaveanews.com\/wp-content\/uploads\/gabigol-flamengo-fluminense-carioca-24-03-2019_2eestwm8b2qb11rdobawsvamj.webp","width":1920,"height":1080},{"@type":"BreadcrumbList","@id":"https:\/\/www.gaveanews.com\/index.php\/2019\/12\/02\/ex-atacante-do-flamengo-comemora-gols-de-gabigol-contra-o-palmeiras-e-torcedores-pedem-o-seu-retorno\/#breadcrumb","itemListElement":[{"@type":"ListItem","position":1,"name":"Home","item":"https:\/\/www.gaveanews.com\/"},{"@type":"ListItem","position":2,"name":"Ex-atacante do Flamengo comemora gols de Gabigol contra o Palmeiras e torcedores pedem o seu retorno"}]},{"@type":"WebSite","@id":"https:\/\/www.gaveanews.com\/#website","url":"https:\/\/www.gaveanews.com\/","name":"G\u00e1vea News","description":"Veja todas as not\u00edcias sobre o Flamengo: Contrata\u00e7\u00f5es, categorias de base, resultados das partidas, tabela de classifica\u00e7\u00e3o, pr\u00f3ximos jogos!","potentialAction":[{"@type":"SearchAction","target":{"@type":"EntryPoint","urlTemplate":"https:\/\/www.gaveanews.com\/?s={search_term_string}"},"query-input":{"@type":"PropertyValueSpecification","valueRequired":true,"valueName":"search_term_string"}}],"inLanguage":"pt-BR"},{"@type":"Person","@id":"https:\/\/www.gaveanews.com\/#\/schema\/person\/2ec14f73fb96be2caf28f91afb14749d","name":"Equipe G\u00e1vea News","image":{"@type":"ImageObject","inLanguage":"pt-BR","@id":"https:\/\/www.gaveanews.com\/#\/schema\/person\/image\/","url":"https:\/\/secure.gravatar.com\/avatar\/1e1956f1facbffd3f8fa53a326721950116b3b9dc9bd44939c01180fd4a745a9?s=96&d=mm&r=g","contentUrl":"https:\/\/secure.gravatar.com\/avatar\/1e1956f1facbffd3f8fa53a326721950116b3b9dc9bd44939c01180fd4a745a9?s=96&d=mm&r=g","caption":"Equipe G\u00e1vea News"}}]}},"_links":{"self":[{"href":"https:\/\/www.gaveanews.com\/index.php\/wp-json\/wp\/v2\/posts\/32885","targetHints":{"allow":["GET"]}}],"collection":[{"href":"https:\/\/www.gaveanews.com\/index.php\/wp-json\/wp\/v2\/posts"}],"about":[{"href":"https:\/\/www.gaveanews.com\/index.php\/wp-json\/wp\/v2\/types\/post"}],"author":[{"embeddable":true,"href":"https:\/\/www.gaveanews.com\/index.php\/wp-json\/wp\/v2\/users\/1"}],"replies":[{"embeddable":true,"href":"https:\/\/www.gaveanews.com\/index.php\/wp-json\/wp\/v2\/comments?post=32885"}],"version-history":[{"count":0,"href":"https:\/\/www.gaveanews.com\/index.php\/wp-json\/wp\/v2\/posts\/32885\/revisions"}],"wp:featuredmedia":[{"embeddable":true,"href":"https:\/\/www.gaveanews.com\/index.php\/wp-json\/wp\/v2\/media\/32821"}],"wp:attachment":[{"href":"https:\/\/www.gaveanews.com\/index.php\/wp-json\/wp\/v2\/media?parent=32885"}],"wp:term":[{"taxonomy":"category","embeddable":true,"href":"https:\/\/www.gaveanews.com\/index.php\/wp-json\/wp\/v2\/categories?post=32885"},{"taxonomy":"post_tag","embeddable":true,"href":"https:\/\/www.gaveanews.com\/index.php\/wp-json\/wp\/v2\/tags?post=32885"}],"curies":[{"name":"wp","href":"https:\/\/api.w.org\/{rel}","templated":true}]}}