{"id":32886,"date":"2019-12-02T10:52:48","date_gmt":"2019-12-02T13:52:48","guid":{"rendered":"http:\/\/www.gaveanews.com\/?p=32886"},"modified":"2019-12-02T10:52:55","modified_gmt":"2019-12-02T13:52:55","slug":"tem-vaga-no-flamengo-confira-9-jogadores-do-exterior-que-podem-assinar-pre-contrato-de-graca","status":"publish","type":"post","link":"https:\/\/www.gaveanews.com\/index.php\/2019\/12\/02\/tem-vaga-no-flamengo-confira-9-jogadores-do-exterior-que-podem-assinar-pre-contrato-de-graca\/","title":{"rendered":"Tem vaga no Flamengo? Confira 9 jogadores do exterior que podem assinar pr\u00e9-contrato de gra\u00e7a"},"content":{"rendered":"\n<p>Com o fim do Campeonato Brasileiro 2019, os clubes j\u00e1 come\u00e7am a agitar o mercado da bola. Negocia\u00e7\u00f5es j\u00e1 est\u00e3o a todo vapor. No entanto, h\u00e1 quem pense em julho de 2020. Grandes estrelas do futebol europeu veem seus contratos se encerrando no per\u00edodo e podem assinar pr\u00e9-contrato a partir de janeiro.<\/p>\n\n\n\n<p>O portal <em>UOL Esporte<\/em> preparou uma lista mostrando os atletas que podem firmar um pr\u00e9-acordo a partir de janeiro do pr\u00f3ximo ano e t\u00eam alguma possibilidade de refor\u00e7ar times do futebol brasileiro.<\/p>\n\n\n\n<p><strong>Para navegar, basta utilizar o menu abaixo!<\/strong><\/p>\n\n\n\n<!--nextpage-->\n\n\n\n<h3 class=\"wp-block-heading\"><strong>Edinson Cavani (PSG)<\/strong><\/h3>\n\n\n\n<figure class=\"wp-block-image size-large\"><img decoding=\"async\" src=\"https:\/\/images.daznservices.com\/di\/library\/GOAL\/71\/d7\/edinson-cavani-psg-amiens-ligue-1-20102018_x9xtsu7akj5016t1laco3p8ss.webp?t=-1839685610\" alt=\"\"\/><\/figure>\n\n\n\n<p>Maior artilheiro da hist\u00f3ria do Paris Saint-Germain, Edinson Cavani tem contrato com o clube at\u00e9 30 de junho de 2020. O jogador de 32 anos foi especulado no Flamengo e pode deixar o Parque dos Pr\u00edncipes em breve. Ele ainda n\u00e3o definiu o futuro.<\/p>\n\n\n\n<p> <strong>Para navegar, basta utilizar o menu abaixo!<\/strong> <\/p>\n\n\n\n<!--nextpage-->\n\n\n\n<h3 class=\"wp-block-heading\"><strong>Thiago Silva (PSG)<\/strong><\/h3>\n\n\n\n<figure class=\"wp-block-image size-large\"><img decoding=\"async\" src=\"https:\/\/www.lance.com.br\/files\/article_main\/uploads\/2019\/08\/26\/5d6448d91d16e.webp\" alt=\"\"\/><\/figure>\n\n\n\n<p>\u00cddolo da torcida do Fluminense, o zagueiro tamb\u00e9m tem contrato com o PSG at\u00e9 o fim de junho. A sua situa\u00e7\u00e3o \u00e9 uma inc\u00f3gnita. No entanto, ele segue como titular da equipe comandada por Thomas Tuchel. O clube deve se reunir com o jogador novamente em janeiro.<\/p>\n\n\n\n<p> <strong>Para navegar, basta utilizar o menu abaixo!<\/strong> <\/p>\n\n\n\n<!--nextpage-->\n\n\n\n<h3 class=\"wp-block-heading\"><strong>Willian (Chelsea)<\/strong><\/h3>\n\n\n\n<figure class=\"wp-block-image size-large\"><img decoding=\"async\" src=\"https:\/\/i0.statig.com.br\/bancodeimagens\/7n\/fm\/q9\/7nfmq9boo09davm8ly7i6iuou.webp\" alt=\"\"\/><\/figure>\n\n\n\n<p>O craque brasileiro tem contrato com o Chelsea, da Inglaterra, at\u00e9 30 de junho do ano que vem. As conversas para a sua renova\u00e7\u00e3o est\u00e3o paralisadas. Ele foi recentemente especulado no Barcelona. O seu futuro \u00e9 uma inc\u00f3gnita e ele j\u00e1 pode assinar pr\u00e9-contrato a partir de janeiro. Willian tem 31 anos.<\/p>\n\n\n\n<p> <strong>Para navegar, basta utilizar o menu abaixo!<\/strong> <\/p>\n\n\n\n<!--nextpage-->\n\n\n\n<h3 class=\"wp-block-heading\"><strong>Fernandinho (Manchester City)<\/strong><\/h3>\n\n\n\n<figure class=\"wp-block-image size-large\"><img decoding=\"async\" src=\"https:\/\/conteudo.imguol.com.br\/c\/esporte\/6b\/2018\/04\/29\/fernandinho-faz-o-quarto-gol-do-manchester-city-contra-o-west-ham-1525013486007_v2_900x506.webp\" alt=\"\"\/><\/figure>\n\n\n\n<p>Aos 34 anos, o volante brasileiro \u00e9 um dos pilares do time de Pep Guardiola. Presente em duas edi\u00e7\u00f5es de Copa do Mundo, ele \u00e9 uma boa op\u00e7\u00e3o para clubes brasileiros a partir da pr\u00f3xima temporada. Experiente, estar\u00e1 livre para assinar pr\u00e9-contrato em janeiro de 2020.<\/p>\n\n\n\n<p> <strong>Para navegar, basta utilizar o menu abaixo!<\/strong> <\/p>\n\n\n\n<!--nextpage-->\n\n\n\n<h3 class=\"wp-block-heading\"><strong>Jemerson (Monaco)<\/strong><\/h3>\n\n\n\n<figure class=\"wp-block-image size-large\"><img decoding=\"async\" src=\"https:\/\/conteudo.imguol.com.br\/c\/esporte\/13\/2019\/03\/25\/desde-2016-no-monaco-jemerson-marcou-quatro-gols-com-a-camisa-da-equipe-francesa-1553535596439_v2_900x506.webp\" alt=\"\"\/><\/figure>\n\n\n\n<p>Revelado pelo Atl\u00e9tico-MG, o zagueiro de 27 anos tem v\u00ednculo com o Monaco at\u00e9 junho de 2020. Ele \u00e9 titular absoluto do time. No entanto, ainda n\u00e3o resolveu a sua situa\u00e7\u00e3o contratual. Ele pode assinar pr\u00e9-contrato a partir de janeiro.<\/p>\n\n\n\n<p> <strong>Para navegar, basta utilizar o menu abaixo!<\/strong> <\/p>\n\n\n\n<!--nextpage-->\n\n\n\n<h3 class=\"wp-block-heading\"><strong>Charles Ar\u00e1nguiz (Leverkusen)<\/strong><\/h3>\n\n\n\n<figure class=\"wp-block-image size-large\"><img decoding=\"async\" src=\"https:\/\/redacaorubronegra.com\/wp-content\/uploads\/2019\/05\/Ar%C3%A1nguiz.webp\" alt=\"\"\/><\/figure>\n\n\n\n<p>Hoje no Bayer Leverkusen, o meio-campista chileno de 30 anos tem contrato at\u00e9 junho de 2020 e poder\u00e1 assinar um pr\u00e9-acordo j\u00e1 em janeiro. O Internacional \u00e9 um dos interessados em contar com o atleta. Ele j\u00e1 defendeu a equipe no in\u00edcio da d\u00e9cada. A sua volta \u00e9 estudada pela diretoria colorada.<\/p>\n\n\n\n<p> <strong>Para navegar, basta utilizar o menu abaixo!<\/strong> <\/p>\n\n\n\n<!--nextpage-->\n\n\n\n<h3 class=\"wp-block-heading\"><strong>\u00c9ver Banega (Sevilla)<\/strong><\/h3>\n\n\n\n<div class=\"wp-block-image\"><figure class=\"aligncenter size-large\"><img decoding=\"async\" src=\"https:\/\/tmssl.akamaized.net\/\/images\/foto\/normal\/ever-banega-sevilla-fc-1569243753-25973.webp\" alt=\"\"\/><\/figure><\/div>\n\n\n\n<p>Aos 31 anos, o meio-campista argentino defende as cores do Sevilla. Em terras sul-americanas, ele jogou por Boca Juniors e Newell&#8217;s Old Boys. Adquirido por 7 milh\u00f5es de euros pelo Sevilla, em julho de 2017, o jogador \u00e9 uma boa op\u00e7\u00e3o para time da Am\u00e9rica do Sul.<\/p>\n\n\n\n<p> <strong>Para navegar, basta utilizar o menu abaixo!<\/strong> <\/p>\n\n\n\n<!--nextpage-->\n\n\n\n<h3 class=\"wp-block-heading\"><strong>Mart\u00edn C\u00e1ceres (Fiorentina)<\/strong><\/h3>\n\n\n\n<figure class=\"wp-block-image size-large\"><img decoding=\"async\" src=\"https:\/\/static-wp-tor15-prd.torcedores.com\/wp-content\/uploads\/2019\/07\/martin-caceres.webp\" alt=\"\"\/><\/figure>\n\n\n\n<p>O zagueiro e lateral direito j\u00e1 foi alvo do Atl\u00e9tico-MG em anos anteriores. Aos 32 anos, ele tem contrato com a Fiorentina at\u00e9 30 de junho de 2020 e pode assinar um pr\u00e9-v\u00ednculo com outro clube em janeiro. O atleta tem 32 anos e conta com passagem pela Juventus.<\/p>\n\n\n\n<p><strong>Para navegar, basta utilizar o menu abaixo!<\/strong> <\/p>\n\n\n\n<!--nextpage-->\n\n\n\n<h3 class=\"wp-block-heading\"><strong>Lucas Biglia (Milan)<\/strong><\/h3>\n\n\n\n<div class=\"wp-block-image\"><figure class=\"aligncenter size-large\"><img decoding=\"async\" src=\"https:\/\/mdp-media.acmilan.com\/upl\/entities\/news\/News-CU-Biglia-07.05.19.webp\" alt=\"\"\/><\/figure><\/div>\n\n\n\n<p>O argentino defende as cores do Milan. Aos 33 anos, ele tamb\u00e9m \u00e9 uma op\u00e7\u00e3o para o mercado do futebol brasileiro. Ele est\u00e1 autorizado a assina pr\u00e9-contrato a partir de janeiro.<\/p>\n","protected":false},"excerpt":{"rendered":"<p>Com o fim do Campeonato Brasileiro 2019, os clubes j\u00e1 come\u00e7am a agitar o mercado da bola. Negocia\u00e7\u00f5es j\u00e1 est\u00e3o a todo vapor. No entanto, h\u00e1 quem pense em julho de 2020. Grandes estrelas do futebol europeu veem seus contratos se encerrando no per\u00edodo e podem assinar pr\u00e9-contrato a partir de janeiro. O portal UOL [&hellip;]<\/p>\n","protected":false},"author":1,"featured_media":23694,"comment_status":"open","ping_status":"open","sticky":false,"template":"","format":"standard","meta":{"footnotes":""},"categories":[48],"tags":[],"class_list":["post-32886","post","type-post","status-publish","format-standard","has-post-thumbnail","hentry","category-negociacoes"],"yoast_head":"<!-- This site is optimized with the Yoast SEO Premium plugin v24.2 (Yoast SEO v26.9) - https:\/\/yoast.com\/product\/yoast-seo-premium-wordpress\/ -->\n<title>Tem vaga no Flamengo? Confira 9 jogadores do exterior que podem assinar pr\u00e9-contrato de gra\u00e7a<\/title>\n<meta name=\"robots\" content=\"index, follow, max-snippet:-1, max-image-preview:large, max-video-preview:-1\" \/>\n<link rel=\"canonical\" href=\"https:\/\/www.gaveanews.com\/index.php\/2019\/12\/02\/tem-vaga-no-flamengo-confira-9-jogadores-do-exterior-que-podem-assinar-pre-contrato-de-graca\/\" \/>\n<link rel=\"next\" href=\"https:\/\/www.gaveanews.com\/index.php\/2019\/12\/02\/tem-vaga-no-flamengo-confira-9-jogadores-do-exterior-que-podem-assinar-pre-contrato-de-graca\/2\/\" \/>\n<meta property=\"og:locale\" content=\"pt_BR\" \/>\n<meta property=\"og:type\" content=\"article\" \/>\n<meta property=\"og:title\" content=\"Tem vaga no Flamengo? Confira 9 jogadores do exterior que podem assinar pr\u00e9-contrato de gra\u00e7a\" \/>\n<meta property=\"og:description\" content=\"Com o fim do Campeonato Brasileiro 2019, os clubes j\u00e1 come\u00e7am a agitar o mercado da bola. Negocia\u00e7\u00f5es j\u00e1 est\u00e3o a todo vapor. No entanto, h\u00e1 quem pense em julho de 2020. Grandes estrelas do futebol europeu veem seus contratos se encerrando no per\u00edodo e podem assinar pr\u00e9-contrato a partir de janeiro. O portal UOL [&hellip;]\" \/>\n<meta property=\"og:url\" content=\"https:\/\/www.gaveanews.com\/index.php\/2019\/12\/02\/tem-vaga-no-flamengo-confira-9-jogadores-do-exterior-que-podem-assinar-pre-contrato-de-graca\/\" \/>\n<meta property=\"og:site_name\" content=\"G\u00e1vea News\" \/>\n<meta property=\"article:publisher\" content=\"https:\/\/facebook.com\/gaveaNews\/\" \/>\n<meta property=\"article:published_time\" content=\"2019-12-02T13:52:48+00:00\" \/>\n<meta property=\"article:modified_time\" content=\"2019-12-02T13:52:55+00:00\" \/>\n<meta property=\"og:image\" content=\"https:\/\/www.gaveanews.com\/wp-content\/uploads\/2019\/07\/Marcos-Braz-durante-coletiva-de-imprensa-no-Ninho-do-Urubu.webp\" \/>\n\t<meta property=\"og:image:width\" content=\"846\" \/>\n\t<meta property=\"og:image:height\" content=\"563\" \/>\n\t<meta property=\"og:image:type\" content=\"image\/jpeg\" \/>\n<meta name=\"author\" content=\"Equipe G\u00e1vea News\" \/>\n<meta name=\"twitter:card\" content=\"summary_large_image\" \/>\n<meta name=\"twitter:label1\" content=\"Escrito por\" \/>\n\t<meta name=\"twitter:data1\" content=\"Equipe G\u00e1vea News\" \/>\n\t<meta name=\"twitter:label2\" content=\"Est. tempo de leitura\" \/>\n\t<meta name=\"twitter:data2\" content=\"3 minutos\" \/>\n<script type=\"application\/ld+json\" class=\"yoast-schema-graph\">{\"@context\":\"https:\/\/schema.org\",\"@graph\":[{\"@type\":\"NewsArticle\",\"@id\":\"https:\/\/www.gaveanews.com\/index.php\/2019\/12\/02\/tem-vaga-no-flamengo-confira-9-jogadores-do-exterior-que-podem-assinar-pre-contrato-de-graca\/#article\",\"isPartOf\":{\"@id\":\"https:\/\/www.gaveanews.com\/index.php\/2019\/12\/02\/tem-vaga-no-flamengo-confira-9-jogadores-do-exterior-que-podem-assinar-pre-contrato-de-graca\/\"},\"author\":{\"name\":\"Equipe G\u00e1vea News\",\"@id\":\"https:\/\/www.gaveanews.com\/#\/schema\/person\/2ec14f73fb96be2caf28f91afb14749d\"},\"headline\":\"Tem vaga no Flamengo? Confira 9 jogadores do exterior que podem assinar pr\u00e9-contrato de gra\u00e7a\",\"datePublished\":\"2019-12-02T13:52:48+00:00\",\"dateModified\":\"2019-12-02T13:52:55+00:00\",\"mainEntityOfPage\":{\"@id\":\"https:\/\/www.gaveanews.com\/index.php\/2019\/12\/02\/tem-vaga-no-flamengo-confira-9-jogadores-do-exterior-que-podem-assinar-pre-contrato-de-graca\/\"},\"wordCount\":610,\"commentCount\":1,\"image\":{\"@id\":\"https:\/\/www.gaveanews.com\/index.php\/2019\/12\/02\/tem-vaga-no-flamengo-confira-9-jogadores-do-exterior-que-podem-assinar-pre-contrato-de-graca\/#primaryimage\"},\"thumbnailUrl\":\"https:\/\/www.gaveanews.com\/wp-content\/uploads\/2019\/07\/Marcos-Braz-durante-coletiva-de-imprensa-no-Ninho-do-Urubu.webp\",\"articleSection\":[\"Negocia\u00e7\u00f5es\"],\"inLanguage\":\"pt-BR\",\"potentialAction\":[{\"@type\":\"CommentAction\",\"name\":\"Comment\",\"target\":[\"https:\/\/www.gaveanews.com\/index.php\/2019\/12\/02\/tem-vaga-no-flamengo-confira-9-jogadores-do-exterior-que-podem-assinar-pre-contrato-de-graca\/#respond\"]}],\"copyrightYear\":\"2019\",\"copyrightHolder\":{\"@id\":\"https:\/\/www.gaveanews.com\/#organization\"}},{\"@type\":\"WebPage\",\"@id\":\"https:\/\/www.gaveanews.com\/index.php\/2019\/12\/02\/tem-vaga-no-flamengo-confira-9-jogadores-do-exterior-que-podem-assinar-pre-contrato-de-graca\/\",\"url\":\"https:\/\/www.gaveanews.com\/index.php\/2019\/12\/02\/tem-vaga-no-flamengo-confira-9-jogadores-do-exterior-que-podem-assinar-pre-contrato-de-graca\/\",\"name\":\"Tem vaga no Flamengo? Confira 9 jogadores do exterior que podem assinar pr\u00e9-contrato de gra\u00e7a\",\"isPartOf\":{\"@id\":\"https:\/\/www.gaveanews.com\/#website\"},\"primaryImageOfPage\":{\"@id\":\"https:\/\/www.gaveanews.com\/index.php\/2019\/12\/02\/tem-vaga-no-flamengo-confira-9-jogadores-do-exterior-que-podem-assinar-pre-contrato-de-graca\/#primaryimage\"},\"image\":{\"@id\":\"https:\/\/www.gaveanews.com\/index.php\/2019\/12\/02\/tem-vaga-no-flamengo-confira-9-jogadores-do-exterior-que-podem-assinar-pre-contrato-de-graca\/#primaryimage\"},\"thumbnailUrl\":\"https:\/\/www.gaveanews.com\/wp-content\/uploads\/2019\/07\/Marcos-Braz-durante-coletiva-de-imprensa-no-Ninho-do-Urubu.webp\",\"datePublished\":\"2019-12-02T13:52:48+00:00\",\"dateModified\":\"2019-12-02T13:52:55+00:00\",\"author\":{\"@id\":\"https:\/\/www.gaveanews.com\/#\/schema\/person\/2ec14f73fb96be2caf28f91afb14749d\"},\"inLanguage\":\"pt-BR\",\"potentialAction\":[{\"@type\":\"ReadAction\",\"target\":[\"https:\/\/www.gaveanews.com\/index.php\/2019\/12\/02\/tem-vaga-no-flamengo-confira-9-jogadores-do-exterior-que-podem-assinar-pre-contrato-de-graca\/\"]}]},{\"@type\":\"ImageObject\",\"inLanguage\":\"pt-BR\",\"@id\":\"https:\/\/www.gaveanews.com\/index.php\/2019\/12\/02\/tem-vaga-no-flamengo-confira-9-jogadores-do-exterior-que-podem-assinar-pre-contrato-de-graca\/#primaryimage\",\"url\":\"https:\/\/www.gaveanews.com\/wp-content\/uploads\/2019\/07\/Marcos-Braz-durante-coletiva-de-imprensa-no-Ninho-do-Urubu.webp\",\"contentUrl\":\"https:\/\/www.gaveanews.com\/wp-content\/uploads\/2019\/07\/Marcos-Braz-durante-coletiva-de-imprensa-no-Ninho-do-Urubu.webp\",\"width\":846,\"height\":563,\"caption\":\"Marcos Braz durante coletiva de imprensa no Ninho do Urubu (Foto: Alexandre Vidal\/Flamengo)\"},{\"@type\":\"WebSite\",\"@id\":\"https:\/\/www.gaveanews.com\/#website\",\"url\":\"https:\/\/www.gaveanews.com\/\",\"name\":\"G\u00e1vea News\",\"description\":\"Veja todas as not\u00edcias sobre o Flamengo: Contrata\u00e7\u00f5es, categorias de base, resultados das partidas, tabela de classifica\u00e7\u00e3o, pr\u00f3ximos jogos!\",\"potentialAction\":[{\"@type\":\"SearchAction\",\"target\":{\"@type\":\"EntryPoint\",\"urlTemplate\":\"https:\/\/www.gaveanews.com\/?s={search_term_string}\"},\"query-input\":{\"@type\":\"PropertyValueSpecification\",\"valueRequired\":true,\"valueName\":\"search_term_string\"}}],\"inLanguage\":\"pt-BR\"},{\"@type\":\"Person\",\"@id\":\"https:\/\/www.gaveanews.com\/#\/schema\/person\/2ec14f73fb96be2caf28f91afb14749d\",\"name\":\"Equipe G\u00e1vea News\",\"image\":{\"@type\":\"ImageObject\",\"inLanguage\":\"pt-BR\",\"@id\":\"https:\/\/www.gaveanews.com\/#\/schema\/person\/image\/\",\"url\":\"https:\/\/secure.gravatar.com\/avatar\/1e1956f1facbffd3f8fa53a326721950116b3b9dc9bd44939c01180fd4a745a9?s=96&d=mm&r=g\",\"contentUrl\":\"https:\/\/secure.gravatar.com\/avatar\/1e1956f1facbffd3f8fa53a326721950116b3b9dc9bd44939c01180fd4a745a9?s=96&d=mm&r=g\",\"caption\":\"Equipe G\u00e1vea News\"}}]}<\/script>\n<!-- \/ Yoast SEO Premium plugin. -->","yoast_head_json":{"title":"Tem vaga no Flamengo? Confira 9 jogadores do exterior que podem assinar pr\u00e9-contrato de gra\u00e7a","robots":{"index":"index","follow":"follow","max-snippet":"max-snippet:-1","max-image-preview":"max-image-preview:large","max-video-preview":"max-video-preview:-1"},"canonical":"https:\/\/www.gaveanews.com\/index.php\/2019\/12\/02\/tem-vaga-no-flamengo-confira-9-jogadores-do-exterior-que-podem-assinar-pre-contrato-de-graca\/","next":"https:\/\/www.gaveanews.com\/index.php\/2019\/12\/02\/tem-vaga-no-flamengo-confira-9-jogadores-do-exterior-que-podem-assinar-pre-contrato-de-graca\/2\/","og_locale":"pt_BR","og_type":"article","og_title":"Tem vaga no Flamengo? Confira 9 jogadores do exterior que podem assinar pr\u00e9-contrato de gra\u00e7a","og_description":"Com o fim do Campeonato Brasileiro 2019, os clubes j\u00e1 come\u00e7am a agitar o mercado da bola. Negocia\u00e7\u00f5es j\u00e1 est\u00e3o a todo vapor. No entanto, h\u00e1 quem pense em julho de 2020. Grandes estrelas do futebol europeu veem seus contratos se encerrando no per\u00edodo e podem assinar pr\u00e9-contrato a partir de janeiro. O portal UOL [&hellip;]","og_url":"https:\/\/www.gaveanews.com\/index.php\/2019\/12\/02\/tem-vaga-no-flamengo-confira-9-jogadores-do-exterior-que-podem-assinar-pre-contrato-de-graca\/","og_site_name":"G\u00e1vea News","article_publisher":"https:\/\/facebook.com\/gaveaNews\/","article_published_time":"2019-12-02T13:52:48+00:00","article_modified_time":"2019-12-02T13:52:55+00:00","og_image":[{"width":846,"height":563,"url":"https:\/\/www.gaveanews.com\/wp-content\/uploads\/2019\/07\/Marcos-Braz-durante-coletiva-de-imprensa-no-Ninho-do-Urubu.webp","type":"image\/jpeg"}],"author":"Equipe G\u00e1vea News","twitter_card":"summary_large_image","twitter_misc":{"Escrito por":"Equipe G\u00e1vea News","Est. tempo de leitura":"3 minutos"},"schema":{"@context":"https:\/\/schema.org","@graph":[{"@type":"NewsArticle","@id":"https:\/\/www.gaveanews.com\/index.php\/2019\/12\/02\/tem-vaga-no-flamengo-confira-9-jogadores-do-exterior-que-podem-assinar-pre-contrato-de-graca\/#article","isPartOf":{"@id":"https:\/\/www.gaveanews.com\/index.php\/2019\/12\/02\/tem-vaga-no-flamengo-confira-9-jogadores-do-exterior-que-podem-assinar-pre-contrato-de-graca\/"},"author":{"name":"Equipe G\u00e1vea News","@id":"https:\/\/www.gaveanews.com\/#\/schema\/person\/2ec14f73fb96be2caf28f91afb14749d"},"headline":"Tem vaga no Flamengo? Confira 9 jogadores do exterior que podem assinar pr\u00e9-contrato de gra\u00e7a","datePublished":"2019-12-02T13:52:48+00:00","dateModified":"2019-12-02T13:52:55+00:00","mainEntityOfPage":{"@id":"https:\/\/www.gaveanews.com\/index.php\/2019\/12\/02\/tem-vaga-no-flamengo-confira-9-jogadores-do-exterior-que-podem-assinar-pre-contrato-de-graca\/"},"wordCount":610,"commentCount":1,"image":{"@id":"https:\/\/www.gaveanews.com\/index.php\/2019\/12\/02\/tem-vaga-no-flamengo-confira-9-jogadores-do-exterior-que-podem-assinar-pre-contrato-de-graca\/#primaryimage"},"thumbnailUrl":"https:\/\/www.gaveanews.com\/wp-content\/uploads\/2019\/07\/Marcos-Braz-durante-coletiva-de-imprensa-no-Ninho-do-Urubu.webp","articleSection":["Negocia\u00e7\u00f5es"],"inLanguage":"pt-BR","potentialAction":[{"@type":"CommentAction","name":"Comment","target":["https:\/\/www.gaveanews.com\/index.php\/2019\/12\/02\/tem-vaga-no-flamengo-confira-9-jogadores-do-exterior-que-podem-assinar-pre-contrato-de-graca\/#respond"]}],"copyrightYear":"2019","copyrightHolder":{"@id":"https:\/\/www.gaveanews.com\/#organization"}},{"@type":"WebPage","@id":"https:\/\/www.gaveanews.com\/index.php\/2019\/12\/02\/tem-vaga-no-flamengo-confira-9-jogadores-do-exterior-que-podem-assinar-pre-contrato-de-graca\/","url":"https:\/\/www.gaveanews.com\/index.php\/2019\/12\/02\/tem-vaga-no-flamengo-confira-9-jogadores-do-exterior-que-podem-assinar-pre-contrato-de-graca\/","name":"Tem vaga no Flamengo? Confira 9 jogadores do exterior que podem assinar pr\u00e9-contrato de gra\u00e7a","isPartOf":{"@id":"https:\/\/www.gaveanews.com\/#website"},"primaryImageOfPage":{"@id":"https:\/\/www.gaveanews.com\/index.php\/2019\/12\/02\/tem-vaga-no-flamengo-confira-9-jogadores-do-exterior-que-podem-assinar-pre-contrato-de-graca\/#primaryimage"},"image":{"@id":"https:\/\/www.gaveanews.com\/index.php\/2019\/12\/02\/tem-vaga-no-flamengo-confira-9-jogadores-do-exterior-que-podem-assinar-pre-contrato-de-graca\/#primaryimage"},"thumbnailUrl":"https:\/\/www.gaveanews.com\/wp-content\/uploads\/2019\/07\/Marcos-Braz-durante-coletiva-de-imprensa-no-Ninho-do-Urubu.webp","datePublished":"2019-12-02T13:52:48+00:00","dateModified":"2019-12-02T13:52:55+00:00","author":{"@id":"https:\/\/www.gaveanews.com\/#\/schema\/person\/2ec14f73fb96be2caf28f91afb14749d"},"inLanguage":"pt-BR","potentialAction":[{"@type":"ReadAction","target":["https:\/\/www.gaveanews.com\/index.php\/2019\/12\/02\/tem-vaga-no-flamengo-confira-9-jogadores-do-exterior-que-podem-assinar-pre-contrato-de-graca\/"]}]},{"@type":"ImageObject","inLanguage":"pt-BR","@id":"https:\/\/www.gaveanews.com\/index.php\/2019\/12\/02\/tem-vaga-no-flamengo-confira-9-jogadores-do-exterior-que-podem-assinar-pre-contrato-de-graca\/#primaryimage","url":"https:\/\/www.gaveanews.com\/wp-content\/uploads\/2019\/07\/Marcos-Braz-durante-coletiva-de-imprensa-no-Ninho-do-Urubu.webp","contentUrl":"https:\/\/www.gaveanews.com\/wp-content\/uploads\/2019\/07\/Marcos-Braz-durante-coletiva-de-imprensa-no-Ninho-do-Urubu.webp","width":846,"height":563,"caption":"Marcos Braz durante coletiva de imprensa no Ninho do Urubu (Foto: Alexandre Vidal\/Flamengo)"},{"@type":"WebSite","@id":"https:\/\/www.gaveanews.com\/#website","url":"https:\/\/www.gaveanews.com\/","name":"G\u00e1vea News","description":"Veja todas as not\u00edcias sobre o Flamengo: Contrata\u00e7\u00f5es, categorias de base, resultados das partidas, tabela de classifica\u00e7\u00e3o, pr\u00f3ximos jogos!","potentialAction":[{"@type":"SearchAction","target":{"@type":"EntryPoint","urlTemplate":"https:\/\/www.gaveanews.com\/?s={search_term_string}"},"query-input":{"@type":"PropertyValueSpecification","valueRequired":true,"valueName":"search_term_string"}}],"inLanguage":"pt-BR"},{"@type":"Person","@id":"https:\/\/www.gaveanews.com\/#\/schema\/person\/2ec14f73fb96be2caf28f91afb14749d","name":"Equipe G\u00e1vea News","image":{"@type":"ImageObject","inLanguage":"pt-BR","@id":"https:\/\/www.gaveanews.com\/#\/schema\/person\/image\/","url":"https:\/\/secure.gravatar.com\/avatar\/1e1956f1facbffd3f8fa53a326721950116b3b9dc9bd44939c01180fd4a745a9?s=96&d=mm&r=g","contentUrl":"https:\/\/secure.gravatar.com\/avatar\/1e1956f1facbffd3f8fa53a326721950116b3b9dc9bd44939c01180fd4a745a9?s=96&d=mm&r=g","caption":"Equipe G\u00e1vea News"}}]}},"_links":{"self":[{"href":"https:\/\/www.gaveanews.com\/index.php\/wp-json\/wp\/v2\/posts\/32886","targetHints":{"allow":["GET"]}}],"collection":[{"href":"https:\/\/www.gaveanews.com\/index.php\/wp-json\/wp\/v2\/posts"}],"about":[{"href":"https:\/\/www.gaveanews.com\/index.php\/wp-json\/wp\/v2\/types\/post"}],"author":[{"embeddable":true,"href":"https:\/\/www.gaveanews.com\/index.php\/wp-json\/wp\/v2\/users\/1"}],"replies":[{"embeddable":true,"href":"https:\/\/www.gaveanews.com\/index.php\/wp-json\/wp\/v2\/comments?post=32886"}],"version-history":[{"count":0,"href":"https:\/\/www.gaveanews.com\/index.php\/wp-json\/wp\/v2\/posts\/32886\/revisions"}],"wp:featuredmedia":[{"embeddable":true,"href":"https:\/\/www.gaveanews.com\/index.php\/wp-json\/wp\/v2\/media\/23694"}],"wp:attachment":[{"href":"https:\/\/www.gaveanews.com\/index.php\/wp-json\/wp\/v2\/media?parent=32886"}],"wp:term":[{"taxonomy":"category","embeddable":true,"href":"https:\/\/www.gaveanews.com\/index.php\/wp-json\/wp\/v2\/categories?post=32886"},{"taxonomy":"post_tag","embeddable":true,"href":"https:\/\/www.gaveanews.com\/index.php\/wp-json\/wp\/v2\/tags?post=32886"}],"curies":[{"name":"wp","href":"https:\/\/api.w.org\/{rel}","templated":true}]}}