{"id":32890,"date":"2019-12-02T12:37:55","date_gmt":"2019-12-02T15:37:55","guid":{"rendered":"http:\/\/www.gaveanews.com\/?p=32890"},"modified":"2019-12-02T12:40:54","modified_gmt":"2019-12-02T15:40:54","slug":"goleiro-emprestado-pelo-flamengo-retorna-ao-rubro-negro","status":"publish","type":"post","link":"https:\/\/www.gaveanews.com\/index.php\/2019\/12\/02\/goleiro-emprestado-pelo-flamengo-retorna-ao-rubro-negro\/","title":{"rendered":"Goleiro emprestado pela diretoria do Flamengo retorna ao rubro-negro; registro j\u00e1 consta no BID"},"content":{"rendered":"\n<p>Considerado um dos her\u00f3is do acesso do Coritiba para a S\u00e9rie A, o goleiro Alex Muralha teve publicado no BID o seu retorno ao Flamengo. No entanto, a possibilidade do jogador, de 30 anos, permanecer no clube carioca \u00e9 bem pequena.<\/p>\n\n\n\n<p>Alex Muralha chegou ao Flamengo em 2016 e teve at\u00e9 bons momentos na primeira temporada, sendo convocado para a sele\u00e7\u00e3o brasileiro. Por\u00e9m, no ano seguinte, viveu uma temporada muito irregular, com in\u00fameras falhas, inclusive em jogos decisivos.<\/p>\n\n\n\n<p>No ano passado, o jogador foi emprestado ao Albirex Niigata, do Jap\u00e3o. Neste ano, Muralha voltou ao futebol brasileiro, emprestado ao Coritiba, e se destacou no clube paranaense.<\/p>\n\n\n\n<p>Retirado de: O Dia<\/p>\n","protected":false},"excerpt":{"rendered":"<p>Considerado um dos her\u00f3is do acesso do Coritiba para a S\u00e9rie A, o goleiro Alex Muralha teve publicado no BID o seu retorno ao Flamengo. No entanto, a possibilidade do jogador, de 30 anos, permanecer no clube carioca \u00e9 bem pequena. Alex Muralha chegou ao Flamengo em 2016 e teve at\u00e9 bons momentos na primeira [&hellip;]<\/p>\n","protected":false},"author":1,"featured_media":32894,"comment_status":"open","ping_status":"open","sticky":false,"template":"","format":"standard","meta":{"footnotes":""},"categories":[48],"tags":[],"class_list":["post-32890","post","type-post","status-publish","format-standard","has-post-thumbnail","hentry","category-negociacoes"],"yoast_head":"<!-- This site is optimized with the Yoast SEO Premium plugin v24.2 (Yoast SEO v26.9) - https:\/\/yoast.com\/product\/yoast-seo-premium-wordpress\/ -->\n<title>Goleiro emprestado pela diretoria do Flamengo retorna ao rubro-negro; registro j\u00e1 consta no BID<\/title>\n<meta name=\"robots\" content=\"index, follow, max-snippet:-1, max-image-preview:large, max-video-preview:-1\" \/>\n<link rel=\"canonical\" href=\"https:\/\/www.gaveanews.com\/index.php\/2019\/12\/02\/goleiro-emprestado-pelo-flamengo-retorna-ao-rubro-negro\/\" \/>\n<meta property=\"og:locale\" content=\"pt_BR\" \/>\n<meta property=\"og:type\" content=\"article\" \/>\n<meta property=\"og:title\" content=\"Goleiro emprestado pela diretoria do Flamengo retorna ao rubro-negro; registro j\u00e1 consta no BID\" \/>\n<meta property=\"og:description\" content=\"Considerado um dos her\u00f3is do acesso do Coritiba para a S\u00e9rie A, o goleiro Alex Muralha teve publicado no BID o seu retorno ao Flamengo. No entanto, a possibilidade do jogador, de 30 anos, permanecer no clube carioca \u00e9 bem pequena. Alex Muralha chegou ao Flamengo em 2016 e teve at\u00e9 bons momentos na primeira [&hellip;]\" \/>\n<meta property=\"og:url\" content=\"https:\/\/www.gaveanews.com\/index.php\/2019\/12\/02\/goleiro-emprestado-pelo-flamengo-retorna-ao-rubro-negro\/\" \/>\n<meta property=\"og:site_name\" content=\"G\u00e1vea News\" \/>\n<meta property=\"article:publisher\" content=\"https:\/\/facebook.com\/gaveaNews\/\" \/>\n<meta property=\"article:published_time\" content=\"2019-12-02T15:37:55+00:00\" \/>\n<meta property=\"article:modified_time\" content=\"2019-12-02T15:40:54+00:00\" \/>\n<meta property=\"og:image\" content=\"https:\/\/www.gaveanews.com\/wp-content\/uploads\/o-goleiro-muralha-participa-de-treino-do-flamengo-no-ninho-do-urubu-1551549559835_v2_1920x1279.webp\" \/>\n\t<meta property=\"og:image:width\" content=\"1920\" \/>\n\t<meta property=\"og:image:height\" content=\"1279\" \/>\n\t<meta property=\"og:image:type\" content=\"image\/jpeg\" \/>\n<meta name=\"author\" content=\"Equipe G\u00e1vea News\" \/>\n<meta name=\"twitter:card\" content=\"summary_large_image\" \/>\n<meta name=\"twitter:label1\" content=\"Escrito por\" \/>\n\t<meta name=\"twitter:data1\" content=\"Equipe G\u00e1vea News\" \/>\n\t<meta name=\"twitter:label2\" content=\"Est. tempo de leitura\" \/>\n\t<meta name=\"twitter:data2\" content=\"1 minuto\" \/>\n<script type=\"application\/ld+json\" class=\"yoast-schema-graph\">{\"@context\":\"https:\/\/schema.org\",\"@graph\":[{\"@type\":\"NewsArticle\",\"@id\":\"https:\/\/www.gaveanews.com\/index.php\/2019\/12\/02\/goleiro-emprestado-pelo-flamengo-retorna-ao-rubro-negro\/#article\",\"isPartOf\":{\"@id\":\"https:\/\/www.gaveanews.com\/index.php\/2019\/12\/02\/goleiro-emprestado-pelo-flamengo-retorna-ao-rubro-negro\/\"},\"author\":{\"name\":\"Equipe G\u00e1vea News\",\"@id\":\"https:\/\/www.gaveanews.com\/#\/schema\/person\/2ec14f73fb96be2caf28f91afb14749d\"},\"headline\":\"Goleiro emprestado pela diretoria do Flamengo retorna ao rubro-negro; registro j\u00e1 consta no BID\",\"datePublished\":\"2019-12-02T15:37:55+00:00\",\"dateModified\":\"2019-12-02T15:40:54+00:00\",\"mainEntityOfPage\":{\"@id\":\"https:\/\/www.gaveanews.com\/index.php\/2019\/12\/02\/goleiro-emprestado-pelo-flamengo-retorna-ao-rubro-negro\/\"},\"wordCount\":127,\"commentCount\":0,\"image\":{\"@id\":\"https:\/\/www.gaveanews.com\/index.php\/2019\/12\/02\/goleiro-emprestado-pelo-flamengo-retorna-ao-rubro-negro\/#primaryimage\"},\"thumbnailUrl\":\"https:\/\/www.gaveanews.com\/wp-content\/uploads\/o-goleiro-muralha-participa-de-treino-do-flamengo-no-ninho-do-urubu-1551549559835_v2_1920x1279.webp\",\"articleSection\":[\"Negocia\u00e7\u00f5es\"],\"inLanguage\":\"pt-BR\",\"potentialAction\":[{\"@type\":\"CommentAction\",\"name\":\"Comment\",\"target\":[\"https:\/\/www.gaveanews.com\/index.php\/2019\/12\/02\/goleiro-emprestado-pelo-flamengo-retorna-ao-rubro-negro\/#respond\"]}],\"copyrightYear\":\"2019\",\"copyrightHolder\":{\"@id\":\"https:\/\/www.gaveanews.com\/#organization\"}},{\"@type\":\"WebPage\",\"@id\":\"https:\/\/www.gaveanews.com\/index.php\/2019\/12\/02\/goleiro-emprestado-pelo-flamengo-retorna-ao-rubro-negro\/\",\"url\":\"https:\/\/www.gaveanews.com\/index.php\/2019\/12\/02\/goleiro-emprestado-pelo-flamengo-retorna-ao-rubro-negro\/\",\"name\":\"Goleiro emprestado pela diretoria do Flamengo retorna ao rubro-negro; registro j\u00e1 consta no BID\",\"isPartOf\":{\"@id\":\"https:\/\/www.gaveanews.com\/#website\"},\"primaryImageOfPage\":{\"@id\":\"https:\/\/www.gaveanews.com\/index.php\/2019\/12\/02\/goleiro-emprestado-pelo-flamengo-retorna-ao-rubro-negro\/#primaryimage\"},\"image\":{\"@id\":\"https:\/\/www.gaveanews.com\/index.php\/2019\/12\/02\/goleiro-emprestado-pelo-flamengo-retorna-ao-rubro-negro\/#primaryimage\"},\"thumbnailUrl\":\"https:\/\/www.gaveanews.com\/wp-content\/uploads\/o-goleiro-muralha-participa-de-treino-do-flamengo-no-ninho-do-urubu-1551549559835_v2_1920x1279.webp\",\"datePublished\":\"2019-12-02T15:37:55+00:00\",\"dateModified\":\"2019-12-02T15:40:54+00:00\",\"author\":{\"@id\":\"https:\/\/www.gaveanews.com\/#\/schema\/person\/2ec14f73fb96be2caf28f91afb14749d\"},\"breadcrumb\":{\"@id\":\"https:\/\/www.gaveanews.com\/index.php\/2019\/12\/02\/goleiro-emprestado-pelo-flamengo-retorna-ao-rubro-negro\/#breadcrumb\"},\"inLanguage\":\"pt-BR\",\"potentialAction\":[{\"@type\":\"ReadAction\",\"target\":[\"https:\/\/www.gaveanews.com\/index.php\/2019\/12\/02\/goleiro-emprestado-pelo-flamengo-retorna-ao-rubro-negro\/\"]}]},{\"@type\":\"ImageObject\",\"inLanguage\":\"pt-BR\",\"@id\":\"https:\/\/www.gaveanews.com\/index.php\/2019\/12\/02\/goleiro-emprestado-pelo-flamengo-retorna-ao-rubro-negro\/#primaryimage\",\"url\":\"https:\/\/www.gaveanews.com\/wp-content\/uploads\/o-goleiro-muralha-participa-de-treino-do-flamengo-no-ninho-do-urubu-1551549559835_v2_1920x1279.webp\",\"contentUrl\":\"https:\/\/www.gaveanews.com\/wp-content\/uploads\/o-goleiro-muralha-participa-de-treino-do-flamengo-no-ninho-do-urubu-1551549559835_v2_1920x1279.webp\",\"width\":1920,\"height\":1279},{\"@type\":\"BreadcrumbList\",\"@id\":\"https:\/\/www.gaveanews.com\/index.php\/2019\/12\/02\/goleiro-emprestado-pelo-flamengo-retorna-ao-rubro-negro\/#breadcrumb\",\"itemListElement\":[{\"@type\":\"ListItem\",\"position\":1,\"name\":\"Home\",\"item\":\"https:\/\/www.gaveanews.com\/\"},{\"@type\":\"ListItem\",\"position\":2,\"name\":\"Goleiro emprestado pela diretoria do Flamengo retorna ao rubro-negro; registro j\u00e1 consta no BID\"}]},{\"@type\":\"WebSite\",\"@id\":\"https:\/\/www.gaveanews.com\/#website\",\"url\":\"https:\/\/www.gaveanews.com\/\",\"name\":\"G\u00e1vea News\",\"description\":\"Veja todas as not\u00edcias sobre o Flamengo: Contrata\u00e7\u00f5es, categorias de base, resultados das partidas, tabela de classifica\u00e7\u00e3o, pr\u00f3ximos jogos!\",\"potentialAction\":[{\"@type\":\"SearchAction\",\"target\":{\"@type\":\"EntryPoint\",\"urlTemplate\":\"https:\/\/www.gaveanews.com\/?s={search_term_string}\"},\"query-input\":{\"@type\":\"PropertyValueSpecification\",\"valueRequired\":true,\"valueName\":\"search_term_string\"}}],\"inLanguage\":\"pt-BR\"},{\"@type\":\"Person\",\"@id\":\"https:\/\/www.gaveanews.com\/#\/schema\/person\/2ec14f73fb96be2caf28f91afb14749d\",\"name\":\"Equipe G\u00e1vea News\",\"image\":{\"@type\":\"ImageObject\",\"inLanguage\":\"pt-BR\",\"@id\":\"https:\/\/www.gaveanews.com\/#\/schema\/person\/image\/\",\"url\":\"https:\/\/secure.gravatar.com\/avatar\/1e1956f1facbffd3f8fa53a326721950116b3b9dc9bd44939c01180fd4a745a9?s=96&d=mm&r=g\",\"contentUrl\":\"https:\/\/secure.gravatar.com\/avatar\/1e1956f1facbffd3f8fa53a326721950116b3b9dc9bd44939c01180fd4a745a9?s=96&d=mm&r=g\",\"caption\":\"Equipe G\u00e1vea News\"}}]}<\/script>\n<!-- \/ Yoast SEO Premium plugin. -->","yoast_head_json":{"title":"Goleiro emprestado pela diretoria do Flamengo retorna ao rubro-negro; registro j\u00e1 consta no BID","robots":{"index":"index","follow":"follow","max-snippet":"max-snippet:-1","max-image-preview":"max-image-preview:large","max-video-preview":"max-video-preview:-1"},"canonical":"https:\/\/www.gaveanews.com\/index.php\/2019\/12\/02\/goleiro-emprestado-pelo-flamengo-retorna-ao-rubro-negro\/","og_locale":"pt_BR","og_type":"article","og_title":"Goleiro emprestado pela diretoria do Flamengo retorna ao rubro-negro; registro j\u00e1 consta no BID","og_description":"Considerado um dos her\u00f3is do acesso do Coritiba para a S\u00e9rie A, o goleiro Alex Muralha teve publicado no BID o seu retorno ao Flamengo. No entanto, a possibilidade do jogador, de 30 anos, permanecer no clube carioca \u00e9 bem pequena. Alex Muralha chegou ao Flamengo em 2016 e teve at\u00e9 bons momentos na primeira [&hellip;]","og_url":"https:\/\/www.gaveanews.com\/index.php\/2019\/12\/02\/goleiro-emprestado-pelo-flamengo-retorna-ao-rubro-negro\/","og_site_name":"G\u00e1vea News","article_publisher":"https:\/\/facebook.com\/gaveaNews\/","article_published_time":"2019-12-02T15:37:55+00:00","article_modified_time":"2019-12-02T15:40:54+00:00","og_image":[{"width":1920,"height":1279,"url":"https:\/\/www.gaveanews.com\/wp-content\/uploads\/o-goleiro-muralha-participa-de-treino-do-flamengo-no-ninho-do-urubu-1551549559835_v2_1920x1279.webp","type":"image\/jpeg"}],"author":"Equipe G\u00e1vea News","twitter_card":"summary_large_image","twitter_misc":{"Escrito por":"Equipe G\u00e1vea News","Est. tempo de leitura":"1 minuto"},"schema":{"@context":"https:\/\/schema.org","@graph":[{"@type":"NewsArticle","@id":"https:\/\/www.gaveanews.com\/index.php\/2019\/12\/02\/goleiro-emprestado-pelo-flamengo-retorna-ao-rubro-negro\/#article","isPartOf":{"@id":"https:\/\/www.gaveanews.com\/index.php\/2019\/12\/02\/goleiro-emprestado-pelo-flamengo-retorna-ao-rubro-negro\/"},"author":{"name":"Equipe G\u00e1vea News","@id":"https:\/\/www.gaveanews.com\/#\/schema\/person\/2ec14f73fb96be2caf28f91afb14749d"},"headline":"Goleiro emprestado pela diretoria do Flamengo retorna ao rubro-negro; registro j\u00e1 consta no BID","datePublished":"2019-12-02T15:37:55+00:00","dateModified":"2019-12-02T15:40:54+00:00","mainEntityOfPage":{"@id":"https:\/\/www.gaveanews.com\/index.php\/2019\/12\/02\/goleiro-emprestado-pelo-flamengo-retorna-ao-rubro-negro\/"},"wordCount":127,"commentCount":0,"image":{"@id":"https:\/\/www.gaveanews.com\/index.php\/2019\/12\/02\/goleiro-emprestado-pelo-flamengo-retorna-ao-rubro-negro\/#primaryimage"},"thumbnailUrl":"https:\/\/www.gaveanews.com\/wp-content\/uploads\/o-goleiro-muralha-participa-de-treino-do-flamengo-no-ninho-do-urubu-1551549559835_v2_1920x1279.webp","articleSection":["Negocia\u00e7\u00f5es"],"inLanguage":"pt-BR","potentialAction":[{"@type":"CommentAction","name":"Comment","target":["https:\/\/www.gaveanews.com\/index.php\/2019\/12\/02\/goleiro-emprestado-pelo-flamengo-retorna-ao-rubro-negro\/#respond"]}],"copyrightYear":"2019","copyrightHolder":{"@id":"https:\/\/www.gaveanews.com\/#organization"}},{"@type":"WebPage","@id":"https:\/\/www.gaveanews.com\/index.php\/2019\/12\/02\/goleiro-emprestado-pelo-flamengo-retorna-ao-rubro-negro\/","url":"https:\/\/www.gaveanews.com\/index.php\/2019\/12\/02\/goleiro-emprestado-pelo-flamengo-retorna-ao-rubro-negro\/","name":"Goleiro emprestado pela diretoria do Flamengo retorna ao rubro-negro; registro j\u00e1 consta no BID","isPartOf":{"@id":"https:\/\/www.gaveanews.com\/#website"},"primaryImageOfPage":{"@id":"https:\/\/www.gaveanews.com\/index.php\/2019\/12\/02\/goleiro-emprestado-pelo-flamengo-retorna-ao-rubro-negro\/#primaryimage"},"image":{"@id":"https:\/\/www.gaveanews.com\/index.php\/2019\/12\/02\/goleiro-emprestado-pelo-flamengo-retorna-ao-rubro-negro\/#primaryimage"},"thumbnailUrl":"https:\/\/www.gaveanews.com\/wp-content\/uploads\/o-goleiro-muralha-participa-de-treino-do-flamengo-no-ninho-do-urubu-1551549559835_v2_1920x1279.webp","datePublished":"2019-12-02T15:37:55+00:00","dateModified":"2019-12-02T15:40:54+00:00","author":{"@id":"https:\/\/www.gaveanews.com\/#\/schema\/person\/2ec14f73fb96be2caf28f91afb14749d"},"breadcrumb":{"@id":"https:\/\/www.gaveanews.com\/index.php\/2019\/12\/02\/goleiro-emprestado-pelo-flamengo-retorna-ao-rubro-negro\/#breadcrumb"},"inLanguage":"pt-BR","potentialAction":[{"@type":"ReadAction","target":["https:\/\/www.gaveanews.com\/index.php\/2019\/12\/02\/goleiro-emprestado-pelo-flamengo-retorna-ao-rubro-negro\/"]}]},{"@type":"ImageObject","inLanguage":"pt-BR","@id":"https:\/\/www.gaveanews.com\/index.php\/2019\/12\/02\/goleiro-emprestado-pelo-flamengo-retorna-ao-rubro-negro\/#primaryimage","url":"https:\/\/www.gaveanews.com\/wp-content\/uploads\/o-goleiro-muralha-participa-de-treino-do-flamengo-no-ninho-do-urubu-1551549559835_v2_1920x1279.webp","contentUrl":"https:\/\/www.gaveanews.com\/wp-content\/uploads\/o-goleiro-muralha-participa-de-treino-do-flamengo-no-ninho-do-urubu-1551549559835_v2_1920x1279.webp","width":1920,"height":1279},{"@type":"BreadcrumbList","@id":"https:\/\/www.gaveanews.com\/index.php\/2019\/12\/02\/goleiro-emprestado-pelo-flamengo-retorna-ao-rubro-negro\/#breadcrumb","itemListElement":[{"@type":"ListItem","position":1,"name":"Home","item":"https:\/\/www.gaveanews.com\/"},{"@type":"ListItem","position":2,"name":"Goleiro emprestado pela diretoria do Flamengo retorna ao rubro-negro; registro j\u00e1 consta no BID"}]},{"@type":"WebSite","@id":"https:\/\/www.gaveanews.com\/#website","url":"https:\/\/www.gaveanews.com\/","name":"G\u00e1vea News","description":"Veja todas as not\u00edcias sobre o Flamengo: Contrata\u00e7\u00f5es, categorias de base, resultados das partidas, tabela de classifica\u00e7\u00e3o, pr\u00f3ximos jogos!","potentialAction":[{"@type":"SearchAction","target":{"@type":"EntryPoint","urlTemplate":"https:\/\/www.gaveanews.com\/?s={search_term_string}"},"query-input":{"@type":"PropertyValueSpecification","valueRequired":true,"valueName":"search_term_string"}}],"inLanguage":"pt-BR"},{"@type":"Person","@id":"https:\/\/www.gaveanews.com\/#\/schema\/person\/2ec14f73fb96be2caf28f91afb14749d","name":"Equipe G\u00e1vea News","image":{"@type":"ImageObject","inLanguage":"pt-BR","@id":"https:\/\/www.gaveanews.com\/#\/schema\/person\/image\/","url":"https:\/\/secure.gravatar.com\/avatar\/1e1956f1facbffd3f8fa53a326721950116b3b9dc9bd44939c01180fd4a745a9?s=96&d=mm&r=g","contentUrl":"https:\/\/secure.gravatar.com\/avatar\/1e1956f1facbffd3f8fa53a326721950116b3b9dc9bd44939c01180fd4a745a9?s=96&d=mm&r=g","caption":"Equipe G\u00e1vea News"}}]}},"_links":{"self":[{"href":"https:\/\/www.gaveanews.com\/index.php\/wp-json\/wp\/v2\/posts\/32890","targetHints":{"allow":["GET"]}}],"collection":[{"href":"https:\/\/www.gaveanews.com\/index.php\/wp-json\/wp\/v2\/posts"}],"about":[{"href":"https:\/\/www.gaveanews.com\/index.php\/wp-json\/wp\/v2\/types\/post"}],"author":[{"embeddable":true,"href":"https:\/\/www.gaveanews.com\/index.php\/wp-json\/wp\/v2\/users\/1"}],"replies":[{"embeddable":true,"href":"https:\/\/www.gaveanews.com\/index.php\/wp-json\/wp\/v2\/comments?post=32890"}],"version-history":[{"count":0,"href":"https:\/\/www.gaveanews.com\/index.php\/wp-json\/wp\/v2\/posts\/32890\/revisions"}],"wp:featuredmedia":[{"embeddable":true,"href":"https:\/\/www.gaveanews.com\/index.php\/wp-json\/wp\/v2\/media\/32894"}],"wp:attachment":[{"href":"https:\/\/www.gaveanews.com\/index.php\/wp-json\/wp\/v2\/media?parent=32890"}],"wp:term":[{"taxonomy":"category","embeddable":true,"href":"https:\/\/www.gaveanews.com\/index.php\/wp-json\/wp\/v2\/categories?post=32890"},{"taxonomy":"post_tag","embeddable":true,"href":"https:\/\/www.gaveanews.com\/index.php\/wp-json\/wp\/v2\/tags?post=32890"}],"curies":[{"name":"wp","href":"https:\/\/api.w.org\/{rel}","templated":true}]}}