{"id":32896,"date":"2019-12-02T14:08:38","date_gmt":"2019-12-02T17:08:38","guid":{"rendered":"http:\/\/www.gaveanews.com\/?p=32896"},"modified":"2019-12-02T14:08:42","modified_gmt":"2019-12-02T17:08:42","slug":"sosia-do-gabigol-adere-novo-visual-do-atacante-do-flamengo-e-torcedores-se-divertem-nas-redes-sociais-veja-foto","status":"publish","type":"post","link":"https:\/\/www.gaveanews.com\/index.php\/2019\/12\/02\/sosia-do-gabigol-adere-novo-visual-do-atacante-do-flamengo-e-torcedores-se-divertem-nas-redes-sociais-veja-foto\/","title":{"rendered":"S\u00f3sia do Gabigol adere novo visual do atacante do Flamengo e torcedores se divertem nas redes sociais; veja foto"},"content":{"rendered":"\n<p>Ap\u00f3s o t\u00edtulo da Libertadores, os jogadores do Flamengo passaram por uma mudan\u00e7a de visual. Uma das transforma\u00e7\u00f5es que mais chamou a aten\u00e7\u00e3o dentro do elenco, foi o de Gabigol, depois de ter colocado dreads loiros no cabelo.<\/p>\n\n\n\n<p>Para ficar ainda mais parecido com o atacante, o s\u00f3sia &#8220;Gabigol da Torcida&#8221;, aderiu o novo visual do atacante, durante o programa &#8220;Bom Dia Rio&#8221;, da TV Globo, na manh\u00e3 desta segunda-feira.<\/p>\n\n\n\n<h3 class=\"wp-block-heading\"><strong>Confira a rea\u00e7\u00e3o dos internautas:<\/strong><\/h3>\n\n\n\n<figure class=\"wp-block-embed-twitter wp-block-embed is-type-rich is-provider-twitter\"><div class=\"wp-block-embed__wrapper\">\nhttps:\/\/twitter.com\/josevic_10\/status\/1201454484200808448\n<\/div><\/figure>\n\n\n\n<figure class=\"wp-block-embed-twitter wp-block-embed is-type-rich is-provider-twitter\"><div class=\"wp-block-embed__wrapper\">\n<blockquote class=\"twitter-tweet\" data-width=\"550\" data-dnt=\"true\"><p lang=\"pt\" dir=\"ltr\">O GABIGORDO LAN\u00c7OU A BRABA TBM KKKKKKKKKKKKKKKKKKKKKKKKKKKKKKKKKKKKKKKKKKLKKKKKKKKKKKKKKKKKKKKKKKKKKKKKKKKKKK <a href=\"https:\/\/t.co\/wRjsEco2aM\">pic.twitter.com\/wRjsEco2aM<\/a><\/p>&mdash; FLANAACAO\ud83d\udd34\u26ab\ufe0f (@FLANAACAO) <a href=\"https:\/\/twitter.com\/FLANAACAO\/status\/1201488349485248515?ref_src=twsrc%5Etfw\">December 2, 2019<\/a><\/blockquote><script async src=\"https:\/\/platform.twitter.com\/widgets.js\" charset=\"utf-8\"><\/script>\n<\/div><\/figure>\n\n\n\n<figure class=\"wp-block-embed-twitter wp-block-embed is-type-rich is-provider-twitter\"><div class=\"wp-block-embed__wrapper\">\n<blockquote class=\"twitter-tweet\" data-width=\"550\" data-dnt=\"true\"><p lang=\"pt\" dir=\"ltr\">gabigol: n\u00e3o aguento mais meu sosia gabigordo vo mete um penteado diferente<br><br>o gabigordo: <a href=\"https:\/\/t.co\/8aWcsLwtGJ\">pic.twitter.com\/8aWcsLwtGJ<\/a><\/p>&mdash; gabriel (@gabrielbcolo) <a href=\"https:\/\/twitter.com\/gabrielbcolo\/status\/1201458192389169152?ref_src=twsrc%5Etfw\">December 2, 2019<\/a><\/blockquote><script async src=\"https:\/\/platform.twitter.com\/widgets.js\" charset=\"utf-8\"><\/script>\n<\/div><\/figure>\n\n\n\n<figure class=\"wp-block-embed-twitter wp-block-embed is-type-rich is-provider-twitter\"><div class=\"wp-block-embed__wrapper\">\n<blockquote class=\"twitter-tweet\" data-width=\"550\" data-dnt=\"true\"><p lang=\"pt\" dir=\"ltr\">gabigol: n\u00e3o aguento mais meu sosia gabigordo vo mete um penteado diferente<br><br>o gabigordo: <a href=\"https:\/\/t.co\/8aWcsLwtGJ\">pic.twitter.com\/8aWcsLwtGJ<\/a><\/p>&mdash; gabriel (@gabrielbcolo) <a href=\"https:\/\/twitter.com\/gabrielbcolo\/status\/1201458192389169152?ref_src=twsrc%5Etfw\">December 2, 2019<\/a><\/blockquote><script async src=\"https:\/\/platform.twitter.com\/widgets.js\" charset=\"utf-8\"><\/script>\n<\/div><\/figure>\n\n\n\n<figure class=\"wp-block-embed-twitter wp-block-embed is-type-rich is-provider-twitter\"><div class=\"wp-block-embed__wrapper\">\nhttps:\/\/twitter.com\/marcelascrf\/status\/1201487059438985217\n<\/div><\/figure>\n\n\n\n<figure class=\"wp-block-embed-twitter wp-block-embed is-type-rich is-provider-twitter\"><div class=\"wp-block-embed__wrapper\">\n<blockquote class=\"twitter-tweet\" data-width=\"550\" data-dnt=\"true\"><p lang=\"pt\" dir=\"ltr\">Gabigordo de Dread fodase <a href=\"https:\/\/t.co\/fTxNuTVMZu\">pic.twitter.com\/fTxNuTVMZu<\/a><\/p>&mdash; Sem Clubismo (@SemClubismo_FC) <a href=\"https:\/\/twitter.com\/SemClubismo_FC\/status\/1201499223755284482?ref_src=twsrc%5Etfw\">December 2, 2019<\/a><\/blockquote><script async src=\"https:\/\/platform.twitter.com\/widgets.js\" charset=\"utf-8\"><\/script>\n<\/div><\/figure>\n\n\n\n<figure class=\"wp-block-embed-twitter wp-block-embed is-type-rich is-provider-twitter\"><div class=\"wp-block-embed__wrapper\">\n<blockquote class=\"twitter-tweet\" data-width=\"550\" data-dnt=\"true\"><p lang=\"pt\" dir=\"ltr\">Bom dia meus Gabigordo colocando dread ao vivo na Globo <a href=\"https:\/\/t.co\/teDtvrSoTS\">pic.twitter.com\/teDtvrSoTS<\/a><\/p>&mdash; Tevim (@_estevim) <a href=\"https:\/\/twitter.com\/_estevim\/status\/1201447682587471872?ref_src=twsrc%5Etfw\">December 2, 2019<\/a><\/blockquote><script async src=\"https:\/\/platform.twitter.com\/widgets.js\" charset=\"utf-8\"><\/script>\n<\/div><\/figure>\n\n\n\n<figure class=\"wp-block-embed-twitter wp-block-embed is-type-rich is-provider-twitter\"><div class=\"wp-block-embed__wrapper\">\n<blockquote class=\"twitter-tweet\" data-width=\"550\" data-dnt=\"true\"><p lang=\"pt\" dir=\"ltr\">Algu\u00e9m segura o Gabigordo kkkkkkk\u0137kkkkkkk <a href=\"https:\/\/t.co\/MRjMHyULmR\">pic.twitter.com\/MRjMHyULmR<\/a><\/p>&mdash; Sou Da Na\u00e7\u00e3o (@SouDaNacao) <a href=\"https:\/\/twitter.com\/SouDaNacao\/status\/1201524159546904577?ref_src=twsrc%5Etfw\">December 2, 2019<\/a><\/blockquote><script async src=\"https:\/\/platform.twitter.com\/widgets.js\" charset=\"utf-8\"><\/script>\n<\/div><\/figure>\n\n\n\n<figure class=\"wp-block-embed-twitter wp-block-embed is-type-rich is-provider-twitter\"><div class=\"wp-block-embed__wrapper\">\nhttps:\/\/twitter.com\/rolealeatorio\/status\/1201490006549897216\n<\/div><\/figure>\n\n\n\n<figure class=\"wp-block-embed-twitter wp-block-embed is-type-rich is-provider-twitter\"><div class=\"wp-block-embed__wrapper\">\n<blockquote class=\"twitter-tweet\" data-width=\"550\" data-dnt=\"true\"><p lang=\"pt\" dir=\"ltr\">Mano, o s\u00f3sia do Gabigol tamb\u00e9m fez o dread. Kkkkkk<br><br>Os s\u00f3sias do Flamengo est\u00e3o em OUTRO PATAMAR <a href=\"https:\/\/t.co\/bq5E0uEZj5\">pic.twitter.com\/bq5E0uEZj5<\/a><\/p>&mdash; Humor Esportivo (@humoresportivo) <a href=\"https:\/\/twitter.com\/humoresportivo\/status\/1201504750304481280?ref_src=twsrc%5Etfw\">December 2, 2019<\/a><\/blockquote><script async src=\"https:\/\/platform.twitter.com\/widgets.js\" charset=\"utf-8\"><\/script>\n<\/div><\/figure>\n\n\n\n<figure class=\"wp-block-embed-twitter wp-block-embed is-type-rich is-provider-twitter\"><div class=\"wp-block-embed__wrapper\">\nhttps:\/\/twitter.com\/portaldomeme\/status\/1201491416758857731\n<\/div><\/figure>\n\n\n\n<p>Retirado de: O Dia<\/p>\n","protected":false},"excerpt":{"rendered":"<p>Ap\u00f3s o t\u00edtulo da Libertadores, os jogadores do Flamengo passaram por uma mudan\u00e7a de visual. Uma das transforma\u00e7\u00f5es que mais chamou a aten\u00e7\u00e3o dentro do elenco, foi o de Gabigol, depois de ter colocado dreads loiros no cabelo. Para ficar ainda mais parecido com o atacante, o s\u00f3sia &#8220;Gabigol da Torcida&#8221;, aderiu o novo visual [&hellip;]<\/p>\n","protected":false},"author":1,"featured_media":31014,"comment_status":"open","ping_status":"open","sticky":false,"template":"","format":"standard","meta":{"footnotes":""},"categories":[47],"tags":[],"class_list":["post-32896","post","type-post","status-publish","format-standard","has-post-thumbnail","hentry","category-destaques"],"yoast_head":"<!-- This site is optimized with the Yoast SEO Premium plugin v24.2 (Yoast SEO v26.9) - https:\/\/yoast.com\/product\/yoast-seo-premium-wordpress\/ -->\n<title>S\u00f3sia do Gabigol adere novo visual do atacante do Flamengo e torcedores se divertem nas redes sociais; veja foto<\/title>\n<meta name=\"robots\" content=\"index, follow, max-snippet:-1, max-image-preview:large, max-video-preview:-1\" \/>\n<link rel=\"canonical\" href=\"https:\/\/www.gaveanews.com\/index.php\/2019\/12\/02\/sosia-do-gabigol-adere-novo-visual-do-atacante-do-flamengo-e-torcedores-se-divertem-nas-redes-sociais-veja-foto\/\" \/>\n<meta property=\"og:locale\" content=\"pt_BR\" \/>\n<meta property=\"og:type\" content=\"article\" \/>\n<meta property=\"og:title\" content=\"S\u00f3sia do Gabigol adere novo visual do atacante do Flamengo e torcedores se divertem nas redes sociais; veja foto\" \/>\n<meta property=\"og:description\" content=\"Ap\u00f3s o t\u00edtulo da Libertadores, os jogadores do Flamengo passaram por uma mudan\u00e7a de visual. Uma das transforma\u00e7\u00f5es que mais chamou a aten\u00e7\u00e3o dentro do elenco, foi o de Gabigol, depois de ter colocado dreads loiros no cabelo. Para ficar ainda mais parecido com o atacante, o s\u00f3sia &#8220;Gabigol da Torcida&#8221;, aderiu o novo visual [&hellip;]\" \/>\n<meta property=\"og:url\" content=\"https:\/\/www.gaveanews.com\/index.php\/2019\/12\/02\/sosia-do-gabigol-adere-novo-visual-do-atacante-do-flamengo-e-torcedores-se-divertem-nas-redes-sociais-veja-foto\/\" \/>\n<meta property=\"og:site_name\" content=\"G\u00e1vea News\" \/>\n<meta property=\"article:publisher\" content=\"https:\/\/facebook.com\/gaveaNews\/\" \/>\n<meta property=\"article:published_time\" content=\"2019-12-02T17:08:38+00:00\" \/>\n<meta property=\"article:modified_time\" content=\"2019-12-02T17:08:42+00:00\" \/>\n<meta property=\"og:image\" content=\"https:\/\/www.gaveanews.com\/wp-content\/uploads\/Atacante-Gabigol-em-acao-pelo-Flamengo-no-estadio-do-Maracana.webp\" \/>\n\t<meta property=\"og:image:width\" content=\"1\" \/>\n\t<meta property=\"og:image:height\" content=\"1\" \/>\n\t<meta property=\"og:image:type\" content=\"image\/jpeg\" \/>\n<meta name=\"author\" content=\"Equipe G\u00e1vea News\" \/>\n<meta name=\"twitter:card\" content=\"summary_large_image\" \/>\n<meta name=\"twitter:label1\" content=\"Escrito por\" \/>\n\t<meta name=\"twitter:data1\" content=\"Equipe G\u00e1vea News\" \/>\n\t<meta name=\"twitter:label2\" content=\"Est. tempo de leitura\" \/>\n\t<meta name=\"twitter:data2\" content=\"1 minuto\" \/>\n<script type=\"application\/ld+json\" class=\"yoast-schema-graph\">{\"@context\":\"https:\/\/schema.org\",\"@graph\":[{\"@type\":\"NewsArticle\",\"@id\":\"https:\/\/www.gaveanews.com\/index.php\/2019\/12\/02\/sosia-do-gabigol-adere-novo-visual-do-atacante-do-flamengo-e-torcedores-se-divertem-nas-redes-sociais-veja-foto\/#article\",\"isPartOf\":{\"@id\":\"https:\/\/www.gaveanews.com\/index.php\/2019\/12\/02\/sosia-do-gabigol-adere-novo-visual-do-atacante-do-flamengo-e-torcedores-se-divertem-nas-redes-sociais-veja-foto\/\"},\"author\":{\"name\":\"Equipe G\u00e1vea News\",\"@id\":\"https:\/\/www.gaveanews.com\/#\/schema\/person\/2ec14f73fb96be2caf28f91afb14749d\"},\"headline\":\"S\u00f3sia do Gabigol adere novo visual do atacante do Flamengo e torcedores se divertem nas redes sociais; veja foto\",\"datePublished\":\"2019-12-02T17:08:38+00:00\",\"dateModified\":\"2019-12-02T17:08:42+00:00\",\"mainEntityOfPage\":{\"@id\":\"https:\/\/www.gaveanews.com\/index.php\/2019\/12\/02\/sosia-do-gabigol-adere-novo-visual-do-atacante-do-flamengo-e-torcedores-se-divertem-nas-redes-sociais-veja-foto\/\"},\"wordCount\":188,\"commentCount\":0,\"image\":{\"@id\":\"https:\/\/www.gaveanews.com\/index.php\/2019\/12\/02\/sosia-do-gabigol-adere-novo-visual-do-atacante-do-flamengo-e-torcedores-se-divertem-nas-redes-sociais-veja-foto\/#primaryimage\"},\"thumbnailUrl\":\"https:\/\/www.gaveanews.com\/wp-content\/uploads\/Atacante-Gabigol-em-acao-pelo-Flamengo-no-estadio-do-Maracana.webp\",\"articleSection\":[\"Destaques\"],\"inLanguage\":\"pt-BR\",\"potentialAction\":[{\"@type\":\"CommentAction\",\"name\":\"Comment\",\"target\":[\"https:\/\/www.gaveanews.com\/index.php\/2019\/12\/02\/sosia-do-gabigol-adere-novo-visual-do-atacante-do-flamengo-e-torcedores-se-divertem-nas-redes-sociais-veja-foto\/#respond\"]}],\"copyrightYear\":\"2019\",\"copyrightHolder\":{\"@id\":\"https:\/\/www.gaveanews.com\/#organization\"}},{\"@type\":\"WebPage\",\"@id\":\"https:\/\/www.gaveanews.com\/index.php\/2019\/12\/02\/sosia-do-gabigol-adere-novo-visual-do-atacante-do-flamengo-e-torcedores-se-divertem-nas-redes-sociais-veja-foto\/\",\"url\":\"https:\/\/www.gaveanews.com\/index.php\/2019\/12\/02\/sosia-do-gabigol-adere-novo-visual-do-atacante-do-flamengo-e-torcedores-se-divertem-nas-redes-sociais-veja-foto\/\",\"name\":\"S\u00f3sia do Gabigol adere novo visual do atacante do Flamengo e torcedores se divertem nas redes sociais; veja foto\",\"isPartOf\":{\"@id\":\"https:\/\/www.gaveanews.com\/#website\"},\"primaryImageOfPage\":{\"@id\":\"https:\/\/www.gaveanews.com\/index.php\/2019\/12\/02\/sosia-do-gabigol-adere-novo-visual-do-atacante-do-flamengo-e-torcedores-se-divertem-nas-redes-sociais-veja-foto\/#primaryimage\"},\"image\":{\"@id\":\"https:\/\/www.gaveanews.com\/index.php\/2019\/12\/02\/sosia-do-gabigol-adere-novo-visual-do-atacante-do-flamengo-e-torcedores-se-divertem-nas-redes-sociais-veja-foto\/#primaryimage\"},\"thumbnailUrl\":\"https:\/\/www.gaveanews.com\/wp-content\/uploads\/Atacante-Gabigol-em-acao-pelo-Flamengo-no-estadio-do-Maracana.webp\",\"datePublished\":\"2019-12-02T17:08:38+00:00\",\"dateModified\":\"2019-12-02T17:08:42+00:00\",\"author\":{\"@id\":\"https:\/\/www.gaveanews.com\/#\/schema\/person\/2ec14f73fb96be2caf28f91afb14749d\"},\"breadcrumb\":{\"@id\":\"https:\/\/www.gaveanews.com\/index.php\/2019\/12\/02\/sosia-do-gabigol-adere-novo-visual-do-atacante-do-flamengo-e-torcedores-se-divertem-nas-redes-sociais-veja-foto\/#breadcrumb\"},\"inLanguage\":\"pt-BR\",\"potentialAction\":[{\"@type\":\"ReadAction\",\"target\":[\"https:\/\/www.gaveanews.com\/index.php\/2019\/12\/02\/sosia-do-gabigol-adere-novo-visual-do-atacante-do-flamengo-e-torcedores-se-divertem-nas-redes-sociais-veja-foto\/\"]}]},{\"@type\":\"ImageObject\",\"inLanguage\":\"pt-BR\",\"@id\":\"https:\/\/www.gaveanews.com\/index.php\/2019\/12\/02\/sosia-do-gabigol-adere-novo-visual-do-atacante-do-flamengo-e-torcedores-se-divertem-nas-redes-sociais-veja-foto\/#primaryimage\",\"url\":\"https:\/\/www.gaveanews.com\/wp-content\/uploads\/Atacante-Gabigol-em-acao-pelo-Flamengo-no-estadio-do-Maracana.webp\",\"contentUrl\":\"https:\/\/www.gaveanews.com\/wp-content\/uploads\/Atacante-Gabigol-em-acao-pelo-Flamengo-no-estadio-do-Maracana.webp\",\"caption\":\"Atacante Gabigol em a\u00e7\u00e3o pelo Flamengo no est\u00e1dio do Maracan\u00e3 (Foto: Marcelo Cortes\/Flamengo)\"},{\"@type\":\"BreadcrumbList\",\"@id\":\"https:\/\/www.gaveanews.com\/index.php\/2019\/12\/02\/sosia-do-gabigol-adere-novo-visual-do-atacante-do-flamengo-e-torcedores-se-divertem-nas-redes-sociais-veja-foto\/#breadcrumb\",\"itemListElement\":[{\"@type\":\"ListItem\",\"position\":1,\"name\":\"Home\",\"item\":\"https:\/\/www.gaveanews.com\/\"},{\"@type\":\"ListItem\",\"position\":2,\"name\":\"S\u00f3sia do Gabigol adere novo visual do atacante do Flamengo e torcedores se divertem nas redes sociais; veja foto\"}]},{\"@type\":\"WebSite\",\"@id\":\"https:\/\/www.gaveanews.com\/#website\",\"url\":\"https:\/\/www.gaveanews.com\/\",\"name\":\"G\u00e1vea News\",\"description\":\"Veja todas as not\u00edcias sobre o Flamengo: Contrata\u00e7\u00f5es, categorias de base, resultados das partidas, tabela de classifica\u00e7\u00e3o, pr\u00f3ximos jogos!\",\"potentialAction\":[{\"@type\":\"SearchAction\",\"target\":{\"@type\":\"EntryPoint\",\"urlTemplate\":\"https:\/\/www.gaveanews.com\/?s={search_term_string}\"},\"query-input\":{\"@type\":\"PropertyValueSpecification\",\"valueRequired\":true,\"valueName\":\"search_term_string\"}}],\"inLanguage\":\"pt-BR\"},{\"@type\":\"Person\",\"@id\":\"https:\/\/www.gaveanews.com\/#\/schema\/person\/2ec14f73fb96be2caf28f91afb14749d\",\"name\":\"Equipe G\u00e1vea News\",\"image\":{\"@type\":\"ImageObject\",\"inLanguage\":\"pt-BR\",\"@id\":\"https:\/\/www.gaveanews.com\/#\/schema\/person\/image\/\",\"url\":\"https:\/\/secure.gravatar.com\/avatar\/1e1956f1facbffd3f8fa53a326721950116b3b9dc9bd44939c01180fd4a745a9?s=96&d=mm&r=g\",\"contentUrl\":\"https:\/\/secure.gravatar.com\/avatar\/1e1956f1facbffd3f8fa53a326721950116b3b9dc9bd44939c01180fd4a745a9?s=96&d=mm&r=g\",\"caption\":\"Equipe G\u00e1vea News\"}}]}<\/script>\n<!-- \/ Yoast SEO Premium plugin. -->","yoast_head_json":{"title":"S\u00f3sia do Gabigol adere novo visual do atacante do Flamengo e torcedores se divertem nas redes sociais; veja foto","robots":{"index":"index","follow":"follow","max-snippet":"max-snippet:-1","max-image-preview":"max-image-preview:large","max-video-preview":"max-video-preview:-1"},"canonical":"https:\/\/www.gaveanews.com\/index.php\/2019\/12\/02\/sosia-do-gabigol-adere-novo-visual-do-atacante-do-flamengo-e-torcedores-se-divertem-nas-redes-sociais-veja-foto\/","og_locale":"pt_BR","og_type":"article","og_title":"S\u00f3sia do Gabigol adere novo visual do atacante do Flamengo e torcedores se divertem nas redes sociais; veja foto","og_description":"Ap\u00f3s o t\u00edtulo da Libertadores, os jogadores do Flamengo passaram por uma mudan\u00e7a de visual. Uma das transforma\u00e7\u00f5es que mais chamou a aten\u00e7\u00e3o dentro do elenco, foi o de Gabigol, depois de ter colocado dreads loiros no cabelo. Para ficar ainda mais parecido com o atacante, o s\u00f3sia &#8220;Gabigol da Torcida&#8221;, aderiu o novo visual [&hellip;]","og_url":"https:\/\/www.gaveanews.com\/index.php\/2019\/12\/02\/sosia-do-gabigol-adere-novo-visual-do-atacante-do-flamengo-e-torcedores-se-divertem-nas-redes-sociais-veja-foto\/","og_site_name":"G\u00e1vea News","article_publisher":"https:\/\/facebook.com\/gaveaNews\/","article_published_time":"2019-12-02T17:08:38+00:00","article_modified_time":"2019-12-02T17:08:42+00:00","og_image":[{"url":"https:\/\/www.gaveanews.com\/wp-content\/uploads\/Atacante-Gabigol-em-acao-pelo-Flamengo-no-estadio-do-Maracana.webp","width":1,"height":1,"type":"image\/jpeg"}],"author":"Equipe G\u00e1vea News","twitter_card":"summary_large_image","twitter_misc":{"Escrito por":"Equipe G\u00e1vea News","Est. tempo de leitura":"1 minuto"},"schema":{"@context":"https:\/\/schema.org","@graph":[{"@type":"NewsArticle","@id":"https:\/\/www.gaveanews.com\/index.php\/2019\/12\/02\/sosia-do-gabigol-adere-novo-visual-do-atacante-do-flamengo-e-torcedores-se-divertem-nas-redes-sociais-veja-foto\/#article","isPartOf":{"@id":"https:\/\/www.gaveanews.com\/index.php\/2019\/12\/02\/sosia-do-gabigol-adere-novo-visual-do-atacante-do-flamengo-e-torcedores-se-divertem-nas-redes-sociais-veja-foto\/"},"author":{"name":"Equipe G\u00e1vea News","@id":"https:\/\/www.gaveanews.com\/#\/schema\/person\/2ec14f73fb96be2caf28f91afb14749d"},"headline":"S\u00f3sia do Gabigol adere novo visual do atacante do Flamengo e torcedores se divertem nas redes sociais; veja foto","datePublished":"2019-12-02T17:08:38+00:00","dateModified":"2019-12-02T17:08:42+00:00","mainEntityOfPage":{"@id":"https:\/\/www.gaveanews.com\/index.php\/2019\/12\/02\/sosia-do-gabigol-adere-novo-visual-do-atacante-do-flamengo-e-torcedores-se-divertem-nas-redes-sociais-veja-foto\/"},"wordCount":188,"commentCount":0,"image":{"@id":"https:\/\/www.gaveanews.com\/index.php\/2019\/12\/02\/sosia-do-gabigol-adere-novo-visual-do-atacante-do-flamengo-e-torcedores-se-divertem-nas-redes-sociais-veja-foto\/#primaryimage"},"thumbnailUrl":"https:\/\/www.gaveanews.com\/wp-content\/uploads\/Atacante-Gabigol-em-acao-pelo-Flamengo-no-estadio-do-Maracana.webp","articleSection":["Destaques"],"inLanguage":"pt-BR","potentialAction":[{"@type":"CommentAction","name":"Comment","target":["https:\/\/www.gaveanews.com\/index.php\/2019\/12\/02\/sosia-do-gabigol-adere-novo-visual-do-atacante-do-flamengo-e-torcedores-se-divertem-nas-redes-sociais-veja-foto\/#respond"]}],"copyrightYear":"2019","copyrightHolder":{"@id":"https:\/\/www.gaveanews.com\/#organization"}},{"@type":"WebPage","@id":"https:\/\/www.gaveanews.com\/index.php\/2019\/12\/02\/sosia-do-gabigol-adere-novo-visual-do-atacante-do-flamengo-e-torcedores-se-divertem-nas-redes-sociais-veja-foto\/","url":"https:\/\/www.gaveanews.com\/index.php\/2019\/12\/02\/sosia-do-gabigol-adere-novo-visual-do-atacante-do-flamengo-e-torcedores-se-divertem-nas-redes-sociais-veja-foto\/","name":"S\u00f3sia do Gabigol adere novo visual do atacante do Flamengo e torcedores se divertem nas redes sociais; veja foto","isPartOf":{"@id":"https:\/\/www.gaveanews.com\/#website"},"primaryImageOfPage":{"@id":"https:\/\/www.gaveanews.com\/index.php\/2019\/12\/02\/sosia-do-gabigol-adere-novo-visual-do-atacante-do-flamengo-e-torcedores-se-divertem-nas-redes-sociais-veja-foto\/#primaryimage"},"image":{"@id":"https:\/\/www.gaveanews.com\/index.php\/2019\/12\/02\/sosia-do-gabigol-adere-novo-visual-do-atacante-do-flamengo-e-torcedores-se-divertem-nas-redes-sociais-veja-foto\/#primaryimage"},"thumbnailUrl":"https:\/\/www.gaveanews.com\/wp-content\/uploads\/Atacante-Gabigol-em-acao-pelo-Flamengo-no-estadio-do-Maracana.webp","datePublished":"2019-12-02T17:08:38+00:00","dateModified":"2019-12-02T17:08:42+00:00","author":{"@id":"https:\/\/www.gaveanews.com\/#\/schema\/person\/2ec14f73fb96be2caf28f91afb14749d"},"breadcrumb":{"@id":"https:\/\/www.gaveanews.com\/index.php\/2019\/12\/02\/sosia-do-gabigol-adere-novo-visual-do-atacante-do-flamengo-e-torcedores-se-divertem-nas-redes-sociais-veja-foto\/#breadcrumb"},"inLanguage":"pt-BR","potentialAction":[{"@type":"ReadAction","target":["https:\/\/www.gaveanews.com\/index.php\/2019\/12\/02\/sosia-do-gabigol-adere-novo-visual-do-atacante-do-flamengo-e-torcedores-se-divertem-nas-redes-sociais-veja-foto\/"]}]},{"@type":"ImageObject","inLanguage":"pt-BR","@id":"https:\/\/www.gaveanews.com\/index.php\/2019\/12\/02\/sosia-do-gabigol-adere-novo-visual-do-atacante-do-flamengo-e-torcedores-se-divertem-nas-redes-sociais-veja-foto\/#primaryimage","url":"https:\/\/www.gaveanews.com\/wp-content\/uploads\/Atacante-Gabigol-em-acao-pelo-Flamengo-no-estadio-do-Maracana.webp","contentUrl":"https:\/\/www.gaveanews.com\/wp-content\/uploads\/Atacante-Gabigol-em-acao-pelo-Flamengo-no-estadio-do-Maracana.webp","caption":"Atacante Gabigol em a\u00e7\u00e3o pelo Flamengo no est\u00e1dio do Maracan\u00e3 (Foto: Marcelo Cortes\/Flamengo)"},{"@type":"BreadcrumbList","@id":"https:\/\/www.gaveanews.com\/index.php\/2019\/12\/02\/sosia-do-gabigol-adere-novo-visual-do-atacante-do-flamengo-e-torcedores-se-divertem-nas-redes-sociais-veja-foto\/#breadcrumb","itemListElement":[{"@type":"ListItem","position":1,"name":"Home","item":"https:\/\/www.gaveanews.com\/"},{"@type":"ListItem","position":2,"name":"S\u00f3sia do Gabigol adere novo visual do atacante do Flamengo e torcedores se divertem nas redes sociais; veja foto"}]},{"@type":"WebSite","@id":"https:\/\/www.gaveanews.com\/#website","url":"https:\/\/www.gaveanews.com\/","name":"G\u00e1vea News","description":"Veja todas as not\u00edcias sobre o Flamengo: Contrata\u00e7\u00f5es, categorias de base, resultados das partidas, tabela de classifica\u00e7\u00e3o, pr\u00f3ximos jogos!","potentialAction":[{"@type":"SearchAction","target":{"@type":"EntryPoint","urlTemplate":"https:\/\/www.gaveanews.com\/?s={search_term_string}"},"query-input":{"@type":"PropertyValueSpecification","valueRequired":true,"valueName":"search_term_string"}}],"inLanguage":"pt-BR"},{"@type":"Person","@id":"https:\/\/www.gaveanews.com\/#\/schema\/person\/2ec14f73fb96be2caf28f91afb14749d","name":"Equipe G\u00e1vea News","image":{"@type":"ImageObject","inLanguage":"pt-BR","@id":"https:\/\/www.gaveanews.com\/#\/schema\/person\/image\/","url":"https:\/\/secure.gravatar.com\/avatar\/1e1956f1facbffd3f8fa53a326721950116b3b9dc9bd44939c01180fd4a745a9?s=96&d=mm&r=g","contentUrl":"https:\/\/secure.gravatar.com\/avatar\/1e1956f1facbffd3f8fa53a326721950116b3b9dc9bd44939c01180fd4a745a9?s=96&d=mm&r=g","caption":"Equipe G\u00e1vea News"}}]}},"_links":{"self":[{"href":"https:\/\/www.gaveanews.com\/index.php\/wp-json\/wp\/v2\/posts\/32896","targetHints":{"allow":["GET"]}}],"collection":[{"href":"https:\/\/www.gaveanews.com\/index.php\/wp-json\/wp\/v2\/posts"}],"about":[{"href":"https:\/\/www.gaveanews.com\/index.php\/wp-json\/wp\/v2\/types\/post"}],"author":[{"embeddable":true,"href":"https:\/\/www.gaveanews.com\/index.php\/wp-json\/wp\/v2\/users\/1"}],"replies":[{"embeddable":true,"href":"https:\/\/www.gaveanews.com\/index.php\/wp-json\/wp\/v2\/comments?post=32896"}],"version-history":[{"count":0,"href":"https:\/\/www.gaveanews.com\/index.php\/wp-json\/wp\/v2\/posts\/32896\/revisions"}],"wp:featuredmedia":[{"embeddable":true,"href":"https:\/\/www.gaveanews.com\/index.php\/wp-json\/wp\/v2\/media\/31014"}],"wp:attachment":[{"href":"https:\/\/www.gaveanews.com\/index.php\/wp-json\/wp\/v2\/media?parent=32896"}],"wp:term":[{"taxonomy":"category","embeddable":true,"href":"https:\/\/www.gaveanews.com\/index.php\/wp-json\/wp\/v2\/categories?post=32896"},{"taxonomy":"post_tag","embeddable":true,"href":"https:\/\/www.gaveanews.com\/index.php\/wp-json\/wp\/v2\/tags?post=32896"}],"curies":[{"name":"wp","href":"https:\/\/api.w.org\/{rel}","templated":true}]}}