{"id":32908,"date":"2019-12-02T15:53:46","date_gmt":"2019-12-02T18:53:46","guid":{"rendered":"http:\/\/www.gaveanews.com\/?p=32908"},"modified":"2019-12-02T15:53:46","modified_gmt":"2019-12-02T18:53:46","slug":"gerente-de-futebol-do-flamengo-paulo-pelaipe-fala-sobre-o-futuro-de-jorge-jesus-e-gabigol","status":"publish","type":"post","link":"https:\/\/www.gaveanews.com\/index.php\/2019\/12\/02\/gerente-de-futebol-do-flamengo-paulo-pelaipe-fala-sobre-o-futuro-de-jorge-jesus-e-gabigol\/","title":{"rendered":"Gerente de futebol do Flamengo, Paulo Pelaipe fala sobre o futuro de Jorge Jesus e Gabigol"},"content":{"rendered":"\n<p>Jorge Jesus tem contrato com o Flamengo at\u00e9 junho de 2020, mas ainda n\u00e3o existe a garantia de que ele permanecer\u00e1 no cargo. O treinador ficou valorizado com os t\u00edtulos da Libertadores da Am\u00e9rica e do Campeonato Brasileiro e tem o desejo de trabalhar num grande clube da Europa, fora de Portugal. Nesta semana, foi veiculada a informa\u00e7\u00e3o de que Jesus teria uma proposta milion\u00e1ria de um clube chin\u00eas.<\/p>\n\n\n\n<p>O blog ouviu o gerente de futebol do Flamengo, Paulo Pelaipe, a respeito desta situa\u00e7\u00e3o, envolvendo o t\u00e9cnico do time.<\/p>\n\n\n\n<p>\u201cA gente desconhece. Isso a\u00ed \u00e9 muito mais da imprensa, at\u00e9 porque o Flamengo \u00e9 muito falado hoje e d\u00e1 muita audi\u00eancia, com 40, 50 minutos de programas na TV. Nosso vice-presidente, Marcos Braz, j\u00e1 explicou o contrato do nosso treinador at\u00e9 o meio do ano que vem. Em dezembro, as partes v\u00e3o conversar, mas o treinador tem contrato, com uma op\u00e7\u00e3o de que se ele n\u00e3o se adaptasse, poderiam conversar, sem multa para nenhum dos lados\u201d, afirmou.<\/p>\n\n\n\n<p>Pelaipe tamb\u00e9m est\u00e1 confiante na renova\u00e7\u00e3o de contrato com o atacante Gabriel.<\/p>\n\n\n\n<p>\u201cA diretoria est\u00e1 fazendo todo o poss\u00edvel para ele ficar. Ele se adaptou maravilhosamente bem no Flamengo. Um atleta que fez 40 gols, identificado com os pequenos torcedores, com carisma. Realmente, estamos esperan\u00e7osos e acredito na compet\u00eancia do departamento de futebol. No ano passado, numa negocia\u00e7\u00e3o firme, o Flamengo conseguiu contrat\u00e1-lo. Gabriel tem grande ambiente com jogadores, diretoria e comiss\u00e3o t\u00e9cnica\u201d, concluiu.<\/p>\n\n\n\n<p>Gabriel pertence \u00e0 Inter de Mil\u00e3o e tem contrato de empr\u00e9stimo at\u00e9 31 de dezembro. A Inter deve pedir 35 milh\u00f5es de euros, segundo a imprensa italiana. O Flamengo aposta na aquisi\u00e7\u00e3o por 22 milh\u00f5es de euros.<\/p>\n\n\n\n<p>Retirado de: Alexandre Praetzel<\/p>\n","protected":false},"excerpt":{"rendered":"<p>Jorge Jesus tem contrato com o Flamengo at\u00e9 junho de 2020, mas ainda n\u00e3o existe a garantia de que ele permanecer\u00e1 no cargo. O treinador ficou valorizado com os t\u00edtulos da Libertadores da Am\u00e9rica e do Campeonato Brasileiro e tem o desejo de trabalhar num grande clube da Europa, fora de Portugal. Nesta semana, foi [&hellip;]<\/p>\n","protected":false},"author":1,"featured_media":18124,"comment_status":"open","ping_status":"open","sticky":false,"template":"","format":"standard","meta":{"footnotes":""},"categories":[1],"tags":[],"class_list":["post-32908","post","type-post","status-publish","format-standard","has-post-thumbnail","hentry","category-flamengo"],"yoast_head":"<!-- This site is optimized with the Yoast SEO Premium plugin v24.2 (Yoast SEO v26.9) - https:\/\/yoast.com\/product\/yoast-seo-premium-wordpress\/ -->\n<title>Gerente de futebol do Flamengo, Paulo Pelaipe fala sobre o futuro de Jorge Jesus e Gabigol<\/title>\n<meta name=\"robots\" content=\"index, follow, max-snippet:-1, max-image-preview:large, max-video-preview:-1\" \/>\n<link rel=\"canonical\" href=\"https:\/\/www.gaveanews.com\/index.php\/2019\/12\/02\/gerente-de-futebol-do-flamengo-paulo-pelaipe-fala-sobre-o-futuro-de-jorge-jesus-e-gabigol\/\" \/>\n<meta property=\"og:locale\" content=\"pt_BR\" \/>\n<meta property=\"og:type\" content=\"article\" \/>\n<meta property=\"og:title\" content=\"Gerente de futebol do Flamengo, Paulo Pelaipe fala sobre o futuro de Jorge Jesus e Gabigol\" \/>\n<meta property=\"og:description\" content=\"Jorge Jesus tem contrato com o Flamengo at\u00e9 junho de 2020, mas ainda n\u00e3o existe a garantia de que ele permanecer\u00e1 no cargo. O treinador ficou valorizado com os t\u00edtulos da Libertadores da Am\u00e9rica e do Campeonato Brasileiro e tem o desejo de trabalhar num grande clube da Europa, fora de Portugal. Nesta semana, foi [&hellip;]\" \/>\n<meta property=\"og:url\" content=\"https:\/\/www.gaveanews.com\/index.php\/2019\/12\/02\/gerente-de-futebol-do-flamengo-paulo-pelaipe-fala-sobre-o-futuro-de-jorge-jesus-e-gabigol\/\" \/>\n<meta property=\"og:site_name\" content=\"G\u00e1vea News\" \/>\n<meta property=\"article:publisher\" content=\"https:\/\/facebook.com\/gaveaNews\/\" \/>\n<meta property=\"article:published_time\" content=\"2019-12-02T18:53:46+00:00\" \/>\n<meta property=\"og:image\" content=\"https:\/\/www.gaveanews.com\/wp-content\/uploads\/2019\/04\/Marcos-braz-esquerda-e-Paulo-Pelaipe-direita-durante-coletiva-de-imprensa-no-Ninho-do-Urubu.webp\" \/>\n\t<meta property=\"og:image:width\" content=\"901\" \/>\n\t<meta property=\"og:image:height\" content=\"600\" \/>\n\t<meta property=\"og:image:type\" content=\"image\/jpeg\" \/>\n<meta name=\"author\" content=\"Equipe G\u00e1vea News\" \/>\n<meta name=\"twitter:card\" content=\"summary_large_image\" \/>\n<meta name=\"twitter:label1\" content=\"Escrito por\" \/>\n\t<meta name=\"twitter:data1\" content=\"Equipe G\u00e1vea News\" \/>\n\t<meta name=\"twitter:label2\" content=\"Est. tempo de leitura\" \/>\n\t<meta name=\"twitter:data2\" content=\"1 minuto\" \/>\n<script type=\"application\/ld+json\" class=\"yoast-schema-graph\">{\"@context\":\"https:\/\/schema.org\",\"@graph\":[{\"@type\":\"NewsArticle\",\"@id\":\"https:\/\/www.gaveanews.com\/index.php\/2019\/12\/02\/gerente-de-futebol-do-flamengo-paulo-pelaipe-fala-sobre-o-futuro-de-jorge-jesus-e-gabigol\/#article\",\"isPartOf\":{\"@id\":\"https:\/\/www.gaveanews.com\/index.php\/2019\/12\/02\/gerente-de-futebol-do-flamengo-paulo-pelaipe-fala-sobre-o-futuro-de-jorge-jesus-e-gabigol\/\"},\"author\":{\"name\":\"Equipe G\u00e1vea News\",\"@id\":\"https:\/\/www.gaveanews.com\/#\/schema\/person\/2ec14f73fb96be2caf28f91afb14749d\"},\"headline\":\"Gerente de futebol do Flamengo, Paulo Pelaipe fala sobre o futuro de Jorge Jesus e Gabigol\",\"datePublished\":\"2019-12-02T18:53:46+00:00\",\"mainEntityOfPage\":{\"@id\":\"https:\/\/www.gaveanews.com\/index.php\/2019\/12\/02\/gerente-de-futebol-do-flamengo-paulo-pelaipe-fala-sobre-o-futuro-de-jorge-jesus-e-gabigol\/\"},\"wordCount\":314,\"commentCount\":0,\"image\":{\"@id\":\"https:\/\/www.gaveanews.com\/index.php\/2019\/12\/02\/gerente-de-futebol-do-flamengo-paulo-pelaipe-fala-sobre-o-futuro-de-jorge-jesus-e-gabigol\/#primaryimage\"},\"thumbnailUrl\":\"https:\/\/www.gaveanews.com\/wp-content\/uploads\/2019\/04\/Marcos-braz-esquerda-e-Paulo-Pelaipe-direita-durante-coletiva-de-imprensa-no-Ninho-do-Urubu.webp\",\"articleSection\":[\"Flamengo\"],\"inLanguage\":\"pt-BR\",\"potentialAction\":[{\"@type\":\"CommentAction\",\"name\":\"Comment\",\"target\":[\"https:\/\/www.gaveanews.com\/index.php\/2019\/12\/02\/gerente-de-futebol-do-flamengo-paulo-pelaipe-fala-sobre-o-futuro-de-jorge-jesus-e-gabigol\/#respond\"]}],\"copyrightYear\":\"2019\",\"copyrightHolder\":{\"@id\":\"https:\/\/www.gaveanews.com\/#organization\"}},{\"@type\":\"WebPage\",\"@id\":\"https:\/\/www.gaveanews.com\/index.php\/2019\/12\/02\/gerente-de-futebol-do-flamengo-paulo-pelaipe-fala-sobre-o-futuro-de-jorge-jesus-e-gabigol\/\",\"url\":\"https:\/\/www.gaveanews.com\/index.php\/2019\/12\/02\/gerente-de-futebol-do-flamengo-paulo-pelaipe-fala-sobre-o-futuro-de-jorge-jesus-e-gabigol\/\",\"name\":\"Gerente de futebol do Flamengo, Paulo Pelaipe fala sobre o futuro de Jorge Jesus e Gabigol\",\"isPartOf\":{\"@id\":\"https:\/\/www.gaveanews.com\/#website\"},\"primaryImageOfPage\":{\"@id\":\"https:\/\/www.gaveanews.com\/index.php\/2019\/12\/02\/gerente-de-futebol-do-flamengo-paulo-pelaipe-fala-sobre-o-futuro-de-jorge-jesus-e-gabigol\/#primaryimage\"},\"image\":{\"@id\":\"https:\/\/www.gaveanews.com\/index.php\/2019\/12\/02\/gerente-de-futebol-do-flamengo-paulo-pelaipe-fala-sobre-o-futuro-de-jorge-jesus-e-gabigol\/#primaryimage\"},\"thumbnailUrl\":\"https:\/\/www.gaveanews.com\/wp-content\/uploads\/2019\/04\/Marcos-braz-esquerda-e-Paulo-Pelaipe-direita-durante-coletiva-de-imprensa-no-Ninho-do-Urubu.webp\",\"datePublished\":\"2019-12-02T18:53:46+00:00\",\"author\":{\"@id\":\"https:\/\/www.gaveanews.com\/#\/schema\/person\/2ec14f73fb96be2caf28f91afb14749d\"},\"breadcrumb\":{\"@id\":\"https:\/\/www.gaveanews.com\/index.php\/2019\/12\/02\/gerente-de-futebol-do-flamengo-paulo-pelaipe-fala-sobre-o-futuro-de-jorge-jesus-e-gabigol\/#breadcrumb\"},\"inLanguage\":\"pt-BR\",\"potentialAction\":[{\"@type\":\"ReadAction\",\"target\":[\"https:\/\/www.gaveanews.com\/index.php\/2019\/12\/02\/gerente-de-futebol-do-flamengo-paulo-pelaipe-fala-sobre-o-futuro-de-jorge-jesus-e-gabigol\/\"]}]},{\"@type\":\"ImageObject\",\"inLanguage\":\"pt-BR\",\"@id\":\"https:\/\/www.gaveanews.com\/index.php\/2019\/12\/02\/gerente-de-futebol-do-flamengo-paulo-pelaipe-fala-sobre-o-futuro-de-jorge-jesus-e-gabigol\/#primaryimage\",\"url\":\"https:\/\/www.gaveanews.com\/wp-content\/uploads\/2019\/04\/Marcos-braz-esquerda-e-Paulo-Pelaipe-direita-durante-coletiva-de-imprensa-no-Ninho-do-Urubu.webp\",\"contentUrl\":\"https:\/\/www.gaveanews.com\/wp-content\/uploads\/2019\/04\/Marcos-braz-esquerda-e-Paulo-Pelaipe-direita-durante-coletiva-de-imprensa-no-Ninho-do-Urubu.webp\",\"width\":901,\"height\":600,\"caption\":\"Marcos braz (esquerda) e Paulo Pelaipe (direita) durante coletiva de imprensa no Ninho do Urubu (Foto: Alexandre Vidal\/Flamengo)\"},{\"@type\":\"BreadcrumbList\",\"@id\":\"https:\/\/www.gaveanews.com\/index.php\/2019\/12\/02\/gerente-de-futebol-do-flamengo-paulo-pelaipe-fala-sobre-o-futuro-de-jorge-jesus-e-gabigol\/#breadcrumb\",\"itemListElement\":[{\"@type\":\"ListItem\",\"position\":1,\"name\":\"Home\",\"item\":\"https:\/\/www.gaveanews.com\/\"},{\"@type\":\"ListItem\",\"position\":2,\"name\":\"Gerente de futebol do Flamengo, Paulo Pelaipe fala sobre o futuro de Jorge Jesus e Gabigol\"}]},{\"@type\":\"WebSite\",\"@id\":\"https:\/\/www.gaveanews.com\/#website\",\"url\":\"https:\/\/www.gaveanews.com\/\",\"name\":\"G\u00e1vea News\",\"description\":\"Veja todas as not\u00edcias sobre o Flamengo: Contrata\u00e7\u00f5es, categorias de base, resultados das partidas, tabela de classifica\u00e7\u00e3o, pr\u00f3ximos jogos!\",\"potentialAction\":[{\"@type\":\"SearchAction\",\"target\":{\"@type\":\"EntryPoint\",\"urlTemplate\":\"https:\/\/www.gaveanews.com\/?s={search_term_string}\"},\"query-input\":{\"@type\":\"PropertyValueSpecification\",\"valueRequired\":true,\"valueName\":\"search_term_string\"}}],\"inLanguage\":\"pt-BR\"},{\"@type\":\"Person\",\"@id\":\"https:\/\/www.gaveanews.com\/#\/schema\/person\/2ec14f73fb96be2caf28f91afb14749d\",\"name\":\"Equipe G\u00e1vea News\",\"image\":{\"@type\":\"ImageObject\",\"inLanguage\":\"pt-BR\",\"@id\":\"https:\/\/www.gaveanews.com\/#\/schema\/person\/image\/\",\"url\":\"https:\/\/secure.gravatar.com\/avatar\/1e1956f1facbffd3f8fa53a326721950116b3b9dc9bd44939c01180fd4a745a9?s=96&d=mm&r=g\",\"contentUrl\":\"https:\/\/secure.gravatar.com\/avatar\/1e1956f1facbffd3f8fa53a326721950116b3b9dc9bd44939c01180fd4a745a9?s=96&d=mm&r=g\",\"caption\":\"Equipe G\u00e1vea News\"}}]}<\/script>\n<!-- \/ Yoast SEO Premium plugin. -->","yoast_head_json":{"title":"Gerente de futebol do Flamengo, Paulo Pelaipe fala sobre o futuro de Jorge Jesus e Gabigol","robots":{"index":"index","follow":"follow","max-snippet":"max-snippet:-1","max-image-preview":"max-image-preview:large","max-video-preview":"max-video-preview:-1"},"canonical":"https:\/\/www.gaveanews.com\/index.php\/2019\/12\/02\/gerente-de-futebol-do-flamengo-paulo-pelaipe-fala-sobre-o-futuro-de-jorge-jesus-e-gabigol\/","og_locale":"pt_BR","og_type":"article","og_title":"Gerente de futebol do Flamengo, Paulo Pelaipe fala sobre o futuro de Jorge Jesus e Gabigol","og_description":"Jorge Jesus tem contrato com o Flamengo at\u00e9 junho de 2020, mas ainda n\u00e3o existe a garantia de que ele permanecer\u00e1 no cargo. O treinador ficou valorizado com os t\u00edtulos da Libertadores da Am\u00e9rica e do Campeonato Brasileiro e tem o desejo de trabalhar num grande clube da Europa, fora de Portugal. Nesta semana, foi [&hellip;]","og_url":"https:\/\/www.gaveanews.com\/index.php\/2019\/12\/02\/gerente-de-futebol-do-flamengo-paulo-pelaipe-fala-sobre-o-futuro-de-jorge-jesus-e-gabigol\/","og_site_name":"G\u00e1vea News","article_publisher":"https:\/\/facebook.com\/gaveaNews\/","article_published_time":"2019-12-02T18:53:46+00:00","og_image":[{"width":901,"height":600,"url":"https:\/\/www.gaveanews.com\/wp-content\/uploads\/2019\/04\/Marcos-braz-esquerda-e-Paulo-Pelaipe-direita-durante-coletiva-de-imprensa-no-Ninho-do-Urubu.webp","type":"image\/jpeg"}],"author":"Equipe G\u00e1vea News","twitter_card":"summary_large_image","twitter_misc":{"Escrito por":"Equipe G\u00e1vea News","Est. tempo de leitura":"1 minuto"},"schema":{"@context":"https:\/\/schema.org","@graph":[{"@type":"NewsArticle","@id":"https:\/\/www.gaveanews.com\/index.php\/2019\/12\/02\/gerente-de-futebol-do-flamengo-paulo-pelaipe-fala-sobre-o-futuro-de-jorge-jesus-e-gabigol\/#article","isPartOf":{"@id":"https:\/\/www.gaveanews.com\/index.php\/2019\/12\/02\/gerente-de-futebol-do-flamengo-paulo-pelaipe-fala-sobre-o-futuro-de-jorge-jesus-e-gabigol\/"},"author":{"name":"Equipe G\u00e1vea News","@id":"https:\/\/www.gaveanews.com\/#\/schema\/person\/2ec14f73fb96be2caf28f91afb14749d"},"headline":"Gerente de futebol do Flamengo, Paulo Pelaipe fala sobre o futuro de Jorge Jesus e Gabigol","datePublished":"2019-12-02T18:53:46+00:00","mainEntityOfPage":{"@id":"https:\/\/www.gaveanews.com\/index.php\/2019\/12\/02\/gerente-de-futebol-do-flamengo-paulo-pelaipe-fala-sobre-o-futuro-de-jorge-jesus-e-gabigol\/"},"wordCount":314,"commentCount":0,"image":{"@id":"https:\/\/www.gaveanews.com\/index.php\/2019\/12\/02\/gerente-de-futebol-do-flamengo-paulo-pelaipe-fala-sobre-o-futuro-de-jorge-jesus-e-gabigol\/#primaryimage"},"thumbnailUrl":"https:\/\/www.gaveanews.com\/wp-content\/uploads\/2019\/04\/Marcos-braz-esquerda-e-Paulo-Pelaipe-direita-durante-coletiva-de-imprensa-no-Ninho-do-Urubu.webp","articleSection":["Flamengo"],"inLanguage":"pt-BR","potentialAction":[{"@type":"CommentAction","name":"Comment","target":["https:\/\/www.gaveanews.com\/index.php\/2019\/12\/02\/gerente-de-futebol-do-flamengo-paulo-pelaipe-fala-sobre-o-futuro-de-jorge-jesus-e-gabigol\/#respond"]}],"copyrightYear":"2019","copyrightHolder":{"@id":"https:\/\/www.gaveanews.com\/#organization"}},{"@type":"WebPage","@id":"https:\/\/www.gaveanews.com\/index.php\/2019\/12\/02\/gerente-de-futebol-do-flamengo-paulo-pelaipe-fala-sobre-o-futuro-de-jorge-jesus-e-gabigol\/","url":"https:\/\/www.gaveanews.com\/index.php\/2019\/12\/02\/gerente-de-futebol-do-flamengo-paulo-pelaipe-fala-sobre-o-futuro-de-jorge-jesus-e-gabigol\/","name":"Gerente de futebol do Flamengo, Paulo Pelaipe fala sobre o futuro de Jorge Jesus e Gabigol","isPartOf":{"@id":"https:\/\/www.gaveanews.com\/#website"},"primaryImageOfPage":{"@id":"https:\/\/www.gaveanews.com\/index.php\/2019\/12\/02\/gerente-de-futebol-do-flamengo-paulo-pelaipe-fala-sobre-o-futuro-de-jorge-jesus-e-gabigol\/#primaryimage"},"image":{"@id":"https:\/\/www.gaveanews.com\/index.php\/2019\/12\/02\/gerente-de-futebol-do-flamengo-paulo-pelaipe-fala-sobre-o-futuro-de-jorge-jesus-e-gabigol\/#primaryimage"},"thumbnailUrl":"https:\/\/www.gaveanews.com\/wp-content\/uploads\/2019\/04\/Marcos-braz-esquerda-e-Paulo-Pelaipe-direita-durante-coletiva-de-imprensa-no-Ninho-do-Urubu.webp","datePublished":"2019-12-02T18:53:46+00:00","author":{"@id":"https:\/\/www.gaveanews.com\/#\/schema\/person\/2ec14f73fb96be2caf28f91afb14749d"},"breadcrumb":{"@id":"https:\/\/www.gaveanews.com\/index.php\/2019\/12\/02\/gerente-de-futebol-do-flamengo-paulo-pelaipe-fala-sobre-o-futuro-de-jorge-jesus-e-gabigol\/#breadcrumb"},"inLanguage":"pt-BR","potentialAction":[{"@type":"ReadAction","target":["https:\/\/www.gaveanews.com\/index.php\/2019\/12\/02\/gerente-de-futebol-do-flamengo-paulo-pelaipe-fala-sobre-o-futuro-de-jorge-jesus-e-gabigol\/"]}]},{"@type":"ImageObject","inLanguage":"pt-BR","@id":"https:\/\/www.gaveanews.com\/index.php\/2019\/12\/02\/gerente-de-futebol-do-flamengo-paulo-pelaipe-fala-sobre-o-futuro-de-jorge-jesus-e-gabigol\/#primaryimage","url":"https:\/\/www.gaveanews.com\/wp-content\/uploads\/2019\/04\/Marcos-braz-esquerda-e-Paulo-Pelaipe-direita-durante-coletiva-de-imprensa-no-Ninho-do-Urubu.webp","contentUrl":"https:\/\/www.gaveanews.com\/wp-content\/uploads\/2019\/04\/Marcos-braz-esquerda-e-Paulo-Pelaipe-direita-durante-coletiva-de-imprensa-no-Ninho-do-Urubu.webp","width":901,"height":600,"caption":"Marcos braz (esquerda) e Paulo Pelaipe (direita) durante coletiva de imprensa no Ninho do Urubu (Foto: Alexandre Vidal\/Flamengo)"},{"@type":"BreadcrumbList","@id":"https:\/\/www.gaveanews.com\/index.php\/2019\/12\/02\/gerente-de-futebol-do-flamengo-paulo-pelaipe-fala-sobre-o-futuro-de-jorge-jesus-e-gabigol\/#breadcrumb","itemListElement":[{"@type":"ListItem","position":1,"name":"Home","item":"https:\/\/www.gaveanews.com\/"},{"@type":"ListItem","position":2,"name":"Gerente de futebol do Flamengo, Paulo Pelaipe fala sobre o futuro de Jorge Jesus e Gabigol"}]},{"@type":"WebSite","@id":"https:\/\/www.gaveanews.com\/#website","url":"https:\/\/www.gaveanews.com\/","name":"G\u00e1vea News","description":"Veja todas as not\u00edcias sobre o Flamengo: Contrata\u00e7\u00f5es, categorias de base, resultados das partidas, tabela de classifica\u00e7\u00e3o, pr\u00f3ximos jogos!","potentialAction":[{"@type":"SearchAction","target":{"@type":"EntryPoint","urlTemplate":"https:\/\/www.gaveanews.com\/?s={search_term_string}"},"query-input":{"@type":"PropertyValueSpecification","valueRequired":true,"valueName":"search_term_string"}}],"inLanguage":"pt-BR"},{"@type":"Person","@id":"https:\/\/www.gaveanews.com\/#\/schema\/person\/2ec14f73fb96be2caf28f91afb14749d","name":"Equipe G\u00e1vea News","image":{"@type":"ImageObject","inLanguage":"pt-BR","@id":"https:\/\/www.gaveanews.com\/#\/schema\/person\/image\/","url":"https:\/\/secure.gravatar.com\/avatar\/1e1956f1facbffd3f8fa53a326721950116b3b9dc9bd44939c01180fd4a745a9?s=96&d=mm&r=g","contentUrl":"https:\/\/secure.gravatar.com\/avatar\/1e1956f1facbffd3f8fa53a326721950116b3b9dc9bd44939c01180fd4a745a9?s=96&d=mm&r=g","caption":"Equipe G\u00e1vea News"}}]}},"_links":{"self":[{"href":"https:\/\/www.gaveanews.com\/index.php\/wp-json\/wp\/v2\/posts\/32908","targetHints":{"allow":["GET"]}}],"collection":[{"href":"https:\/\/www.gaveanews.com\/index.php\/wp-json\/wp\/v2\/posts"}],"about":[{"href":"https:\/\/www.gaveanews.com\/index.php\/wp-json\/wp\/v2\/types\/post"}],"author":[{"embeddable":true,"href":"https:\/\/www.gaveanews.com\/index.php\/wp-json\/wp\/v2\/users\/1"}],"replies":[{"embeddable":true,"href":"https:\/\/www.gaveanews.com\/index.php\/wp-json\/wp\/v2\/comments?post=32908"}],"version-history":[{"count":0,"href":"https:\/\/www.gaveanews.com\/index.php\/wp-json\/wp\/v2\/posts\/32908\/revisions"}],"wp:featuredmedia":[{"embeddable":true,"href":"https:\/\/www.gaveanews.com\/index.php\/wp-json\/wp\/v2\/media\/18124"}],"wp:attachment":[{"href":"https:\/\/www.gaveanews.com\/index.php\/wp-json\/wp\/v2\/media?parent=32908"}],"wp:term":[{"taxonomy":"category","embeddable":true,"href":"https:\/\/www.gaveanews.com\/index.php\/wp-json\/wp\/v2\/categories?post=32908"},{"taxonomy":"post_tag","embeddable":true,"href":"https:\/\/www.gaveanews.com\/index.php\/wp-json\/wp\/v2\/tags?post=32908"}],"curies":[{"name":"wp","href":"https:\/\/api.w.org\/{rel}","templated":true}]}}