{"id":32929,"date":"2019-12-02T20:29:11","date_gmt":"2019-12-02T23:29:11","guid":{"rendered":"http:\/\/www.gaveanews.com\/?p=32929"},"modified":"2019-12-02T20:34:10","modified_gmt":"2019-12-02T23:34:10","slug":"ex-volante-do-flamengo-assiste-final-da-libertadores-durante-a-madrugada-mas-afirma-nao-me-arrependo-da-escolha-que-fiz","status":"publish","type":"post","link":"https:\/\/www.gaveanews.com\/index.php\/2019\/12\/02\/ex-volante-do-flamengo-assiste-final-da-libertadores-durante-a-madrugada-mas-afirma-nao-me-arrependo-da-escolha-que-fiz\/","title":{"rendered":"Ex-volante do Flamengo assiste final da Libertadores durante a madrugada mas afirma: \u201cN\u00e3o me arrependo da escolha que fiz\u201d"},"content":{"rendered":"\n<p>O dia 23 de novembro come\u00e7ou cedo para Gustavo Cu\u00e9llar. Se a pior sensa\u00e7\u00e3o para o jogador de futebol \u00e9 viver a expectativa de ser campe\u00e3o sem poder entrar em campo, o colombiano viveu a experi\u00eancia em dose dupla a partir do momento em que o despertador tocou antes mesmo das 5 horas da manh\u00e3 em Saitama, no Jap\u00e3o. No papel de torcedor, viu o Flamengo vencer a Libertadores e o Al Hilal conquistar a Champions da \u00c1sia.<\/p>\n\n\n\n<p>T\u00edtulos que transformaram o volante em um dos personagens mais badalados das semanas que antecedem o Mundial de Clubes da Fifa, no Qatar. Os \u00e1rabes ser\u00e3o os advers\u00e1rios dos rubro-negros em caso de vit\u00f3ria sobre o Esperance, da Tun\u00edsia, nas quartas de final. Obra de um destino que cruza os caminhos de Cu\u00e9llar e do Flamengo ap\u00f3s uma separa\u00e7\u00e3o conturbada no final de agosto:<\/p>\n\n\n\n<p>\u2014 Na vida, temos que fazer escolhas. N\u00e3o me arrependo da escolha que fiz. Fico muito feliz pelo Flamengo, pelos meus amigos que escreveram hist\u00f3ria em um clube gigantesco e isso que me interessa.<\/p>\n\n\n\n<p>\u2014 Tive o carinho do torcedor enquanto estive no Flamengo, e isso \u00e9 o mais importante. Eles me ajudaram a superar momentos de dificuldades na carreira e tive uma fortaleza para viver grandes momentos no clube.<\/p>\n\n\n\n<p>Em tr\u00eas meses de Al Hilal, Cu\u00e9llar disputou sete partidas, todas pela Liga \u00c1rabe. Sem tempo para ser inscrito na Champions Asi\u00e1tica, esteve no Jap\u00e3o como convidado para a decis\u00e3o contra o Urawa Red Diamonds. A vit\u00f3ria por 2 a 0 colocou o Al Hilal no Mundial, e garantiu a segunda festa daquele s\u00e1bado para o colombiano.<\/p>\n\n\n\n<p>Por conta do fuso-hor\u00e1rio, a decis\u00e3o entre Flamengo e River Plate teve in\u00edcio \u00e0s 5h da manh\u00e3 em solo japon\u00eas. N\u00e3o foi empecilho para o ex-rubro-negro que esteve em campo em 10 das 13 partidas na Libertadores e, ao apito final, fez uma postagem parabenizando os ex-companheiros.<\/p>\n\n\n\n<p>\u2014 O sentimento de longe foi de muita felicidade. \u00c9 uma institui\u00e7\u00e3o que trabalhou muito para conquistar isso que est\u00e1 conquistando hoje. Fico muito feliz. Daqui para frente, s\u00f3 vai ter coisa boa para o Flamengo.<\/p>\n\n\n\n<p>Da Ar\u00e1bia Saudita, Cu\u00e9llar atendeu o portal &#8216;<em>Globo Esporte<\/em>&#8216; para falar a expectativa para o Mundial de Clubes, revelar se se sente ou n\u00e3o campe\u00e3o da Am\u00e9rica e avaliar o in\u00edcio no Al Hilal. Confira:<\/p>\n\n\n\n<h4 class=\"wp-block-heading\"><strong>Logo que acabou o jogo, voc\u00ea fez uma postagem parabenizando o Flamengo. Conseguiu acompanhar o jogo?<\/strong><\/h4>\n\n\n\n<p>Fiz essa postagem porque saiu do meu cora\u00e7\u00e3o parabenizar os meus companheiros e, acima de tudo, o Flamengo. N\u00e3o \u00e9 f\u00e1cil ser campe\u00e3o da Libertadores. Ainda mais o caminho que o Flamengo percorreu e como percorreu.<\/p>\n\n\n\n<p>\u2014 Fiquei muito feliz e alegre. Acordei cedo para ver o jogo. Sei que \u00e9 o in\u00edcio de muitos t\u00edtulos. Meus amigos v\u00e3o continuar trabalhando para isso.<\/p>\n\n\n\n<figure class=\"wp-block-image size-large\"><img decoding=\"async\" src=\"https:\/\/s2.glbimg.com\/qaLcANRFnQcYRGhMvtMTeza0Ofo=\/0x0:3543x2362\/1000x0\/smart\/filters:strip_icc()\/s.glbimg.com\/es\/ge\/f\/original\/2019\/08\/28\/dsl_2308.webp\" alt=\"\"\/><figcaption>Jogo contra o Inter, pelas quartas da Libertadores, foi o \u00faltimo de Cu\u00e9llar no Flamengo (Foto: Wesley Santos\/Ag\u00eancia Pressdigital)<\/figcaption><\/figure>\n\n\n\n<h4 class=\"wp-block-heading\"><strong>Voc\u00ea esteve em campo em dez dos 13 jogos do Flamengo na Libertadores. Se sente campe\u00e3o?<\/strong><\/h4>\n\n\n\n<p>Fiz parte, sim, de alguns jogos da Libertadores. Sinto que contribu\u00ed de alguma maneira para este t\u00edtulo, mas nos jogos mais decisivos eu n\u00e3o estive presente. Ent\u00e3o, \u00e9 total m\u00e9rito dos meus amigos. N\u00e3o \u00e9 f\u00e1cil. Parabenizo mais uma vez ao Flamengo e a eles, que merecem demais esse t\u00edtulo conquistado.<\/p>\n\n\n\n<h4 class=\"wp-block-heading\"><strong>Ainda mant\u00e9m contato com os jogadores do elenco?<\/strong><\/h4>\n\n\n\n<p>Falo muito com meu parceiro, meu amigo Rodinei. Com outros, falo menos, mas tenho contato, sigo nas redes sociais e estou sempre sabendo de tudo que est\u00e1 acontecendo. Foi um momento muito marcante para a institui\u00e7\u00e3o, para os meus amigos.<\/p>\n\n\n\n<h4 class=\"wp-block-heading\"><strong>Como est\u00e1 a adapta\u00e7\u00e3o ao Al Hilal?<\/strong><\/h4>\n\n\n\n<p>Tem sido boa. Fui muito bem recebido pelo torcedor, pelos meus companheiros. Tem sido uma experi\u00eancia muito boa. \u00c9 um pa\u00eds tem mudado muito a cultura, isso ajuda muito na adapta\u00e7\u00e3o. Tamb\u00e9m tem jogadores que falam espanhol, portugu\u00eas, e isso ajuda.<\/p>\n\n\n\n<figure class=\"wp-block-image size-large\"><img decoding=\"async\" src=\"https:\/\/s2.glbimg.com\/yuis2OVuC1K4fK3eWnvt21kONSE=\/0x0:2000x1333\/1000x0\/smart\/filters:strip_icc()\/s.glbimg.com\/es\/ge\/f\/original\/2019\/10\/28\/ehvelufwkaaa1q8_oWHH2xN.webp\" alt=\"\"\/><figcaption>Cuellar durante coletiva de imprensa do Al Hilal (Foto: Divulga\u00e7\u00e3o\/Al Hilal FC)<\/figcaption><\/figure>\n\n\n\n<h4 class=\"wp-block-heading\"><strong>O clube foi campe\u00e3o asi\u00e1tico, mas voc\u00ea n\u00e3o entrou em campo\u2026<\/strong><\/h4>\n\n\n\n<p>Sim. Na Champions, h\u00e1 um limite. Quando cheguei, tinha encerrado a inscri\u00e7\u00e3o para as quartas de final e para semifinal. Fica para o Mundial, se Deus quiser.<\/p>\n\n\n\n<h4 class=\"wp-block-heading\"><strong>Mundial onde o Al Hilal est\u00e1 a uma vit\u00f3ria do seu reencontro com o Flamengo\u2026<\/strong><\/h4>\n\n\n\n<p>Ficaria muito feliz de encontrar meus companheiros l\u00e1, dar um abra\u00e7o, falar que estou com saudades de pessoas que me ajudaram muito no Flamengo. Vai ser muito lindo. Tomara que nos encontremos na semifinal e que ganhe o melhor.<\/p>\n\n\n\n<p>\u2014 Estou defendendo meu novo clube, vou trabalhar para o Hilal. Se o Hilal n\u00e3o vencer, obviamente vou torcer para o Flamengo ganhar o Mundial.<\/p>\n\n\n\n<p>Retirado de: Globo Esporte<\/p>\n","protected":false},"excerpt":{"rendered":"<p>O dia 23 de novembro come\u00e7ou cedo para Gustavo Cu\u00e9llar. Se a pior sensa\u00e7\u00e3o para o jogador de futebol \u00e9 viver a expectativa de ser campe\u00e3o sem poder entrar em campo, o colombiano viveu a experi\u00eancia em dose dupla a partir do momento em que o despertador tocou antes mesmo das 5 horas da manh\u00e3 [&hellip;]<\/p>\n","protected":false},"author":1,"featured_media":32930,"comment_status":"open","ping_status":"open","sticky":false,"template":"","format":"standard","meta":{"footnotes":""},"categories":[47],"tags":[],"class_list":["post-32929","post","type-post","status-publish","format-standard","has-post-thumbnail","hentry","category-destaques"],"yoast_head":"<!-- This site is optimized with the Yoast SEO Premium plugin v24.2 (Yoast SEO v26.9) - https:\/\/yoast.com\/product\/yoast-seo-premium-wordpress\/ -->\n<title>Ex-volante do Flamengo assiste final da Libertadores durante a madrugada mas afirma: \u201cN\u00e3o me arrependo da escolha que fiz\u201d<\/title>\n<meta name=\"robots\" content=\"index, follow, max-snippet:-1, max-image-preview:large, max-video-preview:-1\" \/>\n<link rel=\"canonical\" href=\"https:\/\/www.gaveanews.com\/index.php\/2019\/12\/02\/ex-volante-do-flamengo-assiste-final-da-libertadores-durante-a-madrugada-mas-afirma-nao-me-arrependo-da-escolha-que-fiz\/\" \/>\n<meta property=\"og:locale\" content=\"pt_BR\" \/>\n<meta property=\"og:type\" content=\"article\" \/>\n<meta property=\"og:title\" content=\"Ex-volante do Flamengo assiste final da Libertadores durante a madrugada mas afirma: \u201cN\u00e3o me arrependo da escolha que fiz\u201d\" \/>\n<meta property=\"og:description\" content=\"O dia 23 de novembro come\u00e7ou cedo para Gustavo Cu\u00e9llar. Se a pior sensa\u00e7\u00e3o para o jogador de futebol \u00e9 viver a expectativa de ser campe\u00e3o sem poder entrar em campo, o colombiano viveu a experi\u00eancia em dose dupla a partir do momento em que o despertador tocou antes mesmo das 5 horas da manh\u00e3 [&hellip;]\" \/>\n<meta property=\"og:url\" content=\"https:\/\/www.gaveanews.com\/index.php\/2019\/12\/02\/ex-volante-do-flamengo-assiste-final-da-libertadores-durante-a-madrugada-mas-afirma-nao-me-arrependo-da-escolha-que-fiz\/\" \/>\n<meta property=\"og:site_name\" content=\"G\u00e1vea News\" \/>\n<meta property=\"article:publisher\" content=\"https:\/\/facebook.com\/gaveaNews\/\" \/>\n<meta property=\"article:published_time\" content=\"2019-12-02T23:29:11+00:00\" \/>\n<meta property=\"article:modified_time\" content=\"2019-12-02T23:34:10+00:00\" \/>\n<meta property=\"og:image\" content=\"https:\/\/www.gaveanews.com\/wp-content\/uploads\/Cuellar-em-acao-pelo-Al-Hilal.webp\" \/>\n\t<meta property=\"og:image:width\" content=\"1\" \/>\n\t<meta property=\"og:image:height\" content=\"1\" \/>\n\t<meta property=\"og:image:type\" content=\"image\/jpeg\" \/>\n<meta name=\"author\" content=\"Equipe G\u00e1vea News\" \/>\n<meta name=\"twitter:card\" content=\"summary_large_image\" \/>\n<meta name=\"twitter:label1\" content=\"Escrito por\" \/>\n\t<meta name=\"twitter:data1\" content=\"Equipe G\u00e1vea News\" \/>\n\t<meta name=\"twitter:label2\" content=\"Est. tempo de leitura\" \/>\n\t<meta name=\"twitter:data2\" content=\"4 minutos\" \/>\n<script type=\"application\/ld+json\" class=\"yoast-schema-graph\">{\"@context\":\"https:\/\/schema.org\",\"@graph\":[{\"@type\":\"NewsArticle\",\"@id\":\"https:\/\/www.gaveanews.com\/index.php\/2019\/12\/02\/ex-volante-do-flamengo-assiste-final-da-libertadores-durante-a-madrugada-mas-afirma-nao-me-arrependo-da-escolha-que-fiz\/#article\",\"isPartOf\":{\"@id\":\"https:\/\/www.gaveanews.com\/index.php\/2019\/12\/02\/ex-volante-do-flamengo-assiste-final-da-libertadores-durante-a-madrugada-mas-afirma-nao-me-arrependo-da-escolha-que-fiz\/\"},\"author\":{\"name\":\"Equipe G\u00e1vea News\",\"@id\":\"https:\/\/www.gaveanews.com\/#\/schema\/person\/2ec14f73fb96be2caf28f91afb14749d\"},\"headline\":\"Ex-volante do Flamengo assiste final da Libertadores durante a madrugada mas afirma: \u201cN\u00e3o me arrependo da escolha que fiz\u201d\",\"datePublished\":\"2019-12-02T23:29:11+00:00\",\"dateModified\":\"2019-12-02T23:34:10+00:00\",\"mainEntityOfPage\":{\"@id\":\"https:\/\/www.gaveanews.com\/index.php\/2019\/12\/02\/ex-volante-do-flamengo-assiste-final-da-libertadores-durante-a-madrugada-mas-afirma-nao-me-arrependo-da-escolha-que-fiz\/\"},\"wordCount\":851,\"commentCount\":0,\"image\":{\"@id\":\"https:\/\/www.gaveanews.com\/index.php\/2019\/12\/02\/ex-volante-do-flamengo-assiste-final-da-libertadores-durante-a-madrugada-mas-afirma-nao-me-arrependo-da-escolha-que-fiz\/#primaryimage\"},\"thumbnailUrl\":\"https:\/\/www.gaveanews.com\/wp-content\/uploads\/Cuellar-em-acao-pelo-Al-Hilal.webp\",\"articleSection\":[\"Destaques\"],\"inLanguage\":\"pt-BR\",\"potentialAction\":[{\"@type\":\"CommentAction\",\"name\":\"Comment\",\"target\":[\"https:\/\/www.gaveanews.com\/index.php\/2019\/12\/02\/ex-volante-do-flamengo-assiste-final-da-libertadores-durante-a-madrugada-mas-afirma-nao-me-arrependo-da-escolha-que-fiz\/#respond\"]}],\"copyrightYear\":\"2019\",\"copyrightHolder\":{\"@id\":\"https:\/\/www.gaveanews.com\/#organization\"}},{\"@type\":\"WebPage\",\"@id\":\"https:\/\/www.gaveanews.com\/index.php\/2019\/12\/02\/ex-volante-do-flamengo-assiste-final-da-libertadores-durante-a-madrugada-mas-afirma-nao-me-arrependo-da-escolha-que-fiz\/\",\"url\":\"https:\/\/www.gaveanews.com\/index.php\/2019\/12\/02\/ex-volante-do-flamengo-assiste-final-da-libertadores-durante-a-madrugada-mas-afirma-nao-me-arrependo-da-escolha-que-fiz\/\",\"name\":\"Ex-volante do Flamengo assiste final da Libertadores durante a madrugada mas afirma: \u201cN\u00e3o me arrependo da escolha que fiz\u201d\",\"isPartOf\":{\"@id\":\"https:\/\/www.gaveanews.com\/#website\"},\"primaryImageOfPage\":{\"@id\":\"https:\/\/www.gaveanews.com\/index.php\/2019\/12\/02\/ex-volante-do-flamengo-assiste-final-da-libertadores-durante-a-madrugada-mas-afirma-nao-me-arrependo-da-escolha-que-fiz\/#primaryimage\"},\"image\":{\"@id\":\"https:\/\/www.gaveanews.com\/index.php\/2019\/12\/02\/ex-volante-do-flamengo-assiste-final-da-libertadores-durante-a-madrugada-mas-afirma-nao-me-arrependo-da-escolha-que-fiz\/#primaryimage\"},\"thumbnailUrl\":\"https:\/\/www.gaveanews.com\/wp-content\/uploads\/Cuellar-em-acao-pelo-Al-Hilal.webp\",\"datePublished\":\"2019-12-02T23:29:11+00:00\",\"dateModified\":\"2019-12-02T23:34:10+00:00\",\"author\":{\"@id\":\"https:\/\/www.gaveanews.com\/#\/schema\/person\/2ec14f73fb96be2caf28f91afb14749d\"},\"breadcrumb\":{\"@id\":\"https:\/\/www.gaveanews.com\/index.php\/2019\/12\/02\/ex-volante-do-flamengo-assiste-final-da-libertadores-durante-a-madrugada-mas-afirma-nao-me-arrependo-da-escolha-que-fiz\/#breadcrumb\"},\"inLanguage\":\"pt-BR\",\"potentialAction\":[{\"@type\":\"ReadAction\",\"target\":[\"https:\/\/www.gaveanews.com\/index.php\/2019\/12\/02\/ex-volante-do-flamengo-assiste-final-da-libertadores-durante-a-madrugada-mas-afirma-nao-me-arrependo-da-escolha-que-fiz\/\"]}]},{\"@type\":\"ImageObject\",\"inLanguage\":\"pt-BR\",\"@id\":\"https:\/\/www.gaveanews.com\/index.php\/2019\/12\/02\/ex-volante-do-flamengo-assiste-final-da-libertadores-durante-a-madrugada-mas-afirma-nao-me-arrependo-da-escolha-que-fiz\/#primaryimage\",\"url\":\"https:\/\/www.gaveanews.com\/wp-content\/uploads\/Cuellar-em-acao-pelo-Al-Hilal.webp\",\"contentUrl\":\"https:\/\/www.gaveanews.com\/wp-content\/uploads\/Cuellar-em-acao-pelo-Al-Hilal.webp\",\"caption\":\"Cuellar em a\u00e7\u00e3o pelo Al Hilal (Foto: Divulga\u00e7\u00e3o\/Al Hilal FC)\"},{\"@type\":\"BreadcrumbList\",\"@id\":\"https:\/\/www.gaveanews.com\/index.php\/2019\/12\/02\/ex-volante-do-flamengo-assiste-final-da-libertadores-durante-a-madrugada-mas-afirma-nao-me-arrependo-da-escolha-que-fiz\/#breadcrumb\",\"itemListElement\":[{\"@type\":\"ListItem\",\"position\":1,\"name\":\"Home\",\"item\":\"https:\/\/www.gaveanews.com\/\"},{\"@type\":\"ListItem\",\"position\":2,\"name\":\"Ex-volante do Flamengo assiste final da Libertadores durante a madrugada mas afirma: \u201cN\u00e3o me arrependo da escolha que fiz\u201d\"}]},{\"@type\":\"WebSite\",\"@id\":\"https:\/\/www.gaveanews.com\/#website\",\"url\":\"https:\/\/www.gaveanews.com\/\",\"name\":\"G\u00e1vea News\",\"description\":\"Veja todas as not\u00edcias sobre o Flamengo: Contrata\u00e7\u00f5es, categorias de base, resultados das partidas, tabela de classifica\u00e7\u00e3o, pr\u00f3ximos jogos!\",\"potentialAction\":[{\"@type\":\"SearchAction\",\"target\":{\"@type\":\"EntryPoint\",\"urlTemplate\":\"https:\/\/www.gaveanews.com\/?s={search_term_string}\"},\"query-input\":{\"@type\":\"PropertyValueSpecification\",\"valueRequired\":true,\"valueName\":\"search_term_string\"}}],\"inLanguage\":\"pt-BR\"},{\"@type\":\"Person\",\"@id\":\"https:\/\/www.gaveanews.com\/#\/schema\/person\/2ec14f73fb96be2caf28f91afb14749d\",\"name\":\"Equipe G\u00e1vea News\",\"image\":{\"@type\":\"ImageObject\",\"inLanguage\":\"pt-BR\",\"@id\":\"https:\/\/www.gaveanews.com\/#\/schema\/person\/image\/\",\"url\":\"https:\/\/secure.gravatar.com\/avatar\/1e1956f1facbffd3f8fa53a326721950116b3b9dc9bd44939c01180fd4a745a9?s=96&d=mm&r=g\",\"contentUrl\":\"https:\/\/secure.gravatar.com\/avatar\/1e1956f1facbffd3f8fa53a326721950116b3b9dc9bd44939c01180fd4a745a9?s=96&d=mm&r=g\",\"caption\":\"Equipe G\u00e1vea News\"}}]}<\/script>\n<!-- \/ Yoast SEO Premium plugin. -->","yoast_head_json":{"title":"Ex-volante do Flamengo assiste final da Libertadores durante a madrugada mas afirma: \u201cN\u00e3o me arrependo da escolha que fiz\u201d","robots":{"index":"index","follow":"follow","max-snippet":"max-snippet:-1","max-image-preview":"max-image-preview:large","max-video-preview":"max-video-preview:-1"},"canonical":"https:\/\/www.gaveanews.com\/index.php\/2019\/12\/02\/ex-volante-do-flamengo-assiste-final-da-libertadores-durante-a-madrugada-mas-afirma-nao-me-arrependo-da-escolha-que-fiz\/","og_locale":"pt_BR","og_type":"article","og_title":"Ex-volante do Flamengo assiste final da Libertadores durante a madrugada mas afirma: \u201cN\u00e3o me arrependo da escolha que fiz\u201d","og_description":"O dia 23 de novembro come\u00e7ou cedo para Gustavo Cu\u00e9llar. Se a pior sensa\u00e7\u00e3o para o jogador de futebol \u00e9 viver a expectativa de ser campe\u00e3o sem poder entrar em campo, o colombiano viveu a experi\u00eancia em dose dupla a partir do momento em que o despertador tocou antes mesmo das 5 horas da manh\u00e3 [&hellip;]","og_url":"https:\/\/www.gaveanews.com\/index.php\/2019\/12\/02\/ex-volante-do-flamengo-assiste-final-da-libertadores-durante-a-madrugada-mas-afirma-nao-me-arrependo-da-escolha-que-fiz\/","og_site_name":"G\u00e1vea News","article_publisher":"https:\/\/facebook.com\/gaveaNews\/","article_published_time":"2019-12-02T23:29:11+00:00","article_modified_time":"2019-12-02T23:34:10+00:00","og_image":[{"url":"https:\/\/www.gaveanews.com\/wp-content\/uploads\/Cuellar-em-acao-pelo-Al-Hilal.webp","width":1,"height":1,"type":"image\/jpeg"}],"author":"Equipe G\u00e1vea News","twitter_card":"summary_large_image","twitter_misc":{"Escrito por":"Equipe G\u00e1vea News","Est. tempo de leitura":"4 minutos"},"schema":{"@context":"https:\/\/schema.org","@graph":[{"@type":"NewsArticle","@id":"https:\/\/www.gaveanews.com\/index.php\/2019\/12\/02\/ex-volante-do-flamengo-assiste-final-da-libertadores-durante-a-madrugada-mas-afirma-nao-me-arrependo-da-escolha-que-fiz\/#article","isPartOf":{"@id":"https:\/\/www.gaveanews.com\/index.php\/2019\/12\/02\/ex-volante-do-flamengo-assiste-final-da-libertadores-durante-a-madrugada-mas-afirma-nao-me-arrependo-da-escolha-que-fiz\/"},"author":{"name":"Equipe G\u00e1vea News","@id":"https:\/\/www.gaveanews.com\/#\/schema\/person\/2ec14f73fb96be2caf28f91afb14749d"},"headline":"Ex-volante do Flamengo assiste final da Libertadores durante a madrugada mas afirma: \u201cN\u00e3o me arrependo da escolha que fiz\u201d","datePublished":"2019-12-02T23:29:11+00:00","dateModified":"2019-12-02T23:34:10+00:00","mainEntityOfPage":{"@id":"https:\/\/www.gaveanews.com\/index.php\/2019\/12\/02\/ex-volante-do-flamengo-assiste-final-da-libertadores-durante-a-madrugada-mas-afirma-nao-me-arrependo-da-escolha-que-fiz\/"},"wordCount":851,"commentCount":0,"image":{"@id":"https:\/\/www.gaveanews.com\/index.php\/2019\/12\/02\/ex-volante-do-flamengo-assiste-final-da-libertadores-durante-a-madrugada-mas-afirma-nao-me-arrependo-da-escolha-que-fiz\/#primaryimage"},"thumbnailUrl":"https:\/\/www.gaveanews.com\/wp-content\/uploads\/Cuellar-em-acao-pelo-Al-Hilal.webp","articleSection":["Destaques"],"inLanguage":"pt-BR","potentialAction":[{"@type":"CommentAction","name":"Comment","target":["https:\/\/www.gaveanews.com\/index.php\/2019\/12\/02\/ex-volante-do-flamengo-assiste-final-da-libertadores-durante-a-madrugada-mas-afirma-nao-me-arrependo-da-escolha-que-fiz\/#respond"]}],"copyrightYear":"2019","copyrightHolder":{"@id":"https:\/\/www.gaveanews.com\/#organization"}},{"@type":"WebPage","@id":"https:\/\/www.gaveanews.com\/index.php\/2019\/12\/02\/ex-volante-do-flamengo-assiste-final-da-libertadores-durante-a-madrugada-mas-afirma-nao-me-arrependo-da-escolha-que-fiz\/","url":"https:\/\/www.gaveanews.com\/index.php\/2019\/12\/02\/ex-volante-do-flamengo-assiste-final-da-libertadores-durante-a-madrugada-mas-afirma-nao-me-arrependo-da-escolha-que-fiz\/","name":"Ex-volante do Flamengo assiste final da Libertadores durante a madrugada mas afirma: \u201cN\u00e3o me arrependo da escolha que fiz\u201d","isPartOf":{"@id":"https:\/\/www.gaveanews.com\/#website"},"primaryImageOfPage":{"@id":"https:\/\/www.gaveanews.com\/index.php\/2019\/12\/02\/ex-volante-do-flamengo-assiste-final-da-libertadores-durante-a-madrugada-mas-afirma-nao-me-arrependo-da-escolha-que-fiz\/#primaryimage"},"image":{"@id":"https:\/\/www.gaveanews.com\/index.php\/2019\/12\/02\/ex-volante-do-flamengo-assiste-final-da-libertadores-durante-a-madrugada-mas-afirma-nao-me-arrependo-da-escolha-que-fiz\/#primaryimage"},"thumbnailUrl":"https:\/\/www.gaveanews.com\/wp-content\/uploads\/Cuellar-em-acao-pelo-Al-Hilal.webp","datePublished":"2019-12-02T23:29:11+00:00","dateModified":"2019-12-02T23:34:10+00:00","author":{"@id":"https:\/\/www.gaveanews.com\/#\/schema\/person\/2ec14f73fb96be2caf28f91afb14749d"},"breadcrumb":{"@id":"https:\/\/www.gaveanews.com\/index.php\/2019\/12\/02\/ex-volante-do-flamengo-assiste-final-da-libertadores-durante-a-madrugada-mas-afirma-nao-me-arrependo-da-escolha-que-fiz\/#breadcrumb"},"inLanguage":"pt-BR","potentialAction":[{"@type":"ReadAction","target":["https:\/\/www.gaveanews.com\/index.php\/2019\/12\/02\/ex-volante-do-flamengo-assiste-final-da-libertadores-durante-a-madrugada-mas-afirma-nao-me-arrependo-da-escolha-que-fiz\/"]}]},{"@type":"ImageObject","inLanguage":"pt-BR","@id":"https:\/\/www.gaveanews.com\/index.php\/2019\/12\/02\/ex-volante-do-flamengo-assiste-final-da-libertadores-durante-a-madrugada-mas-afirma-nao-me-arrependo-da-escolha-que-fiz\/#primaryimage","url":"https:\/\/www.gaveanews.com\/wp-content\/uploads\/Cuellar-em-acao-pelo-Al-Hilal.webp","contentUrl":"https:\/\/www.gaveanews.com\/wp-content\/uploads\/Cuellar-em-acao-pelo-Al-Hilal.webp","caption":"Cuellar em a\u00e7\u00e3o pelo Al Hilal (Foto: Divulga\u00e7\u00e3o\/Al Hilal FC)"},{"@type":"BreadcrumbList","@id":"https:\/\/www.gaveanews.com\/index.php\/2019\/12\/02\/ex-volante-do-flamengo-assiste-final-da-libertadores-durante-a-madrugada-mas-afirma-nao-me-arrependo-da-escolha-que-fiz\/#breadcrumb","itemListElement":[{"@type":"ListItem","position":1,"name":"Home","item":"https:\/\/www.gaveanews.com\/"},{"@type":"ListItem","position":2,"name":"Ex-volante do Flamengo assiste final da Libertadores durante a madrugada mas afirma: \u201cN\u00e3o me arrependo da escolha que fiz\u201d"}]},{"@type":"WebSite","@id":"https:\/\/www.gaveanews.com\/#website","url":"https:\/\/www.gaveanews.com\/","name":"G\u00e1vea News","description":"Veja todas as not\u00edcias sobre o Flamengo: Contrata\u00e7\u00f5es, categorias de base, resultados das partidas, tabela de classifica\u00e7\u00e3o, pr\u00f3ximos jogos!","potentialAction":[{"@type":"SearchAction","target":{"@type":"EntryPoint","urlTemplate":"https:\/\/www.gaveanews.com\/?s={search_term_string}"},"query-input":{"@type":"PropertyValueSpecification","valueRequired":true,"valueName":"search_term_string"}}],"inLanguage":"pt-BR"},{"@type":"Person","@id":"https:\/\/www.gaveanews.com\/#\/schema\/person\/2ec14f73fb96be2caf28f91afb14749d","name":"Equipe G\u00e1vea News","image":{"@type":"ImageObject","inLanguage":"pt-BR","@id":"https:\/\/www.gaveanews.com\/#\/schema\/person\/image\/","url":"https:\/\/secure.gravatar.com\/avatar\/1e1956f1facbffd3f8fa53a326721950116b3b9dc9bd44939c01180fd4a745a9?s=96&d=mm&r=g","contentUrl":"https:\/\/secure.gravatar.com\/avatar\/1e1956f1facbffd3f8fa53a326721950116b3b9dc9bd44939c01180fd4a745a9?s=96&d=mm&r=g","caption":"Equipe G\u00e1vea News"}}]}},"_links":{"self":[{"href":"https:\/\/www.gaveanews.com\/index.php\/wp-json\/wp\/v2\/posts\/32929","targetHints":{"allow":["GET"]}}],"collection":[{"href":"https:\/\/www.gaveanews.com\/index.php\/wp-json\/wp\/v2\/posts"}],"about":[{"href":"https:\/\/www.gaveanews.com\/index.php\/wp-json\/wp\/v2\/types\/post"}],"author":[{"embeddable":true,"href":"https:\/\/www.gaveanews.com\/index.php\/wp-json\/wp\/v2\/users\/1"}],"replies":[{"embeddable":true,"href":"https:\/\/www.gaveanews.com\/index.php\/wp-json\/wp\/v2\/comments?post=32929"}],"version-history":[{"count":0,"href":"https:\/\/www.gaveanews.com\/index.php\/wp-json\/wp\/v2\/posts\/32929\/revisions"}],"wp:featuredmedia":[{"embeddable":true,"href":"https:\/\/www.gaveanews.com\/index.php\/wp-json\/wp\/v2\/media\/32930"}],"wp:attachment":[{"href":"https:\/\/www.gaveanews.com\/index.php\/wp-json\/wp\/v2\/media?parent=32929"}],"wp:term":[{"taxonomy":"category","embeddable":true,"href":"https:\/\/www.gaveanews.com\/index.php\/wp-json\/wp\/v2\/categories?post=32929"},{"taxonomy":"post_tag","embeddable":true,"href":"https:\/\/www.gaveanews.com\/index.php\/wp-json\/wp\/v2\/tags?post=32929"}],"curies":[{"name":"wp","href":"https:\/\/api.w.org\/{rel}","templated":true}]}}