{"id":33178,"date":"2019-12-05T16:59:18","date_gmt":"2019-12-05T19:59:18","guid":{"rendered":"http:\/\/www.gaveanews.com\/?p=33178"},"modified":"2021-08-12T00:44:09","modified_gmt":"2021-08-12T03:44:09","slug":"flamengo-e-denunciado-pela-conmebol-devido-a-final-da-copa-libertadores-da-america","status":"publish","type":"post","link":"https:\/\/www.gaveanews.com\/index.php\/2019\/12\/05\/flamengo-e-denunciado-pela-conmebol-devido-a-final-da-copa-libertadores-da-america\/","title":{"rendered":"Flamengo \u00e9 denunciado pela Conmebol devido a final da Copa Libertadores da Am\u00e9rica"},"content":{"rendered":"\n<p>O Flamengo foi notificado pela Conmebol e ter\u00e1 de responder pela entrada de crian\u00e7as no campo do Monumental, palco da decis\u00e3o da Libertadores, que aconteceu em Lima, no Peru. Durante a comemora\u00e7\u00e3o e a festa do t\u00edtulo, meninos e meninas, grande parte familiares dos jogadores, entraram no gramado, viola\u00e7\u00e3o prevista nos regulamentos da entidade. O time comandado pelo t\u00e9cnico Jorge Jesus venceu por 2 a 1, de virada.<\/p>\n\n\n\n<p>O mais prov\u00e1vel \u00e9 que o Rubro-Negro leve uma multa no valor de 15 mil d\u00f3lares (R$ 62,7 mil), j\u00e1 que foi a primeira infra\u00e7\u00e3o do Flamengo neste sentido. A Unidade Disciplinar poderia at\u00e9 adotar penas mais pesadas, mas \u00e9 improv\u00e1vel que imponha aos atuais campe\u00f5es uma pena maior que um &#8220;castigo&#8221; financeiro.<\/p>\n\n\n\n<p>Campe\u00e3o da Libertadores, a equipe estreia no Mundial de Clubes no dia 17, contra o vencedor do duelo entre Al Hilal, da Ar\u00e1bia Saudita, ou Esp\u00e9rance, da Tun\u00edsia. Caso chegue \u00e0 decis\u00e3o, o luta pelo t\u00edtulo ser\u00e1 no dia 21.<\/p>\n\n\n\n<p>Logo mais, pelo Campeonato Brasileiro, o j\u00e1 campe\u00e3o Flamengo encara o Ava\u00ed, que est\u00e1 matematicamente rebaixado. No domingo, pela \u00faltima rodada da competi\u00e7\u00e3o nacional, o time visita o Santos, na Vila Belmiro.<br><\/p>\n\n\n\n<figure class=\"wp-block-image size-large\"><img decoding=\"async\" src=\"https:\/\/observatoriodatelevisao.bol.uol.com.br\/wp-content\/uploads\/2019\/11\/jogadores-do-flamengo-erguem-taca-da-libertadores-1574549174067_v2_1920x1395-1024x744.webp\" alt=\"\"\/><figcaption>No momento em que a ta\u00e7a foi levantada, \u00e9 poss\u00edvel notar alguns crian\u00e7as juntamente com os jogadores (Foto: Divulga\u00e7\u00e3o)<\/figcaption><\/figure>\n\n\n\n<p>Retirado de: UOL<\/p>\n","protected":false},"excerpt":{"rendered":"<p>O Flamengo foi notificado pela Conmebol e ter\u00e1 de responder pela entrada de crian\u00e7as no campo do Monumental, palco da decis\u00e3o da Libertadores, que aconteceu em Lima, no Peru. Durante a comemora\u00e7\u00e3o e a festa do t\u00edtulo, meninos e meninas, grande parte familiares dos jogadores, entraram no gramado, viola\u00e7\u00e3o prevista nos regulamentos da entidade. O [&hellip;]<\/p>\n","protected":false},"author":2,"featured_media":14851,"comment_status":"open","ping_status":"open","sticky":false,"template":"","format":"standard","meta":{"footnotes":""},"categories":[47],"tags":[],"class_list":["post-33178","post","type-post","status-publish","format-standard","has-post-thumbnail","hentry","category-destaques"],"yoast_head":"<!-- This site is optimized with the Yoast SEO Premium plugin v24.2 (Yoast SEO v26.9) - https:\/\/yoast.com\/product\/yoast-seo-premium-wordpress\/ -->\n<title>Flamengo \u00e9 denunciado pela Conmebol devido a final da Copa Libertadores da Am\u00e9rica<\/title>\n<meta name=\"robots\" content=\"index, follow, max-snippet:-1, max-image-preview:large, max-video-preview:-1\" \/>\n<link rel=\"canonical\" href=\"https:\/\/www.gaveanews.com\/index.php\/2019\/12\/05\/flamengo-e-denunciado-pela-conmebol-devido-a-final-da-copa-libertadores-da-america\/\" \/>\n<meta property=\"og:locale\" content=\"pt_BR\" \/>\n<meta property=\"og:type\" content=\"article\" \/>\n<meta property=\"og:title\" content=\"Flamengo \u00e9 denunciado pela Conmebol devido a final da Copa Libertadores da Am\u00e9rica\" \/>\n<meta property=\"og:description\" content=\"O Flamengo foi notificado pela Conmebol e ter\u00e1 de responder pela entrada de crian\u00e7as no campo do Monumental, palco da decis\u00e3o da Libertadores, que aconteceu em Lima, no Peru. Durante a comemora\u00e7\u00e3o e a festa do t\u00edtulo, meninos e meninas, grande parte familiares dos jogadores, entraram no gramado, viola\u00e7\u00e3o prevista nos regulamentos da entidade. O [&hellip;]\" \/>\n<meta property=\"og:url\" content=\"https:\/\/www.gaveanews.com\/index.php\/2019\/12\/05\/flamengo-e-denunciado-pela-conmebol-devido-a-final-da-copa-libertadores-da-america\/\" \/>\n<meta property=\"og:site_name\" content=\"G\u00e1vea News\" \/>\n<meta property=\"article:publisher\" content=\"https:\/\/facebook.com\/gaveaNews\/\" \/>\n<meta property=\"article:published_time\" content=\"2019-12-05T19:59:18+00:00\" \/>\n<meta property=\"article:modified_time\" content=\"2021-08-12T03:44:09+00:00\" \/>\n<meta property=\"og:image\" content=\"https:\/\/www.gaveanews.com\/wp-content\/uploads\/2019\/03\/Taca-da-Copa-Libertadores-da-America.webp\" \/>\n\t<meta property=\"og:image:width\" content=\"1\" \/>\n\t<meta property=\"og:image:height\" content=\"1\" \/>\n\t<meta property=\"og:image:type\" content=\"image\/jpeg\" \/>\n<meta name=\"author\" content=\"Hugo Nogueira\" \/>\n<meta name=\"twitter:card\" content=\"summary_large_image\" \/>\n<meta name=\"twitter:label1\" content=\"Escrito por\" \/>\n\t<meta name=\"twitter:data1\" content=\"Hugo Nogueira\" \/>\n\t<meta name=\"twitter:label2\" content=\"Est. tempo de leitura\" \/>\n\t<meta name=\"twitter:data2\" content=\"1 minuto\" \/>\n<script type=\"application\/ld+json\" class=\"yoast-schema-graph\">{\"@context\":\"https:\/\/schema.org\",\"@graph\":[{\"@type\":\"NewsArticle\",\"@id\":\"https:\/\/www.gaveanews.com\/index.php\/2019\/12\/05\/flamengo-e-denunciado-pela-conmebol-devido-a-final-da-copa-libertadores-da-america\/#article\",\"isPartOf\":{\"@id\":\"https:\/\/www.gaveanews.com\/index.php\/2019\/12\/05\/flamengo-e-denunciado-pela-conmebol-devido-a-final-da-copa-libertadores-da-america\/\"},\"author\":{\"name\":\"Hugo Nogueira\",\"@id\":\"https:\/\/www.gaveanews.com\/#\/schema\/person\/3a0372021fabaeec4e7e4242cfa27841\"},\"headline\":\"Flamengo \u00e9 denunciado pela Conmebol devido a final da Copa Libertadores da Am\u00e9rica\",\"datePublished\":\"2019-12-05T19:59:18+00:00\",\"dateModified\":\"2021-08-12T03:44:09+00:00\",\"mainEntityOfPage\":{\"@id\":\"https:\/\/www.gaveanews.com\/index.php\/2019\/12\/05\/flamengo-e-denunciado-pela-conmebol-devido-a-final-da-copa-libertadores-da-america\/\"},\"wordCount\":241,\"commentCount\":0,\"image\":{\"@id\":\"https:\/\/www.gaveanews.com\/index.php\/2019\/12\/05\/flamengo-e-denunciado-pela-conmebol-devido-a-final-da-copa-libertadores-da-america\/#primaryimage\"},\"thumbnailUrl\":\"https:\/\/www.gaveanews.com\/wp-content\/uploads\/2019\/03\/Taca-da-Copa-Libertadores-da-America.webp\",\"articleSection\":[\"Destaques\"],\"inLanguage\":\"pt-BR\",\"potentialAction\":[{\"@type\":\"CommentAction\",\"name\":\"Comment\",\"target\":[\"https:\/\/www.gaveanews.com\/index.php\/2019\/12\/05\/flamengo-e-denunciado-pela-conmebol-devido-a-final-da-copa-libertadores-da-america\/#respond\"]}],\"copyrightYear\":\"2019\",\"copyrightHolder\":{\"@id\":\"https:\/\/www.gaveanews.com\/#organization\"}},{\"@type\":\"WebPage\",\"@id\":\"https:\/\/www.gaveanews.com\/index.php\/2019\/12\/05\/flamengo-e-denunciado-pela-conmebol-devido-a-final-da-copa-libertadores-da-america\/\",\"url\":\"https:\/\/www.gaveanews.com\/index.php\/2019\/12\/05\/flamengo-e-denunciado-pela-conmebol-devido-a-final-da-copa-libertadores-da-america\/\",\"name\":\"Flamengo \u00e9 denunciado pela Conmebol devido a final da Copa Libertadores da Am\u00e9rica\",\"isPartOf\":{\"@id\":\"https:\/\/www.gaveanews.com\/#website\"},\"primaryImageOfPage\":{\"@id\":\"https:\/\/www.gaveanews.com\/index.php\/2019\/12\/05\/flamengo-e-denunciado-pela-conmebol-devido-a-final-da-copa-libertadores-da-america\/#primaryimage\"},\"image\":{\"@id\":\"https:\/\/www.gaveanews.com\/index.php\/2019\/12\/05\/flamengo-e-denunciado-pela-conmebol-devido-a-final-da-copa-libertadores-da-america\/#primaryimage\"},\"thumbnailUrl\":\"https:\/\/www.gaveanews.com\/wp-content\/uploads\/2019\/03\/Taca-da-Copa-Libertadores-da-America.webp\",\"datePublished\":\"2019-12-05T19:59:18+00:00\",\"dateModified\":\"2021-08-12T03:44:09+00:00\",\"author\":{\"@id\":\"https:\/\/www.gaveanews.com\/#\/schema\/person\/3a0372021fabaeec4e7e4242cfa27841\"},\"breadcrumb\":{\"@id\":\"https:\/\/www.gaveanews.com\/index.php\/2019\/12\/05\/flamengo-e-denunciado-pela-conmebol-devido-a-final-da-copa-libertadores-da-america\/#breadcrumb\"},\"inLanguage\":\"pt-BR\",\"potentialAction\":[{\"@type\":\"ReadAction\",\"target\":[\"https:\/\/www.gaveanews.com\/index.php\/2019\/12\/05\/flamengo-e-denunciado-pela-conmebol-devido-a-final-da-copa-libertadores-da-america\/\"]}]},{\"@type\":\"ImageObject\",\"inLanguage\":\"pt-BR\",\"@id\":\"https:\/\/www.gaveanews.com\/index.php\/2019\/12\/05\/flamengo-e-denunciado-pela-conmebol-devido-a-final-da-copa-libertadores-da-america\/#primaryimage\",\"url\":\"https:\/\/www.gaveanews.com\/wp-content\/uploads\/2019\/03\/Taca-da-Copa-Libertadores-da-America.webp\",\"contentUrl\":\"https:\/\/www.gaveanews.com\/wp-content\/uploads\/2019\/03\/Taca-da-Copa-Libertadores-da-America.webp\",\"caption\":\"Ta\u00e7a da Copa Libertadores da Am\u00e9rica (Foto: Divulga\u00e7\u00e3o\/Conmebol)\"},{\"@type\":\"BreadcrumbList\",\"@id\":\"https:\/\/www.gaveanews.com\/index.php\/2019\/12\/05\/flamengo-e-denunciado-pela-conmebol-devido-a-final-da-copa-libertadores-da-america\/#breadcrumb\",\"itemListElement\":[{\"@type\":\"ListItem\",\"position\":1,\"name\":\"Home\",\"item\":\"https:\/\/www.gaveanews.com\/\"},{\"@type\":\"ListItem\",\"position\":2,\"name\":\"Flamengo \u00e9 denunciado pela Conmebol devido a final da Copa Libertadores da Am\u00e9rica\"}]},{\"@type\":\"WebSite\",\"@id\":\"https:\/\/www.gaveanews.com\/#website\",\"url\":\"https:\/\/www.gaveanews.com\/\",\"name\":\"G\u00e1vea News\",\"description\":\"Veja todas as not\u00edcias sobre o Flamengo: Contrata\u00e7\u00f5es, categorias de base, resultados das partidas, tabela de classifica\u00e7\u00e3o, pr\u00f3ximos jogos!\",\"potentialAction\":[{\"@type\":\"SearchAction\",\"target\":{\"@type\":\"EntryPoint\",\"urlTemplate\":\"https:\/\/www.gaveanews.com\/?s={search_term_string}\"},\"query-input\":{\"@type\":\"PropertyValueSpecification\",\"valueRequired\":true,\"valueName\":\"search_term_string\"}}],\"inLanguage\":\"pt-BR\"},{\"@type\":\"Person\",\"@id\":\"https:\/\/www.gaveanews.com\/#\/schema\/person\/3a0372021fabaeec4e7e4242cfa27841\",\"name\":\"Hugo Nogueira\",\"image\":{\"@type\":\"ImageObject\",\"inLanguage\":\"pt-BR\",\"@id\":\"https:\/\/www.gaveanews.com\/#\/schema\/person\/image\/\",\"url\":\"https:\/\/secure.gravatar.com\/avatar\/0cdd89f3b47bb55926c08eee2db992845cfdd53f84c9fdd47a49d89b3cd40c0a?s=96&d=mm&r=g\",\"contentUrl\":\"https:\/\/secure.gravatar.com\/avatar\/0cdd89f3b47bb55926c08eee2db992845cfdd53f84c9fdd47a49d89b3cd40c0a?s=96&d=mm&r=g\",\"caption\":\"Hugo Nogueira\"}}]}<\/script>\n<!-- \/ Yoast SEO Premium plugin. -->","yoast_head_json":{"title":"Flamengo \u00e9 denunciado pela Conmebol devido a final da Copa Libertadores da Am\u00e9rica","robots":{"index":"index","follow":"follow","max-snippet":"max-snippet:-1","max-image-preview":"max-image-preview:large","max-video-preview":"max-video-preview:-1"},"canonical":"https:\/\/www.gaveanews.com\/index.php\/2019\/12\/05\/flamengo-e-denunciado-pela-conmebol-devido-a-final-da-copa-libertadores-da-america\/","og_locale":"pt_BR","og_type":"article","og_title":"Flamengo \u00e9 denunciado pela Conmebol devido a final da Copa Libertadores da Am\u00e9rica","og_description":"O Flamengo foi notificado pela Conmebol e ter\u00e1 de responder pela entrada de crian\u00e7as no campo do Monumental, palco da decis\u00e3o da Libertadores, que aconteceu em Lima, no Peru. Durante a comemora\u00e7\u00e3o e a festa do t\u00edtulo, meninos e meninas, grande parte familiares dos jogadores, entraram no gramado, viola\u00e7\u00e3o prevista nos regulamentos da entidade. O [&hellip;]","og_url":"https:\/\/www.gaveanews.com\/index.php\/2019\/12\/05\/flamengo-e-denunciado-pela-conmebol-devido-a-final-da-copa-libertadores-da-america\/","og_site_name":"G\u00e1vea News","article_publisher":"https:\/\/facebook.com\/gaveaNews\/","article_published_time":"2019-12-05T19:59:18+00:00","article_modified_time":"2021-08-12T03:44:09+00:00","og_image":[{"url":"https:\/\/www.gaveanews.com\/wp-content\/uploads\/2019\/03\/Taca-da-Copa-Libertadores-da-America.webp","width":1,"height":1,"type":"image\/jpeg"}],"author":"Hugo Nogueira","twitter_card":"summary_large_image","twitter_misc":{"Escrito por":"Hugo Nogueira","Est. tempo de leitura":"1 minuto"},"schema":{"@context":"https:\/\/schema.org","@graph":[{"@type":"NewsArticle","@id":"https:\/\/www.gaveanews.com\/index.php\/2019\/12\/05\/flamengo-e-denunciado-pela-conmebol-devido-a-final-da-copa-libertadores-da-america\/#article","isPartOf":{"@id":"https:\/\/www.gaveanews.com\/index.php\/2019\/12\/05\/flamengo-e-denunciado-pela-conmebol-devido-a-final-da-copa-libertadores-da-america\/"},"author":{"name":"Hugo Nogueira","@id":"https:\/\/www.gaveanews.com\/#\/schema\/person\/3a0372021fabaeec4e7e4242cfa27841"},"headline":"Flamengo \u00e9 denunciado pela Conmebol devido a final da Copa Libertadores da Am\u00e9rica","datePublished":"2019-12-05T19:59:18+00:00","dateModified":"2021-08-12T03:44:09+00:00","mainEntityOfPage":{"@id":"https:\/\/www.gaveanews.com\/index.php\/2019\/12\/05\/flamengo-e-denunciado-pela-conmebol-devido-a-final-da-copa-libertadores-da-america\/"},"wordCount":241,"commentCount":0,"image":{"@id":"https:\/\/www.gaveanews.com\/index.php\/2019\/12\/05\/flamengo-e-denunciado-pela-conmebol-devido-a-final-da-copa-libertadores-da-america\/#primaryimage"},"thumbnailUrl":"https:\/\/www.gaveanews.com\/wp-content\/uploads\/2019\/03\/Taca-da-Copa-Libertadores-da-America.webp","articleSection":["Destaques"],"inLanguage":"pt-BR","potentialAction":[{"@type":"CommentAction","name":"Comment","target":["https:\/\/www.gaveanews.com\/index.php\/2019\/12\/05\/flamengo-e-denunciado-pela-conmebol-devido-a-final-da-copa-libertadores-da-america\/#respond"]}],"copyrightYear":"2019","copyrightHolder":{"@id":"https:\/\/www.gaveanews.com\/#organization"}},{"@type":"WebPage","@id":"https:\/\/www.gaveanews.com\/index.php\/2019\/12\/05\/flamengo-e-denunciado-pela-conmebol-devido-a-final-da-copa-libertadores-da-america\/","url":"https:\/\/www.gaveanews.com\/index.php\/2019\/12\/05\/flamengo-e-denunciado-pela-conmebol-devido-a-final-da-copa-libertadores-da-america\/","name":"Flamengo \u00e9 denunciado pela Conmebol devido a final da Copa Libertadores da Am\u00e9rica","isPartOf":{"@id":"https:\/\/www.gaveanews.com\/#website"},"primaryImageOfPage":{"@id":"https:\/\/www.gaveanews.com\/index.php\/2019\/12\/05\/flamengo-e-denunciado-pela-conmebol-devido-a-final-da-copa-libertadores-da-america\/#primaryimage"},"image":{"@id":"https:\/\/www.gaveanews.com\/index.php\/2019\/12\/05\/flamengo-e-denunciado-pela-conmebol-devido-a-final-da-copa-libertadores-da-america\/#primaryimage"},"thumbnailUrl":"https:\/\/www.gaveanews.com\/wp-content\/uploads\/2019\/03\/Taca-da-Copa-Libertadores-da-America.webp","datePublished":"2019-12-05T19:59:18+00:00","dateModified":"2021-08-12T03:44:09+00:00","author":{"@id":"https:\/\/www.gaveanews.com\/#\/schema\/person\/3a0372021fabaeec4e7e4242cfa27841"},"breadcrumb":{"@id":"https:\/\/www.gaveanews.com\/index.php\/2019\/12\/05\/flamengo-e-denunciado-pela-conmebol-devido-a-final-da-copa-libertadores-da-america\/#breadcrumb"},"inLanguage":"pt-BR","potentialAction":[{"@type":"ReadAction","target":["https:\/\/www.gaveanews.com\/index.php\/2019\/12\/05\/flamengo-e-denunciado-pela-conmebol-devido-a-final-da-copa-libertadores-da-america\/"]}]},{"@type":"ImageObject","inLanguage":"pt-BR","@id":"https:\/\/www.gaveanews.com\/index.php\/2019\/12\/05\/flamengo-e-denunciado-pela-conmebol-devido-a-final-da-copa-libertadores-da-america\/#primaryimage","url":"https:\/\/www.gaveanews.com\/wp-content\/uploads\/2019\/03\/Taca-da-Copa-Libertadores-da-America.webp","contentUrl":"https:\/\/www.gaveanews.com\/wp-content\/uploads\/2019\/03\/Taca-da-Copa-Libertadores-da-America.webp","caption":"Ta\u00e7a da Copa Libertadores da Am\u00e9rica (Foto: Divulga\u00e7\u00e3o\/Conmebol)"},{"@type":"BreadcrumbList","@id":"https:\/\/www.gaveanews.com\/index.php\/2019\/12\/05\/flamengo-e-denunciado-pela-conmebol-devido-a-final-da-copa-libertadores-da-america\/#breadcrumb","itemListElement":[{"@type":"ListItem","position":1,"name":"Home","item":"https:\/\/www.gaveanews.com\/"},{"@type":"ListItem","position":2,"name":"Flamengo \u00e9 denunciado pela Conmebol devido a final da Copa Libertadores da Am\u00e9rica"}]},{"@type":"WebSite","@id":"https:\/\/www.gaveanews.com\/#website","url":"https:\/\/www.gaveanews.com\/","name":"G\u00e1vea News","description":"Veja todas as not\u00edcias sobre o Flamengo: Contrata\u00e7\u00f5es, categorias de base, resultados das partidas, tabela de classifica\u00e7\u00e3o, pr\u00f3ximos jogos!","potentialAction":[{"@type":"SearchAction","target":{"@type":"EntryPoint","urlTemplate":"https:\/\/www.gaveanews.com\/?s={search_term_string}"},"query-input":{"@type":"PropertyValueSpecification","valueRequired":true,"valueName":"search_term_string"}}],"inLanguage":"pt-BR"},{"@type":"Person","@id":"https:\/\/www.gaveanews.com\/#\/schema\/person\/3a0372021fabaeec4e7e4242cfa27841","name":"Hugo Nogueira","image":{"@type":"ImageObject","inLanguage":"pt-BR","@id":"https:\/\/www.gaveanews.com\/#\/schema\/person\/image\/","url":"https:\/\/secure.gravatar.com\/avatar\/0cdd89f3b47bb55926c08eee2db992845cfdd53f84c9fdd47a49d89b3cd40c0a?s=96&d=mm&r=g","contentUrl":"https:\/\/secure.gravatar.com\/avatar\/0cdd89f3b47bb55926c08eee2db992845cfdd53f84c9fdd47a49d89b3cd40c0a?s=96&d=mm&r=g","caption":"Hugo Nogueira"}}]}},"_links":{"self":[{"href":"https:\/\/www.gaveanews.com\/index.php\/wp-json\/wp\/v2\/posts\/33178","targetHints":{"allow":["GET"]}}],"collection":[{"href":"https:\/\/www.gaveanews.com\/index.php\/wp-json\/wp\/v2\/posts"}],"about":[{"href":"https:\/\/www.gaveanews.com\/index.php\/wp-json\/wp\/v2\/types\/post"}],"author":[{"embeddable":true,"href":"https:\/\/www.gaveanews.com\/index.php\/wp-json\/wp\/v2\/users\/2"}],"replies":[{"embeddable":true,"href":"https:\/\/www.gaveanews.com\/index.php\/wp-json\/wp\/v2\/comments?post=33178"}],"version-history":[{"count":0,"href":"https:\/\/www.gaveanews.com\/index.php\/wp-json\/wp\/v2\/posts\/33178\/revisions"}],"wp:featuredmedia":[{"embeddable":true,"href":"https:\/\/www.gaveanews.com\/index.php\/wp-json\/wp\/v2\/media\/14851"}],"wp:attachment":[{"href":"https:\/\/www.gaveanews.com\/index.php\/wp-json\/wp\/v2\/media?parent=33178"}],"wp:term":[{"taxonomy":"category","embeddable":true,"href":"https:\/\/www.gaveanews.com\/index.php\/wp-json\/wp\/v2\/categories?post=33178"},{"taxonomy":"post_tag","embeddable":true,"href":"https:\/\/www.gaveanews.com\/index.php\/wp-json\/wp\/v2\/tags?post=33178"}],"curies":[{"name":"wp","href":"https:\/\/api.w.org\/{rel}","templated":true}]}}