{"id":33406,"date":"2019-12-09T00:30:00","date_gmt":"2019-12-09T03:30:00","guid":{"rendered":"http:\/\/www.gaveanews.com\/?p=33406"},"modified":"2019-12-08T23:54:41","modified_gmt":"2019-12-09T02:54:41","slug":"apos-partida-contra-o-santos-diego-alves-se-irrita-com-pergunta-de-reporter-do-grupo-globo","status":"publish","type":"post","link":"https:\/\/www.gaveanews.com\/index.php\/2019\/12\/09\/apos-partida-contra-o-santos-diego-alves-se-irrita-com-pergunta-de-reporter-do-grupo-globo\/","title":{"rendered":"Ap\u00f3s partida contra o Santos, Diego Alves se irrita com pergunta de rep\u00f3rter do Grupo Globo"},"content":{"rendered":"\n<p>O Flamengo teve uma de suas piores atua\u00e7\u00f5es sob comando de Jorge Jesus e acabou goleado pelo Santos por 4 a 0, neste domingo, na Vila Belmiro. Ap\u00f3s o duelo, Diego Alves atendeu ao rep\u00f3rter Fernando Saraiva, do &#8216;Grupo Globo&#8217;, e mostrou algum desconforto ao responder sobre a goleada. <\/p>\n\n\n\n<p>\u2014 Vamos l\u00e1. Nos fizemos 90 pontos, batemos todos os recordes, tivemos um ano maravilhoso. \u00c9 muito desgastante, \u00e0s vezes, voc\u00ea ser campe\u00e3o e ter que manter a mesma mentalidade. Talvez a motiva\u00e7\u00e3o do Santos fosse maior do que a nossa. Mas estamos feliz pelo ano, o que esse grupo fez foi hist\u00f3rico, e agora \u00e9 nos preparar porque tem o Mundial. <\/p>\n\n\n\n<p>A entrevista \u00e0 beira do campo seguiu com pergunta sobre como n\u00e3o levar o peso da derrota para o Santos para o Mundial de clubes, no Qatar, e n\u00e3o deixar abalar a confian\u00e7a do Rubro-negro. Diante do questionamento, o goleiro do Flamengo mostrou alguma irrita\u00e7\u00e3o. <\/p>\n\n\n\n<p>\u2014 N\u00e3o \u00e9 um jogo que vai apagar o que a gente fez. At\u00e9 acho estranho ficar perguntando sempre desse jogo. Voc\u00ea tem que ver a temporada como um todo. Talvez a nossa mentalidade n\u00e3o foi a mesma do Santos para esse jogo. Mas independente disso, o ano que a gente fez, melhor ataque, recorde de pontua\u00e7\u00e3o\u2026 Acho que isso n\u00e3o deixa d\u00favidas &#8211; disse Diego Alves. <\/p>\n\n\n\n<p>Entre as coloca\u00e7\u00f5es do flamenguista, Saraiva tentou ponderar. &#8220;O jogo acabou agora, Diego&#8221;, &#8220;levei a temporada como um todo&#8221;, foram algumas das frases ditas pelo rep\u00f3rter. Ap\u00f3s se despedir do camisa 1 e desejar boa sorte ao Flamengo no Mundial, o profissional da &#8220;Globo&#8221; se justificou antes de &#8220;devolver&#8221; para o narrador Gustavo Villani. <\/p>\n\n\n\n<p>\u2014 Parab\u00e9ns ao Flamengo a\u00ed, mas o jogo n\u00e3o foi bom. O que eu posso fazer? &#8211; encerrou Fernando Saraiva. <\/p>\n\n\n\n<p>Retirado de: Lance<\/p>\n","protected":false},"excerpt":{"rendered":"<p>O Flamengo teve uma de suas piores atua\u00e7\u00f5es sob comando de Jorge Jesus e acabou goleado pelo Santos por 4 a 0, neste domingo, na Vila Belmiro. Ap\u00f3s o duelo, Diego Alves atendeu ao rep\u00f3rter Fernando Saraiva, do &#8216;Grupo Globo&#8217;, e mostrou algum desconforto ao responder sobre a goleada. \u2014 Vamos l\u00e1. Nos fizemos 90 [&hellip;]<\/p>\n","protected":false},"author":1,"featured_media":27046,"comment_status":"open","ping_status":"open","sticky":false,"template":"","format":"standard","meta":{"footnotes":""},"categories":[1],"tags":[],"class_list":["post-33406","post","type-post","status-publish","format-standard","has-post-thumbnail","hentry","category-flamengo"],"yoast_head":"<!-- This site is optimized with the Yoast SEO Premium plugin v24.2 (Yoast SEO v26.9) - https:\/\/yoast.com\/product\/yoast-seo-premium-wordpress\/ -->\n<title>Ap\u00f3s partida contra o Santos, Diego Alves se irrita com pergunta de rep\u00f3rter do Grupo Globo<\/title>\n<meta name=\"robots\" content=\"index, follow, max-snippet:-1, max-image-preview:large, max-video-preview:-1\" \/>\n<link rel=\"canonical\" href=\"https:\/\/www.gaveanews.com\/index.php\/2019\/12\/09\/apos-partida-contra-o-santos-diego-alves-se-irrita-com-pergunta-de-reporter-do-grupo-globo\/\" \/>\n<meta property=\"og:locale\" content=\"pt_BR\" \/>\n<meta property=\"og:type\" content=\"article\" \/>\n<meta property=\"og:title\" content=\"Ap\u00f3s partida contra o Santos, Diego Alves se irrita com pergunta de rep\u00f3rter do Grupo Globo\" \/>\n<meta property=\"og:description\" content=\"O Flamengo teve uma de suas piores atua\u00e7\u00f5es sob comando de Jorge Jesus e acabou goleado pelo Santos por 4 a 0, neste domingo, na Vila Belmiro. Ap\u00f3s o duelo, Diego Alves atendeu ao rep\u00f3rter Fernando Saraiva, do &#8216;Grupo Globo&#8217;, e mostrou algum desconforto ao responder sobre a goleada. \u2014 Vamos l\u00e1. Nos fizemos 90 [&hellip;]\" \/>\n<meta property=\"og:url\" content=\"https:\/\/www.gaveanews.com\/index.php\/2019\/12\/09\/apos-partida-contra-o-santos-diego-alves-se-irrita-com-pergunta-de-reporter-do-grupo-globo\/\" \/>\n<meta property=\"og:site_name\" content=\"G\u00e1vea News\" \/>\n<meta property=\"article:publisher\" content=\"https:\/\/facebook.com\/gaveaNews\/\" \/>\n<meta property=\"article:published_time\" content=\"2019-12-09T03:30:00+00:00\" \/>\n<meta property=\"og:image\" content=\"https:\/\/www.gaveanews.com\/wp-content\/uploads\/2019\/09\/Diego-Alves-em-acao-pelo-Flamengo.webp\" \/>\n\t<meta property=\"og:image:width\" content=\"1\" \/>\n\t<meta property=\"og:image:height\" content=\"1\" \/>\n\t<meta property=\"og:image:type\" content=\"image\/jpeg\" \/>\n<meta name=\"author\" content=\"Equipe G\u00e1vea News\" \/>\n<meta name=\"twitter:card\" content=\"summary_large_image\" \/>\n<meta name=\"twitter:label1\" content=\"Escrito por\" \/>\n\t<meta name=\"twitter:data1\" content=\"Equipe G\u00e1vea News\" \/>\n\t<meta name=\"twitter:label2\" content=\"Est. tempo de leitura\" \/>\n\t<meta name=\"twitter:data2\" content=\"2 minutos\" \/>\n<script type=\"application\/ld+json\" class=\"yoast-schema-graph\">{\"@context\":\"https:\/\/schema.org\",\"@graph\":[{\"@type\":\"NewsArticle\",\"@id\":\"https:\/\/www.gaveanews.com\/index.php\/2019\/12\/09\/apos-partida-contra-o-santos-diego-alves-se-irrita-com-pergunta-de-reporter-do-grupo-globo\/#article\",\"isPartOf\":{\"@id\":\"https:\/\/www.gaveanews.com\/index.php\/2019\/12\/09\/apos-partida-contra-o-santos-diego-alves-se-irrita-com-pergunta-de-reporter-do-grupo-globo\/\"},\"author\":{\"name\":\"Equipe G\u00e1vea News\",\"@id\":\"https:\/\/www.gaveanews.com\/#\/schema\/person\/2ec14f73fb96be2caf28f91afb14749d\"},\"headline\":\"Ap\u00f3s partida contra o Santos, Diego Alves se irrita com pergunta de rep\u00f3rter do Grupo Globo\",\"datePublished\":\"2019-12-09T03:30:00+00:00\",\"mainEntityOfPage\":{\"@id\":\"https:\/\/www.gaveanews.com\/index.php\/2019\/12\/09\/apos-partida-contra-o-santos-diego-alves-se-irrita-com-pergunta-de-reporter-do-grupo-globo\/\"},\"wordCount\":327,\"commentCount\":15,\"image\":{\"@id\":\"https:\/\/www.gaveanews.com\/index.php\/2019\/12\/09\/apos-partida-contra-o-santos-diego-alves-se-irrita-com-pergunta-de-reporter-do-grupo-globo\/#primaryimage\"},\"thumbnailUrl\":\"https:\/\/www.gaveanews.com\/wp-content\/uploads\/2019\/09\/Diego-Alves-em-acao-pelo-Flamengo.webp\",\"articleSection\":[\"Flamengo\"],\"inLanguage\":\"pt-BR\",\"potentialAction\":[{\"@type\":\"CommentAction\",\"name\":\"Comment\",\"target\":[\"https:\/\/www.gaveanews.com\/index.php\/2019\/12\/09\/apos-partida-contra-o-santos-diego-alves-se-irrita-com-pergunta-de-reporter-do-grupo-globo\/#respond\"]}],\"copyrightYear\":\"2019\",\"copyrightHolder\":{\"@id\":\"https:\/\/www.gaveanews.com\/#organization\"}},{\"@type\":\"WebPage\",\"@id\":\"https:\/\/www.gaveanews.com\/index.php\/2019\/12\/09\/apos-partida-contra-o-santos-diego-alves-se-irrita-com-pergunta-de-reporter-do-grupo-globo\/\",\"url\":\"https:\/\/www.gaveanews.com\/index.php\/2019\/12\/09\/apos-partida-contra-o-santos-diego-alves-se-irrita-com-pergunta-de-reporter-do-grupo-globo\/\",\"name\":\"Ap\u00f3s partida contra o Santos, Diego Alves se irrita com pergunta de rep\u00f3rter do Grupo Globo\",\"isPartOf\":{\"@id\":\"https:\/\/www.gaveanews.com\/#website\"},\"primaryImageOfPage\":{\"@id\":\"https:\/\/www.gaveanews.com\/index.php\/2019\/12\/09\/apos-partida-contra-o-santos-diego-alves-se-irrita-com-pergunta-de-reporter-do-grupo-globo\/#primaryimage\"},\"image\":{\"@id\":\"https:\/\/www.gaveanews.com\/index.php\/2019\/12\/09\/apos-partida-contra-o-santos-diego-alves-se-irrita-com-pergunta-de-reporter-do-grupo-globo\/#primaryimage\"},\"thumbnailUrl\":\"https:\/\/www.gaveanews.com\/wp-content\/uploads\/2019\/09\/Diego-Alves-em-acao-pelo-Flamengo.webp\",\"datePublished\":\"2019-12-09T03:30:00+00:00\",\"author\":{\"@id\":\"https:\/\/www.gaveanews.com\/#\/schema\/person\/2ec14f73fb96be2caf28f91afb14749d\"},\"breadcrumb\":{\"@id\":\"https:\/\/www.gaveanews.com\/index.php\/2019\/12\/09\/apos-partida-contra-o-santos-diego-alves-se-irrita-com-pergunta-de-reporter-do-grupo-globo\/#breadcrumb\"},\"inLanguage\":\"pt-BR\",\"potentialAction\":[{\"@type\":\"ReadAction\",\"target\":[\"https:\/\/www.gaveanews.com\/index.php\/2019\/12\/09\/apos-partida-contra-o-santos-diego-alves-se-irrita-com-pergunta-de-reporter-do-grupo-globo\/\"]}]},{\"@type\":\"ImageObject\",\"inLanguage\":\"pt-BR\",\"@id\":\"https:\/\/www.gaveanews.com\/index.php\/2019\/12\/09\/apos-partida-contra-o-santos-diego-alves-se-irrita-com-pergunta-de-reporter-do-grupo-globo\/#primaryimage\",\"url\":\"https:\/\/www.gaveanews.com\/wp-content\/uploads\/2019\/09\/Diego-Alves-em-acao-pelo-Flamengo.webp\",\"contentUrl\":\"https:\/\/www.gaveanews.com\/wp-content\/uploads\/2019\/09\/Diego-Alves-em-acao-pelo-Flamengo.webp\",\"caption\":\"Diego Alves em a\u00e7\u00e3o pelo Flamengo (Foto: Alexandre Vidal\/Flamengo)\"},{\"@type\":\"BreadcrumbList\",\"@id\":\"https:\/\/www.gaveanews.com\/index.php\/2019\/12\/09\/apos-partida-contra-o-santos-diego-alves-se-irrita-com-pergunta-de-reporter-do-grupo-globo\/#breadcrumb\",\"itemListElement\":[{\"@type\":\"ListItem\",\"position\":1,\"name\":\"Home\",\"item\":\"https:\/\/www.gaveanews.com\/\"},{\"@type\":\"ListItem\",\"position\":2,\"name\":\"Ap\u00f3s partida contra o Santos, Diego Alves se irrita com pergunta de rep\u00f3rter do Grupo Globo\"}]},{\"@type\":\"WebSite\",\"@id\":\"https:\/\/www.gaveanews.com\/#website\",\"url\":\"https:\/\/www.gaveanews.com\/\",\"name\":\"G\u00e1vea News\",\"description\":\"Veja todas as not\u00edcias sobre o Flamengo: Contrata\u00e7\u00f5es, categorias de base, resultados das partidas, tabela de classifica\u00e7\u00e3o, pr\u00f3ximos jogos!\",\"potentialAction\":[{\"@type\":\"SearchAction\",\"target\":{\"@type\":\"EntryPoint\",\"urlTemplate\":\"https:\/\/www.gaveanews.com\/?s={search_term_string}\"},\"query-input\":{\"@type\":\"PropertyValueSpecification\",\"valueRequired\":true,\"valueName\":\"search_term_string\"}}],\"inLanguage\":\"pt-BR\"},{\"@type\":\"Person\",\"@id\":\"https:\/\/www.gaveanews.com\/#\/schema\/person\/2ec14f73fb96be2caf28f91afb14749d\",\"name\":\"Equipe G\u00e1vea News\",\"image\":{\"@type\":\"ImageObject\",\"inLanguage\":\"pt-BR\",\"@id\":\"https:\/\/www.gaveanews.com\/#\/schema\/person\/image\/\",\"url\":\"https:\/\/secure.gravatar.com\/avatar\/1e1956f1facbffd3f8fa53a326721950116b3b9dc9bd44939c01180fd4a745a9?s=96&d=mm&r=g\",\"contentUrl\":\"https:\/\/secure.gravatar.com\/avatar\/1e1956f1facbffd3f8fa53a326721950116b3b9dc9bd44939c01180fd4a745a9?s=96&d=mm&r=g\",\"caption\":\"Equipe G\u00e1vea News\"}}]}<\/script>\n<!-- \/ Yoast SEO Premium plugin. -->","yoast_head_json":{"title":"Ap\u00f3s partida contra o Santos, Diego Alves se irrita com pergunta de rep\u00f3rter do Grupo Globo","robots":{"index":"index","follow":"follow","max-snippet":"max-snippet:-1","max-image-preview":"max-image-preview:large","max-video-preview":"max-video-preview:-1"},"canonical":"https:\/\/www.gaveanews.com\/index.php\/2019\/12\/09\/apos-partida-contra-o-santos-diego-alves-se-irrita-com-pergunta-de-reporter-do-grupo-globo\/","og_locale":"pt_BR","og_type":"article","og_title":"Ap\u00f3s partida contra o Santos, Diego Alves se irrita com pergunta de rep\u00f3rter do Grupo Globo","og_description":"O Flamengo teve uma de suas piores atua\u00e7\u00f5es sob comando de Jorge Jesus e acabou goleado pelo Santos por 4 a 0, neste domingo, na Vila Belmiro. Ap\u00f3s o duelo, Diego Alves atendeu ao rep\u00f3rter Fernando Saraiva, do &#8216;Grupo Globo&#8217;, e mostrou algum desconforto ao responder sobre a goleada. \u2014 Vamos l\u00e1. Nos fizemos 90 [&hellip;]","og_url":"https:\/\/www.gaveanews.com\/index.php\/2019\/12\/09\/apos-partida-contra-o-santos-diego-alves-se-irrita-com-pergunta-de-reporter-do-grupo-globo\/","og_site_name":"G\u00e1vea News","article_publisher":"https:\/\/facebook.com\/gaveaNews\/","article_published_time":"2019-12-09T03:30:00+00:00","og_image":[{"url":"https:\/\/www.gaveanews.com\/wp-content\/uploads\/2019\/09\/Diego-Alves-em-acao-pelo-Flamengo.webp","width":1,"height":1,"type":"image\/jpeg"}],"author":"Equipe G\u00e1vea News","twitter_card":"summary_large_image","twitter_misc":{"Escrito por":"Equipe G\u00e1vea News","Est. tempo de leitura":"2 minutos"},"schema":{"@context":"https:\/\/schema.org","@graph":[{"@type":"NewsArticle","@id":"https:\/\/www.gaveanews.com\/index.php\/2019\/12\/09\/apos-partida-contra-o-santos-diego-alves-se-irrita-com-pergunta-de-reporter-do-grupo-globo\/#article","isPartOf":{"@id":"https:\/\/www.gaveanews.com\/index.php\/2019\/12\/09\/apos-partida-contra-o-santos-diego-alves-se-irrita-com-pergunta-de-reporter-do-grupo-globo\/"},"author":{"name":"Equipe G\u00e1vea News","@id":"https:\/\/www.gaveanews.com\/#\/schema\/person\/2ec14f73fb96be2caf28f91afb14749d"},"headline":"Ap\u00f3s partida contra o Santos, Diego Alves se irrita com pergunta de rep\u00f3rter do Grupo Globo","datePublished":"2019-12-09T03:30:00+00:00","mainEntityOfPage":{"@id":"https:\/\/www.gaveanews.com\/index.php\/2019\/12\/09\/apos-partida-contra-o-santos-diego-alves-se-irrita-com-pergunta-de-reporter-do-grupo-globo\/"},"wordCount":327,"commentCount":15,"image":{"@id":"https:\/\/www.gaveanews.com\/index.php\/2019\/12\/09\/apos-partida-contra-o-santos-diego-alves-se-irrita-com-pergunta-de-reporter-do-grupo-globo\/#primaryimage"},"thumbnailUrl":"https:\/\/www.gaveanews.com\/wp-content\/uploads\/2019\/09\/Diego-Alves-em-acao-pelo-Flamengo.webp","articleSection":["Flamengo"],"inLanguage":"pt-BR","potentialAction":[{"@type":"CommentAction","name":"Comment","target":["https:\/\/www.gaveanews.com\/index.php\/2019\/12\/09\/apos-partida-contra-o-santos-diego-alves-se-irrita-com-pergunta-de-reporter-do-grupo-globo\/#respond"]}],"copyrightYear":"2019","copyrightHolder":{"@id":"https:\/\/www.gaveanews.com\/#organization"}},{"@type":"WebPage","@id":"https:\/\/www.gaveanews.com\/index.php\/2019\/12\/09\/apos-partida-contra-o-santos-diego-alves-se-irrita-com-pergunta-de-reporter-do-grupo-globo\/","url":"https:\/\/www.gaveanews.com\/index.php\/2019\/12\/09\/apos-partida-contra-o-santos-diego-alves-se-irrita-com-pergunta-de-reporter-do-grupo-globo\/","name":"Ap\u00f3s partida contra o Santos, Diego Alves se irrita com pergunta de rep\u00f3rter do Grupo Globo","isPartOf":{"@id":"https:\/\/www.gaveanews.com\/#website"},"primaryImageOfPage":{"@id":"https:\/\/www.gaveanews.com\/index.php\/2019\/12\/09\/apos-partida-contra-o-santos-diego-alves-se-irrita-com-pergunta-de-reporter-do-grupo-globo\/#primaryimage"},"image":{"@id":"https:\/\/www.gaveanews.com\/index.php\/2019\/12\/09\/apos-partida-contra-o-santos-diego-alves-se-irrita-com-pergunta-de-reporter-do-grupo-globo\/#primaryimage"},"thumbnailUrl":"https:\/\/www.gaveanews.com\/wp-content\/uploads\/2019\/09\/Diego-Alves-em-acao-pelo-Flamengo.webp","datePublished":"2019-12-09T03:30:00+00:00","author":{"@id":"https:\/\/www.gaveanews.com\/#\/schema\/person\/2ec14f73fb96be2caf28f91afb14749d"},"breadcrumb":{"@id":"https:\/\/www.gaveanews.com\/index.php\/2019\/12\/09\/apos-partida-contra-o-santos-diego-alves-se-irrita-com-pergunta-de-reporter-do-grupo-globo\/#breadcrumb"},"inLanguage":"pt-BR","potentialAction":[{"@type":"ReadAction","target":["https:\/\/www.gaveanews.com\/index.php\/2019\/12\/09\/apos-partida-contra-o-santos-diego-alves-se-irrita-com-pergunta-de-reporter-do-grupo-globo\/"]}]},{"@type":"ImageObject","inLanguage":"pt-BR","@id":"https:\/\/www.gaveanews.com\/index.php\/2019\/12\/09\/apos-partida-contra-o-santos-diego-alves-se-irrita-com-pergunta-de-reporter-do-grupo-globo\/#primaryimage","url":"https:\/\/www.gaveanews.com\/wp-content\/uploads\/2019\/09\/Diego-Alves-em-acao-pelo-Flamengo.webp","contentUrl":"https:\/\/www.gaveanews.com\/wp-content\/uploads\/2019\/09\/Diego-Alves-em-acao-pelo-Flamengo.webp","caption":"Diego Alves em a\u00e7\u00e3o pelo Flamengo (Foto: Alexandre Vidal\/Flamengo)"},{"@type":"BreadcrumbList","@id":"https:\/\/www.gaveanews.com\/index.php\/2019\/12\/09\/apos-partida-contra-o-santos-diego-alves-se-irrita-com-pergunta-de-reporter-do-grupo-globo\/#breadcrumb","itemListElement":[{"@type":"ListItem","position":1,"name":"Home","item":"https:\/\/www.gaveanews.com\/"},{"@type":"ListItem","position":2,"name":"Ap\u00f3s partida contra o Santos, Diego Alves se irrita com pergunta de rep\u00f3rter do Grupo Globo"}]},{"@type":"WebSite","@id":"https:\/\/www.gaveanews.com\/#website","url":"https:\/\/www.gaveanews.com\/","name":"G\u00e1vea News","description":"Veja todas as not\u00edcias sobre o Flamengo: Contrata\u00e7\u00f5es, categorias de base, resultados das partidas, tabela de classifica\u00e7\u00e3o, pr\u00f3ximos jogos!","potentialAction":[{"@type":"SearchAction","target":{"@type":"EntryPoint","urlTemplate":"https:\/\/www.gaveanews.com\/?s={search_term_string}"},"query-input":{"@type":"PropertyValueSpecification","valueRequired":true,"valueName":"search_term_string"}}],"inLanguage":"pt-BR"},{"@type":"Person","@id":"https:\/\/www.gaveanews.com\/#\/schema\/person\/2ec14f73fb96be2caf28f91afb14749d","name":"Equipe G\u00e1vea News","image":{"@type":"ImageObject","inLanguage":"pt-BR","@id":"https:\/\/www.gaveanews.com\/#\/schema\/person\/image\/","url":"https:\/\/secure.gravatar.com\/avatar\/1e1956f1facbffd3f8fa53a326721950116b3b9dc9bd44939c01180fd4a745a9?s=96&d=mm&r=g","contentUrl":"https:\/\/secure.gravatar.com\/avatar\/1e1956f1facbffd3f8fa53a326721950116b3b9dc9bd44939c01180fd4a745a9?s=96&d=mm&r=g","caption":"Equipe G\u00e1vea News"}}]}},"_links":{"self":[{"href":"https:\/\/www.gaveanews.com\/index.php\/wp-json\/wp\/v2\/posts\/33406","targetHints":{"allow":["GET"]}}],"collection":[{"href":"https:\/\/www.gaveanews.com\/index.php\/wp-json\/wp\/v2\/posts"}],"about":[{"href":"https:\/\/www.gaveanews.com\/index.php\/wp-json\/wp\/v2\/types\/post"}],"author":[{"embeddable":true,"href":"https:\/\/www.gaveanews.com\/index.php\/wp-json\/wp\/v2\/users\/1"}],"replies":[{"embeddable":true,"href":"https:\/\/www.gaveanews.com\/index.php\/wp-json\/wp\/v2\/comments?post=33406"}],"version-history":[{"count":0,"href":"https:\/\/www.gaveanews.com\/index.php\/wp-json\/wp\/v2\/posts\/33406\/revisions"}],"wp:featuredmedia":[{"embeddable":true,"href":"https:\/\/www.gaveanews.com\/index.php\/wp-json\/wp\/v2\/media\/27046"}],"wp:attachment":[{"href":"https:\/\/www.gaveanews.com\/index.php\/wp-json\/wp\/v2\/media?parent=33406"}],"wp:term":[{"taxonomy":"category","embeddable":true,"href":"https:\/\/www.gaveanews.com\/index.php\/wp-json\/wp\/v2\/categories?post=33406"},{"taxonomy":"post_tag","embeddable":true,"href":"https:\/\/www.gaveanews.com\/index.php\/wp-json\/wp\/v2\/tags?post=33406"}],"curies":[{"name":"wp","href":"https:\/\/api.w.org\/{rel}","templated":true}]}}