{"id":33854,"date":"2019-12-15T09:05:01","date_gmt":"2019-12-15T12:05:01","guid":{"rendered":"http:\/\/www.gaveanews.com\/?p=33854"},"modified":"2019-12-15T09:05:01","modified_gmt":"2019-12-15T12:05:01","slug":"meio-campista-procurado-por-flamengo-diz-que-sua-prioridade-e-futebol-europeu","status":"publish","type":"post","link":"https:\/\/www.gaveanews.com\/index.php\/2019\/12\/15\/meio-campista-procurado-por-flamengo-diz-que-sua-prioridade-e-futebol-europeu\/","title":{"rendered":"Meio-campista procurado por Flamengo diz que sua prioridade \u00e9 futebol europeu"},"content":{"rendered":"\n<p>A edi\u00e7\u00e3o de hoje do Bola da Vez, da ESPN Brasil, recebeu Bruno Guimar\u00e3es, meio-campista do Athletico Paranaense. Destaque do time na temporada, o jogador confirmou que foi procurado pelo Flamengo, mas reiterou que sua inten\u00e7\u00e3o \u00e9 deixar o seu time atual apenas para o futebol europeu.<\/p>\n\n\n\n<p>&#8220;N\u00e3o d\u00e1 pra fechar a porta para nenhum clube e o Flamengo hoje tem os melhores jogadores. \u00c9 uma honra ser procurado pelo Flamengo, sabendo que eles ainda est\u00e3o procurando melhorar. Mas hoje, minha ideia \u00e9 sair do Athletico e ir para o futebol europeu&#8221;, declarou.<\/p>\n\n\n\n<p>Bruno Guimar\u00e3es ainda contou que recusou uma proposta de um clube chin\u00eas. O volante afirmou que receberia muito dinheiro na China, mas que temeu perder a visibilidade que tem no Brasil ou que pode ter no futebol europeu.<\/p>\n\n\n\n<p>&#8220;Eu j\u00e1 recusei uma proposta da China. Eu podia ficar milion\u00e1rio, mas o meu sonho \u00e9 defender a sele\u00e7\u00e3o brasileira e no futebol europeu eu fico mais em evid\u00eancia. Na China, eu poderia ficar distante. L\u00f3gico que a quantidade de dinheiro faz a gente balan\u00e7ar, mas a gente tem que ser mais racional nessa hora e pensar nos planos para a carreira&#8221;, contou.<\/p>\n\n\n\n<p>O jogador tamb\u00e9m falou da prioridade de compra do Atl\u00e9tico de Madri, que foi adquirida quando o time espanhol comprou o lateral Renan Lodi. Bruno Guimar\u00e3es disse n\u00e3o ter certeza se o time madrilenho exercer\u00e1 a prefer\u00eancia de compra e revelou que foi sondado por outras equipes europeias.<\/p>\n\n\n\n<p>&#8220;O Atl\u00e9tico de Madri \u00e9 uma grande equipe, eles tem a prioridade, n\u00e3o se se v\u00e3o exercer. Tem sondagens de outras equipes tamb\u00e9m. Eu penso em ir para uma equipe em que eu possa jogar. Eu converso muito com o Renan Lodi e ele s\u00f3 me fala coisas boas do Atl\u00e9tico, do Simeone. As informa\u00e7\u00f5es que eu tenho, por enquanto, s\u00e3o s\u00f3 por ele&#8221;, completou.<\/p>\n\n\n\n<p>Retirado de: UOL<\/p>\n","protected":false},"excerpt":{"rendered":"<p>A edi\u00e7\u00e3o de hoje do Bola da Vez, da ESPN Brasil, recebeu Bruno Guimar\u00e3es, meio-campista do Athletico Paranaense. Destaque do time na temporada, o jogador confirmou que foi procurado pelo Flamengo, mas reiterou que sua inten\u00e7\u00e3o \u00e9 deixar o seu time atual apenas para o futebol europeu. &#8220;N\u00e3o d\u00e1 pra fechar a porta para nenhum [&hellip;]<\/p>\n","protected":false},"author":1,"featured_media":33855,"comment_status":"open","ping_status":"open","sticky":false,"template":"","format":"standard","meta":{"footnotes":""},"categories":[48],"tags":[],"class_list":["post-33854","post","type-post","status-publish","format-standard","has-post-thumbnail","hentry","category-negociacoes"],"yoast_head":"<!-- This site is optimized with the Yoast SEO Premium plugin v24.2 (Yoast SEO v26.9) - https:\/\/yoast.com\/product\/yoast-seo-premium-wordpress\/ -->\n<title>Meio-campista procurado por Flamengo diz que sua prioridade \u00e9 futebol europeu<\/title>\n<meta name=\"robots\" content=\"index, follow, max-snippet:-1, max-image-preview:large, max-video-preview:-1\" \/>\n<link rel=\"canonical\" href=\"https:\/\/www.gaveanews.com\/index.php\/2019\/12\/15\/meio-campista-procurado-por-flamengo-diz-que-sua-prioridade-e-futebol-europeu\/\" \/>\n<meta property=\"og:locale\" content=\"pt_BR\" \/>\n<meta property=\"og:type\" content=\"article\" \/>\n<meta property=\"og:title\" content=\"Meio-campista procurado por Flamengo diz que sua prioridade \u00e9 futebol europeu\" \/>\n<meta property=\"og:description\" content=\"A edi\u00e7\u00e3o de hoje do Bola da Vez, da ESPN Brasil, recebeu Bruno Guimar\u00e3es, meio-campista do Athletico Paranaense. Destaque do time na temporada, o jogador confirmou que foi procurado pelo Flamengo, mas reiterou que sua inten\u00e7\u00e3o \u00e9 deixar o seu time atual apenas para o futebol europeu. &#8220;N\u00e3o d\u00e1 pra fechar a porta para nenhum [&hellip;]\" \/>\n<meta property=\"og:url\" content=\"https:\/\/www.gaveanews.com\/index.php\/2019\/12\/15\/meio-campista-procurado-por-flamengo-diz-que-sua-prioridade-e-futebol-europeu\/\" \/>\n<meta property=\"og:site_name\" content=\"G\u00e1vea News\" \/>\n<meta property=\"article:publisher\" content=\"https:\/\/facebook.com\/gaveaNews\/\" \/>\n<meta property=\"article:published_time\" content=\"2019-12-15T12:05:01+00:00\" \/>\n<meta property=\"og:image\" content=\"https:\/\/www.gaveanews.com\/wp-content\/uploads\/84536429_curitiba_pr_11-09-2019_-_athletico_paranaense_x_internacional_-_bruno_guimaraes_comemora_se-scaled.webp\" \/>\n\t<meta property=\"og:image:width\" content=\"2560\" \/>\n\t<meta property=\"og:image:height\" content=\"1707\" \/>\n\t<meta property=\"og:image:type\" content=\"image\/jpeg\" \/>\n<meta name=\"author\" content=\"Equipe G\u00e1vea News\" \/>\n<meta name=\"twitter:card\" content=\"summary_large_image\" \/>\n<meta name=\"twitter:label1\" content=\"Escrito por\" \/>\n\t<meta name=\"twitter:data1\" content=\"Equipe G\u00e1vea News\" \/>\n\t<meta name=\"twitter:label2\" content=\"Est. tempo de leitura\" \/>\n\t<meta name=\"twitter:data2\" content=\"2 minutos\" \/>\n<script type=\"application\/ld+json\" class=\"yoast-schema-graph\">{\"@context\":\"https:\/\/schema.org\",\"@graph\":[{\"@type\":\"NewsArticle\",\"@id\":\"https:\/\/www.gaveanews.com\/index.php\/2019\/12\/15\/meio-campista-procurado-por-flamengo-diz-que-sua-prioridade-e-futebol-europeu\/#article\",\"isPartOf\":{\"@id\":\"https:\/\/www.gaveanews.com\/index.php\/2019\/12\/15\/meio-campista-procurado-por-flamengo-diz-que-sua-prioridade-e-futebol-europeu\/\"},\"author\":{\"name\":\"Equipe G\u00e1vea News\",\"@id\":\"https:\/\/www.gaveanews.com\/#\/schema\/person\/2ec14f73fb96be2caf28f91afb14749d\"},\"headline\":\"Meio-campista procurado por Flamengo diz que sua prioridade \u00e9 futebol europeu\",\"datePublished\":\"2019-12-15T12:05:01+00:00\",\"mainEntityOfPage\":{\"@id\":\"https:\/\/www.gaveanews.com\/index.php\/2019\/12\/15\/meio-campista-procurado-por-flamengo-diz-que-sua-prioridade-e-futebol-europeu\/\"},\"wordCount\":339,\"commentCount\":4,\"image\":{\"@id\":\"https:\/\/www.gaveanews.com\/index.php\/2019\/12\/15\/meio-campista-procurado-por-flamengo-diz-que-sua-prioridade-e-futebol-europeu\/#primaryimage\"},\"thumbnailUrl\":\"https:\/\/www.gaveanews.com\/wp-content\/uploads\/84536429_curitiba_pr_11-09-2019_-_athletico_paranaense_x_internacional_-_bruno_guimaraes_comemora_se-scaled.webp\",\"articleSection\":[\"Negocia\u00e7\u00f5es\"],\"inLanguage\":\"pt-BR\",\"potentialAction\":[{\"@type\":\"CommentAction\",\"name\":\"Comment\",\"target\":[\"https:\/\/www.gaveanews.com\/index.php\/2019\/12\/15\/meio-campista-procurado-por-flamengo-diz-que-sua-prioridade-e-futebol-europeu\/#respond\"]}],\"copyrightYear\":\"2019\",\"copyrightHolder\":{\"@id\":\"https:\/\/www.gaveanews.com\/#organization\"}},{\"@type\":\"WebPage\",\"@id\":\"https:\/\/www.gaveanews.com\/index.php\/2019\/12\/15\/meio-campista-procurado-por-flamengo-diz-que-sua-prioridade-e-futebol-europeu\/\",\"url\":\"https:\/\/www.gaveanews.com\/index.php\/2019\/12\/15\/meio-campista-procurado-por-flamengo-diz-que-sua-prioridade-e-futebol-europeu\/\",\"name\":\"Meio-campista procurado por Flamengo diz que sua prioridade \u00e9 futebol europeu\",\"isPartOf\":{\"@id\":\"https:\/\/www.gaveanews.com\/#website\"},\"primaryImageOfPage\":{\"@id\":\"https:\/\/www.gaveanews.com\/index.php\/2019\/12\/15\/meio-campista-procurado-por-flamengo-diz-que-sua-prioridade-e-futebol-europeu\/#primaryimage\"},\"image\":{\"@id\":\"https:\/\/www.gaveanews.com\/index.php\/2019\/12\/15\/meio-campista-procurado-por-flamengo-diz-que-sua-prioridade-e-futebol-europeu\/#primaryimage\"},\"thumbnailUrl\":\"https:\/\/www.gaveanews.com\/wp-content\/uploads\/84536429_curitiba_pr_11-09-2019_-_athletico_paranaense_x_internacional_-_bruno_guimaraes_comemora_se-scaled.webp\",\"datePublished\":\"2019-12-15T12:05:01+00:00\",\"author\":{\"@id\":\"https:\/\/www.gaveanews.com\/#\/schema\/person\/2ec14f73fb96be2caf28f91afb14749d\"},\"breadcrumb\":{\"@id\":\"https:\/\/www.gaveanews.com\/index.php\/2019\/12\/15\/meio-campista-procurado-por-flamengo-diz-que-sua-prioridade-e-futebol-europeu\/#breadcrumb\"},\"inLanguage\":\"pt-BR\",\"potentialAction\":[{\"@type\":\"ReadAction\",\"target\":[\"https:\/\/www.gaveanews.com\/index.php\/2019\/12\/15\/meio-campista-procurado-por-flamengo-diz-que-sua-prioridade-e-futebol-europeu\/\"]}]},{\"@type\":\"ImageObject\",\"inLanguage\":\"pt-BR\",\"@id\":\"https:\/\/www.gaveanews.com\/index.php\/2019\/12\/15\/meio-campista-procurado-por-flamengo-diz-que-sua-prioridade-e-futebol-europeu\/#primaryimage\",\"url\":\"https:\/\/www.gaveanews.com\/wp-content\/uploads\/84536429_curitiba_pr_11-09-2019_-_athletico_paranaense_x_internacional_-_bruno_guimaraes_comemora_se-scaled.webp\",\"contentUrl\":\"https:\/\/www.gaveanews.com\/wp-content\/uploads\/84536429_curitiba_pr_11-09-2019_-_athletico_paranaense_x_internacional_-_bruno_guimaraes_comemora_se-scaled.webp\",\"width\":2560,\"height\":1707},{\"@type\":\"BreadcrumbList\",\"@id\":\"https:\/\/www.gaveanews.com\/index.php\/2019\/12\/15\/meio-campista-procurado-por-flamengo-diz-que-sua-prioridade-e-futebol-europeu\/#breadcrumb\",\"itemListElement\":[{\"@type\":\"ListItem\",\"position\":1,\"name\":\"Home\",\"item\":\"https:\/\/www.gaveanews.com\/\"},{\"@type\":\"ListItem\",\"position\":2,\"name\":\"Meio-campista procurado por Flamengo diz que sua prioridade \u00e9 futebol europeu\"}]},{\"@type\":\"WebSite\",\"@id\":\"https:\/\/www.gaveanews.com\/#website\",\"url\":\"https:\/\/www.gaveanews.com\/\",\"name\":\"G\u00e1vea News\",\"description\":\"Veja todas as not\u00edcias sobre o Flamengo: Contrata\u00e7\u00f5es, categorias de base, resultados das partidas, tabela de classifica\u00e7\u00e3o, pr\u00f3ximos jogos!\",\"potentialAction\":[{\"@type\":\"SearchAction\",\"target\":{\"@type\":\"EntryPoint\",\"urlTemplate\":\"https:\/\/www.gaveanews.com\/?s={search_term_string}\"},\"query-input\":{\"@type\":\"PropertyValueSpecification\",\"valueRequired\":true,\"valueName\":\"search_term_string\"}}],\"inLanguage\":\"pt-BR\"},{\"@type\":\"Person\",\"@id\":\"https:\/\/www.gaveanews.com\/#\/schema\/person\/2ec14f73fb96be2caf28f91afb14749d\",\"name\":\"Equipe G\u00e1vea News\",\"image\":{\"@type\":\"ImageObject\",\"inLanguage\":\"pt-BR\",\"@id\":\"https:\/\/www.gaveanews.com\/#\/schema\/person\/image\/\",\"url\":\"https:\/\/secure.gravatar.com\/avatar\/1e1956f1facbffd3f8fa53a326721950116b3b9dc9bd44939c01180fd4a745a9?s=96&d=mm&r=g\",\"contentUrl\":\"https:\/\/secure.gravatar.com\/avatar\/1e1956f1facbffd3f8fa53a326721950116b3b9dc9bd44939c01180fd4a745a9?s=96&d=mm&r=g\",\"caption\":\"Equipe G\u00e1vea News\"}}]}<\/script>\n<!-- \/ Yoast SEO Premium plugin. -->","yoast_head_json":{"title":"Meio-campista procurado por Flamengo diz que sua prioridade \u00e9 futebol europeu","robots":{"index":"index","follow":"follow","max-snippet":"max-snippet:-1","max-image-preview":"max-image-preview:large","max-video-preview":"max-video-preview:-1"},"canonical":"https:\/\/www.gaveanews.com\/index.php\/2019\/12\/15\/meio-campista-procurado-por-flamengo-diz-que-sua-prioridade-e-futebol-europeu\/","og_locale":"pt_BR","og_type":"article","og_title":"Meio-campista procurado por Flamengo diz que sua prioridade \u00e9 futebol europeu","og_description":"A edi\u00e7\u00e3o de hoje do Bola da Vez, da ESPN Brasil, recebeu Bruno Guimar\u00e3es, meio-campista do Athletico Paranaense. Destaque do time na temporada, o jogador confirmou que foi procurado pelo Flamengo, mas reiterou que sua inten\u00e7\u00e3o \u00e9 deixar o seu time atual apenas para o futebol europeu. &#8220;N\u00e3o d\u00e1 pra fechar a porta para nenhum [&hellip;]","og_url":"https:\/\/www.gaveanews.com\/index.php\/2019\/12\/15\/meio-campista-procurado-por-flamengo-diz-que-sua-prioridade-e-futebol-europeu\/","og_site_name":"G\u00e1vea News","article_publisher":"https:\/\/facebook.com\/gaveaNews\/","article_published_time":"2019-12-15T12:05:01+00:00","og_image":[{"width":2560,"height":1707,"url":"https:\/\/www.gaveanews.com\/wp-content\/uploads\/84536429_curitiba_pr_11-09-2019_-_athletico_paranaense_x_internacional_-_bruno_guimaraes_comemora_se-scaled.webp","type":"image\/jpeg"}],"author":"Equipe G\u00e1vea News","twitter_card":"summary_large_image","twitter_misc":{"Escrito por":"Equipe G\u00e1vea News","Est. tempo de leitura":"2 minutos"},"schema":{"@context":"https:\/\/schema.org","@graph":[{"@type":"NewsArticle","@id":"https:\/\/www.gaveanews.com\/index.php\/2019\/12\/15\/meio-campista-procurado-por-flamengo-diz-que-sua-prioridade-e-futebol-europeu\/#article","isPartOf":{"@id":"https:\/\/www.gaveanews.com\/index.php\/2019\/12\/15\/meio-campista-procurado-por-flamengo-diz-que-sua-prioridade-e-futebol-europeu\/"},"author":{"name":"Equipe G\u00e1vea News","@id":"https:\/\/www.gaveanews.com\/#\/schema\/person\/2ec14f73fb96be2caf28f91afb14749d"},"headline":"Meio-campista procurado por Flamengo diz que sua prioridade \u00e9 futebol europeu","datePublished":"2019-12-15T12:05:01+00:00","mainEntityOfPage":{"@id":"https:\/\/www.gaveanews.com\/index.php\/2019\/12\/15\/meio-campista-procurado-por-flamengo-diz-que-sua-prioridade-e-futebol-europeu\/"},"wordCount":339,"commentCount":4,"image":{"@id":"https:\/\/www.gaveanews.com\/index.php\/2019\/12\/15\/meio-campista-procurado-por-flamengo-diz-que-sua-prioridade-e-futebol-europeu\/#primaryimage"},"thumbnailUrl":"https:\/\/www.gaveanews.com\/wp-content\/uploads\/84536429_curitiba_pr_11-09-2019_-_athletico_paranaense_x_internacional_-_bruno_guimaraes_comemora_se-scaled.webp","articleSection":["Negocia\u00e7\u00f5es"],"inLanguage":"pt-BR","potentialAction":[{"@type":"CommentAction","name":"Comment","target":["https:\/\/www.gaveanews.com\/index.php\/2019\/12\/15\/meio-campista-procurado-por-flamengo-diz-que-sua-prioridade-e-futebol-europeu\/#respond"]}],"copyrightYear":"2019","copyrightHolder":{"@id":"https:\/\/www.gaveanews.com\/#organization"}},{"@type":"WebPage","@id":"https:\/\/www.gaveanews.com\/index.php\/2019\/12\/15\/meio-campista-procurado-por-flamengo-diz-que-sua-prioridade-e-futebol-europeu\/","url":"https:\/\/www.gaveanews.com\/index.php\/2019\/12\/15\/meio-campista-procurado-por-flamengo-diz-que-sua-prioridade-e-futebol-europeu\/","name":"Meio-campista procurado por Flamengo diz que sua prioridade \u00e9 futebol europeu","isPartOf":{"@id":"https:\/\/www.gaveanews.com\/#website"},"primaryImageOfPage":{"@id":"https:\/\/www.gaveanews.com\/index.php\/2019\/12\/15\/meio-campista-procurado-por-flamengo-diz-que-sua-prioridade-e-futebol-europeu\/#primaryimage"},"image":{"@id":"https:\/\/www.gaveanews.com\/index.php\/2019\/12\/15\/meio-campista-procurado-por-flamengo-diz-que-sua-prioridade-e-futebol-europeu\/#primaryimage"},"thumbnailUrl":"https:\/\/www.gaveanews.com\/wp-content\/uploads\/84536429_curitiba_pr_11-09-2019_-_athletico_paranaense_x_internacional_-_bruno_guimaraes_comemora_se-scaled.webp","datePublished":"2019-12-15T12:05:01+00:00","author":{"@id":"https:\/\/www.gaveanews.com\/#\/schema\/person\/2ec14f73fb96be2caf28f91afb14749d"},"breadcrumb":{"@id":"https:\/\/www.gaveanews.com\/index.php\/2019\/12\/15\/meio-campista-procurado-por-flamengo-diz-que-sua-prioridade-e-futebol-europeu\/#breadcrumb"},"inLanguage":"pt-BR","potentialAction":[{"@type":"ReadAction","target":["https:\/\/www.gaveanews.com\/index.php\/2019\/12\/15\/meio-campista-procurado-por-flamengo-diz-que-sua-prioridade-e-futebol-europeu\/"]}]},{"@type":"ImageObject","inLanguage":"pt-BR","@id":"https:\/\/www.gaveanews.com\/index.php\/2019\/12\/15\/meio-campista-procurado-por-flamengo-diz-que-sua-prioridade-e-futebol-europeu\/#primaryimage","url":"https:\/\/www.gaveanews.com\/wp-content\/uploads\/84536429_curitiba_pr_11-09-2019_-_athletico_paranaense_x_internacional_-_bruno_guimaraes_comemora_se-scaled.webp","contentUrl":"https:\/\/www.gaveanews.com\/wp-content\/uploads\/84536429_curitiba_pr_11-09-2019_-_athletico_paranaense_x_internacional_-_bruno_guimaraes_comemora_se-scaled.webp","width":2560,"height":1707},{"@type":"BreadcrumbList","@id":"https:\/\/www.gaveanews.com\/index.php\/2019\/12\/15\/meio-campista-procurado-por-flamengo-diz-que-sua-prioridade-e-futebol-europeu\/#breadcrumb","itemListElement":[{"@type":"ListItem","position":1,"name":"Home","item":"https:\/\/www.gaveanews.com\/"},{"@type":"ListItem","position":2,"name":"Meio-campista procurado por Flamengo diz que sua prioridade \u00e9 futebol europeu"}]},{"@type":"WebSite","@id":"https:\/\/www.gaveanews.com\/#website","url":"https:\/\/www.gaveanews.com\/","name":"G\u00e1vea News","description":"Veja todas as not\u00edcias sobre o Flamengo: Contrata\u00e7\u00f5es, categorias de base, resultados das partidas, tabela de classifica\u00e7\u00e3o, pr\u00f3ximos jogos!","potentialAction":[{"@type":"SearchAction","target":{"@type":"EntryPoint","urlTemplate":"https:\/\/www.gaveanews.com\/?s={search_term_string}"},"query-input":{"@type":"PropertyValueSpecification","valueRequired":true,"valueName":"search_term_string"}}],"inLanguage":"pt-BR"},{"@type":"Person","@id":"https:\/\/www.gaveanews.com\/#\/schema\/person\/2ec14f73fb96be2caf28f91afb14749d","name":"Equipe G\u00e1vea News","image":{"@type":"ImageObject","inLanguage":"pt-BR","@id":"https:\/\/www.gaveanews.com\/#\/schema\/person\/image\/","url":"https:\/\/secure.gravatar.com\/avatar\/1e1956f1facbffd3f8fa53a326721950116b3b9dc9bd44939c01180fd4a745a9?s=96&d=mm&r=g","contentUrl":"https:\/\/secure.gravatar.com\/avatar\/1e1956f1facbffd3f8fa53a326721950116b3b9dc9bd44939c01180fd4a745a9?s=96&d=mm&r=g","caption":"Equipe G\u00e1vea News"}}]}},"_links":{"self":[{"href":"https:\/\/www.gaveanews.com\/index.php\/wp-json\/wp\/v2\/posts\/33854","targetHints":{"allow":["GET"]}}],"collection":[{"href":"https:\/\/www.gaveanews.com\/index.php\/wp-json\/wp\/v2\/posts"}],"about":[{"href":"https:\/\/www.gaveanews.com\/index.php\/wp-json\/wp\/v2\/types\/post"}],"author":[{"embeddable":true,"href":"https:\/\/www.gaveanews.com\/index.php\/wp-json\/wp\/v2\/users\/1"}],"replies":[{"embeddable":true,"href":"https:\/\/www.gaveanews.com\/index.php\/wp-json\/wp\/v2\/comments?post=33854"}],"version-history":[{"count":0,"href":"https:\/\/www.gaveanews.com\/index.php\/wp-json\/wp\/v2\/posts\/33854\/revisions"}],"wp:featuredmedia":[{"embeddable":true,"href":"https:\/\/www.gaveanews.com\/index.php\/wp-json\/wp\/v2\/media\/33855"}],"wp:attachment":[{"href":"https:\/\/www.gaveanews.com\/index.php\/wp-json\/wp\/v2\/media?parent=33854"}],"wp:term":[{"taxonomy":"category","embeddable":true,"href":"https:\/\/www.gaveanews.com\/index.php\/wp-json\/wp\/v2\/categories?post=33854"},{"taxonomy":"post_tag","embeddable":true,"href":"https:\/\/www.gaveanews.com\/index.php\/wp-json\/wp\/v2\/tags?post=33854"}],"curies":[{"name":"wp","href":"https:\/\/api.w.org\/{rel}","templated":true}]}}