{"id":33860,"date":"2019-12-15T12:24:16","date_gmt":"2019-12-15T15:24:16","guid":{"rendered":"http:\/\/www.gaveanews.com\/?p=33860"},"modified":"2019-12-15T12:35:15","modified_gmt":"2019-12-15T15:35:15","slug":"craque-do-liverpool-pode-ficar-de-fora-do-mundial-de-clubes-devido-a-crise-diplomatica","status":"publish","type":"post","link":"https:\/\/www.gaveanews.com\/index.php\/2019\/12\/15\/craque-do-liverpool-pode-ficar-de-fora-do-mundial-de-clubes-devido-a-crise-diplomatica\/","title":{"rendered":"Craque do Liverpool pode ficar de fora do Mundial de Clubes devido a crise diplom\u00e1tica; entenda"},"content":{"rendered":"\n<p>Apesar do discurso oficial de que futebol e pol\u00edtica n\u00e3o se misturam, fato \u00e9 que estes dois temas dividem o mesmo campo em diversas ocasi\u00f5es. Astro maior do Liverpool, o eg\u00edpcio Salah chegar\u00e1 em Doha (QAT) em meio a uma bola dividida que envolve o Egito e o pa\u00eds-sede da Copa-2022 e do Mundial de Clubes.<\/p>\n\n\n\n<p>Desde 2017, as duas na\u00e7\u00f5es romperam rela\u00e7\u00f5es diplom\u00e1ticas. Os eg\u00edpcios acusaram os asi\u00e1ticos de apoiarem grupos islamitas que s\u00e3o considerados terroristas por outras na\u00e7\u00f5es \u00e1rabes. A rela\u00e7\u00e3o estreita do governo local com o Ir\u00e3 descontentou o grupo, que tamb\u00e9m \u00e9 formado por Ar\u00e1bia Saudita, Emirados \u00c1rabes, Bahrein, dentre outros.<\/p>\n\n\n\n<p>Em meio ao clima tenso, o atacante do clube ingl\u00eas veio \u00e0 tona, mas n\u00e3o exatamente por seus gols. Para tentar n\u00e3o misturar as bolas, uma das maiores autoridades de Comit\u00ea de Entrega e Legado da Copa de 2022 entrou em cena. Secret\u00e1rio-geral da entidade, Hassan Al Thawadi jurou ser torcedor do clube ingl\u00eas, festejou a vinda dos Reds para o Mundial e discursou.<\/p>\n\n\n\n<p>&#8220;\u00c9 importante ressaltar, por\u00e9m, que nunca politizamos um evento esportivo ou uma pessoa. Salah tem muitos f\u00e3s no mundo \u00e1rabe e sua chegada aqui est\u00e1 deixando as pessoas ainda mais animadas&#8221;, garantiu Thawadi.<\/p>\n\n\n\n<p>Muitos desses admiradores do astro, no entanto, n\u00e3o poder\u00e3o v\u00ea-lo em a\u00e7\u00e3o. Com os \u00e2nimos acirrados, ainda mais depois de o Egito apontar a rela\u00e7\u00e3o dos qataris com a Irmandade Isl\u00e2mica, um dos grupos precursores do fundamentalismo isl\u00e2mico. H\u00e1 o temor de que cidad\u00e3os destes pa\u00edses inimigos fiquem presos no Qatar.<\/p>\n\n\n\n<p>Durante a Copa de 2018, Salah se viu em meio a um evento pol\u00edtico que usou sua imagem para capitalizar. Ao convidar a sele\u00e7\u00e3o do Egito para um banquete, o l\u00edder da regi\u00e3o da Chech\u00eania, Ramzan Kadyrov, concedeu a Salah o t\u00edtulo de cidad\u00e3o checheno. O atleta ficou bem desconfort\u00e1vel com a situa\u00e7\u00e3o, j\u00e1 que o pol\u00edtico e seus aliados s\u00e3o acusados por defensores dos direitos humanos de abusos, sequestros e tortura. \u00c9 bem pouco prov\u00e1vel que o Liverpool permita novo desconforto para o craque.<\/p>\n\n\n\n<p>Os ingleses estreiam na pr\u00f3xima quarta-feira (18) no Mundial do Qatar contra o Monterrey (MEX), que venceu ontem o Al-Sadd (QAT) por 3 a 2.<\/p>\n\n\n\n<p>Retirado de: UOL<\/p>\n","protected":false},"excerpt":{"rendered":"<p>Apesar do discurso oficial de que futebol e pol\u00edtica n\u00e3o se misturam, fato \u00e9 que estes dois temas dividem o mesmo campo em diversas ocasi\u00f5es. Astro maior do Liverpool, o eg\u00edpcio Salah chegar\u00e1 em Doha (QAT) em meio a uma bola dividida que envolve o Egito e o pa\u00eds-sede da Copa-2022 e do Mundial de [&hellip;]<\/p>\n","protected":false},"author":1,"featured_media":33864,"comment_status":"open","ping_status":"open","sticky":false,"template":"","format":"standard","meta":{"footnotes":""},"categories":[1],"tags":[],"class_list":["post-33860","post","type-post","status-publish","format-standard","has-post-thumbnail","hentry","category-flamengo"],"yoast_head":"<!-- This site is optimized with the Yoast SEO Premium plugin v24.2 (Yoast SEO v26.9) - https:\/\/yoast.com\/product\/yoast-seo-premium-wordpress\/ -->\n<title>Craque do Liverpool pode ficar de fora do Mundial de Clubes devido a crise diplom\u00e1tica; entenda<\/title>\n<meta name=\"robots\" content=\"index, follow, max-snippet:-1, max-image-preview:large, max-video-preview:-1\" \/>\n<link rel=\"canonical\" href=\"https:\/\/www.gaveanews.com\/index.php\/2019\/12\/15\/craque-do-liverpool-pode-ficar-de-fora-do-mundial-de-clubes-devido-a-crise-diplomatica\/\" \/>\n<meta property=\"og:locale\" content=\"pt_BR\" \/>\n<meta property=\"og:type\" content=\"article\" \/>\n<meta property=\"og:title\" content=\"Craque do Liverpool pode ficar de fora do Mundial de Clubes devido a crise diplom\u00e1tica; entenda\" \/>\n<meta property=\"og:description\" content=\"Apesar do discurso oficial de que futebol e pol\u00edtica n\u00e3o se misturam, fato \u00e9 que estes dois temas dividem o mesmo campo em diversas ocasi\u00f5es. Astro maior do Liverpool, o eg\u00edpcio Salah chegar\u00e1 em Doha (QAT) em meio a uma bola dividida que envolve o Egito e o pa\u00eds-sede da Copa-2022 e do Mundial de [&hellip;]\" \/>\n<meta property=\"og:url\" content=\"https:\/\/www.gaveanews.com\/index.php\/2019\/12\/15\/craque-do-liverpool-pode-ficar-de-fora-do-mundial-de-clubes-devido-a-crise-diplomatica\/\" \/>\n<meta property=\"og:site_name\" content=\"G\u00e1vea News\" \/>\n<meta property=\"article:publisher\" content=\"https:\/\/facebook.com\/gaveaNews\/\" \/>\n<meta property=\"article:published_time\" content=\"2019-12-15T15:24:16+00:00\" \/>\n<meta property=\"article:modified_time\" content=\"2019-12-15T15:35:15+00:00\" \/>\n<meta property=\"og:image\" content=\"https:\/\/www.gaveanews.com\/wp-content\/uploads\/salah-1-scaled.webp\" \/>\n\t<meta property=\"og:image:width\" content=\"2560\" \/>\n\t<meta property=\"og:image:height\" content=\"1730\" \/>\n\t<meta property=\"og:image:type\" content=\"image\/jpeg\" \/>\n<meta name=\"author\" content=\"Equipe G\u00e1vea News\" \/>\n<meta name=\"twitter:card\" content=\"summary_large_image\" \/>\n<meta name=\"twitter:label1\" content=\"Escrito por\" \/>\n\t<meta name=\"twitter:data1\" content=\"Equipe G\u00e1vea News\" \/>\n\t<meta name=\"twitter:label2\" content=\"Est. tempo de leitura\" \/>\n\t<meta name=\"twitter:data2\" content=\"2 minutos\" \/>\n<script type=\"application\/ld+json\" class=\"yoast-schema-graph\">{\"@context\":\"https:\/\/schema.org\",\"@graph\":[{\"@type\":\"NewsArticle\",\"@id\":\"https:\/\/www.gaveanews.com\/index.php\/2019\/12\/15\/craque-do-liverpool-pode-ficar-de-fora-do-mundial-de-clubes-devido-a-crise-diplomatica\/#article\",\"isPartOf\":{\"@id\":\"https:\/\/www.gaveanews.com\/index.php\/2019\/12\/15\/craque-do-liverpool-pode-ficar-de-fora-do-mundial-de-clubes-devido-a-crise-diplomatica\/\"},\"author\":{\"name\":\"Equipe G\u00e1vea News\",\"@id\":\"https:\/\/www.gaveanews.com\/#\/schema\/person\/2ec14f73fb96be2caf28f91afb14749d\"},\"headline\":\"Craque do Liverpool pode ficar de fora do Mundial de Clubes devido a crise diplom\u00e1tica; entenda\",\"datePublished\":\"2019-12-15T15:24:16+00:00\",\"dateModified\":\"2019-12-15T15:35:15+00:00\",\"mainEntityOfPage\":{\"@id\":\"https:\/\/www.gaveanews.com\/index.php\/2019\/12\/15\/craque-do-liverpool-pode-ficar-de-fora-do-mundial-de-clubes-devido-a-crise-diplomatica\/\"},\"wordCount\":416,\"commentCount\":5,\"image\":{\"@id\":\"https:\/\/www.gaveanews.com\/index.php\/2019\/12\/15\/craque-do-liverpool-pode-ficar-de-fora-do-mundial-de-clubes-devido-a-crise-diplomatica\/#primaryimage\"},\"thumbnailUrl\":\"https:\/\/www.gaveanews.com\/wp-content\/uploads\/salah-1-scaled.webp\",\"articleSection\":[\"Flamengo\"],\"inLanguage\":\"pt-BR\",\"potentialAction\":[{\"@type\":\"CommentAction\",\"name\":\"Comment\",\"target\":[\"https:\/\/www.gaveanews.com\/index.php\/2019\/12\/15\/craque-do-liverpool-pode-ficar-de-fora-do-mundial-de-clubes-devido-a-crise-diplomatica\/#respond\"]}],\"copyrightYear\":\"2019\",\"copyrightHolder\":{\"@id\":\"https:\/\/www.gaveanews.com\/#organization\"}},{\"@type\":\"WebPage\",\"@id\":\"https:\/\/www.gaveanews.com\/index.php\/2019\/12\/15\/craque-do-liverpool-pode-ficar-de-fora-do-mundial-de-clubes-devido-a-crise-diplomatica\/\",\"url\":\"https:\/\/www.gaveanews.com\/index.php\/2019\/12\/15\/craque-do-liverpool-pode-ficar-de-fora-do-mundial-de-clubes-devido-a-crise-diplomatica\/\",\"name\":\"Craque do Liverpool pode ficar de fora do Mundial de Clubes devido a crise diplom\u00e1tica; entenda\",\"isPartOf\":{\"@id\":\"https:\/\/www.gaveanews.com\/#website\"},\"primaryImageOfPage\":{\"@id\":\"https:\/\/www.gaveanews.com\/index.php\/2019\/12\/15\/craque-do-liverpool-pode-ficar-de-fora-do-mundial-de-clubes-devido-a-crise-diplomatica\/#primaryimage\"},\"image\":{\"@id\":\"https:\/\/www.gaveanews.com\/index.php\/2019\/12\/15\/craque-do-liverpool-pode-ficar-de-fora-do-mundial-de-clubes-devido-a-crise-diplomatica\/#primaryimage\"},\"thumbnailUrl\":\"https:\/\/www.gaveanews.com\/wp-content\/uploads\/salah-1-scaled.webp\",\"datePublished\":\"2019-12-15T15:24:16+00:00\",\"dateModified\":\"2019-12-15T15:35:15+00:00\",\"author\":{\"@id\":\"https:\/\/www.gaveanews.com\/#\/schema\/person\/2ec14f73fb96be2caf28f91afb14749d\"},\"breadcrumb\":{\"@id\":\"https:\/\/www.gaveanews.com\/index.php\/2019\/12\/15\/craque-do-liverpool-pode-ficar-de-fora-do-mundial-de-clubes-devido-a-crise-diplomatica\/#breadcrumb\"},\"inLanguage\":\"pt-BR\",\"potentialAction\":[{\"@type\":\"ReadAction\",\"target\":[\"https:\/\/www.gaveanews.com\/index.php\/2019\/12\/15\/craque-do-liverpool-pode-ficar-de-fora-do-mundial-de-clubes-devido-a-crise-diplomatica\/\"]}]},{\"@type\":\"ImageObject\",\"inLanguage\":\"pt-BR\",\"@id\":\"https:\/\/www.gaveanews.com\/index.php\/2019\/12\/15\/craque-do-liverpool-pode-ficar-de-fora-do-mundial-de-clubes-devido-a-crise-diplomatica\/#primaryimage\",\"url\":\"https:\/\/www.gaveanews.com\/wp-content\/uploads\/salah-1-scaled.webp\",\"contentUrl\":\"https:\/\/www.gaveanews.com\/wp-content\/uploads\/salah-1-scaled.webp\",\"width\":2560,\"height\":1730},{\"@type\":\"BreadcrumbList\",\"@id\":\"https:\/\/www.gaveanews.com\/index.php\/2019\/12\/15\/craque-do-liverpool-pode-ficar-de-fora-do-mundial-de-clubes-devido-a-crise-diplomatica\/#breadcrumb\",\"itemListElement\":[{\"@type\":\"ListItem\",\"position\":1,\"name\":\"Home\",\"item\":\"https:\/\/www.gaveanews.com\/\"},{\"@type\":\"ListItem\",\"position\":2,\"name\":\"Craque do Liverpool pode ficar de fora do Mundial de Clubes devido a crise diplom\u00e1tica; entenda\"}]},{\"@type\":\"WebSite\",\"@id\":\"https:\/\/www.gaveanews.com\/#website\",\"url\":\"https:\/\/www.gaveanews.com\/\",\"name\":\"G\u00e1vea News\",\"description\":\"Veja todas as not\u00edcias sobre o Flamengo: Contrata\u00e7\u00f5es, categorias de base, resultados das partidas, tabela de classifica\u00e7\u00e3o, pr\u00f3ximos jogos!\",\"potentialAction\":[{\"@type\":\"SearchAction\",\"target\":{\"@type\":\"EntryPoint\",\"urlTemplate\":\"https:\/\/www.gaveanews.com\/?s={search_term_string}\"},\"query-input\":{\"@type\":\"PropertyValueSpecification\",\"valueRequired\":true,\"valueName\":\"search_term_string\"}}],\"inLanguage\":\"pt-BR\"},{\"@type\":\"Person\",\"@id\":\"https:\/\/www.gaveanews.com\/#\/schema\/person\/2ec14f73fb96be2caf28f91afb14749d\",\"name\":\"Equipe G\u00e1vea News\",\"image\":{\"@type\":\"ImageObject\",\"inLanguage\":\"pt-BR\",\"@id\":\"https:\/\/www.gaveanews.com\/#\/schema\/person\/image\/\",\"url\":\"https:\/\/secure.gravatar.com\/avatar\/1e1956f1facbffd3f8fa53a326721950116b3b9dc9bd44939c01180fd4a745a9?s=96&d=mm&r=g\",\"contentUrl\":\"https:\/\/secure.gravatar.com\/avatar\/1e1956f1facbffd3f8fa53a326721950116b3b9dc9bd44939c01180fd4a745a9?s=96&d=mm&r=g\",\"caption\":\"Equipe G\u00e1vea News\"}}]}<\/script>\n<!-- \/ Yoast SEO Premium plugin. -->","yoast_head_json":{"title":"Craque do Liverpool pode ficar de fora do Mundial de Clubes devido a crise diplom\u00e1tica; entenda","robots":{"index":"index","follow":"follow","max-snippet":"max-snippet:-1","max-image-preview":"max-image-preview:large","max-video-preview":"max-video-preview:-1"},"canonical":"https:\/\/www.gaveanews.com\/index.php\/2019\/12\/15\/craque-do-liverpool-pode-ficar-de-fora-do-mundial-de-clubes-devido-a-crise-diplomatica\/","og_locale":"pt_BR","og_type":"article","og_title":"Craque do Liverpool pode ficar de fora do Mundial de Clubes devido a crise diplom\u00e1tica; entenda","og_description":"Apesar do discurso oficial de que futebol e pol\u00edtica n\u00e3o se misturam, fato \u00e9 que estes dois temas dividem o mesmo campo em diversas ocasi\u00f5es. Astro maior do Liverpool, o eg\u00edpcio Salah chegar\u00e1 em Doha (QAT) em meio a uma bola dividida que envolve o Egito e o pa\u00eds-sede da Copa-2022 e do Mundial de [&hellip;]","og_url":"https:\/\/www.gaveanews.com\/index.php\/2019\/12\/15\/craque-do-liverpool-pode-ficar-de-fora-do-mundial-de-clubes-devido-a-crise-diplomatica\/","og_site_name":"G\u00e1vea News","article_publisher":"https:\/\/facebook.com\/gaveaNews\/","article_published_time":"2019-12-15T15:24:16+00:00","article_modified_time":"2019-12-15T15:35:15+00:00","og_image":[{"width":2560,"height":1730,"url":"https:\/\/www.gaveanews.com\/wp-content\/uploads\/salah-1-scaled.webp","type":"image\/jpeg"}],"author":"Equipe G\u00e1vea News","twitter_card":"summary_large_image","twitter_misc":{"Escrito por":"Equipe G\u00e1vea News","Est. tempo de leitura":"2 minutos"},"schema":{"@context":"https:\/\/schema.org","@graph":[{"@type":"NewsArticle","@id":"https:\/\/www.gaveanews.com\/index.php\/2019\/12\/15\/craque-do-liverpool-pode-ficar-de-fora-do-mundial-de-clubes-devido-a-crise-diplomatica\/#article","isPartOf":{"@id":"https:\/\/www.gaveanews.com\/index.php\/2019\/12\/15\/craque-do-liverpool-pode-ficar-de-fora-do-mundial-de-clubes-devido-a-crise-diplomatica\/"},"author":{"name":"Equipe G\u00e1vea News","@id":"https:\/\/www.gaveanews.com\/#\/schema\/person\/2ec14f73fb96be2caf28f91afb14749d"},"headline":"Craque do Liverpool pode ficar de fora do Mundial de Clubes devido a crise diplom\u00e1tica; entenda","datePublished":"2019-12-15T15:24:16+00:00","dateModified":"2019-12-15T15:35:15+00:00","mainEntityOfPage":{"@id":"https:\/\/www.gaveanews.com\/index.php\/2019\/12\/15\/craque-do-liverpool-pode-ficar-de-fora-do-mundial-de-clubes-devido-a-crise-diplomatica\/"},"wordCount":416,"commentCount":5,"image":{"@id":"https:\/\/www.gaveanews.com\/index.php\/2019\/12\/15\/craque-do-liverpool-pode-ficar-de-fora-do-mundial-de-clubes-devido-a-crise-diplomatica\/#primaryimage"},"thumbnailUrl":"https:\/\/www.gaveanews.com\/wp-content\/uploads\/salah-1-scaled.webp","articleSection":["Flamengo"],"inLanguage":"pt-BR","potentialAction":[{"@type":"CommentAction","name":"Comment","target":["https:\/\/www.gaveanews.com\/index.php\/2019\/12\/15\/craque-do-liverpool-pode-ficar-de-fora-do-mundial-de-clubes-devido-a-crise-diplomatica\/#respond"]}],"copyrightYear":"2019","copyrightHolder":{"@id":"https:\/\/www.gaveanews.com\/#organization"}},{"@type":"WebPage","@id":"https:\/\/www.gaveanews.com\/index.php\/2019\/12\/15\/craque-do-liverpool-pode-ficar-de-fora-do-mundial-de-clubes-devido-a-crise-diplomatica\/","url":"https:\/\/www.gaveanews.com\/index.php\/2019\/12\/15\/craque-do-liverpool-pode-ficar-de-fora-do-mundial-de-clubes-devido-a-crise-diplomatica\/","name":"Craque do Liverpool pode ficar de fora do Mundial de Clubes devido a crise diplom\u00e1tica; entenda","isPartOf":{"@id":"https:\/\/www.gaveanews.com\/#website"},"primaryImageOfPage":{"@id":"https:\/\/www.gaveanews.com\/index.php\/2019\/12\/15\/craque-do-liverpool-pode-ficar-de-fora-do-mundial-de-clubes-devido-a-crise-diplomatica\/#primaryimage"},"image":{"@id":"https:\/\/www.gaveanews.com\/index.php\/2019\/12\/15\/craque-do-liverpool-pode-ficar-de-fora-do-mundial-de-clubes-devido-a-crise-diplomatica\/#primaryimage"},"thumbnailUrl":"https:\/\/www.gaveanews.com\/wp-content\/uploads\/salah-1-scaled.webp","datePublished":"2019-12-15T15:24:16+00:00","dateModified":"2019-12-15T15:35:15+00:00","author":{"@id":"https:\/\/www.gaveanews.com\/#\/schema\/person\/2ec14f73fb96be2caf28f91afb14749d"},"breadcrumb":{"@id":"https:\/\/www.gaveanews.com\/index.php\/2019\/12\/15\/craque-do-liverpool-pode-ficar-de-fora-do-mundial-de-clubes-devido-a-crise-diplomatica\/#breadcrumb"},"inLanguage":"pt-BR","potentialAction":[{"@type":"ReadAction","target":["https:\/\/www.gaveanews.com\/index.php\/2019\/12\/15\/craque-do-liverpool-pode-ficar-de-fora-do-mundial-de-clubes-devido-a-crise-diplomatica\/"]}]},{"@type":"ImageObject","inLanguage":"pt-BR","@id":"https:\/\/www.gaveanews.com\/index.php\/2019\/12\/15\/craque-do-liverpool-pode-ficar-de-fora-do-mundial-de-clubes-devido-a-crise-diplomatica\/#primaryimage","url":"https:\/\/www.gaveanews.com\/wp-content\/uploads\/salah-1-scaled.webp","contentUrl":"https:\/\/www.gaveanews.com\/wp-content\/uploads\/salah-1-scaled.webp","width":2560,"height":1730},{"@type":"BreadcrumbList","@id":"https:\/\/www.gaveanews.com\/index.php\/2019\/12\/15\/craque-do-liverpool-pode-ficar-de-fora-do-mundial-de-clubes-devido-a-crise-diplomatica\/#breadcrumb","itemListElement":[{"@type":"ListItem","position":1,"name":"Home","item":"https:\/\/www.gaveanews.com\/"},{"@type":"ListItem","position":2,"name":"Craque do Liverpool pode ficar de fora do Mundial de Clubes devido a crise diplom\u00e1tica; entenda"}]},{"@type":"WebSite","@id":"https:\/\/www.gaveanews.com\/#website","url":"https:\/\/www.gaveanews.com\/","name":"G\u00e1vea News","description":"Veja todas as not\u00edcias sobre o Flamengo: Contrata\u00e7\u00f5es, categorias de base, resultados das partidas, tabela de classifica\u00e7\u00e3o, pr\u00f3ximos jogos!","potentialAction":[{"@type":"SearchAction","target":{"@type":"EntryPoint","urlTemplate":"https:\/\/www.gaveanews.com\/?s={search_term_string}"},"query-input":{"@type":"PropertyValueSpecification","valueRequired":true,"valueName":"search_term_string"}}],"inLanguage":"pt-BR"},{"@type":"Person","@id":"https:\/\/www.gaveanews.com\/#\/schema\/person\/2ec14f73fb96be2caf28f91afb14749d","name":"Equipe G\u00e1vea News","image":{"@type":"ImageObject","inLanguage":"pt-BR","@id":"https:\/\/www.gaveanews.com\/#\/schema\/person\/image\/","url":"https:\/\/secure.gravatar.com\/avatar\/1e1956f1facbffd3f8fa53a326721950116b3b9dc9bd44939c01180fd4a745a9?s=96&d=mm&r=g","contentUrl":"https:\/\/secure.gravatar.com\/avatar\/1e1956f1facbffd3f8fa53a326721950116b3b9dc9bd44939c01180fd4a745a9?s=96&d=mm&r=g","caption":"Equipe G\u00e1vea News"}}]}},"_links":{"self":[{"href":"https:\/\/www.gaveanews.com\/index.php\/wp-json\/wp\/v2\/posts\/33860","targetHints":{"allow":["GET"]}}],"collection":[{"href":"https:\/\/www.gaveanews.com\/index.php\/wp-json\/wp\/v2\/posts"}],"about":[{"href":"https:\/\/www.gaveanews.com\/index.php\/wp-json\/wp\/v2\/types\/post"}],"author":[{"embeddable":true,"href":"https:\/\/www.gaveanews.com\/index.php\/wp-json\/wp\/v2\/users\/1"}],"replies":[{"embeddable":true,"href":"https:\/\/www.gaveanews.com\/index.php\/wp-json\/wp\/v2\/comments?post=33860"}],"version-history":[{"count":0,"href":"https:\/\/www.gaveanews.com\/index.php\/wp-json\/wp\/v2\/posts\/33860\/revisions"}],"wp:featuredmedia":[{"embeddable":true,"href":"https:\/\/www.gaveanews.com\/index.php\/wp-json\/wp\/v2\/media\/33864"}],"wp:attachment":[{"href":"https:\/\/www.gaveanews.com\/index.php\/wp-json\/wp\/v2\/media?parent=33860"}],"wp:term":[{"taxonomy":"category","embeddable":true,"href":"https:\/\/www.gaveanews.com\/index.php\/wp-json\/wp\/v2\/categories?post=33860"},{"taxonomy":"post_tag","embeddable":true,"href":"https:\/\/www.gaveanews.com\/index.php\/wp-json\/wp\/v2\/tags?post=33860"}],"curies":[{"name":"wp","href":"https:\/\/api.w.org\/{rel}","templated":true}]}}