{"id":33866,"date":"2019-12-15T14:07:52","date_gmt":"2019-12-15T17:07:52","guid":{"rendered":"http:\/\/www.gaveanews.com\/?p=33866"},"modified":"2019-12-15T14:10:07","modified_gmt":"2019-12-15T17:10:07","slug":"video-ex-lateral-do-fluminense-afirma-que-jogara-no-flamengo-em-2020","status":"publish","type":"post","link":"https:\/\/www.gaveanews.com\/index.php\/2019\/12\/15\/video-ex-lateral-do-fluminense-afirma-que-jogara-no-flamengo-em-2020\/","title":{"rendered":"V\u00eddeo: Ex-lateral do Fluminense afirma que ir\u00e1 jogar no time do Flamengo na temporada de 2020"},"content":{"rendered":"\n<p>Ayrton Lucas, ex-Fluminense, pode refor\u00e7ar o Flamengo no ano que vem . \u00c9 o que est\u00e1 circulando nas redes sociais. O pr\u00f3prio jogador \u00e9 quem d\u00e1 a dica.<\/p>\n\n\n\n<p>Em v\u00eddeo, o lateral esquerdo brinca com um amigo sobre a poss\u00edvel chegada ao Flamengo. Na grava\u00e7\u00e3o, o homem aparece dizendo: \u201cA gente vai formar Mengo\u201d. Ayrton, por sua vez, responde: \u201cAno que vem\u201d.<\/p>\n\n\n\n<p>O jogador come\u00e7ou nas categorias de base do ABC e chamou aten\u00e7\u00e3o do Fluminense. Em 2016, Ayrton Lucas fez sua estreia no profissional pelo Fluminense, no entanto, em 2017 foi emprestado ao Londrina. Apenas em 2018 ganhou destaque no time carioca, quando foi um dos principais jogadores do Campeonato Brasileiro. Por conta da boa temporada, Ayrton Lucas foi vendido ao Spartak Moscou por sete milh\u00f5es de euros.<\/p>\n\n\n\n<figure class=\"wp-block-embed-twitter wp-block-embed is-type-rich is-provider-twitter\"><div class=\"wp-block-embed__wrapper\">\n<blockquote class=\"twitter-tweet\" data-width=\"550\" data-dnt=\"true\"><p lang=\"pt\" dir=\"ltr\">Ayrton Lucas, ex-Fluminense, mandou um recado. <br><br>Ser\u00e1? \ud83e\udd14\ud83e\udd14 <a href=\"https:\/\/t.co\/UDEtz0bPnk\">https:\/\/t.co\/UDEtz0bPnk<\/a><\/p>&mdash; Fla Galaxy (@FlaGalaxy) <a href=\"https:\/\/twitter.com\/FlaGalaxy\/status\/1206047603261136896?ref_src=twsrc%5Etfw\">December 15, 2019<\/a><\/blockquote><script async src=\"https:\/\/platform.twitter.com\/widgets.js\" charset=\"utf-8\"><\/script>\n<\/div><\/figure>\n\n\n\n<p>Retirado de: Extra<\/p>\n","protected":false},"excerpt":{"rendered":"<p>Ayrton Lucas, ex-Fluminense, pode refor\u00e7ar o Flamengo no ano que vem . \u00c9 o que est\u00e1 circulando nas redes sociais. O pr\u00f3prio jogador \u00e9 quem d\u00e1 a dica. Em v\u00eddeo, o lateral esquerdo brinca com um amigo sobre a poss\u00edvel chegada ao Flamengo. Na grava\u00e7\u00e3o, o homem aparece dizendo: \u201cA gente vai formar Mengo\u201d. Ayrton, [&hellip;]<\/p>\n","protected":false},"author":1,"featured_media":33873,"comment_status":"open","ping_status":"open","sticky":false,"template":"","format":"standard","meta":{"footnotes":""},"categories":[48],"tags":[],"class_list":["post-33866","post","type-post","status-publish","format-standard","has-post-thumbnail","hentry","category-negociacoes"],"yoast_head":"<!-- This site is optimized with the Yoast SEO Premium plugin v24.2 (Yoast SEO v26.9) - https:\/\/yoast.com\/product\/yoast-seo-premium-wordpress\/ -->\n<title>V\u00eddeo: Ex-lateral do Fluminense afirma que ir\u00e1 jogar no time do Flamengo na temporada de 2020<\/title>\n<meta name=\"robots\" content=\"index, follow, max-snippet:-1, max-image-preview:large, max-video-preview:-1\" \/>\n<link rel=\"canonical\" href=\"https:\/\/www.gaveanews.com\/index.php\/2019\/12\/15\/video-ex-lateral-do-fluminense-afirma-que-jogara-no-flamengo-em-2020\/\" \/>\n<meta property=\"og:locale\" content=\"pt_BR\" \/>\n<meta property=\"og:type\" content=\"article\" \/>\n<meta property=\"og:title\" content=\"V\u00eddeo: Ex-lateral do Fluminense afirma que ir\u00e1 jogar no time do Flamengo na temporada de 2020\" \/>\n<meta property=\"og:description\" content=\"Ayrton Lucas, ex-Fluminense, pode refor\u00e7ar o Flamengo no ano que vem . \u00c9 o que est\u00e1 circulando nas redes sociais. O pr\u00f3prio jogador \u00e9 quem d\u00e1 a dica. Em v\u00eddeo, o lateral esquerdo brinca com um amigo sobre a poss\u00edvel chegada ao Flamengo. Na grava\u00e7\u00e3o, o homem aparece dizendo: \u201cA gente vai formar Mengo\u201d. Ayrton, [&hellip;]\" \/>\n<meta property=\"og:url\" content=\"https:\/\/www.gaveanews.com\/index.php\/2019\/12\/15\/video-ex-lateral-do-fluminense-afirma-que-jogara-no-flamengo-em-2020\/\" \/>\n<meta property=\"og:site_name\" content=\"G\u00e1vea News\" \/>\n<meta property=\"article:publisher\" content=\"https:\/\/facebook.com\/gaveaNews\/\" \/>\n<meta property=\"article:published_time\" content=\"2019-12-15T17:07:52+00:00\" \/>\n<meta property=\"article:modified_time\" content=\"2019-12-15T17:10:07+00:00\" \/>\n<meta property=\"og:image\" content=\"https:\/\/www.gaveanews.com\/wp-content\/uploads\/43852400835_5249051fd8_k.webp\" \/>\n\t<meta property=\"og:image:width\" content=\"2048\" \/>\n\t<meta property=\"og:image:height\" content=\"1194\" \/>\n\t<meta property=\"og:image:type\" content=\"image\/jpeg\" \/>\n<meta name=\"author\" content=\"Equipe G\u00e1vea News\" \/>\n<meta name=\"twitter:card\" content=\"summary_large_image\" \/>\n<meta name=\"twitter:label1\" content=\"Escrito por\" \/>\n\t<meta name=\"twitter:data1\" content=\"Equipe G\u00e1vea News\" \/>\n\t<meta name=\"twitter:label2\" content=\"Est. tempo de leitura\" \/>\n\t<meta name=\"twitter:data2\" content=\"1 minuto\" \/>\n<script type=\"application\/ld+json\" class=\"yoast-schema-graph\">{\"@context\":\"https:\/\/schema.org\",\"@graph\":[{\"@type\":\"NewsArticle\",\"@id\":\"https:\/\/www.gaveanews.com\/index.php\/2019\/12\/15\/video-ex-lateral-do-fluminense-afirma-que-jogara-no-flamengo-em-2020\/#article\",\"isPartOf\":{\"@id\":\"https:\/\/www.gaveanews.com\/index.php\/2019\/12\/15\/video-ex-lateral-do-fluminense-afirma-que-jogara-no-flamengo-em-2020\/\"},\"author\":{\"name\":\"Equipe G\u00e1vea News\",\"@id\":\"https:\/\/www.gaveanews.com\/#\/schema\/person\/2ec14f73fb96be2caf28f91afb14749d\"},\"headline\":\"V\u00eddeo: Ex-lateral do Fluminense afirma que ir\u00e1 jogar no time do Flamengo na temporada de 2020\",\"datePublished\":\"2019-12-15T17:07:52+00:00\",\"dateModified\":\"2019-12-15T17:10:07+00:00\",\"mainEntityOfPage\":{\"@id\":\"https:\/\/www.gaveanews.com\/index.php\/2019\/12\/15\/video-ex-lateral-do-fluminense-afirma-que-jogara-no-flamengo-em-2020\/\"},\"wordCount\":156,\"commentCount\":0,\"image\":{\"@id\":\"https:\/\/www.gaveanews.com\/index.php\/2019\/12\/15\/video-ex-lateral-do-fluminense-afirma-que-jogara-no-flamengo-em-2020\/#primaryimage\"},\"thumbnailUrl\":\"https:\/\/www.gaveanews.com\/wp-content\/uploads\/43852400835_5249051fd8_k.webp\",\"articleSection\":[\"Negocia\u00e7\u00f5es\"],\"inLanguage\":\"pt-BR\",\"potentialAction\":[{\"@type\":\"CommentAction\",\"name\":\"Comment\",\"target\":[\"https:\/\/www.gaveanews.com\/index.php\/2019\/12\/15\/video-ex-lateral-do-fluminense-afirma-que-jogara-no-flamengo-em-2020\/#respond\"]}],\"copyrightYear\":\"2019\",\"copyrightHolder\":{\"@id\":\"https:\/\/www.gaveanews.com\/#organization\"}},{\"@type\":\"WebPage\",\"@id\":\"https:\/\/www.gaveanews.com\/index.php\/2019\/12\/15\/video-ex-lateral-do-fluminense-afirma-que-jogara-no-flamengo-em-2020\/\",\"url\":\"https:\/\/www.gaveanews.com\/index.php\/2019\/12\/15\/video-ex-lateral-do-fluminense-afirma-que-jogara-no-flamengo-em-2020\/\",\"name\":\"V\u00eddeo: Ex-lateral do Fluminense afirma que ir\u00e1 jogar no time do Flamengo na temporada de 2020\",\"isPartOf\":{\"@id\":\"https:\/\/www.gaveanews.com\/#website\"},\"primaryImageOfPage\":{\"@id\":\"https:\/\/www.gaveanews.com\/index.php\/2019\/12\/15\/video-ex-lateral-do-fluminense-afirma-que-jogara-no-flamengo-em-2020\/#primaryimage\"},\"image\":{\"@id\":\"https:\/\/www.gaveanews.com\/index.php\/2019\/12\/15\/video-ex-lateral-do-fluminense-afirma-que-jogara-no-flamengo-em-2020\/#primaryimage\"},\"thumbnailUrl\":\"https:\/\/www.gaveanews.com\/wp-content\/uploads\/43852400835_5249051fd8_k.webp\",\"datePublished\":\"2019-12-15T17:07:52+00:00\",\"dateModified\":\"2019-12-15T17:10:07+00:00\",\"author\":{\"@id\":\"https:\/\/www.gaveanews.com\/#\/schema\/person\/2ec14f73fb96be2caf28f91afb14749d\"},\"breadcrumb\":{\"@id\":\"https:\/\/www.gaveanews.com\/index.php\/2019\/12\/15\/video-ex-lateral-do-fluminense-afirma-que-jogara-no-flamengo-em-2020\/#breadcrumb\"},\"inLanguage\":\"pt-BR\",\"potentialAction\":[{\"@type\":\"ReadAction\",\"target\":[\"https:\/\/www.gaveanews.com\/index.php\/2019\/12\/15\/video-ex-lateral-do-fluminense-afirma-que-jogara-no-flamengo-em-2020\/\"]}]},{\"@type\":\"ImageObject\",\"inLanguage\":\"pt-BR\",\"@id\":\"https:\/\/www.gaveanews.com\/index.php\/2019\/12\/15\/video-ex-lateral-do-fluminense-afirma-que-jogara-no-flamengo-em-2020\/#primaryimage\",\"url\":\"https:\/\/www.gaveanews.com\/wp-content\/uploads\/43852400835_5249051fd8_k.webp\",\"contentUrl\":\"https:\/\/www.gaveanews.com\/wp-content\/uploads\/43852400835_5249051fd8_k.webp\",\"width\":2048,\"height\":1194},{\"@type\":\"BreadcrumbList\",\"@id\":\"https:\/\/www.gaveanews.com\/index.php\/2019\/12\/15\/video-ex-lateral-do-fluminense-afirma-que-jogara-no-flamengo-em-2020\/#breadcrumb\",\"itemListElement\":[{\"@type\":\"ListItem\",\"position\":1,\"name\":\"Home\",\"item\":\"https:\/\/www.gaveanews.com\/\"},{\"@type\":\"ListItem\",\"position\":2,\"name\":\"V\u00eddeo: Ex-lateral do Fluminense afirma que ir\u00e1 jogar no time do Flamengo na temporada de 2020\"}]},{\"@type\":\"WebSite\",\"@id\":\"https:\/\/www.gaveanews.com\/#website\",\"url\":\"https:\/\/www.gaveanews.com\/\",\"name\":\"G\u00e1vea News\",\"description\":\"Veja todas as not\u00edcias sobre o Flamengo: Contrata\u00e7\u00f5es, categorias de base, resultados das partidas, tabela de classifica\u00e7\u00e3o, pr\u00f3ximos jogos!\",\"potentialAction\":[{\"@type\":\"SearchAction\",\"target\":{\"@type\":\"EntryPoint\",\"urlTemplate\":\"https:\/\/www.gaveanews.com\/?s={search_term_string}\"},\"query-input\":{\"@type\":\"PropertyValueSpecification\",\"valueRequired\":true,\"valueName\":\"search_term_string\"}}],\"inLanguage\":\"pt-BR\"},{\"@type\":\"Person\",\"@id\":\"https:\/\/www.gaveanews.com\/#\/schema\/person\/2ec14f73fb96be2caf28f91afb14749d\",\"name\":\"Equipe G\u00e1vea News\",\"image\":{\"@type\":\"ImageObject\",\"inLanguage\":\"pt-BR\",\"@id\":\"https:\/\/www.gaveanews.com\/#\/schema\/person\/image\/\",\"url\":\"https:\/\/secure.gravatar.com\/avatar\/1e1956f1facbffd3f8fa53a326721950116b3b9dc9bd44939c01180fd4a745a9?s=96&d=mm&r=g\",\"contentUrl\":\"https:\/\/secure.gravatar.com\/avatar\/1e1956f1facbffd3f8fa53a326721950116b3b9dc9bd44939c01180fd4a745a9?s=96&d=mm&r=g\",\"caption\":\"Equipe G\u00e1vea News\"}}]}<\/script>\n<!-- \/ Yoast SEO Premium plugin. -->","yoast_head_json":{"title":"V\u00eddeo: Ex-lateral do Fluminense afirma que ir\u00e1 jogar no time do Flamengo na temporada de 2020","robots":{"index":"index","follow":"follow","max-snippet":"max-snippet:-1","max-image-preview":"max-image-preview:large","max-video-preview":"max-video-preview:-1"},"canonical":"https:\/\/www.gaveanews.com\/index.php\/2019\/12\/15\/video-ex-lateral-do-fluminense-afirma-que-jogara-no-flamengo-em-2020\/","og_locale":"pt_BR","og_type":"article","og_title":"V\u00eddeo: Ex-lateral do Fluminense afirma que ir\u00e1 jogar no time do Flamengo na temporada de 2020","og_description":"Ayrton Lucas, ex-Fluminense, pode refor\u00e7ar o Flamengo no ano que vem . \u00c9 o que est\u00e1 circulando nas redes sociais. O pr\u00f3prio jogador \u00e9 quem d\u00e1 a dica. Em v\u00eddeo, o lateral esquerdo brinca com um amigo sobre a poss\u00edvel chegada ao Flamengo. Na grava\u00e7\u00e3o, o homem aparece dizendo: \u201cA gente vai formar Mengo\u201d. Ayrton, [&hellip;]","og_url":"https:\/\/www.gaveanews.com\/index.php\/2019\/12\/15\/video-ex-lateral-do-fluminense-afirma-que-jogara-no-flamengo-em-2020\/","og_site_name":"G\u00e1vea News","article_publisher":"https:\/\/facebook.com\/gaveaNews\/","article_published_time":"2019-12-15T17:07:52+00:00","article_modified_time":"2019-12-15T17:10:07+00:00","og_image":[{"width":2048,"height":1194,"url":"https:\/\/www.gaveanews.com\/wp-content\/uploads\/43852400835_5249051fd8_k.webp","type":"image\/jpeg"}],"author":"Equipe G\u00e1vea News","twitter_card":"summary_large_image","twitter_misc":{"Escrito por":"Equipe G\u00e1vea News","Est. tempo de leitura":"1 minuto"},"schema":{"@context":"https:\/\/schema.org","@graph":[{"@type":"NewsArticle","@id":"https:\/\/www.gaveanews.com\/index.php\/2019\/12\/15\/video-ex-lateral-do-fluminense-afirma-que-jogara-no-flamengo-em-2020\/#article","isPartOf":{"@id":"https:\/\/www.gaveanews.com\/index.php\/2019\/12\/15\/video-ex-lateral-do-fluminense-afirma-que-jogara-no-flamengo-em-2020\/"},"author":{"name":"Equipe G\u00e1vea News","@id":"https:\/\/www.gaveanews.com\/#\/schema\/person\/2ec14f73fb96be2caf28f91afb14749d"},"headline":"V\u00eddeo: Ex-lateral do Fluminense afirma que ir\u00e1 jogar no time do Flamengo na temporada de 2020","datePublished":"2019-12-15T17:07:52+00:00","dateModified":"2019-12-15T17:10:07+00:00","mainEntityOfPage":{"@id":"https:\/\/www.gaveanews.com\/index.php\/2019\/12\/15\/video-ex-lateral-do-fluminense-afirma-que-jogara-no-flamengo-em-2020\/"},"wordCount":156,"commentCount":0,"image":{"@id":"https:\/\/www.gaveanews.com\/index.php\/2019\/12\/15\/video-ex-lateral-do-fluminense-afirma-que-jogara-no-flamengo-em-2020\/#primaryimage"},"thumbnailUrl":"https:\/\/www.gaveanews.com\/wp-content\/uploads\/43852400835_5249051fd8_k.webp","articleSection":["Negocia\u00e7\u00f5es"],"inLanguage":"pt-BR","potentialAction":[{"@type":"CommentAction","name":"Comment","target":["https:\/\/www.gaveanews.com\/index.php\/2019\/12\/15\/video-ex-lateral-do-fluminense-afirma-que-jogara-no-flamengo-em-2020\/#respond"]}],"copyrightYear":"2019","copyrightHolder":{"@id":"https:\/\/www.gaveanews.com\/#organization"}},{"@type":"WebPage","@id":"https:\/\/www.gaveanews.com\/index.php\/2019\/12\/15\/video-ex-lateral-do-fluminense-afirma-que-jogara-no-flamengo-em-2020\/","url":"https:\/\/www.gaveanews.com\/index.php\/2019\/12\/15\/video-ex-lateral-do-fluminense-afirma-que-jogara-no-flamengo-em-2020\/","name":"V\u00eddeo: Ex-lateral do Fluminense afirma que ir\u00e1 jogar no time do Flamengo na temporada de 2020","isPartOf":{"@id":"https:\/\/www.gaveanews.com\/#website"},"primaryImageOfPage":{"@id":"https:\/\/www.gaveanews.com\/index.php\/2019\/12\/15\/video-ex-lateral-do-fluminense-afirma-que-jogara-no-flamengo-em-2020\/#primaryimage"},"image":{"@id":"https:\/\/www.gaveanews.com\/index.php\/2019\/12\/15\/video-ex-lateral-do-fluminense-afirma-que-jogara-no-flamengo-em-2020\/#primaryimage"},"thumbnailUrl":"https:\/\/www.gaveanews.com\/wp-content\/uploads\/43852400835_5249051fd8_k.webp","datePublished":"2019-12-15T17:07:52+00:00","dateModified":"2019-12-15T17:10:07+00:00","author":{"@id":"https:\/\/www.gaveanews.com\/#\/schema\/person\/2ec14f73fb96be2caf28f91afb14749d"},"breadcrumb":{"@id":"https:\/\/www.gaveanews.com\/index.php\/2019\/12\/15\/video-ex-lateral-do-fluminense-afirma-que-jogara-no-flamengo-em-2020\/#breadcrumb"},"inLanguage":"pt-BR","potentialAction":[{"@type":"ReadAction","target":["https:\/\/www.gaveanews.com\/index.php\/2019\/12\/15\/video-ex-lateral-do-fluminense-afirma-que-jogara-no-flamengo-em-2020\/"]}]},{"@type":"ImageObject","inLanguage":"pt-BR","@id":"https:\/\/www.gaveanews.com\/index.php\/2019\/12\/15\/video-ex-lateral-do-fluminense-afirma-que-jogara-no-flamengo-em-2020\/#primaryimage","url":"https:\/\/www.gaveanews.com\/wp-content\/uploads\/43852400835_5249051fd8_k.webp","contentUrl":"https:\/\/www.gaveanews.com\/wp-content\/uploads\/43852400835_5249051fd8_k.webp","width":2048,"height":1194},{"@type":"BreadcrumbList","@id":"https:\/\/www.gaveanews.com\/index.php\/2019\/12\/15\/video-ex-lateral-do-fluminense-afirma-que-jogara-no-flamengo-em-2020\/#breadcrumb","itemListElement":[{"@type":"ListItem","position":1,"name":"Home","item":"https:\/\/www.gaveanews.com\/"},{"@type":"ListItem","position":2,"name":"V\u00eddeo: Ex-lateral do Fluminense afirma que ir\u00e1 jogar no time do Flamengo na temporada de 2020"}]},{"@type":"WebSite","@id":"https:\/\/www.gaveanews.com\/#website","url":"https:\/\/www.gaveanews.com\/","name":"G\u00e1vea News","description":"Veja todas as not\u00edcias sobre o Flamengo: Contrata\u00e7\u00f5es, categorias de base, resultados das partidas, tabela de classifica\u00e7\u00e3o, pr\u00f3ximos jogos!","potentialAction":[{"@type":"SearchAction","target":{"@type":"EntryPoint","urlTemplate":"https:\/\/www.gaveanews.com\/?s={search_term_string}"},"query-input":{"@type":"PropertyValueSpecification","valueRequired":true,"valueName":"search_term_string"}}],"inLanguage":"pt-BR"},{"@type":"Person","@id":"https:\/\/www.gaveanews.com\/#\/schema\/person\/2ec14f73fb96be2caf28f91afb14749d","name":"Equipe G\u00e1vea News","image":{"@type":"ImageObject","inLanguage":"pt-BR","@id":"https:\/\/www.gaveanews.com\/#\/schema\/person\/image\/","url":"https:\/\/secure.gravatar.com\/avatar\/1e1956f1facbffd3f8fa53a326721950116b3b9dc9bd44939c01180fd4a745a9?s=96&d=mm&r=g","contentUrl":"https:\/\/secure.gravatar.com\/avatar\/1e1956f1facbffd3f8fa53a326721950116b3b9dc9bd44939c01180fd4a745a9?s=96&d=mm&r=g","caption":"Equipe G\u00e1vea News"}}]}},"_links":{"self":[{"href":"https:\/\/www.gaveanews.com\/index.php\/wp-json\/wp\/v2\/posts\/33866","targetHints":{"allow":["GET"]}}],"collection":[{"href":"https:\/\/www.gaveanews.com\/index.php\/wp-json\/wp\/v2\/posts"}],"about":[{"href":"https:\/\/www.gaveanews.com\/index.php\/wp-json\/wp\/v2\/types\/post"}],"author":[{"embeddable":true,"href":"https:\/\/www.gaveanews.com\/index.php\/wp-json\/wp\/v2\/users\/1"}],"replies":[{"embeddable":true,"href":"https:\/\/www.gaveanews.com\/index.php\/wp-json\/wp\/v2\/comments?post=33866"}],"version-history":[{"count":0,"href":"https:\/\/www.gaveanews.com\/index.php\/wp-json\/wp\/v2\/posts\/33866\/revisions"}],"wp:featuredmedia":[{"embeddable":true,"href":"https:\/\/www.gaveanews.com\/index.php\/wp-json\/wp\/v2\/media\/33873"}],"wp:attachment":[{"href":"https:\/\/www.gaveanews.com\/index.php\/wp-json\/wp\/v2\/media?parent=33866"}],"wp:term":[{"taxonomy":"category","embeddable":true,"href":"https:\/\/www.gaveanews.com\/index.php\/wp-json\/wp\/v2\/categories?post=33866"},{"taxonomy":"post_tag","embeddable":true,"href":"https:\/\/www.gaveanews.com\/index.php\/wp-json\/wp\/v2\/tags?post=33866"}],"curies":[{"name":"wp","href":"https:\/\/api.w.org\/{rel}","templated":true}]}}