{"id":33876,"date":"2019-12-15T15:45:55","date_gmt":"2019-12-15T18:45:55","guid":{"rendered":"http:\/\/www.gaveanews.com\/?p=33876"},"modified":"2019-12-15T15:45:56","modified_gmt":"2019-12-15T18:45:56","slug":"bruno-henrique-comemora-momento-magico-do-flamengo-precisamos-desfrutar-veja-a-entrevista-completa","status":"publish","type":"post","link":"https:\/\/www.gaveanews.com\/index.php\/2019\/12\/15\/bruno-henrique-comemora-momento-magico-do-flamengo-precisamos-desfrutar-veja-a-entrevista-completa\/","title":{"rendered":"Bruno Henrique comemora momento m\u00e1gico do Flamengo: &#8216;Precisamos desfrutar&#8217;; veja a entrevista completa"},"content":{"rendered":"\n<p>\n\n&#8220;Estamos em outro patamar&#8221;. N\u00e3o bastasse ser eleito o melhor jogador da Libertadores deste ano, Bruno Henrique viralizou ao bradar tal frase, j\u00e1 um tanto quanto alterado na festa da comemora\u00e7\u00e3o do bicampeonato.<\/p>\n\n\n\n<p>Agora, tamb\u00e9m com a ta\u00e7a do Brasileiro na bagagem, chega a Doha com a miss\u00e3o de protagonizar outro bi, o do Mundial de Clubes (estreando na ter\u00e7a, pelas semifinais, contra o Al Hilal)), e &#8220;desfrutar do momento &#8220;m\u00e1gico&#8221; vivido pelo Rubro-Negro.<\/p>\n\n\n\n<p>Em entrevista exclusiva ao portal &#8216;Lance!&#8217;, Bruno Henrique tamb\u00e9m falou sobre a brincadeira do viral que tomou conta das redes sociais &#8211; e do vesti\u00e1rio.<\/p>\n\n\n\n<p>&#8220;Fica sempre a brincadeira (&#8220;outro patamar&#8221;), foi algo que tomou uma propor\u00e7\u00e3o grande. Mas tenho muito respeito pelos nossos advers\u00e1rios e nunca desrespeitei ou desmereci ningu\u00e9m. O momento que vive o Flamengo \u00e9 m\u00e1gico e precisamos desfrutar dele&#8221;, disse Bruno Henrique.<\/p>\n\n\n\n<p>E o patamar elevado pode ser refer\u00eancia para o atacante de 28 anos, j\u00e1 que, em 2019, foi eleito o melhor do Campeonato Brasileiro e foi lembrado por Tite. Para o atleta, a autoconfian\u00e7a foi essencial para superar um 2018 tenebroso.<\/p>\n\n\n\n<p>&#8220;Eu sempre sonhei bem alto e sempre soube da minha capacidade, por mais que tudo tivesse sido colocado em d\u00favida ap\u00f3s o meu ano de 2018 rodeado de les\u00f5es. Para mim \u00e9 um motivo de muito orgulho e muita honra ter sido escolhido o melhor da Am\u00e9rica, mas o principal com certeza foi ter marcado meu nome na hist\u00f3ria do Flamengo como campe\u00e3o da Libertadores&#8221;.<\/p>\n\n\n\n<p>Ainda mais destacado na vitrine com a disputa do Mundial, Bruno Henrique tem sido monitorado de perto pelo futebol chin\u00eas. Autor de 34 gols em 60 partidas, optou por n\u00e3o se comprometer e manter o foco no campo.<\/p>\n\n\n\n<p>&#8220;Sempre tive a cabe\u00e7a muito boa em rela\u00e7\u00e3o a tudo isso. Deixo tudo nas m\u00e3os dos meus empres\u00e1rios, que trabalham para me oferecer sempre o melhor. Meu pensamento est\u00e1 completamente voltado aqui no Flamengo e ao Mundial de Clubes que temos pela frente&#8221;, comentou o jogador, que tem contrato at\u00e9 o fim de 2021 e uma multa de 30 milh\u00f5es de euros (cerca de R$ 140 milh\u00f5es).<\/p>\n\n\n\n<h3 class=\"wp-block-heading\"><strong>Confira outras respostas da entrevista com Bruno Henrique:<\/strong><\/h3>\n\n\n\n<h4 class=\"wp-block-heading\"><strong>Continuar\u00e1 formando dupla de ataque com Gabigol, no Flamengo, em 2020?<\/strong><\/h4>\n\n\n\n<p>\u2014 Espero que sim. Gabriel \u00e9 um grande jogador, tem nos ajudado bastante aqui no ano de 2019 no Flamengo e esperamos que possa seguir aqui com a gente para o ano que vem. Mas \u00e9 uma decis\u00e3o dele com o clube e desejo que ele seja feliz.<\/p>\n\n\n\n<h4 class=\"wp-block-heading\"><strong>Klopp e o Wijnaldum falaram que pouco conhecem o Flamengo e seus jogadores. Isso chega at\u00e9 voc\u00eas? E se chega, motiva ainda mais para dar uma resposta numa poss\u00edvel final?<\/strong><\/h4>\n\n\n\n<p>\u2014 A gente procura n\u00e3o alimentar muito esse tipo de situa\u00e7\u00e3o. Com certeza a equipe deles vai analisar bem nosso time caso a gente esteja na final para tentar anular nossos pontos fortes, assim como faremos com a equipe deles, naturalmente.<\/p>\n\n\n\n<h4 class=\"wp-block-heading\"><strong>Costuma assistir aos jogos do Liverpool? Na sua vis\u00e3o, quais s\u00e3o os pontos mais fortes do time de J\u00fcrgen Klopp?<\/strong><\/h4>\n\n\n\n<p>\u2014 N\u00e3o \u00e9 \u00e0 toa que s\u00e3o campe\u00f5es da Champions League e disputaram duas finais consecutivas na maior competi\u00e7\u00e3o de clubes do mundo. \u00c9 uma equipe muito forte, muito bem treinada, com um trio de ataque excepcional e muita intensidade. Com certeza ser\u00e1 um advers\u00e1rio muito complicado em uma eventual final.<\/p>\n\n\n\n<h4 class=\"wp-block-heading\"><strong>E voc\u00ea ter\u00e1 pela frente o melhor zagueiro (Van Dijk) o melhor goleiro do mundo (Alisson), eleitos recentemente. Como superar tais advers\u00e1rios?<\/strong><\/h4>\n\n\n\n<p>\u2014 A gente trabalha para estar sempre no mais alto n\u00edvel e enfrentar os melhores. Seria incr\u00edvel poder disputar uma partida contra o Liverpool e ainda mais se sairmos vitoriosos. Mas nosso foco est\u00e1 na semifinal, que com certeza ser\u00e1 muito dif\u00edcil e precisamos de concentra\u00e7\u00e3o m\u00e1xima.<\/p>\n\n\n\n<h4 class=\"wp-block-heading\"><strong>D\u00e1 para dizer Liverpool \u00e9 favorito ao t\u00edtulo? Se sim, acha que Flamengo vai mais &#8220;leve&#8221; para o Qatar?<\/strong><\/h4>\n\n\n\n<p>\u2014 O Liverpool \u00e9 hoje o melhor time do mundo, ent\u00e3o na minha opini\u00e3o entra como favorito diante de qualquer advers\u00e1rio. Mas como eu falei, nosso foco est\u00e1 primeiramente na semifinal. Depois, caso a gente se encontre na final, tentaremos manter nosso estilo de jogo e buscar o t\u00edtulo.<\/p>\n\n\n\n<h4 class=\"wp-block-heading\"><strong>Voc\u00ea acredita que brilhar no Mundial o encaminha \u00e0s primeiras convoca\u00e7\u00f5es para as Eliminat\u00f3rias com a Sele\u00e7\u00e3o?<\/strong><\/h4>\n\n\n\n<p>\u2014 O meu grande objetivo \u00e9 ser lembrado novamente pelo professor Tite e pela comiss\u00e3o t\u00e9cnica da Sele\u00e7\u00e3o. Sem d\u00favidas quero disputar as Eliminat\u00f3rias e tamb\u00e9m a Copa Am\u00e9rica. Estou trabalhando muito forte aqui para fazer por merecer mais uma convoca\u00e7\u00e3o.<\/p>\n\n\n\n<h4 class=\"wp-block-heading\"><strong>E voc\u00ea ainda mant\u00e9m contato com o Cu\u00e9llar? Ele ser\u00e1 um advers\u00e1rio nas semifinais&#8230; Vai rolar uma aposta ou at\u00e9 provoca\u00e7\u00e3o sadia antes?<\/strong><\/h4>\n\n\n\n<p>\u2014 Cuellar \u00e9 um cara muito querido aqui por todos n\u00f3s do grupo. Mas o futebol \u00e9 assim, \u00e9 feito de escolhas e ele tomou o caminho que acreditava ser o melhor para ele para a fam\u00edlia dele. Ser\u00e1 muito dif\u00edcil enfrent\u00e1-lo, mas espero que o Flamengo saia vencedor.<\/p>\n\n\n\n<h4 class=\"wp-block-heading\"><strong>Para finalizar: voc\u00ea ainda se pega pensando ou at\u00e9 sonhando com lances da final da Libertadores? Aquela achada para o Arrascaeta mudou tudo&#8230;<\/strong><\/h4>\n\n\n\n<p>\u2014 \u00c9 um lance que sem d\u00favida ficar\u00e1 marcado na minha mem\u00f3ria para sempre. Pelo lance em si e por todo o contexto. Est\u00e1vamos perdendo, faltavam poucos minutos para o fim do jogo. Eu confesso que nem pensei muito na hora. S\u00f3 vi o espa\u00e7o e fui avan\u00e7ando, s\u00f3 fui ver a quantidade de advers\u00e1rios que estavam \u00e0 minha volta depois do jogo no replay. Pude encontrar o Arrascaeta em boa condi\u00e7\u00e3o de tocar para o Gabriel s\u00f3 empurrar a bola. Com certeza vai ficar eternizado para mim e para toda a torcida do Flamengo. <\/p>\n\n\n\n<p>Retirado de: O Dia<\/p>\n","protected":false},"excerpt":{"rendered":"<p>&#8220;Estamos em outro patamar&#8221;. N\u00e3o bastasse ser eleito o melhor jogador da Libertadores deste ano, Bruno Henrique viralizou ao bradar tal frase, j\u00e1 um tanto quanto alterado na festa da comemora\u00e7\u00e3o do bicampeonato. Agora, tamb\u00e9m com a ta\u00e7a do Brasileiro na bagagem, chega a Doha com a miss\u00e3o de protagonizar outro bi, o do Mundial [&hellip;]<\/p>\n","protected":false},"author":1,"featured_media":25490,"comment_status":"open","ping_status":"open","sticky":false,"template":"","format":"standard","meta":{"footnotes":""},"categories":[1],"tags":[],"class_list":["post-33876","post","type-post","status-publish","format-standard","has-post-thumbnail","hentry","category-flamengo"],"yoast_head":"<!-- This site is optimized with the Yoast SEO Premium plugin v24.2 (Yoast SEO v26.9) - https:\/\/yoast.com\/product\/yoast-seo-premium-wordpress\/ -->\n<title>Bruno Henrique comemora momento m\u00e1gico do Flamengo: &#039;Precisamos desfrutar&#039;; veja a entrevista completa<\/title>\n<meta name=\"robots\" content=\"index, follow, max-snippet:-1, max-image-preview:large, max-video-preview:-1\" \/>\n<link rel=\"canonical\" href=\"https:\/\/www.gaveanews.com\/index.php\/2019\/12\/15\/bruno-henrique-comemora-momento-magico-do-flamengo-precisamos-desfrutar-veja-a-entrevista-completa\/\" \/>\n<meta property=\"og:locale\" content=\"pt_BR\" \/>\n<meta property=\"og:type\" content=\"article\" \/>\n<meta property=\"og:title\" content=\"Bruno Henrique comemora momento m\u00e1gico do Flamengo: &#039;Precisamos desfrutar&#039;; veja a entrevista completa\" \/>\n<meta property=\"og:description\" content=\"&#8220;Estamos em outro patamar&#8221;. N\u00e3o bastasse ser eleito o melhor jogador da Libertadores deste ano, Bruno Henrique viralizou ao bradar tal frase, j\u00e1 um tanto quanto alterado na festa da comemora\u00e7\u00e3o do bicampeonato. Agora, tamb\u00e9m com a ta\u00e7a do Brasileiro na bagagem, chega a Doha com a miss\u00e3o de protagonizar outro bi, o do Mundial [&hellip;]\" \/>\n<meta property=\"og:url\" content=\"https:\/\/www.gaveanews.com\/index.php\/2019\/12\/15\/bruno-henrique-comemora-momento-magico-do-flamengo-precisamos-desfrutar-veja-a-entrevista-completa\/\" \/>\n<meta property=\"og:site_name\" content=\"G\u00e1vea News\" \/>\n<meta property=\"article:publisher\" content=\"https:\/\/facebook.com\/gaveaNews\/\" \/>\n<meta property=\"article:published_time\" content=\"2019-12-15T18:45:55+00:00\" \/>\n<meta property=\"article:modified_time\" content=\"2019-12-15T18:45:56+00:00\" \/>\n<meta property=\"og:image\" content=\"https:\/\/www.gaveanews.com\/wp-content\/uploads\/2019\/08\/Bruno-Henrique-durante-a-comemoracao-apos-marcar-mais-um-gol-pelo-Flamengo.webp\" \/>\n\t<meta property=\"og:image:width\" content=\"1\" \/>\n\t<meta property=\"og:image:height\" content=\"1\" \/>\n\t<meta property=\"og:image:type\" content=\"image\/jpeg\" \/>\n<meta name=\"author\" content=\"Equipe G\u00e1vea News\" \/>\n<meta name=\"twitter:card\" content=\"summary_large_image\" \/>\n<meta name=\"twitter:label1\" content=\"Escrito por\" \/>\n\t<meta name=\"twitter:data1\" content=\"Equipe G\u00e1vea News\" \/>\n\t<meta name=\"twitter:label2\" content=\"Est. tempo de leitura\" \/>\n\t<meta name=\"twitter:data2\" content=\"5 minutos\" \/>\n<script type=\"application\/ld+json\" class=\"yoast-schema-graph\">{\"@context\":\"https:\/\/schema.org\",\"@graph\":[{\"@type\":\"NewsArticle\",\"@id\":\"https:\/\/www.gaveanews.com\/index.php\/2019\/12\/15\/bruno-henrique-comemora-momento-magico-do-flamengo-precisamos-desfrutar-veja-a-entrevista-completa\/#article\",\"isPartOf\":{\"@id\":\"https:\/\/www.gaveanews.com\/index.php\/2019\/12\/15\/bruno-henrique-comemora-momento-magico-do-flamengo-precisamos-desfrutar-veja-a-entrevista-completa\/\"},\"author\":{\"name\":\"Equipe G\u00e1vea News\",\"@id\":\"https:\/\/www.gaveanews.com\/#\/schema\/person\/2ec14f73fb96be2caf28f91afb14749d\"},\"headline\":\"Bruno Henrique comemora momento m\u00e1gico do Flamengo: &#8216;Precisamos desfrutar&#8217;; veja a entrevista completa\",\"datePublished\":\"2019-12-15T18:45:55+00:00\",\"dateModified\":\"2019-12-15T18:45:56+00:00\",\"mainEntityOfPage\":{\"@id\":\"https:\/\/www.gaveanews.com\/index.php\/2019\/12\/15\/bruno-henrique-comemora-momento-magico-do-flamengo-precisamos-desfrutar-veja-a-entrevista-completa\/\"},\"wordCount\":1008,\"commentCount\":1,\"image\":{\"@id\":\"https:\/\/www.gaveanews.com\/index.php\/2019\/12\/15\/bruno-henrique-comemora-momento-magico-do-flamengo-precisamos-desfrutar-veja-a-entrevista-completa\/#primaryimage\"},\"thumbnailUrl\":\"https:\/\/www.gaveanews.com\/wp-content\/uploads\/2019\/08\/Bruno-Henrique-durante-a-comemoracao-apos-marcar-mais-um-gol-pelo-Flamengo.webp\",\"articleSection\":[\"Flamengo\"],\"inLanguage\":\"pt-BR\",\"potentialAction\":[{\"@type\":\"CommentAction\",\"name\":\"Comment\",\"target\":[\"https:\/\/www.gaveanews.com\/index.php\/2019\/12\/15\/bruno-henrique-comemora-momento-magico-do-flamengo-precisamos-desfrutar-veja-a-entrevista-completa\/#respond\"]}],\"copyrightYear\":\"2019\",\"copyrightHolder\":{\"@id\":\"https:\/\/www.gaveanews.com\/#organization\"}},{\"@type\":\"WebPage\",\"@id\":\"https:\/\/www.gaveanews.com\/index.php\/2019\/12\/15\/bruno-henrique-comemora-momento-magico-do-flamengo-precisamos-desfrutar-veja-a-entrevista-completa\/\",\"url\":\"https:\/\/www.gaveanews.com\/index.php\/2019\/12\/15\/bruno-henrique-comemora-momento-magico-do-flamengo-precisamos-desfrutar-veja-a-entrevista-completa\/\",\"name\":\"Bruno Henrique comemora momento m\u00e1gico do Flamengo: 'Precisamos desfrutar'; veja a entrevista completa\",\"isPartOf\":{\"@id\":\"https:\/\/www.gaveanews.com\/#website\"},\"primaryImageOfPage\":{\"@id\":\"https:\/\/www.gaveanews.com\/index.php\/2019\/12\/15\/bruno-henrique-comemora-momento-magico-do-flamengo-precisamos-desfrutar-veja-a-entrevista-completa\/#primaryimage\"},\"image\":{\"@id\":\"https:\/\/www.gaveanews.com\/index.php\/2019\/12\/15\/bruno-henrique-comemora-momento-magico-do-flamengo-precisamos-desfrutar-veja-a-entrevista-completa\/#primaryimage\"},\"thumbnailUrl\":\"https:\/\/www.gaveanews.com\/wp-content\/uploads\/2019\/08\/Bruno-Henrique-durante-a-comemoracao-apos-marcar-mais-um-gol-pelo-Flamengo.webp\",\"datePublished\":\"2019-12-15T18:45:55+00:00\",\"dateModified\":\"2019-12-15T18:45:56+00:00\",\"author\":{\"@id\":\"https:\/\/www.gaveanews.com\/#\/schema\/person\/2ec14f73fb96be2caf28f91afb14749d\"},\"breadcrumb\":{\"@id\":\"https:\/\/www.gaveanews.com\/index.php\/2019\/12\/15\/bruno-henrique-comemora-momento-magico-do-flamengo-precisamos-desfrutar-veja-a-entrevista-completa\/#breadcrumb\"},\"inLanguage\":\"pt-BR\",\"potentialAction\":[{\"@type\":\"ReadAction\",\"target\":[\"https:\/\/www.gaveanews.com\/index.php\/2019\/12\/15\/bruno-henrique-comemora-momento-magico-do-flamengo-precisamos-desfrutar-veja-a-entrevista-completa\/\"]}]},{\"@type\":\"ImageObject\",\"inLanguage\":\"pt-BR\",\"@id\":\"https:\/\/www.gaveanews.com\/index.php\/2019\/12\/15\/bruno-henrique-comemora-momento-magico-do-flamengo-precisamos-desfrutar-veja-a-entrevista-completa\/#primaryimage\",\"url\":\"https:\/\/www.gaveanews.com\/wp-content\/uploads\/2019\/08\/Bruno-Henrique-durante-a-comemoracao-apos-marcar-mais-um-gol-pelo-Flamengo.webp\",\"contentUrl\":\"https:\/\/www.gaveanews.com\/wp-content\/uploads\/2019\/08\/Bruno-Henrique-durante-a-comemoracao-apos-marcar-mais-um-gol-pelo-Flamengo.webp\",\"caption\":\"Bruno Henrique durante a comemora\u00e7\u00e3o, ap\u00f3s marcar mais um gol pelo Flamengo (Foto: Alexandre Vidal\/Flamengo)\"},{\"@type\":\"BreadcrumbList\",\"@id\":\"https:\/\/www.gaveanews.com\/index.php\/2019\/12\/15\/bruno-henrique-comemora-momento-magico-do-flamengo-precisamos-desfrutar-veja-a-entrevista-completa\/#breadcrumb\",\"itemListElement\":[{\"@type\":\"ListItem\",\"position\":1,\"name\":\"Home\",\"item\":\"https:\/\/www.gaveanews.com\/\"},{\"@type\":\"ListItem\",\"position\":2,\"name\":\"Bruno Henrique comemora momento m\u00e1gico do Flamengo: &#8216;Precisamos desfrutar&#8217;; veja a entrevista completa\"}]},{\"@type\":\"WebSite\",\"@id\":\"https:\/\/www.gaveanews.com\/#website\",\"url\":\"https:\/\/www.gaveanews.com\/\",\"name\":\"G\u00e1vea News\",\"description\":\"Veja todas as not\u00edcias sobre o Flamengo: Contrata\u00e7\u00f5es, categorias de base, resultados das partidas, tabela de classifica\u00e7\u00e3o, pr\u00f3ximos jogos!\",\"potentialAction\":[{\"@type\":\"SearchAction\",\"target\":{\"@type\":\"EntryPoint\",\"urlTemplate\":\"https:\/\/www.gaveanews.com\/?s={search_term_string}\"},\"query-input\":{\"@type\":\"PropertyValueSpecification\",\"valueRequired\":true,\"valueName\":\"search_term_string\"}}],\"inLanguage\":\"pt-BR\"},{\"@type\":\"Person\",\"@id\":\"https:\/\/www.gaveanews.com\/#\/schema\/person\/2ec14f73fb96be2caf28f91afb14749d\",\"name\":\"Equipe G\u00e1vea News\",\"image\":{\"@type\":\"ImageObject\",\"inLanguage\":\"pt-BR\",\"@id\":\"https:\/\/www.gaveanews.com\/#\/schema\/person\/image\/\",\"url\":\"https:\/\/secure.gravatar.com\/avatar\/1e1956f1facbffd3f8fa53a326721950116b3b9dc9bd44939c01180fd4a745a9?s=96&d=mm&r=g\",\"contentUrl\":\"https:\/\/secure.gravatar.com\/avatar\/1e1956f1facbffd3f8fa53a326721950116b3b9dc9bd44939c01180fd4a745a9?s=96&d=mm&r=g\",\"caption\":\"Equipe G\u00e1vea News\"}}]}<\/script>\n<!-- \/ Yoast SEO Premium plugin. -->","yoast_head_json":{"title":"Bruno Henrique comemora momento m\u00e1gico do Flamengo: 'Precisamos desfrutar'; veja a entrevista completa","robots":{"index":"index","follow":"follow","max-snippet":"max-snippet:-1","max-image-preview":"max-image-preview:large","max-video-preview":"max-video-preview:-1"},"canonical":"https:\/\/www.gaveanews.com\/index.php\/2019\/12\/15\/bruno-henrique-comemora-momento-magico-do-flamengo-precisamos-desfrutar-veja-a-entrevista-completa\/","og_locale":"pt_BR","og_type":"article","og_title":"Bruno Henrique comemora momento m\u00e1gico do Flamengo: 'Precisamos desfrutar'; veja a entrevista completa","og_description":"&#8220;Estamos em outro patamar&#8221;. N\u00e3o bastasse ser eleito o melhor jogador da Libertadores deste ano, Bruno Henrique viralizou ao bradar tal frase, j\u00e1 um tanto quanto alterado na festa da comemora\u00e7\u00e3o do bicampeonato. Agora, tamb\u00e9m com a ta\u00e7a do Brasileiro na bagagem, chega a Doha com a miss\u00e3o de protagonizar outro bi, o do Mundial [&hellip;]","og_url":"https:\/\/www.gaveanews.com\/index.php\/2019\/12\/15\/bruno-henrique-comemora-momento-magico-do-flamengo-precisamos-desfrutar-veja-a-entrevista-completa\/","og_site_name":"G\u00e1vea News","article_publisher":"https:\/\/facebook.com\/gaveaNews\/","article_published_time":"2019-12-15T18:45:55+00:00","article_modified_time":"2019-12-15T18:45:56+00:00","og_image":[{"url":"https:\/\/www.gaveanews.com\/wp-content\/uploads\/2019\/08\/Bruno-Henrique-durante-a-comemoracao-apos-marcar-mais-um-gol-pelo-Flamengo.webp","width":1,"height":1,"type":"image\/jpeg"}],"author":"Equipe G\u00e1vea News","twitter_card":"summary_large_image","twitter_misc":{"Escrito por":"Equipe G\u00e1vea News","Est. tempo de leitura":"5 minutos"},"schema":{"@context":"https:\/\/schema.org","@graph":[{"@type":"NewsArticle","@id":"https:\/\/www.gaveanews.com\/index.php\/2019\/12\/15\/bruno-henrique-comemora-momento-magico-do-flamengo-precisamos-desfrutar-veja-a-entrevista-completa\/#article","isPartOf":{"@id":"https:\/\/www.gaveanews.com\/index.php\/2019\/12\/15\/bruno-henrique-comemora-momento-magico-do-flamengo-precisamos-desfrutar-veja-a-entrevista-completa\/"},"author":{"name":"Equipe G\u00e1vea News","@id":"https:\/\/www.gaveanews.com\/#\/schema\/person\/2ec14f73fb96be2caf28f91afb14749d"},"headline":"Bruno Henrique comemora momento m\u00e1gico do Flamengo: &#8216;Precisamos desfrutar&#8217;; veja a entrevista completa","datePublished":"2019-12-15T18:45:55+00:00","dateModified":"2019-12-15T18:45:56+00:00","mainEntityOfPage":{"@id":"https:\/\/www.gaveanews.com\/index.php\/2019\/12\/15\/bruno-henrique-comemora-momento-magico-do-flamengo-precisamos-desfrutar-veja-a-entrevista-completa\/"},"wordCount":1008,"commentCount":1,"image":{"@id":"https:\/\/www.gaveanews.com\/index.php\/2019\/12\/15\/bruno-henrique-comemora-momento-magico-do-flamengo-precisamos-desfrutar-veja-a-entrevista-completa\/#primaryimage"},"thumbnailUrl":"https:\/\/www.gaveanews.com\/wp-content\/uploads\/2019\/08\/Bruno-Henrique-durante-a-comemoracao-apos-marcar-mais-um-gol-pelo-Flamengo.webp","articleSection":["Flamengo"],"inLanguage":"pt-BR","potentialAction":[{"@type":"CommentAction","name":"Comment","target":["https:\/\/www.gaveanews.com\/index.php\/2019\/12\/15\/bruno-henrique-comemora-momento-magico-do-flamengo-precisamos-desfrutar-veja-a-entrevista-completa\/#respond"]}],"copyrightYear":"2019","copyrightHolder":{"@id":"https:\/\/www.gaveanews.com\/#organization"}},{"@type":"WebPage","@id":"https:\/\/www.gaveanews.com\/index.php\/2019\/12\/15\/bruno-henrique-comemora-momento-magico-do-flamengo-precisamos-desfrutar-veja-a-entrevista-completa\/","url":"https:\/\/www.gaveanews.com\/index.php\/2019\/12\/15\/bruno-henrique-comemora-momento-magico-do-flamengo-precisamos-desfrutar-veja-a-entrevista-completa\/","name":"Bruno Henrique comemora momento m\u00e1gico do Flamengo: 'Precisamos desfrutar'; veja a entrevista completa","isPartOf":{"@id":"https:\/\/www.gaveanews.com\/#website"},"primaryImageOfPage":{"@id":"https:\/\/www.gaveanews.com\/index.php\/2019\/12\/15\/bruno-henrique-comemora-momento-magico-do-flamengo-precisamos-desfrutar-veja-a-entrevista-completa\/#primaryimage"},"image":{"@id":"https:\/\/www.gaveanews.com\/index.php\/2019\/12\/15\/bruno-henrique-comemora-momento-magico-do-flamengo-precisamos-desfrutar-veja-a-entrevista-completa\/#primaryimage"},"thumbnailUrl":"https:\/\/www.gaveanews.com\/wp-content\/uploads\/2019\/08\/Bruno-Henrique-durante-a-comemoracao-apos-marcar-mais-um-gol-pelo-Flamengo.webp","datePublished":"2019-12-15T18:45:55+00:00","dateModified":"2019-12-15T18:45:56+00:00","author":{"@id":"https:\/\/www.gaveanews.com\/#\/schema\/person\/2ec14f73fb96be2caf28f91afb14749d"},"breadcrumb":{"@id":"https:\/\/www.gaveanews.com\/index.php\/2019\/12\/15\/bruno-henrique-comemora-momento-magico-do-flamengo-precisamos-desfrutar-veja-a-entrevista-completa\/#breadcrumb"},"inLanguage":"pt-BR","potentialAction":[{"@type":"ReadAction","target":["https:\/\/www.gaveanews.com\/index.php\/2019\/12\/15\/bruno-henrique-comemora-momento-magico-do-flamengo-precisamos-desfrutar-veja-a-entrevista-completa\/"]}]},{"@type":"ImageObject","inLanguage":"pt-BR","@id":"https:\/\/www.gaveanews.com\/index.php\/2019\/12\/15\/bruno-henrique-comemora-momento-magico-do-flamengo-precisamos-desfrutar-veja-a-entrevista-completa\/#primaryimage","url":"https:\/\/www.gaveanews.com\/wp-content\/uploads\/2019\/08\/Bruno-Henrique-durante-a-comemoracao-apos-marcar-mais-um-gol-pelo-Flamengo.webp","contentUrl":"https:\/\/www.gaveanews.com\/wp-content\/uploads\/2019\/08\/Bruno-Henrique-durante-a-comemoracao-apos-marcar-mais-um-gol-pelo-Flamengo.webp","caption":"Bruno Henrique durante a comemora\u00e7\u00e3o, ap\u00f3s marcar mais um gol pelo Flamengo (Foto: Alexandre Vidal\/Flamengo)"},{"@type":"BreadcrumbList","@id":"https:\/\/www.gaveanews.com\/index.php\/2019\/12\/15\/bruno-henrique-comemora-momento-magico-do-flamengo-precisamos-desfrutar-veja-a-entrevista-completa\/#breadcrumb","itemListElement":[{"@type":"ListItem","position":1,"name":"Home","item":"https:\/\/www.gaveanews.com\/"},{"@type":"ListItem","position":2,"name":"Bruno Henrique comemora momento m\u00e1gico do Flamengo: &#8216;Precisamos desfrutar&#8217;; veja a entrevista completa"}]},{"@type":"WebSite","@id":"https:\/\/www.gaveanews.com\/#website","url":"https:\/\/www.gaveanews.com\/","name":"G\u00e1vea News","description":"Veja todas as not\u00edcias sobre o Flamengo: Contrata\u00e7\u00f5es, categorias de base, resultados das partidas, tabela de classifica\u00e7\u00e3o, pr\u00f3ximos jogos!","potentialAction":[{"@type":"SearchAction","target":{"@type":"EntryPoint","urlTemplate":"https:\/\/www.gaveanews.com\/?s={search_term_string}"},"query-input":{"@type":"PropertyValueSpecification","valueRequired":true,"valueName":"search_term_string"}}],"inLanguage":"pt-BR"},{"@type":"Person","@id":"https:\/\/www.gaveanews.com\/#\/schema\/person\/2ec14f73fb96be2caf28f91afb14749d","name":"Equipe G\u00e1vea News","image":{"@type":"ImageObject","inLanguage":"pt-BR","@id":"https:\/\/www.gaveanews.com\/#\/schema\/person\/image\/","url":"https:\/\/secure.gravatar.com\/avatar\/1e1956f1facbffd3f8fa53a326721950116b3b9dc9bd44939c01180fd4a745a9?s=96&d=mm&r=g","contentUrl":"https:\/\/secure.gravatar.com\/avatar\/1e1956f1facbffd3f8fa53a326721950116b3b9dc9bd44939c01180fd4a745a9?s=96&d=mm&r=g","caption":"Equipe G\u00e1vea News"}}]}},"_links":{"self":[{"href":"https:\/\/www.gaveanews.com\/index.php\/wp-json\/wp\/v2\/posts\/33876","targetHints":{"allow":["GET"]}}],"collection":[{"href":"https:\/\/www.gaveanews.com\/index.php\/wp-json\/wp\/v2\/posts"}],"about":[{"href":"https:\/\/www.gaveanews.com\/index.php\/wp-json\/wp\/v2\/types\/post"}],"author":[{"embeddable":true,"href":"https:\/\/www.gaveanews.com\/index.php\/wp-json\/wp\/v2\/users\/1"}],"replies":[{"embeddable":true,"href":"https:\/\/www.gaveanews.com\/index.php\/wp-json\/wp\/v2\/comments?post=33876"}],"version-history":[{"count":0,"href":"https:\/\/www.gaveanews.com\/index.php\/wp-json\/wp\/v2\/posts\/33876\/revisions"}],"wp:featuredmedia":[{"embeddable":true,"href":"https:\/\/www.gaveanews.com\/index.php\/wp-json\/wp\/v2\/media\/25490"}],"wp:attachment":[{"href":"https:\/\/www.gaveanews.com\/index.php\/wp-json\/wp\/v2\/media?parent=33876"}],"wp:term":[{"taxonomy":"category","embeddable":true,"href":"https:\/\/www.gaveanews.com\/index.php\/wp-json\/wp\/v2\/categories?post=33876"},{"taxonomy":"post_tag","embeddable":true,"href":"https:\/\/www.gaveanews.com\/index.php\/wp-json\/wp\/v2\/tags?post=33876"}],"curies":[{"name":"wp","href":"https:\/\/api.w.org\/{rel}","templated":true}]}}