{"id":33959,"date":"2019-12-16T20:40:38","date_gmt":"2019-12-16T23:40:38","guid":{"rendered":"http:\/\/www.gaveanews.com\/?p=33959"},"modified":"2019-12-16T20:40:38","modified_gmt":"2019-12-16T23:40:38","slug":"desejado-pelo-flamengo-lateral-orejuela-nao-deve-ser-comprado-pelo-cruzeiro-revela-adilson-batista","status":"publish","type":"post","link":"https:\/\/www.gaveanews.com\/index.php\/2019\/12\/16\/desejado-pelo-flamengo-lateral-orejuela-nao-deve-ser-comprado-pelo-cruzeiro-revela-adilson-batista\/","title":{"rendered":"Desejado pelo Flamengo, lateral Orejuela n\u00e3o deve ser comprado pelo Cruzeiro, revela Ad\u00edlson Batista"},"content":{"rendered":"\n<p>O lateral Orejuela n\u00e3o deve permanecer no Cruzeiro em 2020. Em contato com a reportagem de O DIA na tarde desta segunda-feira, o t\u00e9cnico da equipe celeste, Ad\u00edlson Batista, revelou que o clube n\u00e3o deve exercer o direito de compra sobre o atleta, que est\u00e1 emprestado at\u00e9 o dia 31 de dezembro pelo Ajax-HOL.<\/p>\n\n\n\n<p>&#8220;O Cruzeiro n\u00e3o deve exercer a op\u00e7\u00e3o de compra. Est\u00e1 muito claro isso&#8221;, disse o treinador ao ser questionado se conta com o colombiano para a pr\u00f3xima temporada.<\/p>\n\n\n\n<p>De acordo com a apura\u00e7\u00e3o da reportagem, Orejuela possu\u00ed, atualmente, dois meses de sal\u00e1rios atrasados e quatro de FGTS.<\/p>\n\n\n\n<p>H\u00e1 algum tempo, o jogador vem aparecendo no radar do Flamengo. Recentemente, um agente brasileiro, autorizado pelo atleta, chegou a ter conversas com a equipe carioca sobre uma poss\u00edvel transfer\u00eancia para a G\u00e1vea.<\/p>\n\n\n\n<p>Retirado de: O Dia<\/p>\n","protected":false},"excerpt":{"rendered":"<p>O lateral Orejuela n\u00e3o deve permanecer no Cruzeiro em 2020. Em contato com a reportagem de O DIA na tarde desta segunda-feira, o t\u00e9cnico da equipe celeste, Ad\u00edlson Batista, revelou que o clube n\u00e3o deve exercer o direito de compra sobre o atleta, que est\u00e1 emprestado at\u00e9 o dia 31 de dezembro pelo Ajax-HOL. &#8220;O [&hellip;]<\/p>\n","protected":false},"author":1,"featured_media":33837,"comment_status":"open","ping_status":"open","sticky":false,"template":"","format":"standard","meta":{"footnotes":""},"categories":[48],"tags":[],"class_list":["post-33959","post","type-post","status-publish","format-standard","has-post-thumbnail","hentry","category-negociacoes"],"yoast_head":"<!-- This site is optimized with the Yoast SEO Premium plugin v24.2 (Yoast SEO v26.9) - https:\/\/yoast.com\/product\/yoast-seo-premium-wordpress\/ -->\n<title>Desejado pelo Flamengo, lateral Orejuela n\u00e3o deve ser comprado pelo Cruzeiro, revela Ad\u00edlson Batista<\/title>\n<meta name=\"robots\" content=\"index, follow, max-snippet:-1, max-image-preview:large, max-video-preview:-1\" \/>\n<link rel=\"canonical\" href=\"https:\/\/www.gaveanews.com\/index.php\/2019\/12\/16\/desejado-pelo-flamengo-lateral-orejuela-nao-deve-ser-comprado-pelo-cruzeiro-revela-adilson-batista\/\" \/>\n<meta property=\"og:locale\" content=\"pt_BR\" \/>\n<meta property=\"og:type\" content=\"article\" \/>\n<meta property=\"og:title\" content=\"Desejado pelo Flamengo, lateral Orejuela n\u00e3o deve ser comprado pelo Cruzeiro, revela Ad\u00edlson Batista\" \/>\n<meta property=\"og:description\" content=\"O lateral Orejuela n\u00e3o deve permanecer no Cruzeiro em 2020. Em contato com a reportagem de O DIA na tarde desta segunda-feira, o t\u00e9cnico da equipe celeste, Ad\u00edlson Batista, revelou que o clube n\u00e3o deve exercer o direito de compra sobre o atleta, que est\u00e1 emprestado at\u00e9 o dia 31 de dezembro pelo Ajax-HOL. &#8220;O [&hellip;]\" \/>\n<meta property=\"og:url\" content=\"https:\/\/www.gaveanews.com\/index.php\/2019\/12\/16\/desejado-pelo-flamengo-lateral-orejuela-nao-deve-ser-comprado-pelo-cruzeiro-revela-adilson-batista\/\" \/>\n<meta property=\"og:site_name\" content=\"G\u00e1vea News\" \/>\n<meta property=\"article:publisher\" content=\"https:\/\/facebook.com\/gaveaNews\/\" \/>\n<meta property=\"article:published_time\" content=\"2019-12-16T23:40:38+00:00\" \/>\n<meta property=\"og:image\" content=\"https:\/\/www.gaveanews.com\/wp-content\/uploads\/48985968081_aadd44cc48_h.webp\" \/>\n\t<meta property=\"og:image:width\" content=\"1600\" \/>\n\t<meta property=\"og:image:height\" content=\"1066\" \/>\n\t<meta property=\"og:image:type\" content=\"image\/jpeg\" \/>\n<meta name=\"author\" content=\"Equipe G\u00e1vea News\" \/>\n<meta name=\"twitter:card\" content=\"summary_large_image\" \/>\n<meta name=\"twitter:label1\" content=\"Escrito por\" \/>\n\t<meta name=\"twitter:data1\" content=\"Equipe G\u00e1vea News\" \/>\n\t<meta name=\"twitter:label2\" content=\"Est. tempo de leitura\" \/>\n\t<meta name=\"twitter:data2\" content=\"1 minuto\" \/>\n<script type=\"application\/ld+json\" class=\"yoast-schema-graph\">{\"@context\":\"https:\/\/schema.org\",\"@graph\":[{\"@type\":\"NewsArticle\",\"@id\":\"https:\/\/www.gaveanews.com\/index.php\/2019\/12\/16\/desejado-pelo-flamengo-lateral-orejuela-nao-deve-ser-comprado-pelo-cruzeiro-revela-adilson-batista\/#article\",\"isPartOf\":{\"@id\":\"https:\/\/www.gaveanews.com\/index.php\/2019\/12\/16\/desejado-pelo-flamengo-lateral-orejuela-nao-deve-ser-comprado-pelo-cruzeiro-revela-adilson-batista\/\"},\"author\":{\"name\":\"Equipe G\u00e1vea News\",\"@id\":\"https:\/\/www.gaveanews.com\/#\/schema\/person\/2ec14f73fb96be2caf28f91afb14749d\"},\"headline\":\"Desejado pelo Flamengo, lateral Orejuela n\u00e3o deve ser comprado pelo Cruzeiro, revela Ad\u00edlson Batista\",\"datePublished\":\"2019-12-16T23:40:38+00:00\",\"mainEntityOfPage\":{\"@id\":\"https:\/\/www.gaveanews.com\/index.php\/2019\/12\/16\/desejado-pelo-flamengo-lateral-orejuela-nao-deve-ser-comprado-pelo-cruzeiro-revela-adilson-batista\/\"},\"wordCount\":164,\"commentCount\":7,\"image\":{\"@id\":\"https:\/\/www.gaveanews.com\/index.php\/2019\/12\/16\/desejado-pelo-flamengo-lateral-orejuela-nao-deve-ser-comprado-pelo-cruzeiro-revela-adilson-batista\/#primaryimage\"},\"thumbnailUrl\":\"https:\/\/www.gaveanews.com\/wp-content\/uploads\/48985968081_aadd44cc48_h.webp\",\"articleSection\":[\"Negocia\u00e7\u00f5es\"],\"inLanguage\":\"pt-BR\",\"potentialAction\":[{\"@type\":\"CommentAction\",\"name\":\"Comment\",\"target\":[\"https:\/\/www.gaveanews.com\/index.php\/2019\/12\/16\/desejado-pelo-flamengo-lateral-orejuela-nao-deve-ser-comprado-pelo-cruzeiro-revela-adilson-batista\/#respond\"]}],\"copyrightYear\":\"2019\",\"copyrightHolder\":{\"@id\":\"https:\/\/www.gaveanews.com\/#organization\"}},{\"@type\":\"WebPage\",\"@id\":\"https:\/\/www.gaveanews.com\/index.php\/2019\/12\/16\/desejado-pelo-flamengo-lateral-orejuela-nao-deve-ser-comprado-pelo-cruzeiro-revela-adilson-batista\/\",\"url\":\"https:\/\/www.gaveanews.com\/index.php\/2019\/12\/16\/desejado-pelo-flamengo-lateral-orejuela-nao-deve-ser-comprado-pelo-cruzeiro-revela-adilson-batista\/\",\"name\":\"Desejado pelo Flamengo, lateral Orejuela n\u00e3o deve ser comprado pelo Cruzeiro, revela Ad\u00edlson Batista\",\"isPartOf\":{\"@id\":\"https:\/\/www.gaveanews.com\/#website\"},\"primaryImageOfPage\":{\"@id\":\"https:\/\/www.gaveanews.com\/index.php\/2019\/12\/16\/desejado-pelo-flamengo-lateral-orejuela-nao-deve-ser-comprado-pelo-cruzeiro-revela-adilson-batista\/#primaryimage\"},\"image\":{\"@id\":\"https:\/\/www.gaveanews.com\/index.php\/2019\/12\/16\/desejado-pelo-flamengo-lateral-orejuela-nao-deve-ser-comprado-pelo-cruzeiro-revela-adilson-batista\/#primaryimage\"},\"thumbnailUrl\":\"https:\/\/www.gaveanews.com\/wp-content\/uploads\/48985968081_aadd44cc48_h.webp\",\"datePublished\":\"2019-12-16T23:40:38+00:00\",\"author\":{\"@id\":\"https:\/\/www.gaveanews.com\/#\/schema\/person\/2ec14f73fb96be2caf28f91afb14749d\"},\"breadcrumb\":{\"@id\":\"https:\/\/www.gaveanews.com\/index.php\/2019\/12\/16\/desejado-pelo-flamengo-lateral-orejuela-nao-deve-ser-comprado-pelo-cruzeiro-revela-adilson-batista\/#breadcrumb\"},\"inLanguage\":\"pt-BR\",\"potentialAction\":[{\"@type\":\"ReadAction\",\"target\":[\"https:\/\/www.gaveanews.com\/index.php\/2019\/12\/16\/desejado-pelo-flamengo-lateral-orejuela-nao-deve-ser-comprado-pelo-cruzeiro-revela-adilson-batista\/\"]}]},{\"@type\":\"ImageObject\",\"inLanguage\":\"pt-BR\",\"@id\":\"https:\/\/www.gaveanews.com\/index.php\/2019\/12\/16\/desejado-pelo-flamengo-lateral-orejuela-nao-deve-ser-comprado-pelo-cruzeiro-revela-adilson-batista\/#primaryimage\",\"url\":\"https:\/\/www.gaveanews.com\/wp-content\/uploads\/48985968081_aadd44cc48_h.webp\",\"contentUrl\":\"https:\/\/www.gaveanews.com\/wp-content\/uploads\/48985968081_aadd44cc48_h.webp\",\"width\":1600,\"height\":1066},{\"@type\":\"BreadcrumbList\",\"@id\":\"https:\/\/www.gaveanews.com\/index.php\/2019\/12\/16\/desejado-pelo-flamengo-lateral-orejuela-nao-deve-ser-comprado-pelo-cruzeiro-revela-adilson-batista\/#breadcrumb\",\"itemListElement\":[{\"@type\":\"ListItem\",\"position\":1,\"name\":\"Home\",\"item\":\"https:\/\/www.gaveanews.com\/\"},{\"@type\":\"ListItem\",\"position\":2,\"name\":\"Desejado pelo Flamengo, lateral Orejuela n\u00e3o deve ser comprado pelo Cruzeiro, revela Ad\u00edlson Batista\"}]},{\"@type\":\"WebSite\",\"@id\":\"https:\/\/www.gaveanews.com\/#website\",\"url\":\"https:\/\/www.gaveanews.com\/\",\"name\":\"G\u00e1vea News\",\"description\":\"Veja todas as not\u00edcias sobre o Flamengo: Contrata\u00e7\u00f5es, categorias de base, resultados das partidas, tabela de classifica\u00e7\u00e3o, pr\u00f3ximos jogos!\",\"potentialAction\":[{\"@type\":\"SearchAction\",\"target\":{\"@type\":\"EntryPoint\",\"urlTemplate\":\"https:\/\/www.gaveanews.com\/?s={search_term_string}\"},\"query-input\":{\"@type\":\"PropertyValueSpecification\",\"valueRequired\":true,\"valueName\":\"search_term_string\"}}],\"inLanguage\":\"pt-BR\"},{\"@type\":\"Person\",\"@id\":\"https:\/\/www.gaveanews.com\/#\/schema\/person\/2ec14f73fb96be2caf28f91afb14749d\",\"name\":\"Equipe G\u00e1vea News\",\"image\":{\"@type\":\"ImageObject\",\"inLanguage\":\"pt-BR\",\"@id\":\"https:\/\/www.gaveanews.com\/#\/schema\/person\/image\/\",\"url\":\"https:\/\/secure.gravatar.com\/avatar\/1e1956f1facbffd3f8fa53a326721950116b3b9dc9bd44939c01180fd4a745a9?s=96&d=mm&r=g\",\"contentUrl\":\"https:\/\/secure.gravatar.com\/avatar\/1e1956f1facbffd3f8fa53a326721950116b3b9dc9bd44939c01180fd4a745a9?s=96&d=mm&r=g\",\"caption\":\"Equipe G\u00e1vea News\"}}]}<\/script>\n<!-- \/ Yoast SEO Premium plugin. -->","yoast_head_json":{"title":"Desejado pelo Flamengo, lateral Orejuela n\u00e3o deve ser comprado pelo Cruzeiro, revela Ad\u00edlson Batista","robots":{"index":"index","follow":"follow","max-snippet":"max-snippet:-1","max-image-preview":"max-image-preview:large","max-video-preview":"max-video-preview:-1"},"canonical":"https:\/\/www.gaveanews.com\/index.php\/2019\/12\/16\/desejado-pelo-flamengo-lateral-orejuela-nao-deve-ser-comprado-pelo-cruzeiro-revela-adilson-batista\/","og_locale":"pt_BR","og_type":"article","og_title":"Desejado pelo Flamengo, lateral Orejuela n\u00e3o deve ser comprado pelo Cruzeiro, revela Ad\u00edlson Batista","og_description":"O lateral Orejuela n\u00e3o deve permanecer no Cruzeiro em 2020. Em contato com a reportagem de O DIA na tarde desta segunda-feira, o t\u00e9cnico da equipe celeste, Ad\u00edlson Batista, revelou que o clube n\u00e3o deve exercer o direito de compra sobre o atleta, que est\u00e1 emprestado at\u00e9 o dia 31 de dezembro pelo Ajax-HOL. &#8220;O [&hellip;]","og_url":"https:\/\/www.gaveanews.com\/index.php\/2019\/12\/16\/desejado-pelo-flamengo-lateral-orejuela-nao-deve-ser-comprado-pelo-cruzeiro-revela-adilson-batista\/","og_site_name":"G\u00e1vea News","article_publisher":"https:\/\/facebook.com\/gaveaNews\/","article_published_time":"2019-12-16T23:40:38+00:00","og_image":[{"width":1600,"height":1066,"url":"https:\/\/www.gaveanews.com\/wp-content\/uploads\/48985968081_aadd44cc48_h.webp","type":"image\/jpeg"}],"author":"Equipe G\u00e1vea News","twitter_card":"summary_large_image","twitter_misc":{"Escrito por":"Equipe G\u00e1vea News","Est. tempo de leitura":"1 minuto"},"schema":{"@context":"https:\/\/schema.org","@graph":[{"@type":"NewsArticle","@id":"https:\/\/www.gaveanews.com\/index.php\/2019\/12\/16\/desejado-pelo-flamengo-lateral-orejuela-nao-deve-ser-comprado-pelo-cruzeiro-revela-adilson-batista\/#article","isPartOf":{"@id":"https:\/\/www.gaveanews.com\/index.php\/2019\/12\/16\/desejado-pelo-flamengo-lateral-orejuela-nao-deve-ser-comprado-pelo-cruzeiro-revela-adilson-batista\/"},"author":{"name":"Equipe G\u00e1vea News","@id":"https:\/\/www.gaveanews.com\/#\/schema\/person\/2ec14f73fb96be2caf28f91afb14749d"},"headline":"Desejado pelo Flamengo, lateral Orejuela n\u00e3o deve ser comprado pelo Cruzeiro, revela Ad\u00edlson Batista","datePublished":"2019-12-16T23:40:38+00:00","mainEntityOfPage":{"@id":"https:\/\/www.gaveanews.com\/index.php\/2019\/12\/16\/desejado-pelo-flamengo-lateral-orejuela-nao-deve-ser-comprado-pelo-cruzeiro-revela-adilson-batista\/"},"wordCount":164,"commentCount":7,"image":{"@id":"https:\/\/www.gaveanews.com\/index.php\/2019\/12\/16\/desejado-pelo-flamengo-lateral-orejuela-nao-deve-ser-comprado-pelo-cruzeiro-revela-adilson-batista\/#primaryimage"},"thumbnailUrl":"https:\/\/www.gaveanews.com\/wp-content\/uploads\/48985968081_aadd44cc48_h.webp","articleSection":["Negocia\u00e7\u00f5es"],"inLanguage":"pt-BR","potentialAction":[{"@type":"CommentAction","name":"Comment","target":["https:\/\/www.gaveanews.com\/index.php\/2019\/12\/16\/desejado-pelo-flamengo-lateral-orejuela-nao-deve-ser-comprado-pelo-cruzeiro-revela-adilson-batista\/#respond"]}],"copyrightYear":"2019","copyrightHolder":{"@id":"https:\/\/www.gaveanews.com\/#organization"}},{"@type":"WebPage","@id":"https:\/\/www.gaveanews.com\/index.php\/2019\/12\/16\/desejado-pelo-flamengo-lateral-orejuela-nao-deve-ser-comprado-pelo-cruzeiro-revela-adilson-batista\/","url":"https:\/\/www.gaveanews.com\/index.php\/2019\/12\/16\/desejado-pelo-flamengo-lateral-orejuela-nao-deve-ser-comprado-pelo-cruzeiro-revela-adilson-batista\/","name":"Desejado pelo Flamengo, lateral Orejuela n\u00e3o deve ser comprado pelo Cruzeiro, revela Ad\u00edlson Batista","isPartOf":{"@id":"https:\/\/www.gaveanews.com\/#website"},"primaryImageOfPage":{"@id":"https:\/\/www.gaveanews.com\/index.php\/2019\/12\/16\/desejado-pelo-flamengo-lateral-orejuela-nao-deve-ser-comprado-pelo-cruzeiro-revela-adilson-batista\/#primaryimage"},"image":{"@id":"https:\/\/www.gaveanews.com\/index.php\/2019\/12\/16\/desejado-pelo-flamengo-lateral-orejuela-nao-deve-ser-comprado-pelo-cruzeiro-revela-adilson-batista\/#primaryimage"},"thumbnailUrl":"https:\/\/www.gaveanews.com\/wp-content\/uploads\/48985968081_aadd44cc48_h.webp","datePublished":"2019-12-16T23:40:38+00:00","author":{"@id":"https:\/\/www.gaveanews.com\/#\/schema\/person\/2ec14f73fb96be2caf28f91afb14749d"},"breadcrumb":{"@id":"https:\/\/www.gaveanews.com\/index.php\/2019\/12\/16\/desejado-pelo-flamengo-lateral-orejuela-nao-deve-ser-comprado-pelo-cruzeiro-revela-adilson-batista\/#breadcrumb"},"inLanguage":"pt-BR","potentialAction":[{"@type":"ReadAction","target":["https:\/\/www.gaveanews.com\/index.php\/2019\/12\/16\/desejado-pelo-flamengo-lateral-orejuela-nao-deve-ser-comprado-pelo-cruzeiro-revela-adilson-batista\/"]}]},{"@type":"ImageObject","inLanguage":"pt-BR","@id":"https:\/\/www.gaveanews.com\/index.php\/2019\/12\/16\/desejado-pelo-flamengo-lateral-orejuela-nao-deve-ser-comprado-pelo-cruzeiro-revela-adilson-batista\/#primaryimage","url":"https:\/\/www.gaveanews.com\/wp-content\/uploads\/48985968081_aadd44cc48_h.webp","contentUrl":"https:\/\/www.gaveanews.com\/wp-content\/uploads\/48985968081_aadd44cc48_h.webp","width":1600,"height":1066},{"@type":"BreadcrumbList","@id":"https:\/\/www.gaveanews.com\/index.php\/2019\/12\/16\/desejado-pelo-flamengo-lateral-orejuela-nao-deve-ser-comprado-pelo-cruzeiro-revela-adilson-batista\/#breadcrumb","itemListElement":[{"@type":"ListItem","position":1,"name":"Home","item":"https:\/\/www.gaveanews.com\/"},{"@type":"ListItem","position":2,"name":"Desejado pelo Flamengo, lateral Orejuela n\u00e3o deve ser comprado pelo Cruzeiro, revela Ad\u00edlson Batista"}]},{"@type":"WebSite","@id":"https:\/\/www.gaveanews.com\/#website","url":"https:\/\/www.gaveanews.com\/","name":"G\u00e1vea News","description":"Veja todas as not\u00edcias sobre o Flamengo: Contrata\u00e7\u00f5es, categorias de base, resultados das partidas, tabela de classifica\u00e7\u00e3o, pr\u00f3ximos jogos!","potentialAction":[{"@type":"SearchAction","target":{"@type":"EntryPoint","urlTemplate":"https:\/\/www.gaveanews.com\/?s={search_term_string}"},"query-input":{"@type":"PropertyValueSpecification","valueRequired":true,"valueName":"search_term_string"}}],"inLanguage":"pt-BR"},{"@type":"Person","@id":"https:\/\/www.gaveanews.com\/#\/schema\/person\/2ec14f73fb96be2caf28f91afb14749d","name":"Equipe G\u00e1vea News","image":{"@type":"ImageObject","inLanguage":"pt-BR","@id":"https:\/\/www.gaveanews.com\/#\/schema\/person\/image\/","url":"https:\/\/secure.gravatar.com\/avatar\/1e1956f1facbffd3f8fa53a326721950116b3b9dc9bd44939c01180fd4a745a9?s=96&d=mm&r=g","contentUrl":"https:\/\/secure.gravatar.com\/avatar\/1e1956f1facbffd3f8fa53a326721950116b3b9dc9bd44939c01180fd4a745a9?s=96&d=mm&r=g","caption":"Equipe G\u00e1vea News"}}]}},"_links":{"self":[{"href":"https:\/\/www.gaveanews.com\/index.php\/wp-json\/wp\/v2\/posts\/33959","targetHints":{"allow":["GET"]}}],"collection":[{"href":"https:\/\/www.gaveanews.com\/index.php\/wp-json\/wp\/v2\/posts"}],"about":[{"href":"https:\/\/www.gaveanews.com\/index.php\/wp-json\/wp\/v2\/types\/post"}],"author":[{"embeddable":true,"href":"https:\/\/www.gaveanews.com\/index.php\/wp-json\/wp\/v2\/users\/1"}],"replies":[{"embeddable":true,"href":"https:\/\/www.gaveanews.com\/index.php\/wp-json\/wp\/v2\/comments?post=33959"}],"version-history":[{"count":0,"href":"https:\/\/www.gaveanews.com\/index.php\/wp-json\/wp\/v2\/posts\/33959\/revisions"}],"wp:featuredmedia":[{"embeddable":true,"href":"https:\/\/www.gaveanews.com\/index.php\/wp-json\/wp\/v2\/media\/33837"}],"wp:attachment":[{"href":"https:\/\/www.gaveanews.com\/index.php\/wp-json\/wp\/v2\/media?parent=33959"}],"wp:term":[{"taxonomy":"category","embeddable":true,"href":"https:\/\/www.gaveanews.com\/index.php\/wp-json\/wp\/v2\/categories?post=33959"},{"taxonomy":"post_tag","embeddable":true,"href":"https:\/\/www.gaveanews.com\/index.php\/wp-json\/wp\/v2\/tags?post=33959"}],"curies":[{"name":"wp","href":"https:\/\/api.w.org\/{rel}","templated":true}]}}