{"id":33973,"date":"2019-12-17T00:45:47","date_gmt":"2019-12-17T03:45:47","guid":{"rendered":"http:\/\/www.gaveanews.com\/?p=33973"},"modified":"2019-12-17T00:45:48","modified_gmt":"2019-12-17T03:45:48","slug":"dirigente-do-flamengo-fala-pela-primeira-vez-sobre-o-atacante-pedro-rocha","status":"publish","type":"post","link":"https:\/\/www.gaveanews.com\/index.php\/2019\/12\/17\/dirigente-do-flamengo-fala-pela-primeira-vez-sobre-o-atacante-pedro-rocha\/","title":{"rendered":"Dirigente do Flamengo fala pela primeira vez sobre o atacante Pedro Rocha"},"content":{"rendered":"\n<p>O Flamengo tem o primeiro refor\u00e7o selado para a temporada 2020. Segundo informa\u00e7\u00f5es de Paulo Vinicius Coelho, rep\u00f3rter e comentarista dos canais Fox Sports, em conversa com Paulo Pelaipe, dirigente do clube carioca, foi confirmado a assinatura do contrato do atacante Pedro Rocha com o Flamengo para a pr\u00f3xima temporada.<\/p>\n\n\n\n<p>Vale destacar que esta foi a primeira vez que um dirigente do Flamengo falou abertamente sobre as especula\u00e7\u00f5es envolvendo o nome de Pedro Rocha.<\/p>\n\n\n\n<p>A assinatura do v\u00ednculo depende da libera\u00e7\u00e3o oficial por parte do Spartak Moscou, da R\u00fassia, clube que det\u00e9m os direitos econ\u00f4micos do atacante.<\/p>\n\n\n\n<p>Ainda de acordo com Paulo Vin\u00edcius Coelho, a chegada de Pedro Rocha servir\u00e1 para suprir as aus\u00eancias de nomes do ataque que forem convocados para as respectivas sele\u00e7\u00f5es, algo que foi um problema para o clube carioca na reta final de 2019, principalmente em meio \u00e0s decis\u00f5es da Conmebol Libertadores e do Campeonato Brasileiro.<\/p>\n\n\n\n<p>Retirado de: Fox Sports<\/p>\n","protected":false},"excerpt":{"rendered":"<p>O Flamengo tem o primeiro refor\u00e7o selado para a temporada 2020. Segundo informa\u00e7\u00f5es de Paulo Vinicius Coelho, rep\u00f3rter e comentarista dos canais Fox Sports, em conversa com Paulo Pelaipe, dirigente do clube carioca, foi confirmado a assinatura do contrato do atacante Pedro Rocha com o Flamengo para a pr\u00f3xima temporada. Vale destacar que esta foi [&hellip;]<\/p>\n","protected":false},"author":1,"featured_media":33774,"comment_status":"open","ping_status":"open","sticky":false,"template":"","format":"standard","meta":{"footnotes":""},"categories":[1],"tags":[],"class_list":["post-33973","post","type-post","status-publish","format-standard","has-post-thumbnail","hentry","category-flamengo"],"yoast_head":"<!-- This site is optimized with the Yoast SEO Premium plugin v24.2 (Yoast SEO v26.9) - https:\/\/yoast.com\/product\/yoast-seo-premium-wordpress\/ -->\n<title>Dirigente do Flamengo fala pela primeira vez sobre o atacante Pedro Rocha<\/title>\n<meta name=\"robots\" content=\"index, follow, max-snippet:-1, max-image-preview:large, max-video-preview:-1\" \/>\n<link rel=\"canonical\" href=\"https:\/\/www.gaveanews.com\/index.php\/2019\/12\/17\/dirigente-do-flamengo-fala-pela-primeira-vez-sobre-o-atacante-pedro-rocha\/\" \/>\n<meta property=\"og:locale\" content=\"pt_BR\" \/>\n<meta property=\"og:type\" content=\"article\" \/>\n<meta property=\"og:title\" content=\"Dirigente do Flamengo fala pela primeira vez sobre o atacante Pedro Rocha\" \/>\n<meta property=\"og:description\" content=\"O Flamengo tem o primeiro refor\u00e7o selado para a temporada 2020. Segundo informa\u00e7\u00f5es de Paulo Vinicius Coelho, rep\u00f3rter e comentarista dos canais Fox Sports, em conversa com Paulo Pelaipe, dirigente do clube carioca, foi confirmado a assinatura do contrato do atacante Pedro Rocha com o Flamengo para a pr\u00f3xima temporada. Vale destacar que esta foi [&hellip;]\" \/>\n<meta property=\"og:url\" content=\"https:\/\/www.gaveanews.com\/index.php\/2019\/12\/17\/dirigente-do-flamengo-fala-pela-primeira-vez-sobre-o-atacante-pedro-rocha\/\" \/>\n<meta property=\"og:site_name\" content=\"G\u00e1vea News\" \/>\n<meta property=\"article:publisher\" content=\"https:\/\/facebook.com\/gaveaNews\/\" \/>\n<meta property=\"article:published_time\" content=\"2019-12-17T03:45:47+00:00\" \/>\n<meta property=\"article:modified_time\" content=\"2019-12-17T03:45:48+00:00\" \/>\n<meta property=\"og:image\" content=\"https:\/\/www.gaveanews.com\/wp-content\/uploads\/elsznijwwau7z_d_Kaslg1N.webp\" \/>\n\t<meta property=\"og:image:width\" content=\"984\" \/>\n\t<meta property=\"og:image:height\" content=\"655\" \/>\n\t<meta property=\"og:image:type\" content=\"image\/jpeg\" \/>\n<meta name=\"author\" content=\"Equipe G\u00e1vea News\" \/>\n<meta name=\"twitter:card\" content=\"summary_large_image\" \/>\n<meta name=\"twitter:label1\" content=\"Escrito por\" \/>\n\t<meta name=\"twitter:data1\" content=\"Equipe G\u00e1vea News\" \/>\n\t<meta name=\"twitter:label2\" content=\"Est. tempo de leitura\" \/>\n\t<meta name=\"twitter:data2\" content=\"1 minuto\" \/>\n<script type=\"application\/ld+json\" class=\"yoast-schema-graph\">{\"@context\":\"https:\/\/schema.org\",\"@graph\":[{\"@type\":\"NewsArticle\",\"@id\":\"https:\/\/www.gaveanews.com\/index.php\/2019\/12\/17\/dirigente-do-flamengo-fala-pela-primeira-vez-sobre-o-atacante-pedro-rocha\/#article\",\"isPartOf\":{\"@id\":\"https:\/\/www.gaveanews.com\/index.php\/2019\/12\/17\/dirigente-do-flamengo-fala-pela-primeira-vez-sobre-o-atacante-pedro-rocha\/\"},\"author\":{\"name\":\"Equipe G\u00e1vea News\",\"@id\":\"https:\/\/www.gaveanews.com\/#\/schema\/person\/2ec14f73fb96be2caf28f91afb14749d\"},\"headline\":\"Dirigente do Flamengo fala pela primeira vez sobre o atacante Pedro Rocha\",\"datePublished\":\"2019-12-17T03:45:47+00:00\",\"dateModified\":\"2019-12-17T03:45:48+00:00\",\"mainEntityOfPage\":{\"@id\":\"https:\/\/www.gaveanews.com\/index.php\/2019\/12\/17\/dirigente-do-flamengo-fala-pela-primeira-vez-sobre-o-atacante-pedro-rocha\/\"},\"wordCount\":179,\"commentCount\":8,\"image\":{\"@id\":\"https:\/\/www.gaveanews.com\/index.php\/2019\/12\/17\/dirigente-do-flamengo-fala-pela-primeira-vez-sobre-o-atacante-pedro-rocha\/#primaryimage\"},\"thumbnailUrl\":\"https:\/\/www.gaveanews.com\/wp-content\/uploads\/elsznijwwau7z_d_Kaslg1N.webp\",\"articleSection\":[\"Flamengo\"],\"inLanguage\":\"pt-BR\",\"potentialAction\":[{\"@type\":\"CommentAction\",\"name\":\"Comment\",\"target\":[\"https:\/\/www.gaveanews.com\/index.php\/2019\/12\/17\/dirigente-do-flamengo-fala-pela-primeira-vez-sobre-o-atacante-pedro-rocha\/#respond\"]}],\"copyrightYear\":\"2019\",\"copyrightHolder\":{\"@id\":\"https:\/\/www.gaveanews.com\/#organization\"}},{\"@type\":\"WebPage\",\"@id\":\"https:\/\/www.gaveanews.com\/index.php\/2019\/12\/17\/dirigente-do-flamengo-fala-pela-primeira-vez-sobre-o-atacante-pedro-rocha\/\",\"url\":\"https:\/\/www.gaveanews.com\/index.php\/2019\/12\/17\/dirigente-do-flamengo-fala-pela-primeira-vez-sobre-o-atacante-pedro-rocha\/\",\"name\":\"Dirigente do Flamengo fala pela primeira vez sobre o atacante Pedro Rocha\",\"isPartOf\":{\"@id\":\"https:\/\/www.gaveanews.com\/#website\"},\"primaryImageOfPage\":{\"@id\":\"https:\/\/www.gaveanews.com\/index.php\/2019\/12\/17\/dirigente-do-flamengo-fala-pela-primeira-vez-sobre-o-atacante-pedro-rocha\/#primaryimage\"},\"image\":{\"@id\":\"https:\/\/www.gaveanews.com\/index.php\/2019\/12\/17\/dirigente-do-flamengo-fala-pela-primeira-vez-sobre-o-atacante-pedro-rocha\/#primaryimage\"},\"thumbnailUrl\":\"https:\/\/www.gaveanews.com\/wp-content\/uploads\/elsznijwwau7z_d_Kaslg1N.webp\",\"datePublished\":\"2019-12-17T03:45:47+00:00\",\"dateModified\":\"2019-12-17T03:45:48+00:00\",\"author\":{\"@id\":\"https:\/\/www.gaveanews.com\/#\/schema\/person\/2ec14f73fb96be2caf28f91afb14749d\"},\"breadcrumb\":{\"@id\":\"https:\/\/www.gaveanews.com\/index.php\/2019\/12\/17\/dirigente-do-flamengo-fala-pela-primeira-vez-sobre-o-atacante-pedro-rocha\/#breadcrumb\"},\"inLanguage\":\"pt-BR\",\"potentialAction\":[{\"@type\":\"ReadAction\",\"target\":[\"https:\/\/www.gaveanews.com\/index.php\/2019\/12\/17\/dirigente-do-flamengo-fala-pela-primeira-vez-sobre-o-atacante-pedro-rocha\/\"]}]},{\"@type\":\"ImageObject\",\"inLanguage\":\"pt-BR\",\"@id\":\"https:\/\/www.gaveanews.com\/index.php\/2019\/12\/17\/dirigente-do-flamengo-fala-pela-primeira-vez-sobre-o-atacante-pedro-rocha\/#primaryimage\",\"url\":\"https:\/\/www.gaveanews.com\/wp-content\/uploads\/elsznijwwau7z_d_Kaslg1N.webp\",\"contentUrl\":\"https:\/\/www.gaveanews.com\/wp-content\/uploads\/elsznijwwau7z_d_Kaslg1N.webp\",\"width\":984,\"height\":655},{\"@type\":\"BreadcrumbList\",\"@id\":\"https:\/\/www.gaveanews.com\/index.php\/2019\/12\/17\/dirigente-do-flamengo-fala-pela-primeira-vez-sobre-o-atacante-pedro-rocha\/#breadcrumb\",\"itemListElement\":[{\"@type\":\"ListItem\",\"position\":1,\"name\":\"Home\",\"item\":\"https:\/\/www.gaveanews.com\/\"},{\"@type\":\"ListItem\",\"position\":2,\"name\":\"Dirigente do Flamengo fala pela primeira vez sobre o atacante Pedro Rocha\"}]},{\"@type\":\"WebSite\",\"@id\":\"https:\/\/www.gaveanews.com\/#website\",\"url\":\"https:\/\/www.gaveanews.com\/\",\"name\":\"G\u00e1vea News\",\"description\":\"Veja todas as not\u00edcias sobre o Flamengo: Contrata\u00e7\u00f5es, categorias de base, resultados das partidas, tabela de classifica\u00e7\u00e3o, pr\u00f3ximos jogos!\",\"potentialAction\":[{\"@type\":\"SearchAction\",\"target\":{\"@type\":\"EntryPoint\",\"urlTemplate\":\"https:\/\/www.gaveanews.com\/?s={search_term_string}\"},\"query-input\":{\"@type\":\"PropertyValueSpecification\",\"valueRequired\":true,\"valueName\":\"search_term_string\"}}],\"inLanguage\":\"pt-BR\"},{\"@type\":\"Person\",\"@id\":\"https:\/\/www.gaveanews.com\/#\/schema\/person\/2ec14f73fb96be2caf28f91afb14749d\",\"name\":\"Equipe G\u00e1vea News\",\"image\":{\"@type\":\"ImageObject\",\"inLanguage\":\"pt-BR\",\"@id\":\"https:\/\/www.gaveanews.com\/#\/schema\/person\/image\/\",\"url\":\"https:\/\/secure.gravatar.com\/avatar\/1e1956f1facbffd3f8fa53a326721950116b3b9dc9bd44939c01180fd4a745a9?s=96&d=mm&r=g\",\"contentUrl\":\"https:\/\/secure.gravatar.com\/avatar\/1e1956f1facbffd3f8fa53a326721950116b3b9dc9bd44939c01180fd4a745a9?s=96&d=mm&r=g\",\"caption\":\"Equipe G\u00e1vea News\"}}]}<\/script>\n<!-- \/ Yoast SEO Premium plugin. -->","yoast_head_json":{"title":"Dirigente do Flamengo fala pela primeira vez sobre o atacante Pedro Rocha","robots":{"index":"index","follow":"follow","max-snippet":"max-snippet:-1","max-image-preview":"max-image-preview:large","max-video-preview":"max-video-preview:-1"},"canonical":"https:\/\/www.gaveanews.com\/index.php\/2019\/12\/17\/dirigente-do-flamengo-fala-pela-primeira-vez-sobre-o-atacante-pedro-rocha\/","og_locale":"pt_BR","og_type":"article","og_title":"Dirigente do Flamengo fala pela primeira vez sobre o atacante Pedro Rocha","og_description":"O Flamengo tem o primeiro refor\u00e7o selado para a temporada 2020. Segundo informa\u00e7\u00f5es de Paulo Vinicius Coelho, rep\u00f3rter e comentarista dos canais Fox Sports, em conversa com Paulo Pelaipe, dirigente do clube carioca, foi confirmado a assinatura do contrato do atacante Pedro Rocha com o Flamengo para a pr\u00f3xima temporada. Vale destacar que esta foi [&hellip;]","og_url":"https:\/\/www.gaveanews.com\/index.php\/2019\/12\/17\/dirigente-do-flamengo-fala-pela-primeira-vez-sobre-o-atacante-pedro-rocha\/","og_site_name":"G\u00e1vea News","article_publisher":"https:\/\/facebook.com\/gaveaNews\/","article_published_time":"2019-12-17T03:45:47+00:00","article_modified_time":"2019-12-17T03:45:48+00:00","og_image":[{"width":984,"height":655,"url":"https:\/\/www.gaveanews.com\/wp-content\/uploads\/elsznijwwau7z_d_Kaslg1N.webp","type":"image\/jpeg"}],"author":"Equipe G\u00e1vea News","twitter_card":"summary_large_image","twitter_misc":{"Escrito por":"Equipe G\u00e1vea News","Est. tempo de leitura":"1 minuto"},"schema":{"@context":"https:\/\/schema.org","@graph":[{"@type":"NewsArticle","@id":"https:\/\/www.gaveanews.com\/index.php\/2019\/12\/17\/dirigente-do-flamengo-fala-pela-primeira-vez-sobre-o-atacante-pedro-rocha\/#article","isPartOf":{"@id":"https:\/\/www.gaveanews.com\/index.php\/2019\/12\/17\/dirigente-do-flamengo-fala-pela-primeira-vez-sobre-o-atacante-pedro-rocha\/"},"author":{"name":"Equipe G\u00e1vea News","@id":"https:\/\/www.gaveanews.com\/#\/schema\/person\/2ec14f73fb96be2caf28f91afb14749d"},"headline":"Dirigente do Flamengo fala pela primeira vez sobre o atacante Pedro Rocha","datePublished":"2019-12-17T03:45:47+00:00","dateModified":"2019-12-17T03:45:48+00:00","mainEntityOfPage":{"@id":"https:\/\/www.gaveanews.com\/index.php\/2019\/12\/17\/dirigente-do-flamengo-fala-pela-primeira-vez-sobre-o-atacante-pedro-rocha\/"},"wordCount":179,"commentCount":8,"image":{"@id":"https:\/\/www.gaveanews.com\/index.php\/2019\/12\/17\/dirigente-do-flamengo-fala-pela-primeira-vez-sobre-o-atacante-pedro-rocha\/#primaryimage"},"thumbnailUrl":"https:\/\/www.gaveanews.com\/wp-content\/uploads\/elsznijwwau7z_d_Kaslg1N.webp","articleSection":["Flamengo"],"inLanguage":"pt-BR","potentialAction":[{"@type":"CommentAction","name":"Comment","target":["https:\/\/www.gaveanews.com\/index.php\/2019\/12\/17\/dirigente-do-flamengo-fala-pela-primeira-vez-sobre-o-atacante-pedro-rocha\/#respond"]}],"copyrightYear":"2019","copyrightHolder":{"@id":"https:\/\/www.gaveanews.com\/#organization"}},{"@type":"WebPage","@id":"https:\/\/www.gaveanews.com\/index.php\/2019\/12\/17\/dirigente-do-flamengo-fala-pela-primeira-vez-sobre-o-atacante-pedro-rocha\/","url":"https:\/\/www.gaveanews.com\/index.php\/2019\/12\/17\/dirigente-do-flamengo-fala-pela-primeira-vez-sobre-o-atacante-pedro-rocha\/","name":"Dirigente do Flamengo fala pela primeira vez sobre o atacante Pedro Rocha","isPartOf":{"@id":"https:\/\/www.gaveanews.com\/#website"},"primaryImageOfPage":{"@id":"https:\/\/www.gaveanews.com\/index.php\/2019\/12\/17\/dirigente-do-flamengo-fala-pela-primeira-vez-sobre-o-atacante-pedro-rocha\/#primaryimage"},"image":{"@id":"https:\/\/www.gaveanews.com\/index.php\/2019\/12\/17\/dirigente-do-flamengo-fala-pela-primeira-vez-sobre-o-atacante-pedro-rocha\/#primaryimage"},"thumbnailUrl":"https:\/\/www.gaveanews.com\/wp-content\/uploads\/elsznijwwau7z_d_Kaslg1N.webp","datePublished":"2019-12-17T03:45:47+00:00","dateModified":"2019-12-17T03:45:48+00:00","author":{"@id":"https:\/\/www.gaveanews.com\/#\/schema\/person\/2ec14f73fb96be2caf28f91afb14749d"},"breadcrumb":{"@id":"https:\/\/www.gaveanews.com\/index.php\/2019\/12\/17\/dirigente-do-flamengo-fala-pela-primeira-vez-sobre-o-atacante-pedro-rocha\/#breadcrumb"},"inLanguage":"pt-BR","potentialAction":[{"@type":"ReadAction","target":["https:\/\/www.gaveanews.com\/index.php\/2019\/12\/17\/dirigente-do-flamengo-fala-pela-primeira-vez-sobre-o-atacante-pedro-rocha\/"]}]},{"@type":"ImageObject","inLanguage":"pt-BR","@id":"https:\/\/www.gaveanews.com\/index.php\/2019\/12\/17\/dirigente-do-flamengo-fala-pela-primeira-vez-sobre-o-atacante-pedro-rocha\/#primaryimage","url":"https:\/\/www.gaveanews.com\/wp-content\/uploads\/elsznijwwau7z_d_Kaslg1N.webp","contentUrl":"https:\/\/www.gaveanews.com\/wp-content\/uploads\/elsznijwwau7z_d_Kaslg1N.webp","width":984,"height":655},{"@type":"BreadcrumbList","@id":"https:\/\/www.gaveanews.com\/index.php\/2019\/12\/17\/dirigente-do-flamengo-fala-pela-primeira-vez-sobre-o-atacante-pedro-rocha\/#breadcrumb","itemListElement":[{"@type":"ListItem","position":1,"name":"Home","item":"https:\/\/www.gaveanews.com\/"},{"@type":"ListItem","position":2,"name":"Dirigente do Flamengo fala pela primeira vez sobre o atacante Pedro Rocha"}]},{"@type":"WebSite","@id":"https:\/\/www.gaveanews.com\/#website","url":"https:\/\/www.gaveanews.com\/","name":"G\u00e1vea News","description":"Veja todas as not\u00edcias sobre o Flamengo: Contrata\u00e7\u00f5es, categorias de base, resultados das partidas, tabela de classifica\u00e7\u00e3o, pr\u00f3ximos jogos!","potentialAction":[{"@type":"SearchAction","target":{"@type":"EntryPoint","urlTemplate":"https:\/\/www.gaveanews.com\/?s={search_term_string}"},"query-input":{"@type":"PropertyValueSpecification","valueRequired":true,"valueName":"search_term_string"}}],"inLanguage":"pt-BR"},{"@type":"Person","@id":"https:\/\/www.gaveanews.com\/#\/schema\/person\/2ec14f73fb96be2caf28f91afb14749d","name":"Equipe G\u00e1vea News","image":{"@type":"ImageObject","inLanguage":"pt-BR","@id":"https:\/\/www.gaveanews.com\/#\/schema\/person\/image\/","url":"https:\/\/secure.gravatar.com\/avatar\/1e1956f1facbffd3f8fa53a326721950116b3b9dc9bd44939c01180fd4a745a9?s=96&d=mm&r=g","contentUrl":"https:\/\/secure.gravatar.com\/avatar\/1e1956f1facbffd3f8fa53a326721950116b3b9dc9bd44939c01180fd4a745a9?s=96&d=mm&r=g","caption":"Equipe G\u00e1vea News"}}]}},"_links":{"self":[{"href":"https:\/\/www.gaveanews.com\/index.php\/wp-json\/wp\/v2\/posts\/33973","targetHints":{"allow":["GET"]}}],"collection":[{"href":"https:\/\/www.gaveanews.com\/index.php\/wp-json\/wp\/v2\/posts"}],"about":[{"href":"https:\/\/www.gaveanews.com\/index.php\/wp-json\/wp\/v2\/types\/post"}],"author":[{"embeddable":true,"href":"https:\/\/www.gaveanews.com\/index.php\/wp-json\/wp\/v2\/users\/1"}],"replies":[{"embeddable":true,"href":"https:\/\/www.gaveanews.com\/index.php\/wp-json\/wp\/v2\/comments?post=33973"}],"version-history":[{"count":0,"href":"https:\/\/www.gaveanews.com\/index.php\/wp-json\/wp\/v2\/posts\/33973\/revisions"}],"wp:featuredmedia":[{"embeddable":true,"href":"https:\/\/www.gaveanews.com\/index.php\/wp-json\/wp\/v2\/media\/33774"}],"wp:attachment":[{"href":"https:\/\/www.gaveanews.com\/index.php\/wp-json\/wp\/v2\/media?parent=33973"}],"wp:term":[{"taxonomy":"category","embeddable":true,"href":"https:\/\/www.gaveanews.com\/index.php\/wp-json\/wp\/v2\/categories?post=33973"},{"taxonomy":"post_tag","embeddable":true,"href":"https:\/\/www.gaveanews.com\/index.php\/wp-json\/wp\/v2\/tags?post=33973"}],"curies":[{"name":"wp","href":"https:\/\/api.w.org\/{rel}","templated":true}]}}