{"id":33975,"date":"2019-12-17T06:42:02","date_gmt":"2019-12-17T09:42:02","guid":{"rendered":"http:\/\/www.gaveanews.com\/?p=33975"},"modified":"2019-12-17T06:42:02","modified_gmt":"2019-12-17T09:42:02","slug":"flamengo-realiza-proposta-e-entra-na-briga-por-lateral-desejado-pelo-gremio","status":"publish","type":"post","link":"https:\/\/www.gaveanews.com\/index.php\/2019\/12\/17\/flamengo-realiza-proposta-e-entra-na-briga-por-lateral-desejado-pelo-gremio\/","title":{"rendered":"Flamengo realiza proposta e entra na briga por lateral desejado pelo Gr\u00eamio"},"content":{"rendered":"\n<p>O Gr\u00eamio est\u00e1 apalavrado com o lateral esquerdo Caio Henrique, de 22 anos, cujos direitos pertencem ao Atl\u00e9tico de Madrid, da Espanha, e jogou o \u00faltimo Brasileiro emprestado ao Fluminense. Por\u00e9m, um concorrente forte apareceu no neg\u00f3cio: o Flamengo.<\/p>\n\n\n\n<p>O atual campe\u00e3o do Brasileiro e da Libertadores sondou o jogador e pode dar um novo passo para contrata\u00e7\u00e3o dele. O Tricolor aguarda, em Porto Alegre, o aval do Atl\u00e9tico de Madrid para firmar acordo. Esta situa\u00e7\u00e3o n\u00e3o deve ser empecilho, j\u00e1 que o clube espanhol pretende colocar o atleta onde ele possa aparecer mais, jogar com regularidade e ser eventualmente comprado ao fim de um per\u00edodo de empr\u00e9stimo.<\/p>\n\n\n\n<p>O ex-jogador Deco, empres\u00e1rio de Caio Henrique, chegou ao Brasil ontem. Ele participou da Legends Cup, torneio de ex-jogadores em S\u00e3o Paulo. O brasileiro naturalizado portugu\u00eas defendeu o Barcelona na competi\u00e7\u00e3o.<\/p>\n\n\n\n<p>Segundo apurou o UOL Esporte, o Fla acenou com uma proposta boa, mas ainda insuficiente para mudar os rumos da negocia\u00e7\u00e3o. O Gr\u00eamio segue na dianteira para contar com o atleta e uma mudan\u00e7a demandaria oferta muito interessante financeiramente. Por outro lado, novos encontros acontecer\u00e3o antes do tom ser definitivo.<\/p>\n\n\n\n<p>Caio Henrique disputou 65 jogos e marcou dois gols na \u00faltima temporada. Cria da base do Santos, ele tamb\u00e9m defendeu o Paran\u00e1, al\u00e9m do Atl\u00e9tico de Madrid e do Fluminense.<\/p>\n\n\n\n<p>Retirado de: UOL<\/p>\n","protected":false},"excerpt":{"rendered":"<p>O Gr\u00eamio est\u00e1 apalavrado com o lateral esquerdo Caio Henrique, de 22 anos, cujos direitos pertencem ao Atl\u00e9tico de Madrid, da Espanha, e jogou o \u00faltimo Brasileiro emprestado ao Fluminense. Por\u00e9m, um concorrente forte apareceu no neg\u00f3cio: o Flamengo. O atual campe\u00e3o do Brasileiro e da Libertadores sondou o jogador e pode dar um novo [&hellip;]<\/p>\n","protected":false},"author":1,"featured_media":33976,"comment_status":"open","ping_status":"open","sticky":false,"template":"","format":"standard","meta":{"footnotes":""},"categories":[48],"tags":[],"class_list":["post-33975","post","type-post","status-publish","format-standard","has-post-thumbnail","hentry","category-negociacoes"],"yoast_head":"<!-- This site is optimized with the Yoast SEO Premium plugin v24.2 (Yoast SEO v26.9) - https:\/\/yoast.com\/product\/yoast-seo-premium-wordpress\/ -->\n<title>Flamengo realiza proposta e entra na briga por lateral desejado pelo Gr\u00eamio<\/title>\n<meta name=\"robots\" content=\"index, follow, max-snippet:-1, max-image-preview:large, max-video-preview:-1\" \/>\n<link rel=\"canonical\" href=\"https:\/\/www.gaveanews.com\/index.php\/2019\/12\/17\/flamengo-realiza-proposta-e-entra-na-briga-por-lateral-desejado-pelo-gremio\/\" \/>\n<meta property=\"og:locale\" content=\"pt_BR\" \/>\n<meta property=\"og:type\" content=\"article\" \/>\n<meta property=\"og:title\" content=\"Flamengo realiza proposta e entra na briga por lateral desejado pelo Gr\u00eamio\" \/>\n<meta property=\"og:description\" content=\"O Gr\u00eamio est\u00e1 apalavrado com o lateral esquerdo Caio Henrique, de 22 anos, cujos direitos pertencem ao Atl\u00e9tico de Madrid, da Espanha, e jogou o \u00faltimo Brasileiro emprestado ao Fluminense. Por\u00e9m, um concorrente forte apareceu no neg\u00f3cio: o Flamengo. O atual campe\u00e3o do Brasileiro e da Libertadores sondou o jogador e pode dar um novo [&hellip;]\" \/>\n<meta property=\"og:url\" content=\"https:\/\/www.gaveanews.com\/index.php\/2019\/12\/17\/flamengo-realiza-proposta-e-entra-na-briga-por-lateral-desejado-pelo-gremio\/\" \/>\n<meta property=\"og:site_name\" content=\"G\u00e1vea News\" \/>\n<meta property=\"article:publisher\" content=\"https:\/\/facebook.com\/gaveaNews\/\" \/>\n<meta property=\"article:published_time\" content=\"2019-12-17T09:42:02+00:00\" \/>\n<meta property=\"og:image\" content=\"https:\/\/www.gaveanews.com\/wp-content\/uploads\/q-scaled.webp\" \/>\n\t<meta property=\"og:image:width\" content=\"2560\" \/>\n\t<meta property=\"og:image:height\" content=\"1440\" \/>\n\t<meta property=\"og:image:type\" content=\"image\/jpeg\" \/>\n<meta name=\"author\" content=\"Equipe G\u00e1vea News\" \/>\n<meta name=\"twitter:card\" content=\"summary_large_image\" \/>\n<meta name=\"twitter:label1\" content=\"Escrito por\" \/>\n\t<meta name=\"twitter:data1\" content=\"Equipe G\u00e1vea News\" \/>\n\t<meta name=\"twitter:label2\" content=\"Est. tempo de leitura\" \/>\n\t<meta name=\"twitter:data2\" content=\"1 minuto\" \/>\n<script type=\"application\/ld+json\" class=\"yoast-schema-graph\">{\"@context\":\"https:\/\/schema.org\",\"@graph\":[{\"@type\":\"NewsArticle\",\"@id\":\"https:\/\/www.gaveanews.com\/index.php\/2019\/12\/17\/flamengo-realiza-proposta-e-entra-na-briga-por-lateral-desejado-pelo-gremio\/#article\",\"isPartOf\":{\"@id\":\"https:\/\/www.gaveanews.com\/index.php\/2019\/12\/17\/flamengo-realiza-proposta-e-entra-na-briga-por-lateral-desejado-pelo-gremio\/\"},\"author\":{\"name\":\"Equipe G\u00e1vea News\",\"@id\":\"https:\/\/www.gaveanews.com\/#\/schema\/person\/2ec14f73fb96be2caf28f91afb14749d\"},\"headline\":\"Flamengo realiza proposta e entra na briga por lateral desejado pelo Gr\u00eamio\",\"datePublished\":\"2019-12-17T09:42:02+00:00\",\"mainEntityOfPage\":{\"@id\":\"https:\/\/www.gaveanews.com\/index.php\/2019\/12\/17\/flamengo-realiza-proposta-e-entra-na-briga-por-lateral-desejado-pelo-gremio\/\"},\"wordCount\":255,\"commentCount\":7,\"image\":{\"@id\":\"https:\/\/www.gaveanews.com\/index.php\/2019\/12\/17\/flamengo-realiza-proposta-e-entra-na-briga-por-lateral-desejado-pelo-gremio\/#primaryimage\"},\"thumbnailUrl\":\"https:\/\/www.gaveanews.com\/wp-content\/uploads\/q-scaled.webp\",\"articleSection\":[\"Negocia\u00e7\u00f5es\"],\"inLanguage\":\"pt-BR\",\"potentialAction\":[{\"@type\":\"CommentAction\",\"name\":\"Comment\",\"target\":[\"https:\/\/www.gaveanews.com\/index.php\/2019\/12\/17\/flamengo-realiza-proposta-e-entra-na-briga-por-lateral-desejado-pelo-gremio\/#respond\"]}],\"copyrightYear\":\"2019\",\"copyrightHolder\":{\"@id\":\"https:\/\/www.gaveanews.com\/#organization\"}},{\"@type\":\"WebPage\",\"@id\":\"https:\/\/www.gaveanews.com\/index.php\/2019\/12\/17\/flamengo-realiza-proposta-e-entra-na-briga-por-lateral-desejado-pelo-gremio\/\",\"url\":\"https:\/\/www.gaveanews.com\/index.php\/2019\/12\/17\/flamengo-realiza-proposta-e-entra-na-briga-por-lateral-desejado-pelo-gremio\/\",\"name\":\"Flamengo realiza proposta e entra na briga por lateral desejado pelo Gr\u00eamio\",\"isPartOf\":{\"@id\":\"https:\/\/www.gaveanews.com\/#website\"},\"primaryImageOfPage\":{\"@id\":\"https:\/\/www.gaveanews.com\/index.php\/2019\/12\/17\/flamengo-realiza-proposta-e-entra-na-briga-por-lateral-desejado-pelo-gremio\/#primaryimage\"},\"image\":{\"@id\":\"https:\/\/www.gaveanews.com\/index.php\/2019\/12\/17\/flamengo-realiza-proposta-e-entra-na-briga-por-lateral-desejado-pelo-gremio\/#primaryimage\"},\"thumbnailUrl\":\"https:\/\/www.gaveanews.com\/wp-content\/uploads\/q-scaled.webp\",\"datePublished\":\"2019-12-17T09:42:02+00:00\",\"author\":{\"@id\":\"https:\/\/www.gaveanews.com\/#\/schema\/person\/2ec14f73fb96be2caf28f91afb14749d\"},\"breadcrumb\":{\"@id\":\"https:\/\/www.gaveanews.com\/index.php\/2019\/12\/17\/flamengo-realiza-proposta-e-entra-na-briga-por-lateral-desejado-pelo-gremio\/#breadcrumb\"},\"inLanguage\":\"pt-BR\",\"potentialAction\":[{\"@type\":\"ReadAction\",\"target\":[\"https:\/\/www.gaveanews.com\/index.php\/2019\/12\/17\/flamengo-realiza-proposta-e-entra-na-briga-por-lateral-desejado-pelo-gremio\/\"]}]},{\"@type\":\"ImageObject\",\"inLanguage\":\"pt-BR\",\"@id\":\"https:\/\/www.gaveanews.com\/index.php\/2019\/12\/17\/flamengo-realiza-proposta-e-entra-na-briga-por-lateral-desejado-pelo-gremio\/#primaryimage\",\"url\":\"https:\/\/www.gaveanews.com\/wp-content\/uploads\/q-scaled.webp\",\"contentUrl\":\"https:\/\/www.gaveanews.com\/wp-content\/uploads\/q-scaled.webp\",\"width\":2560,\"height\":1440,\"caption\":\"Rio de Janeiro - 11\/07\/2019 - CT do Fluminense. COLETIVA CAIO HENRIQUE \/ Fluminense treina esta manh\u00e3 no CT. FOTO: LUCAS MER\u00c7ON \/ FLUMINENSE F.C. . IMPORTANTE: Imagem destinada a uso institucional e divulga\u00e7\u00e3o, seu uso comercial est\u00e1 vetado incondicionalmente por seu autor e o Fluminense Football Club.\u00c9 obrigat\u00f3rio mencionar o nome do autor ou usar a imagem. . IMPORTANT: Image intended for institutional use and distribution. Commercial use is prohibited unconditionally by its author and Fluminense Football Club. It is mandatory to mention the name of the author or use the image. . IMPORTANTE: Im\u00e1gen para uso solamente institucional y distribuici\u00f3n. El uso comercial es prohibido por su autor y por el Fluminense Football Club. \u00c9s mandat\u00f3rio mencionar el nombre del autor ao usar el im\u00e1gen.\"},{\"@type\":\"BreadcrumbList\",\"@id\":\"https:\/\/www.gaveanews.com\/index.php\/2019\/12\/17\/flamengo-realiza-proposta-e-entra-na-briga-por-lateral-desejado-pelo-gremio\/#breadcrumb\",\"itemListElement\":[{\"@type\":\"ListItem\",\"position\":1,\"name\":\"Home\",\"item\":\"https:\/\/www.gaveanews.com\/\"},{\"@type\":\"ListItem\",\"position\":2,\"name\":\"Flamengo realiza proposta e entra na briga por lateral desejado pelo Gr\u00eamio\"}]},{\"@type\":\"WebSite\",\"@id\":\"https:\/\/www.gaveanews.com\/#website\",\"url\":\"https:\/\/www.gaveanews.com\/\",\"name\":\"G\u00e1vea News\",\"description\":\"Veja todas as not\u00edcias sobre o Flamengo: Contrata\u00e7\u00f5es, categorias de base, resultados das partidas, tabela de classifica\u00e7\u00e3o, pr\u00f3ximos jogos!\",\"potentialAction\":[{\"@type\":\"SearchAction\",\"target\":{\"@type\":\"EntryPoint\",\"urlTemplate\":\"https:\/\/www.gaveanews.com\/?s={search_term_string}\"},\"query-input\":{\"@type\":\"PropertyValueSpecification\",\"valueRequired\":true,\"valueName\":\"search_term_string\"}}],\"inLanguage\":\"pt-BR\"},{\"@type\":\"Person\",\"@id\":\"https:\/\/www.gaveanews.com\/#\/schema\/person\/2ec14f73fb96be2caf28f91afb14749d\",\"name\":\"Equipe G\u00e1vea News\",\"image\":{\"@type\":\"ImageObject\",\"inLanguage\":\"pt-BR\",\"@id\":\"https:\/\/www.gaveanews.com\/#\/schema\/person\/image\/\",\"url\":\"https:\/\/secure.gravatar.com\/avatar\/1e1956f1facbffd3f8fa53a326721950116b3b9dc9bd44939c01180fd4a745a9?s=96&d=mm&r=g\",\"contentUrl\":\"https:\/\/secure.gravatar.com\/avatar\/1e1956f1facbffd3f8fa53a326721950116b3b9dc9bd44939c01180fd4a745a9?s=96&d=mm&r=g\",\"caption\":\"Equipe G\u00e1vea News\"}}]}<\/script>\n<!-- \/ Yoast SEO Premium plugin. -->","yoast_head_json":{"title":"Flamengo realiza proposta e entra na briga por lateral desejado pelo Gr\u00eamio","robots":{"index":"index","follow":"follow","max-snippet":"max-snippet:-1","max-image-preview":"max-image-preview:large","max-video-preview":"max-video-preview:-1"},"canonical":"https:\/\/www.gaveanews.com\/index.php\/2019\/12\/17\/flamengo-realiza-proposta-e-entra-na-briga-por-lateral-desejado-pelo-gremio\/","og_locale":"pt_BR","og_type":"article","og_title":"Flamengo realiza proposta e entra na briga por lateral desejado pelo Gr\u00eamio","og_description":"O Gr\u00eamio est\u00e1 apalavrado com o lateral esquerdo Caio Henrique, de 22 anos, cujos direitos pertencem ao Atl\u00e9tico de Madrid, da Espanha, e jogou o \u00faltimo Brasileiro emprestado ao Fluminense. Por\u00e9m, um concorrente forte apareceu no neg\u00f3cio: o Flamengo. O atual campe\u00e3o do Brasileiro e da Libertadores sondou o jogador e pode dar um novo [&hellip;]","og_url":"https:\/\/www.gaveanews.com\/index.php\/2019\/12\/17\/flamengo-realiza-proposta-e-entra-na-briga-por-lateral-desejado-pelo-gremio\/","og_site_name":"G\u00e1vea News","article_publisher":"https:\/\/facebook.com\/gaveaNews\/","article_published_time":"2019-12-17T09:42:02+00:00","og_image":[{"width":2560,"height":1440,"url":"https:\/\/www.gaveanews.com\/wp-content\/uploads\/q-scaled.webp","type":"image\/jpeg"}],"author":"Equipe G\u00e1vea News","twitter_card":"summary_large_image","twitter_misc":{"Escrito por":"Equipe G\u00e1vea News","Est. tempo de leitura":"1 minuto"},"schema":{"@context":"https:\/\/schema.org","@graph":[{"@type":"NewsArticle","@id":"https:\/\/www.gaveanews.com\/index.php\/2019\/12\/17\/flamengo-realiza-proposta-e-entra-na-briga-por-lateral-desejado-pelo-gremio\/#article","isPartOf":{"@id":"https:\/\/www.gaveanews.com\/index.php\/2019\/12\/17\/flamengo-realiza-proposta-e-entra-na-briga-por-lateral-desejado-pelo-gremio\/"},"author":{"name":"Equipe G\u00e1vea News","@id":"https:\/\/www.gaveanews.com\/#\/schema\/person\/2ec14f73fb96be2caf28f91afb14749d"},"headline":"Flamengo realiza proposta e entra na briga por lateral desejado pelo Gr\u00eamio","datePublished":"2019-12-17T09:42:02+00:00","mainEntityOfPage":{"@id":"https:\/\/www.gaveanews.com\/index.php\/2019\/12\/17\/flamengo-realiza-proposta-e-entra-na-briga-por-lateral-desejado-pelo-gremio\/"},"wordCount":255,"commentCount":7,"image":{"@id":"https:\/\/www.gaveanews.com\/index.php\/2019\/12\/17\/flamengo-realiza-proposta-e-entra-na-briga-por-lateral-desejado-pelo-gremio\/#primaryimage"},"thumbnailUrl":"https:\/\/www.gaveanews.com\/wp-content\/uploads\/q-scaled.webp","articleSection":["Negocia\u00e7\u00f5es"],"inLanguage":"pt-BR","potentialAction":[{"@type":"CommentAction","name":"Comment","target":["https:\/\/www.gaveanews.com\/index.php\/2019\/12\/17\/flamengo-realiza-proposta-e-entra-na-briga-por-lateral-desejado-pelo-gremio\/#respond"]}],"copyrightYear":"2019","copyrightHolder":{"@id":"https:\/\/www.gaveanews.com\/#organization"}},{"@type":"WebPage","@id":"https:\/\/www.gaveanews.com\/index.php\/2019\/12\/17\/flamengo-realiza-proposta-e-entra-na-briga-por-lateral-desejado-pelo-gremio\/","url":"https:\/\/www.gaveanews.com\/index.php\/2019\/12\/17\/flamengo-realiza-proposta-e-entra-na-briga-por-lateral-desejado-pelo-gremio\/","name":"Flamengo realiza proposta e entra na briga por lateral desejado pelo Gr\u00eamio","isPartOf":{"@id":"https:\/\/www.gaveanews.com\/#website"},"primaryImageOfPage":{"@id":"https:\/\/www.gaveanews.com\/index.php\/2019\/12\/17\/flamengo-realiza-proposta-e-entra-na-briga-por-lateral-desejado-pelo-gremio\/#primaryimage"},"image":{"@id":"https:\/\/www.gaveanews.com\/index.php\/2019\/12\/17\/flamengo-realiza-proposta-e-entra-na-briga-por-lateral-desejado-pelo-gremio\/#primaryimage"},"thumbnailUrl":"https:\/\/www.gaveanews.com\/wp-content\/uploads\/q-scaled.webp","datePublished":"2019-12-17T09:42:02+00:00","author":{"@id":"https:\/\/www.gaveanews.com\/#\/schema\/person\/2ec14f73fb96be2caf28f91afb14749d"},"breadcrumb":{"@id":"https:\/\/www.gaveanews.com\/index.php\/2019\/12\/17\/flamengo-realiza-proposta-e-entra-na-briga-por-lateral-desejado-pelo-gremio\/#breadcrumb"},"inLanguage":"pt-BR","potentialAction":[{"@type":"ReadAction","target":["https:\/\/www.gaveanews.com\/index.php\/2019\/12\/17\/flamengo-realiza-proposta-e-entra-na-briga-por-lateral-desejado-pelo-gremio\/"]}]},{"@type":"ImageObject","inLanguage":"pt-BR","@id":"https:\/\/www.gaveanews.com\/index.php\/2019\/12\/17\/flamengo-realiza-proposta-e-entra-na-briga-por-lateral-desejado-pelo-gremio\/#primaryimage","url":"https:\/\/www.gaveanews.com\/wp-content\/uploads\/q-scaled.webp","contentUrl":"https:\/\/www.gaveanews.com\/wp-content\/uploads\/q-scaled.webp","width":2560,"height":1440,"caption":"Rio de Janeiro - 11\/07\/2019 - CT do Fluminense. COLETIVA CAIO HENRIQUE \/ Fluminense treina esta manh\u00e3 no CT. FOTO: LUCAS MER\u00c7ON \/ FLUMINENSE F.C. . IMPORTANTE: Imagem destinada a uso institucional e divulga\u00e7\u00e3o, seu uso comercial est\u00e1 vetado incondicionalmente por seu autor e o Fluminense Football Club.\u00c9 obrigat\u00f3rio mencionar o nome do autor ou usar a imagem. . IMPORTANT: Image intended for institutional use and distribution. Commercial use is prohibited unconditionally by its author and Fluminense Football Club. It is mandatory to mention the name of the author or use the image. . IMPORTANTE: Im\u00e1gen para uso solamente institucional y distribuici\u00f3n. El uso comercial es prohibido por su autor y por el Fluminense Football Club. \u00c9s mandat\u00f3rio mencionar el nombre del autor ao usar el im\u00e1gen."},{"@type":"BreadcrumbList","@id":"https:\/\/www.gaveanews.com\/index.php\/2019\/12\/17\/flamengo-realiza-proposta-e-entra-na-briga-por-lateral-desejado-pelo-gremio\/#breadcrumb","itemListElement":[{"@type":"ListItem","position":1,"name":"Home","item":"https:\/\/www.gaveanews.com\/"},{"@type":"ListItem","position":2,"name":"Flamengo realiza proposta e entra na briga por lateral desejado pelo Gr\u00eamio"}]},{"@type":"WebSite","@id":"https:\/\/www.gaveanews.com\/#website","url":"https:\/\/www.gaveanews.com\/","name":"G\u00e1vea News","description":"Veja todas as not\u00edcias sobre o Flamengo: Contrata\u00e7\u00f5es, categorias de base, resultados das partidas, tabela de classifica\u00e7\u00e3o, pr\u00f3ximos jogos!","potentialAction":[{"@type":"SearchAction","target":{"@type":"EntryPoint","urlTemplate":"https:\/\/www.gaveanews.com\/?s={search_term_string}"},"query-input":{"@type":"PropertyValueSpecification","valueRequired":true,"valueName":"search_term_string"}}],"inLanguage":"pt-BR"},{"@type":"Person","@id":"https:\/\/www.gaveanews.com\/#\/schema\/person\/2ec14f73fb96be2caf28f91afb14749d","name":"Equipe G\u00e1vea News","image":{"@type":"ImageObject","inLanguage":"pt-BR","@id":"https:\/\/www.gaveanews.com\/#\/schema\/person\/image\/","url":"https:\/\/secure.gravatar.com\/avatar\/1e1956f1facbffd3f8fa53a326721950116b3b9dc9bd44939c01180fd4a745a9?s=96&d=mm&r=g","contentUrl":"https:\/\/secure.gravatar.com\/avatar\/1e1956f1facbffd3f8fa53a326721950116b3b9dc9bd44939c01180fd4a745a9?s=96&d=mm&r=g","caption":"Equipe G\u00e1vea News"}}]}},"_links":{"self":[{"href":"https:\/\/www.gaveanews.com\/index.php\/wp-json\/wp\/v2\/posts\/33975","targetHints":{"allow":["GET"]}}],"collection":[{"href":"https:\/\/www.gaveanews.com\/index.php\/wp-json\/wp\/v2\/posts"}],"about":[{"href":"https:\/\/www.gaveanews.com\/index.php\/wp-json\/wp\/v2\/types\/post"}],"author":[{"embeddable":true,"href":"https:\/\/www.gaveanews.com\/index.php\/wp-json\/wp\/v2\/users\/1"}],"replies":[{"embeddable":true,"href":"https:\/\/www.gaveanews.com\/index.php\/wp-json\/wp\/v2\/comments?post=33975"}],"version-history":[{"count":0,"href":"https:\/\/www.gaveanews.com\/index.php\/wp-json\/wp\/v2\/posts\/33975\/revisions"}],"wp:featuredmedia":[{"embeddable":true,"href":"https:\/\/www.gaveanews.com\/index.php\/wp-json\/wp\/v2\/media\/33976"}],"wp:attachment":[{"href":"https:\/\/www.gaveanews.com\/index.php\/wp-json\/wp\/v2\/media?parent=33975"}],"wp:term":[{"taxonomy":"category","embeddable":true,"href":"https:\/\/www.gaveanews.com\/index.php\/wp-json\/wp\/v2\/categories?post=33975"},{"taxonomy":"post_tag","embeddable":true,"href":"https:\/\/www.gaveanews.com\/index.php\/wp-json\/wp\/v2\/tags?post=33975"}],"curies":[{"name":"wp","href":"https:\/\/api.w.org\/{rel}","templated":true}]}}