{"id":35225,"date":"2020-01-09T15:43:15","date_gmt":"2020-01-09T18:43:15","guid":{"rendered":"http:\/\/www.gaveanews.com\/?p=35225"},"modified":"2020-01-09T15:43:15","modified_gmt":"2020-01-09T18:43:15","slug":"mais-um-reforco-empresario-revela-negocio-fechado-com-o-flamengo","status":"publish","type":"post","link":"https:\/\/www.gaveanews.com\/index.php\/2020\/01\/09\/mais-um-reforco-empresario-revela-negocio-fechado-com-o-flamengo\/","title":{"rendered":"Mais um refor\u00e7o? Empres\u00e1rio revela neg\u00f3cio fechado com o Flamengo"},"content":{"rendered":"\n<p>Depois da chegada Pedro Rocha, outro atacante pode desembarcar na G\u00e1vea para a temporada 2020. Na mira do Gr\u00eamio, o atacante Pedro, ex-Fluminense, estaria com os dias contados para acertar com o Flamengo. De acordo com a &#8216;Fox Sports&#8217;, o empres\u00e1rio do centroavante j\u00e1 avisou ao Tricolor Ga\u00facho que o atleta ser\u00e1 jogador do Rubro-negro.<\/p>\n\n\n\n<p>Al\u00e9m de Pedro , o Flamengo ainda mant\u00e9m conversas por Michael, revela\u00e7\u00e3o do \u00faltimo Campeonato Brasileiro. Durante um programa do canal, o jornalista Rodrigo Bueno afirmou que o empres\u00e1rio de Pedro agradeceu a proposta do Gr\u00eamio , mas afirmou que o atacante ser\u00e1 jogador do clube carioca.<\/p>\n\n\n\n<p>&#8220;E agora a resposta que o Gr\u00eamio recebeu do empres\u00e1rio do Pedro \u00e9: \u201cMuito obrigado, Gr\u00eamio, mas ele est\u00e1 fechado com o Flamengo \u201d. Ent\u00e3o j\u00e1 teria um acerto do Flamengo com o Pedro, essa \u00e9 a resposta que o empres\u00e1rio passou para o Gr\u00eamio&#8221;, disse Bueno.<\/p>\n\n\n\n<p>Retirado de: IG<\/p>\n","protected":false},"excerpt":{"rendered":"<p>Depois da chegada Pedro Rocha, outro atacante pode desembarcar na G\u00e1vea para a temporada 2020. Na mira do Gr\u00eamio, o atacante Pedro, ex-Fluminense, estaria com os dias contados para acertar com o Flamengo. De acordo com a &#8216;Fox Sports&#8217;, o empres\u00e1rio do centroavante j\u00e1 avisou ao Tricolor Ga\u00facho que o atleta ser\u00e1 jogador do Rubro-negro. [&hellip;]<\/p>\n","protected":false},"author":1,"featured_media":35165,"comment_status":"open","ping_status":"closed","sticky":false,"template":"","format":"standard","meta":{"footnotes":""},"categories":[1],"tags":[],"class_list":["post-35225","post","type-post","status-publish","format-standard","has-post-thumbnail","hentry","category-flamengo"],"yoast_head":"<!-- This site is optimized with the Yoast SEO Premium plugin v24.2 (Yoast SEO v26.9) - https:\/\/yoast.com\/product\/yoast-seo-premium-wordpress\/ -->\n<title>Mais um refor\u00e7o? Empres\u00e1rio revela neg\u00f3cio fechado com o Flamengo<\/title>\n<meta name=\"robots\" content=\"index, follow, max-snippet:-1, max-image-preview:large, max-video-preview:-1\" \/>\n<link rel=\"canonical\" href=\"https:\/\/www.gaveanews.com\/index.php\/2020\/01\/09\/mais-um-reforco-empresario-revela-negocio-fechado-com-o-flamengo\/\" \/>\n<meta property=\"og:locale\" content=\"pt_BR\" \/>\n<meta property=\"og:type\" content=\"article\" \/>\n<meta property=\"og:title\" content=\"Mais um refor\u00e7o? Empres\u00e1rio revela neg\u00f3cio fechado com o Flamengo\" \/>\n<meta property=\"og:description\" content=\"Depois da chegada Pedro Rocha, outro atacante pode desembarcar na G\u00e1vea para a temporada 2020. Na mira do Gr\u00eamio, o atacante Pedro, ex-Fluminense, estaria com os dias contados para acertar com o Flamengo. De acordo com a &#8216;Fox Sports&#8217;, o empres\u00e1rio do centroavante j\u00e1 avisou ao Tricolor Ga\u00facho que o atleta ser\u00e1 jogador do Rubro-negro. [&hellip;]\" \/>\n<meta property=\"og:url\" content=\"https:\/\/www.gaveanews.com\/index.php\/2020\/01\/09\/mais-um-reforco-empresario-revela-negocio-fechado-com-o-flamengo\/\" \/>\n<meta property=\"og:site_name\" content=\"G\u00e1vea News\" \/>\n<meta property=\"article:publisher\" content=\"https:\/\/facebook.com\/gaveaNews\/\" \/>\n<meta property=\"article:published_time\" content=\"2020-01-09T18:43:15+00:00\" \/>\n<meta property=\"og:image\" content=\"https:\/\/www.gaveanews.com\/wp-content\/uploads\/Pedro-Fluminense-1024x568.webp\" \/>\n\t<meta property=\"og:image:width\" content=\"1024\" \/>\n\t<meta property=\"og:image:height\" content=\"568\" \/>\n\t<meta property=\"og:image:type\" content=\"image\/png\" \/>\n<meta name=\"author\" content=\"Equipe G\u00e1vea News\" \/>\n<meta name=\"twitter:card\" content=\"summary_large_image\" \/>\n<meta name=\"twitter:label1\" content=\"Escrito por\" \/>\n\t<meta name=\"twitter:data1\" content=\"Equipe G\u00e1vea News\" \/>\n\t<meta name=\"twitter:label2\" content=\"Est. tempo de leitura\" \/>\n\t<meta name=\"twitter:data2\" content=\"1 minuto\" \/>\n<script type=\"application\/ld+json\" class=\"yoast-schema-graph\">{\"@context\":\"https:\/\/schema.org\",\"@graph\":[{\"@type\":\"NewsArticle\",\"@id\":\"https:\/\/www.gaveanews.com\/index.php\/2020\/01\/09\/mais-um-reforco-empresario-revela-negocio-fechado-com-o-flamengo\/#article\",\"isPartOf\":{\"@id\":\"https:\/\/www.gaveanews.com\/index.php\/2020\/01\/09\/mais-um-reforco-empresario-revela-negocio-fechado-com-o-flamengo\/\"},\"author\":{\"name\":\"Equipe G\u00e1vea News\",\"@id\":\"https:\/\/www.gaveanews.com\/#\/schema\/person\/2ec14f73fb96be2caf28f91afb14749d\"},\"headline\":\"Mais um refor\u00e7o? Empres\u00e1rio revela neg\u00f3cio fechado com o Flamengo\",\"datePublished\":\"2020-01-09T18:43:15+00:00\",\"mainEntityOfPage\":{\"@id\":\"https:\/\/www.gaveanews.com\/index.php\/2020\/01\/09\/mais-um-reforco-empresario-revela-negocio-fechado-com-o-flamengo\/\"},\"wordCount\":174,\"commentCount\":17,\"image\":{\"@id\":\"https:\/\/www.gaveanews.com\/index.php\/2020\/01\/09\/mais-um-reforco-empresario-revela-negocio-fechado-com-o-flamengo\/#primaryimage\"},\"thumbnailUrl\":\"https:\/\/www.gaveanews.com\/wp-content\/uploads\/Pedro-Fluminense.webp\",\"articleSection\":[\"Flamengo\"],\"inLanguage\":\"pt-BR\",\"potentialAction\":[{\"@type\":\"CommentAction\",\"name\":\"Comment\",\"target\":[\"https:\/\/www.gaveanews.com\/index.php\/2020\/01\/09\/mais-um-reforco-empresario-revela-negocio-fechado-com-o-flamengo\/#respond\"]}],\"copyrightYear\":\"2020\",\"copyrightHolder\":{\"@id\":\"https:\/\/www.gaveanews.com\/#organization\"}},{\"@type\":\"WebPage\",\"@id\":\"https:\/\/www.gaveanews.com\/index.php\/2020\/01\/09\/mais-um-reforco-empresario-revela-negocio-fechado-com-o-flamengo\/\",\"url\":\"https:\/\/www.gaveanews.com\/index.php\/2020\/01\/09\/mais-um-reforco-empresario-revela-negocio-fechado-com-o-flamengo\/\",\"name\":\"Mais um refor\u00e7o? Empres\u00e1rio revela neg\u00f3cio fechado com o Flamengo\",\"isPartOf\":{\"@id\":\"https:\/\/www.gaveanews.com\/#website\"},\"primaryImageOfPage\":{\"@id\":\"https:\/\/www.gaveanews.com\/index.php\/2020\/01\/09\/mais-um-reforco-empresario-revela-negocio-fechado-com-o-flamengo\/#primaryimage\"},\"image\":{\"@id\":\"https:\/\/www.gaveanews.com\/index.php\/2020\/01\/09\/mais-um-reforco-empresario-revela-negocio-fechado-com-o-flamengo\/#primaryimage\"},\"thumbnailUrl\":\"https:\/\/www.gaveanews.com\/wp-content\/uploads\/Pedro-Fluminense.webp\",\"datePublished\":\"2020-01-09T18:43:15+00:00\",\"author\":{\"@id\":\"https:\/\/www.gaveanews.com\/#\/schema\/person\/2ec14f73fb96be2caf28f91afb14749d\"},\"breadcrumb\":{\"@id\":\"https:\/\/www.gaveanews.com\/index.php\/2020\/01\/09\/mais-um-reforco-empresario-revela-negocio-fechado-com-o-flamengo\/#breadcrumb\"},\"inLanguage\":\"pt-BR\",\"potentialAction\":[{\"@type\":\"ReadAction\",\"target\":[\"https:\/\/www.gaveanews.com\/index.php\/2020\/01\/09\/mais-um-reforco-empresario-revela-negocio-fechado-com-o-flamengo\/\"]}]},{\"@type\":\"ImageObject\",\"inLanguage\":\"pt-BR\",\"@id\":\"https:\/\/www.gaveanews.com\/index.php\/2020\/01\/09\/mais-um-reforco-empresario-revela-negocio-fechado-com-o-flamengo\/#primaryimage\",\"url\":\"https:\/\/www.gaveanews.com\/wp-content\/uploads\/Pedro-Fluminense.webp\",\"contentUrl\":\"https:\/\/www.gaveanews.com\/wp-content\/uploads\/Pedro-Fluminense.webp\",\"width\":1604,\"height\":890},{\"@type\":\"BreadcrumbList\",\"@id\":\"https:\/\/www.gaveanews.com\/index.php\/2020\/01\/09\/mais-um-reforco-empresario-revela-negocio-fechado-com-o-flamengo\/#breadcrumb\",\"itemListElement\":[{\"@type\":\"ListItem\",\"position\":1,\"name\":\"Home\",\"item\":\"https:\/\/www.gaveanews.com\/\"},{\"@type\":\"ListItem\",\"position\":2,\"name\":\"Mais um refor\u00e7o? Empres\u00e1rio revela neg\u00f3cio fechado com o Flamengo\"}]},{\"@type\":\"WebSite\",\"@id\":\"https:\/\/www.gaveanews.com\/#website\",\"url\":\"https:\/\/www.gaveanews.com\/\",\"name\":\"G\u00e1vea News\",\"description\":\"Veja todas as not\u00edcias sobre o Flamengo: Contrata\u00e7\u00f5es, categorias de base, resultados das partidas, tabela de classifica\u00e7\u00e3o, pr\u00f3ximos jogos!\",\"potentialAction\":[{\"@type\":\"SearchAction\",\"target\":{\"@type\":\"EntryPoint\",\"urlTemplate\":\"https:\/\/www.gaveanews.com\/?s={search_term_string}\"},\"query-input\":{\"@type\":\"PropertyValueSpecification\",\"valueRequired\":true,\"valueName\":\"search_term_string\"}}],\"inLanguage\":\"pt-BR\"},{\"@type\":\"Person\",\"@id\":\"https:\/\/www.gaveanews.com\/#\/schema\/person\/2ec14f73fb96be2caf28f91afb14749d\",\"name\":\"Equipe G\u00e1vea News\",\"image\":{\"@type\":\"ImageObject\",\"inLanguage\":\"pt-BR\",\"@id\":\"https:\/\/www.gaveanews.com\/#\/schema\/person\/image\/\",\"url\":\"https:\/\/secure.gravatar.com\/avatar\/1e1956f1facbffd3f8fa53a326721950116b3b9dc9bd44939c01180fd4a745a9?s=96&d=mm&r=g\",\"contentUrl\":\"https:\/\/secure.gravatar.com\/avatar\/1e1956f1facbffd3f8fa53a326721950116b3b9dc9bd44939c01180fd4a745a9?s=96&d=mm&r=g\",\"caption\":\"Equipe G\u00e1vea News\"}}]}<\/script>\n<!-- \/ Yoast SEO Premium plugin. -->","yoast_head_json":{"title":"Mais um refor\u00e7o? Empres\u00e1rio revela neg\u00f3cio fechado com o Flamengo","robots":{"index":"index","follow":"follow","max-snippet":"max-snippet:-1","max-image-preview":"max-image-preview:large","max-video-preview":"max-video-preview:-1"},"canonical":"https:\/\/www.gaveanews.com\/index.php\/2020\/01\/09\/mais-um-reforco-empresario-revela-negocio-fechado-com-o-flamengo\/","og_locale":"pt_BR","og_type":"article","og_title":"Mais um refor\u00e7o? Empres\u00e1rio revela neg\u00f3cio fechado com o Flamengo","og_description":"Depois da chegada Pedro Rocha, outro atacante pode desembarcar na G\u00e1vea para a temporada 2020. Na mira do Gr\u00eamio, o atacante Pedro, ex-Fluminense, estaria com os dias contados para acertar com o Flamengo. De acordo com a &#8216;Fox Sports&#8217;, o empres\u00e1rio do centroavante j\u00e1 avisou ao Tricolor Ga\u00facho que o atleta ser\u00e1 jogador do Rubro-negro. [&hellip;]","og_url":"https:\/\/www.gaveanews.com\/index.php\/2020\/01\/09\/mais-um-reforco-empresario-revela-negocio-fechado-com-o-flamengo\/","og_site_name":"G\u00e1vea News","article_publisher":"https:\/\/facebook.com\/gaveaNews\/","article_published_time":"2020-01-09T18:43:15+00:00","og_image":[{"width":1024,"height":568,"url":"https:\/\/www.gaveanews.com\/wp-content\/uploads\/Pedro-Fluminense-1024x568.webp","type":"image\/png"}],"author":"Equipe G\u00e1vea News","twitter_card":"summary_large_image","twitter_misc":{"Escrito por":"Equipe G\u00e1vea News","Est. tempo de leitura":"1 minuto"},"schema":{"@context":"https:\/\/schema.org","@graph":[{"@type":"NewsArticle","@id":"https:\/\/www.gaveanews.com\/index.php\/2020\/01\/09\/mais-um-reforco-empresario-revela-negocio-fechado-com-o-flamengo\/#article","isPartOf":{"@id":"https:\/\/www.gaveanews.com\/index.php\/2020\/01\/09\/mais-um-reforco-empresario-revela-negocio-fechado-com-o-flamengo\/"},"author":{"name":"Equipe G\u00e1vea News","@id":"https:\/\/www.gaveanews.com\/#\/schema\/person\/2ec14f73fb96be2caf28f91afb14749d"},"headline":"Mais um refor\u00e7o? Empres\u00e1rio revela neg\u00f3cio fechado com o Flamengo","datePublished":"2020-01-09T18:43:15+00:00","mainEntityOfPage":{"@id":"https:\/\/www.gaveanews.com\/index.php\/2020\/01\/09\/mais-um-reforco-empresario-revela-negocio-fechado-com-o-flamengo\/"},"wordCount":174,"commentCount":17,"image":{"@id":"https:\/\/www.gaveanews.com\/index.php\/2020\/01\/09\/mais-um-reforco-empresario-revela-negocio-fechado-com-o-flamengo\/#primaryimage"},"thumbnailUrl":"https:\/\/www.gaveanews.com\/wp-content\/uploads\/Pedro-Fluminense.webp","articleSection":["Flamengo"],"inLanguage":"pt-BR","potentialAction":[{"@type":"CommentAction","name":"Comment","target":["https:\/\/www.gaveanews.com\/index.php\/2020\/01\/09\/mais-um-reforco-empresario-revela-negocio-fechado-com-o-flamengo\/#respond"]}],"copyrightYear":"2020","copyrightHolder":{"@id":"https:\/\/www.gaveanews.com\/#organization"}},{"@type":"WebPage","@id":"https:\/\/www.gaveanews.com\/index.php\/2020\/01\/09\/mais-um-reforco-empresario-revela-negocio-fechado-com-o-flamengo\/","url":"https:\/\/www.gaveanews.com\/index.php\/2020\/01\/09\/mais-um-reforco-empresario-revela-negocio-fechado-com-o-flamengo\/","name":"Mais um refor\u00e7o? Empres\u00e1rio revela neg\u00f3cio fechado com o Flamengo","isPartOf":{"@id":"https:\/\/www.gaveanews.com\/#website"},"primaryImageOfPage":{"@id":"https:\/\/www.gaveanews.com\/index.php\/2020\/01\/09\/mais-um-reforco-empresario-revela-negocio-fechado-com-o-flamengo\/#primaryimage"},"image":{"@id":"https:\/\/www.gaveanews.com\/index.php\/2020\/01\/09\/mais-um-reforco-empresario-revela-negocio-fechado-com-o-flamengo\/#primaryimage"},"thumbnailUrl":"https:\/\/www.gaveanews.com\/wp-content\/uploads\/Pedro-Fluminense.webp","datePublished":"2020-01-09T18:43:15+00:00","author":{"@id":"https:\/\/www.gaveanews.com\/#\/schema\/person\/2ec14f73fb96be2caf28f91afb14749d"},"breadcrumb":{"@id":"https:\/\/www.gaveanews.com\/index.php\/2020\/01\/09\/mais-um-reforco-empresario-revela-negocio-fechado-com-o-flamengo\/#breadcrumb"},"inLanguage":"pt-BR","potentialAction":[{"@type":"ReadAction","target":["https:\/\/www.gaveanews.com\/index.php\/2020\/01\/09\/mais-um-reforco-empresario-revela-negocio-fechado-com-o-flamengo\/"]}]},{"@type":"ImageObject","inLanguage":"pt-BR","@id":"https:\/\/www.gaveanews.com\/index.php\/2020\/01\/09\/mais-um-reforco-empresario-revela-negocio-fechado-com-o-flamengo\/#primaryimage","url":"https:\/\/www.gaveanews.com\/wp-content\/uploads\/Pedro-Fluminense.webp","contentUrl":"https:\/\/www.gaveanews.com\/wp-content\/uploads\/Pedro-Fluminense.webp","width":1604,"height":890},{"@type":"BreadcrumbList","@id":"https:\/\/www.gaveanews.com\/index.php\/2020\/01\/09\/mais-um-reforco-empresario-revela-negocio-fechado-com-o-flamengo\/#breadcrumb","itemListElement":[{"@type":"ListItem","position":1,"name":"Home","item":"https:\/\/www.gaveanews.com\/"},{"@type":"ListItem","position":2,"name":"Mais um refor\u00e7o? Empres\u00e1rio revela neg\u00f3cio fechado com o Flamengo"}]},{"@type":"WebSite","@id":"https:\/\/www.gaveanews.com\/#website","url":"https:\/\/www.gaveanews.com\/","name":"G\u00e1vea News","description":"Veja todas as not\u00edcias sobre o Flamengo: Contrata\u00e7\u00f5es, categorias de base, resultados das partidas, tabela de classifica\u00e7\u00e3o, pr\u00f3ximos jogos!","potentialAction":[{"@type":"SearchAction","target":{"@type":"EntryPoint","urlTemplate":"https:\/\/www.gaveanews.com\/?s={search_term_string}"},"query-input":{"@type":"PropertyValueSpecification","valueRequired":true,"valueName":"search_term_string"}}],"inLanguage":"pt-BR"},{"@type":"Person","@id":"https:\/\/www.gaveanews.com\/#\/schema\/person\/2ec14f73fb96be2caf28f91afb14749d","name":"Equipe G\u00e1vea News","image":{"@type":"ImageObject","inLanguage":"pt-BR","@id":"https:\/\/www.gaveanews.com\/#\/schema\/person\/image\/","url":"https:\/\/secure.gravatar.com\/avatar\/1e1956f1facbffd3f8fa53a326721950116b3b9dc9bd44939c01180fd4a745a9?s=96&d=mm&r=g","contentUrl":"https:\/\/secure.gravatar.com\/avatar\/1e1956f1facbffd3f8fa53a326721950116b3b9dc9bd44939c01180fd4a745a9?s=96&d=mm&r=g","caption":"Equipe G\u00e1vea News"}}]}},"_links":{"self":[{"href":"https:\/\/www.gaveanews.com\/index.php\/wp-json\/wp\/v2\/posts\/35225","targetHints":{"allow":["GET"]}}],"collection":[{"href":"https:\/\/www.gaveanews.com\/index.php\/wp-json\/wp\/v2\/posts"}],"about":[{"href":"https:\/\/www.gaveanews.com\/index.php\/wp-json\/wp\/v2\/types\/post"}],"author":[{"embeddable":true,"href":"https:\/\/www.gaveanews.com\/index.php\/wp-json\/wp\/v2\/users\/1"}],"replies":[{"embeddable":true,"href":"https:\/\/www.gaveanews.com\/index.php\/wp-json\/wp\/v2\/comments?post=35225"}],"version-history":[{"count":0,"href":"https:\/\/www.gaveanews.com\/index.php\/wp-json\/wp\/v2\/posts\/35225\/revisions"}],"wp:featuredmedia":[{"embeddable":true,"href":"https:\/\/www.gaveanews.com\/index.php\/wp-json\/wp\/v2\/media\/35165"}],"wp:attachment":[{"href":"https:\/\/www.gaveanews.com\/index.php\/wp-json\/wp\/v2\/media?parent=35225"}],"wp:term":[{"taxonomy":"category","embeddable":true,"href":"https:\/\/www.gaveanews.com\/index.php\/wp-json\/wp\/v2\/categories?post=35225"},{"taxonomy":"post_tag","embeddable":true,"href":"https:\/\/www.gaveanews.com\/index.php\/wp-json\/wp\/v2\/tags?post=35225"}],"curies":[{"name":"wp","href":"https:\/\/api.w.org\/{rel}","templated":true}]}}