{"id":35227,"date":"2020-01-09T16:13:08","date_gmt":"2020-01-09T19:13:08","guid":{"rendered":"http:\/\/www.gaveanews.com\/?p=35227"},"modified":"2020-01-09T16:13:08","modified_gmt":"2020-01-09T19:13:08","slug":"dinheiro-a-vista-milan-ira-pagar-ultima-parcela-de-lucas-paqueta-na-proxima-semana-veja-valores","status":"publish","type":"post","link":"https:\/\/www.gaveanews.com\/index.php\/2020\/01\/09\/dinheiro-a-vista-milan-ira-pagar-ultima-parcela-de-lucas-paqueta-na-proxima-semana-veja-valores\/","title":{"rendered":"Dinheiro \u00e0 vista! Milan ir\u00e1 pagar \u00faltima parcela de Lucas Paquet\u00e1 na pr\u00f3xima semana; veja valores"},"content":{"rendered":"\n<p>Depois de investir mais de R$ 300 milh\u00f5es em contrata\u00e7\u00f5es nas \u00faltimas duas temporadas, o Flamengo segue atr\u00e1s de refor\u00e7os para 2020 e mant\u00e9m negocia\u00e7\u00f5es por Pedro, da Fiorentina, Michael, do Goi\u00e1s, e Gabigol, da Inter de Mil\u00e3o. <\/p>\n\n\n\n<p>Entre v\u00e1rios outros fatores, as vendas de Garotos do Ninho explicam a capacidade de investimento do clube, que, na pr\u00f3xima quarta, deve receber a \u00faltima parcela do Milan pela negocia\u00e7\u00e3o envolvendo Lucas Paquet\u00e1, em 2018.<\/p>\n\n\n\n<p>A venda de Lucas Paquet\u00e1 foi acertada pelos clubes em 9 outubro de 2018. O Milan, da It\u00e1lia, desembolsou 5 milh\u00f5es de euros (cerca de R$ 22,6 milh\u00f5es atualmente) ap\u00f3s Lucas Paquet\u00e1 ter sido aprovado nos exames m\u00e9dicos, 15 milh\u00f5es de euros (cerca de R$ 68 milh\u00f5es atualmente) em 3 de janeiro de 2019 &#8211; quando a transfer\u00eancia foi efetivada no International Transfer Matching System (TMS) &#8211; e outros 10 milh\u00f5es de euros (cerca de R$ 45 milh\u00f5es atualmente) em 15 de julho de 2019.<\/p>\n\n\n\n<p><strong>A ultima parcela tem data prevista em 15 de janeiro de 2020, na quarta-feira<\/strong>, completando o montante de 35 milh\u00f5es de euros &#8211; R$ 150 milh\u00f5es segundo a cota\u00e7\u00e3o da \u00e9poca da assinatura do contrato. O pagamento est\u00e1 previsto no demonstrativo financeiro do clube da G\u00e1vea. Como detinha 70% dos direitos econ\u00f4micos do Paquet\u00e1 na \u00e9poca, o Flamengo ficar\u00e1 com R$ 105 milh\u00f5es.<\/p>\n\n\n\n<p>Lucas Paquet\u00e1 foi apenas um dos jovens formados no Ninho do Urubu e vendido por quantias milion\u00e1rias pelo Flamengo nos \u00faltimos anos. A lista \u00e9 extensa &#8211; Vin\u00edcius Jr, Felipe Vizeu, Jean Lucas, L\u00e9o Duarte\u2026 &#8211; e tem tudo para ganhar mais um nome em breve, com a concretiza\u00e7\u00e3o da transfer\u00eancia de Reinier para o Real Madrid, que deve render ao clube 35 milh\u00f5es de euros (cerca de R$ 158 milh\u00f5es).<\/p>\n\n\n\n<p>Retirado de: Lance<\/p>\n","protected":false},"excerpt":{"rendered":"<p>Depois de investir mais de R$ 300 milh\u00f5es em contrata\u00e7\u00f5es nas \u00faltimas duas temporadas, o Flamengo segue atr\u00e1s de refor\u00e7os para 2020 e mant\u00e9m negocia\u00e7\u00f5es por Pedro, da Fiorentina, Michael, do Goi\u00e1s, e Gabigol, da Inter de Mil\u00e3o. Entre v\u00e1rios outros fatores, as vendas de Garotos do Ninho explicam a capacidade de investimento do clube, [&hellip;]<\/p>\n","protected":false},"author":1,"featured_media":15155,"comment_status":"open","ping_status":"closed","sticky":false,"template":"","format":"standard","meta":{"footnotes":""},"categories":[1],"tags":[],"class_list":["post-35227","post","type-post","status-publish","format-standard","has-post-thumbnail","hentry","category-flamengo"],"yoast_head":"<!-- This site is optimized with the Yoast SEO Premium plugin v24.2 (Yoast SEO v26.9) - https:\/\/yoast.com\/product\/yoast-seo-premium-wordpress\/ -->\n<title>Dinheiro \u00e0 vista! Milan ir\u00e1 pagar \u00faltima parcela de Lucas Paquet\u00e1 na pr\u00f3xima semana; veja valores<\/title>\n<meta name=\"robots\" content=\"index, follow, max-snippet:-1, max-image-preview:large, max-video-preview:-1\" \/>\n<link rel=\"canonical\" href=\"https:\/\/www.gaveanews.com\/index.php\/2020\/01\/09\/dinheiro-a-vista-milan-ira-pagar-ultima-parcela-de-lucas-paqueta-na-proxima-semana-veja-valores\/\" \/>\n<meta property=\"og:locale\" content=\"pt_BR\" \/>\n<meta property=\"og:type\" content=\"article\" \/>\n<meta property=\"og:title\" content=\"Dinheiro \u00e0 vista! Milan ir\u00e1 pagar \u00faltima parcela de Lucas Paquet\u00e1 na pr\u00f3xima semana; veja valores\" \/>\n<meta property=\"og:description\" content=\"Depois de investir mais de R$ 300 milh\u00f5es em contrata\u00e7\u00f5es nas \u00faltimas duas temporadas, o Flamengo segue atr\u00e1s de refor\u00e7os para 2020 e mant\u00e9m negocia\u00e7\u00f5es por Pedro, da Fiorentina, Michael, do Goi\u00e1s, e Gabigol, da Inter de Mil\u00e3o. Entre v\u00e1rios outros fatores, as vendas de Garotos do Ninho explicam a capacidade de investimento do clube, [&hellip;]\" \/>\n<meta property=\"og:url\" content=\"https:\/\/www.gaveanews.com\/index.php\/2020\/01\/09\/dinheiro-a-vista-milan-ira-pagar-ultima-parcela-de-lucas-paqueta-na-proxima-semana-veja-valores\/\" \/>\n<meta property=\"og:site_name\" content=\"G\u00e1vea News\" \/>\n<meta property=\"article:publisher\" content=\"https:\/\/facebook.com\/gaveaNews\/\" \/>\n<meta property=\"article:published_time\" content=\"2020-01-09T19:13:08+00:00\" \/>\n<meta property=\"og:image\" content=\"https:\/\/www.gaveanews.com\/wp-content\/uploads\/2019\/03\/Lucas-Paqueta-durante-treinamento-no-Ninho-do-Urubu.webp\" \/>\n\t<meta property=\"og:image:width\" content=\"1\" \/>\n\t<meta property=\"og:image:height\" content=\"1\" \/>\n\t<meta property=\"og:image:type\" content=\"image\/jpeg\" \/>\n<meta name=\"author\" content=\"Equipe G\u00e1vea News\" \/>\n<meta name=\"twitter:card\" content=\"summary_large_image\" \/>\n<meta name=\"twitter:label1\" content=\"Escrito por\" \/>\n\t<meta name=\"twitter:data1\" content=\"Equipe G\u00e1vea News\" \/>\n\t<meta name=\"twitter:label2\" content=\"Est. tempo de leitura\" \/>\n\t<meta name=\"twitter:data2\" content=\"2 minutos\" \/>\n<script type=\"application\/ld+json\" class=\"yoast-schema-graph\">{\"@context\":\"https:\/\/schema.org\",\"@graph\":[{\"@type\":\"NewsArticle\",\"@id\":\"https:\/\/www.gaveanews.com\/index.php\/2020\/01\/09\/dinheiro-a-vista-milan-ira-pagar-ultima-parcela-de-lucas-paqueta-na-proxima-semana-veja-valores\/#article\",\"isPartOf\":{\"@id\":\"https:\/\/www.gaveanews.com\/index.php\/2020\/01\/09\/dinheiro-a-vista-milan-ira-pagar-ultima-parcela-de-lucas-paqueta-na-proxima-semana-veja-valores\/\"},\"author\":{\"name\":\"Equipe G\u00e1vea News\",\"@id\":\"https:\/\/www.gaveanews.com\/#\/schema\/person\/2ec14f73fb96be2caf28f91afb14749d\"},\"headline\":\"Dinheiro \u00e0 vista! Milan ir\u00e1 pagar \u00faltima parcela de Lucas Paquet\u00e1 na pr\u00f3xima semana; veja valores\",\"datePublished\":\"2020-01-09T19:13:08+00:00\",\"mainEntityOfPage\":{\"@id\":\"https:\/\/www.gaveanews.com\/index.php\/2020\/01\/09\/dinheiro-a-vista-milan-ira-pagar-ultima-parcela-de-lucas-paqueta-na-proxima-semana-veja-valores\/\"},\"wordCount\":321,\"commentCount\":4,\"image\":{\"@id\":\"https:\/\/www.gaveanews.com\/index.php\/2020\/01\/09\/dinheiro-a-vista-milan-ira-pagar-ultima-parcela-de-lucas-paqueta-na-proxima-semana-veja-valores\/#primaryimage\"},\"thumbnailUrl\":\"https:\/\/www.gaveanews.com\/wp-content\/uploads\/2019\/03\/Lucas-Paqueta-durante-treinamento-no-Ninho-do-Urubu.webp\",\"articleSection\":[\"Flamengo\"],\"inLanguage\":\"pt-BR\",\"potentialAction\":[{\"@type\":\"CommentAction\",\"name\":\"Comment\",\"target\":[\"https:\/\/www.gaveanews.com\/index.php\/2020\/01\/09\/dinheiro-a-vista-milan-ira-pagar-ultima-parcela-de-lucas-paqueta-na-proxima-semana-veja-valores\/#respond\"]}],\"copyrightYear\":\"2020\",\"copyrightHolder\":{\"@id\":\"https:\/\/www.gaveanews.com\/#organization\"}},{\"@type\":\"WebPage\",\"@id\":\"https:\/\/www.gaveanews.com\/index.php\/2020\/01\/09\/dinheiro-a-vista-milan-ira-pagar-ultima-parcela-de-lucas-paqueta-na-proxima-semana-veja-valores\/\",\"url\":\"https:\/\/www.gaveanews.com\/index.php\/2020\/01\/09\/dinheiro-a-vista-milan-ira-pagar-ultima-parcela-de-lucas-paqueta-na-proxima-semana-veja-valores\/\",\"name\":\"Dinheiro \u00e0 vista! Milan ir\u00e1 pagar \u00faltima parcela de Lucas Paquet\u00e1 na pr\u00f3xima semana; veja valores\",\"isPartOf\":{\"@id\":\"https:\/\/www.gaveanews.com\/#website\"},\"primaryImageOfPage\":{\"@id\":\"https:\/\/www.gaveanews.com\/index.php\/2020\/01\/09\/dinheiro-a-vista-milan-ira-pagar-ultima-parcela-de-lucas-paqueta-na-proxima-semana-veja-valores\/#primaryimage\"},\"image\":{\"@id\":\"https:\/\/www.gaveanews.com\/index.php\/2020\/01\/09\/dinheiro-a-vista-milan-ira-pagar-ultima-parcela-de-lucas-paqueta-na-proxima-semana-veja-valores\/#primaryimage\"},\"thumbnailUrl\":\"https:\/\/www.gaveanews.com\/wp-content\/uploads\/2019\/03\/Lucas-Paqueta-durante-treinamento-no-Ninho-do-Urubu.webp\",\"datePublished\":\"2020-01-09T19:13:08+00:00\",\"author\":{\"@id\":\"https:\/\/www.gaveanews.com\/#\/schema\/person\/2ec14f73fb96be2caf28f91afb14749d\"},\"breadcrumb\":{\"@id\":\"https:\/\/www.gaveanews.com\/index.php\/2020\/01\/09\/dinheiro-a-vista-milan-ira-pagar-ultima-parcela-de-lucas-paqueta-na-proxima-semana-veja-valores\/#breadcrumb\"},\"inLanguage\":\"pt-BR\",\"potentialAction\":[{\"@type\":\"ReadAction\",\"target\":[\"https:\/\/www.gaveanews.com\/index.php\/2020\/01\/09\/dinheiro-a-vista-milan-ira-pagar-ultima-parcela-de-lucas-paqueta-na-proxima-semana-veja-valores\/\"]}]},{\"@type\":\"ImageObject\",\"inLanguage\":\"pt-BR\",\"@id\":\"https:\/\/www.gaveanews.com\/index.php\/2020\/01\/09\/dinheiro-a-vista-milan-ira-pagar-ultima-parcela-de-lucas-paqueta-na-proxima-semana-veja-valores\/#primaryimage\",\"url\":\"https:\/\/www.gaveanews.com\/wp-content\/uploads\/2019\/03\/Lucas-Paqueta-durante-treinamento-no-Ninho-do-Urubu.webp\",\"contentUrl\":\"https:\/\/www.gaveanews.com\/wp-content\/uploads\/2019\/03\/Lucas-Paqueta-durante-treinamento-no-Ninho-do-Urubu.webp\",\"width\":880,\"height\":586,\"caption\":\"Lucas Paquet\u00e1 durante treinamento no Ninho do Urubu (Foto: Gilvan de Souza\/Flamengo)\"},{\"@type\":\"BreadcrumbList\",\"@id\":\"https:\/\/www.gaveanews.com\/index.php\/2020\/01\/09\/dinheiro-a-vista-milan-ira-pagar-ultima-parcela-de-lucas-paqueta-na-proxima-semana-veja-valores\/#breadcrumb\",\"itemListElement\":[{\"@type\":\"ListItem\",\"position\":1,\"name\":\"Home\",\"item\":\"https:\/\/www.gaveanews.com\/\"},{\"@type\":\"ListItem\",\"position\":2,\"name\":\"Dinheiro \u00e0 vista! Milan ir\u00e1 pagar \u00faltima parcela de Lucas Paquet\u00e1 na pr\u00f3xima semana; veja valores\"}]},{\"@type\":\"WebSite\",\"@id\":\"https:\/\/www.gaveanews.com\/#website\",\"url\":\"https:\/\/www.gaveanews.com\/\",\"name\":\"G\u00e1vea News\",\"description\":\"Veja todas as not\u00edcias sobre o Flamengo: Contrata\u00e7\u00f5es, categorias de base, resultados das partidas, tabela de classifica\u00e7\u00e3o, pr\u00f3ximos jogos!\",\"potentialAction\":[{\"@type\":\"SearchAction\",\"target\":{\"@type\":\"EntryPoint\",\"urlTemplate\":\"https:\/\/www.gaveanews.com\/?s={search_term_string}\"},\"query-input\":{\"@type\":\"PropertyValueSpecification\",\"valueRequired\":true,\"valueName\":\"search_term_string\"}}],\"inLanguage\":\"pt-BR\"},{\"@type\":\"Person\",\"@id\":\"https:\/\/www.gaveanews.com\/#\/schema\/person\/2ec14f73fb96be2caf28f91afb14749d\",\"name\":\"Equipe G\u00e1vea News\",\"image\":{\"@type\":\"ImageObject\",\"inLanguage\":\"pt-BR\",\"@id\":\"https:\/\/www.gaveanews.com\/#\/schema\/person\/image\/\",\"url\":\"https:\/\/secure.gravatar.com\/avatar\/1e1956f1facbffd3f8fa53a326721950116b3b9dc9bd44939c01180fd4a745a9?s=96&d=mm&r=g\",\"contentUrl\":\"https:\/\/secure.gravatar.com\/avatar\/1e1956f1facbffd3f8fa53a326721950116b3b9dc9bd44939c01180fd4a745a9?s=96&d=mm&r=g\",\"caption\":\"Equipe G\u00e1vea News\"}}]}<\/script>\n<!-- \/ Yoast SEO Premium plugin. -->","yoast_head_json":{"title":"Dinheiro \u00e0 vista! Milan ir\u00e1 pagar \u00faltima parcela de Lucas Paquet\u00e1 na pr\u00f3xima semana; veja valores","robots":{"index":"index","follow":"follow","max-snippet":"max-snippet:-1","max-image-preview":"max-image-preview:large","max-video-preview":"max-video-preview:-1"},"canonical":"https:\/\/www.gaveanews.com\/index.php\/2020\/01\/09\/dinheiro-a-vista-milan-ira-pagar-ultima-parcela-de-lucas-paqueta-na-proxima-semana-veja-valores\/","og_locale":"pt_BR","og_type":"article","og_title":"Dinheiro \u00e0 vista! Milan ir\u00e1 pagar \u00faltima parcela de Lucas Paquet\u00e1 na pr\u00f3xima semana; veja valores","og_description":"Depois de investir mais de R$ 300 milh\u00f5es em contrata\u00e7\u00f5es nas \u00faltimas duas temporadas, o Flamengo segue atr\u00e1s de refor\u00e7os para 2020 e mant\u00e9m negocia\u00e7\u00f5es por Pedro, da Fiorentina, Michael, do Goi\u00e1s, e Gabigol, da Inter de Mil\u00e3o. Entre v\u00e1rios outros fatores, as vendas de Garotos do Ninho explicam a capacidade de investimento do clube, [&hellip;]","og_url":"https:\/\/www.gaveanews.com\/index.php\/2020\/01\/09\/dinheiro-a-vista-milan-ira-pagar-ultima-parcela-de-lucas-paqueta-na-proxima-semana-veja-valores\/","og_site_name":"G\u00e1vea News","article_publisher":"https:\/\/facebook.com\/gaveaNews\/","article_published_time":"2020-01-09T19:13:08+00:00","og_image":[{"url":"https:\/\/www.gaveanews.com\/wp-content\/uploads\/2019\/03\/Lucas-Paqueta-durante-treinamento-no-Ninho-do-Urubu.webp","width":1,"height":1,"type":"image\/jpeg"}],"author":"Equipe G\u00e1vea News","twitter_card":"summary_large_image","twitter_misc":{"Escrito por":"Equipe G\u00e1vea News","Est. tempo de leitura":"2 minutos"},"schema":{"@context":"https:\/\/schema.org","@graph":[{"@type":"NewsArticle","@id":"https:\/\/www.gaveanews.com\/index.php\/2020\/01\/09\/dinheiro-a-vista-milan-ira-pagar-ultima-parcela-de-lucas-paqueta-na-proxima-semana-veja-valores\/#article","isPartOf":{"@id":"https:\/\/www.gaveanews.com\/index.php\/2020\/01\/09\/dinheiro-a-vista-milan-ira-pagar-ultima-parcela-de-lucas-paqueta-na-proxima-semana-veja-valores\/"},"author":{"name":"Equipe G\u00e1vea News","@id":"https:\/\/www.gaveanews.com\/#\/schema\/person\/2ec14f73fb96be2caf28f91afb14749d"},"headline":"Dinheiro \u00e0 vista! Milan ir\u00e1 pagar \u00faltima parcela de Lucas Paquet\u00e1 na pr\u00f3xima semana; veja valores","datePublished":"2020-01-09T19:13:08+00:00","mainEntityOfPage":{"@id":"https:\/\/www.gaveanews.com\/index.php\/2020\/01\/09\/dinheiro-a-vista-milan-ira-pagar-ultima-parcela-de-lucas-paqueta-na-proxima-semana-veja-valores\/"},"wordCount":321,"commentCount":4,"image":{"@id":"https:\/\/www.gaveanews.com\/index.php\/2020\/01\/09\/dinheiro-a-vista-milan-ira-pagar-ultima-parcela-de-lucas-paqueta-na-proxima-semana-veja-valores\/#primaryimage"},"thumbnailUrl":"https:\/\/www.gaveanews.com\/wp-content\/uploads\/2019\/03\/Lucas-Paqueta-durante-treinamento-no-Ninho-do-Urubu.webp","articleSection":["Flamengo"],"inLanguage":"pt-BR","potentialAction":[{"@type":"CommentAction","name":"Comment","target":["https:\/\/www.gaveanews.com\/index.php\/2020\/01\/09\/dinheiro-a-vista-milan-ira-pagar-ultima-parcela-de-lucas-paqueta-na-proxima-semana-veja-valores\/#respond"]}],"copyrightYear":"2020","copyrightHolder":{"@id":"https:\/\/www.gaveanews.com\/#organization"}},{"@type":"WebPage","@id":"https:\/\/www.gaveanews.com\/index.php\/2020\/01\/09\/dinheiro-a-vista-milan-ira-pagar-ultima-parcela-de-lucas-paqueta-na-proxima-semana-veja-valores\/","url":"https:\/\/www.gaveanews.com\/index.php\/2020\/01\/09\/dinheiro-a-vista-milan-ira-pagar-ultima-parcela-de-lucas-paqueta-na-proxima-semana-veja-valores\/","name":"Dinheiro \u00e0 vista! Milan ir\u00e1 pagar \u00faltima parcela de Lucas Paquet\u00e1 na pr\u00f3xima semana; veja valores","isPartOf":{"@id":"https:\/\/www.gaveanews.com\/#website"},"primaryImageOfPage":{"@id":"https:\/\/www.gaveanews.com\/index.php\/2020\/01\/09\/dinheiro-a-vista-milan-ira-pagar-ultima-parcela-de-lucas-paqueta-na-proxima-semana-veja-valores\/#primaryimage"},"image":{"@id":"https:\/\/www.gaveanews.com\/index.php\/2020\/01\/09\/dinheiro-a-vista-milan-ira-pagar-ultima-parcela-de-lucas-paqueta-na-proxima-semana-veja-valores\/#primaryimage"},"thumbnailUrl":"https:\/\/www.gaveanews.com\/wp-content\/uploads\/2019\/03\/Lucas-Paqueta-durante-treinamento-no-Ninho-do-Urubu.webp","datePublished":"2020-01-09T19:13:08+00:00","author":{"@id":"https:\/\/www.gaveanews.com\/#\/schema\/person\/2ec14f73fb96be2caf28f91afb14749d"},"breadcrumb":{"@id":"https:\/\/www.gaveanews.com\/index.php\/2020\/01\/09\/dinheiro-a-vista-milan-ira-pagar-ultima-parcela-de-lucas-paqueta-na-proxima-semana-veja-valores\/#breadcrumb"},"inLanguage":"pt-BR","potentialAction":[{"@type":"ReadAction","target":["https:\/\/www.gaveanews.com\/index.php\/2020\/01\/09\/dinheiro-a-vista-milan-ira-pagar-ultima-parcela-de-lucas-paqueta-na-proxima-semana-veja-valores\/"]}]},{"@type":"ImageObject","inLanguage":"pt-BR","@id":"https:\/\/www.gaveanews.com\/index.php\/2020\/01\/09\/dinheiro-a-vista-milan-ira-pagar-ultima-parcela-de-lucas-paqueta-na-proxima-semana-veja-valores\/#primaryimage","url":"https:\/\/www.gaveanews.com\/wp-content\/uploads\/2019\/03\/Lucas-Paqueta-durante-treinamento-no-Ninho-do-Urubu.webp","contentUrl":"https:\/\/www.gaveanews.com\/wp-content\/uploads\/2019\/03\/Lucas-Paqueta-durante-treinamento-no-Ninho-do-Urubu.webp","width":880,"height":586,"caption":"Lucas Paquet\u00e1 durante treinamento no Ninho do Urubu (Foto: Gilvan de Souza\/Flamengo)"},{"@type":"BreadcrumbList","@id":"https:\/\/www.gaveanews.com\/index.php\/2020\/01\/09\/dinheiro-a-vista-milan-ira-pagar-ultima-parcela-de-lucas-paqueta-na-proxima-semana-veja-valores\/#breadcrumb","itemListElement":[{"@type":"ListItem","position":1,"name":"Home","item":"https:\/\/www.gaveanews.com\/"},{"@type":"ListItem","position":2,"name":"Dinheiro \u00e0 vista! Milan ir\u00e1 pagar \u00faltima parcela de Lucas Paquet\u00e1 na pr\u00f3xima semana; veja valores"}]},{"@type":"WebSite","@id":"https:\/\/www.gaveanews.com\/#website","url":"https:\/\/www.gaveanews.com\/","name":"G\u00e1vea News","description":"Veja todas as not\u00edcias sobre o Flamengo: Contrata\u00e7\u00f5es, categorias de base, resultados das partidas, tabela de classifica\u00e7\u00e3o, pr\u00f3ximos jogos!","potentialAction":[{"@type":"SearchAction","target":{"@type":"EntryPoint","urlTemplate":"https:\/\/www.gaveanews.com\/?s={search_term_string}"},"query-input":{"@type":"PropertyValueSpecification","valueRequired":true,"valueName":"search_term_string"}}],"inLanguage":"pt-BR"},{"@type":"Person","@id":"https:\/\/www.gaveanews.com\/#\/schema\/person\/2ec14f73fb96be2caf28f91afb14749d","name":"Equipe G\u00e1vea News","image":{"@type":"ImageObject","inLanguage":"pt-BR","@id":"https:\/\/www.gaveanews.com\/#\/schema\/person\/image\/","url":"https:\/\/secure.gravatar.com\/avatar\/1e1956f1facbffd3f8fa53a326721950116b3b9dc9bd44939c01180fd4a745a9?s=96&d=mm&r=g","contentUrl":"https:\/\/secure.gravatar.com\/avatar\/1e1956f1facbffd3f8fa53a326721950116b3b9dc9bd44939c01180fd4a745a9?s=96&d=mm&r=g","caption":"Equipe G\u00e1vea News"}}]}},"_links":{"self":[{"href":"https:\/\/www.gaveanews.com\/index.php\/wp-json\/wp\/v2\/posts\/35227","targetHints":{"allow":["GET"]}}],"collection":[{"href":"https:\/\/www.gaveanews.com\/index.php\/wp-json\/wp\/v2\/posts"}],"about":[{"href":"https:\/\/www.gaveanews.com\/index.php\/wp-json\/wp\/v2\/types\/post"}],"author":[{"embeddable":true,"href":"https:\/\/www.gaveanews.com\/index.php\/wp-json\/wp\/v2\/users\/1"}],"replies":[{"embeddable":true,"href":"https:\/\/www.gaveanews.com\/index.php\/wp-json\/wp\/v2\/comments?post=35227"}],"version-history":[{"count":0,"href":"https:\/\/www.gaveanews.com\/index.php\/wp-json\/wp\/v2\/posts\/35227\/revisions"}],"wp:featuredmedia":[{"embeddable":true,"href":"https:\/\/www.gaveanews.com\/index.php\/wp-json\/wp\/v2\/media\/15155"}],"wp:attachment":[{"href":"https:\/\/www.gaveanews.com\/index.php\/wp-json\/wp\/v2\/media?parent=35227"}],"wp:term":[{"taxonomy":"category","embeddable":true,"href":"https:\/\/www.gaveanews.com\/index.php\/wp-json\/wp\/v2\/categories?post=35227"},{"taxonomy":"post_tag","embeddable":true,"href":"https:\/\/www.gaveanews.com\/index.php\/wp-json\/wp\/v2\/tags?post=35227"}],"curies":[{"name":"wp","href":"https:\/\/api.w.org\/{rel}","templated":true}]}}