{"id":35269,"date":"2020-01-10T13:07:40","date_gmt":"2020-01-10T16:07:40","guid":{"rendered":"http:\/\/www.gaveanews.com\/?p=35269"},"modified":"2020-01-10T13:08:59","modified_gmt":"2020-01-10T16:08:59","slug":"flamengo-acerta-pendencias-e-fica-proximo-de-anunciar-seu-quarto-reforco","status":"publish","type":"post","link":"https:\/\/www.gaveanews.com\/index.php\/2020\/01\/10\/flamengo-acerta-pendencias-e-fica-proximo-de-anunciar-seu-quarto-reforco\/","title":{"rendered":"Flamengo acerta a contrata\u00e7\u00e3o de seu quarto refor\u00e7o"},"content":{"rendered":"\n<p>Michael vai vestir rubro-negro em 2020. O Flamengo, Goi\u00e1s e o empres\u00e1rio resolveram as \u00faltimas pend\u00eancias nesta sexta-feira parra contrata\u00e7\u00e3o do jogador, de 23 anos, eleito a revela\u00e7\u00e3o do \u00faltimo Campeonato Brasileiro. Agora, s\u00f3 falta as partes oficializarem.<\/p>\n\n\n\n<p>Michael foi um dos destaques do \u00faltimo Campeonato Brasileiro pelo Goi\u00e1s, com nove gols em 35 jogos &#8211; acabou eleito a revela\u00e7\u00e3o do torneio. Ele tamb\u00e9m despertou o interesse do Corinthians, que chegou a fazer proposta, mas n\u00e3o alcan\u00e7ou os valores desejados pelos goianos.<\/p>\n\n\n\n<p>Esta ser\u00e1 a quarta contrata\u00e7\u00e3o do Flamengo para a temporada de 2020. O clube j\u00e1 anunciou os atacante Pedro Rocha e Thiago, al\u00e9m do zagueiro Gustavo Henrique.<\/p>\n\n\n\n<p>Retirado de: Globo Esporte<\/p>\n","protected":false},"excerpt":{"rendered":"<p>Michael vai vestir rubro-negro em 2020. O Flamengo, Goi\u00e1s e o empres\u00e1rio resolveram as \u00faltimas pend\u00eancias nesta sexta-feira parra contrata\u00e7\u00e3o do jogador, de 23 anos, eleito a revela\u00e7\u00e3o do \u00faltimo Campeonato Brasileiro. Agora, s\u00f3 falta as partes oficializarem. Michael foi um dos destaques do \u00faltimo Campeonato Brasileiro pelo Goi\u00e1s, com nove gols em 35 jogos [&hellip;]<\/p>\n","protected":false},"author":1,"featured_media":34231,"comment_status":"open","ping_status":"closed","sticky":false,"template":"","format":"standard","meta":{"footnotes":""},"categories":[1],"tags":[],"class_list":["post-35269","post","type-post","status-publish","format-standard","has-post-thumbnail","hentry","category-flamengo"],"yoast_head":"<!-- This site is optimized with the Yoast SEO Premium plugin v24.2 (Yoast SEO v26.9) - https:\/\/yoast.com\/product\/yoast-seo-premium-wordpress\/ -->\n<title>Flamengo acerta a contrata\u00e7\u00e3o de seu quarto refor\u00e7o<\/title>\n<meta name=\"robots\" content=\"index, follow, max-snippet:-1, max-image-preview:large, max-video-preview:-1\" \/>\n<link rel=\"canonical\" href=\"https:\/\/www.gaveanews.com\/index.php\/2020\/01\/10\/flamengo-acerta-pendencias-e-fica-proximo-de-anunciar-seu-quarto-reforco\/\" \/>\n<meta property=\"og:locale\" content=\"pt_BR\" \/>\n<meta property=\"og:type\" content=\"article\" \/>\n<meta property=\"og:title\" content=\"Flamengo acerta a contrata\u00e7\u00e3o de seu quarto refor\u00e7o\" \/>\n<meta property=\"og:description\" content=\"Michael vai vestir rubro-negro em 2020. O Flamengo, Goi\u00e1s e o empres\u00e1rio resolveram as \u00faltimas pend\u00eancias nesta sexta-feira parra contrata\u00e7\u00e3o do jogador, de 23 anos, eleito a revela\u00e7\u00e3o do \u00faltimo Campeonato Brasileiro. Agora, s\u00f3 falta as partes oficializarem. Michael foi um dos destaques do \u00faltimo Campeonato Brasileiro pelo Goi\u00e1s, com nove gols em 35 jogos [&hellip;]\" \/>\n<meta property=\"og:url\" content=\"https:\/\/www.gaveanews.com\/index.php\/2020\/01\/10\/flamengo-acerta-pendencias-e-fica-proximo-de-anunciar-seu-quarto-reforco\/\" \/>\n<meta property=\"og:site_name\" content=\"G\u00e1vea News\" \/>\n<meta property=\"article:publisher\" content=\"https:\/\/facebook.com\/gaveaNews\/\" \/>\n<meta property=\"article:published_time\" content=\"2020-01-10T16:07:40+00:00\" \/>\n<meta property=\"article:modified_time\" content=\"2020-01-10T16:08:59+00:00\" \/>\n<meta property=\"og:image\" content=\"https:\/\/www.gaveanews.com\/wp-content\/uploads\/michael.webp\" \/>\n\t<meta property=\"og:image:width\" content=\"2047\" \/>\n\t<meta property=\"og:image:height\" content=\"1247\" \/>\n\t<meta property=\"og:image:type\" content=\"image\/jpeg\" \/>\n<meta name=\"author\" content=\"Equipe G\u00e1vea News\" \/>\n<meta name=\"twitter:card\" content=\"summary_large_image\" \/>\n<meta name=\"twitter:label1\" content=\"Escrito por\" \/>\n\t<meta name=\"twitter:data1\" content=\"Equipe G\u00e1vea News\" \/>\n\t<meta name=\"twitter:label2\" content=\"Est. tempo de leitura\" \/>\n\t<meta name=\"twitter:data2\" content=\"1 minuto\" \/>\n<script type=\"application\/ld+json\" class=\"yoast-schema-graph\">{\"@context\":\"https:\/\/schema.org\",\"@graph\":[{\"@type\":\"NewsArticle\",\"@id\":\"https:\/\/www.gaveanews.com\/index.php\/2020\/01\/10\/flamengo-acerta-pendencias-e-fica-proximo-de-anunciar-seu-quarto-reforco\/#article\",\"isPartOf\":{\"@id\":\"https:\/\/www.gaveanews.com\/index.php\/2020\/01\/10\/flamengo-acerta-pendencias-e-fica-proximo-de-anunciar-seu-quarto-reforco\/\"},\"author\":{\"name\":\"Equipe G\u00e1vea News\",\"@id\":\"https:\/\/www.gaveanews.com\/#\/schema\/person\/2ec14f73fb96be2caf28f91afb14749d\"},\"headline\":\"Flamengo acerta a contrata\u00e7\u00e3o de seu quarto refor\u00e7o\",\"datePublished\":\"2020-01-10T16:07:40+00:00\",\"dateModified\":\"2020-01-10T16:08:59+00:00\",\"mainEntityOfPage\":{\"@id\":\"https:\/\/www.gaveanews.com\/index.php\/2020\/01\/10\/flamengo-acerta-pendencias-e-fica-proximo-de-anunciar-seu-quarto-reforco\/\"},\"wordCount\":131,\"commentCount\":57,\"image\":{\"@id\":\"https:\/\/www.gaveanews.com\/index.php\/2020\/01\/10\/flamengo-acerta-pendencias-e-fica-proximo-de-anunciar-seu-quarto-reforco\/#primaryimage\"},\"thumbnailUrl\":\"https:\/\/www.gaveanews.com\/wp-content\/uploads\/michael.webp\",\"articleSection\":[\"Flamengo\"],\"inLanguage\":\"pt-BR\",\"potentialAction\":[{\"@type\":\"CommentAction\",\"name\":\"Comment\",\"target\":[\"https:\/\/www.gaveanews.com\/index.php\/2020\/01\/10\/flamengo-acerta-pendencias-e-fica-proximo-de-anunciar-seu-quarto-reforco\/#respond\"]}],\"copyrightYear\":\"2020\",\"copyrightHolder\":{\"@id\":\"https:\/\/www.gaveanews.com\/#organization\"}},{\"@type\":\"WebPage\",\"@id\":\"https:\/\/www.gaveanews.com\/index.php\/2020\/01\/10\/flamengo-acerta-pendencias-e-fica-proximo-de-anunciar-seu-quarto-reforco\/\",\"url\":\"https:\/\/www.gaveanews.com\/index.php\/2020\/01\/10\/flamengo-acerta-pendencias-e-fica-proximo-de-anunciar-seu-quarto-reforco\/\",\"name\":\"Flamengo acerta a contrata\u00e7\u00e3o de seu quarto refor\u00e7o\",\"isPartOf\":{\"@id\":\"https:\/\/www.gaveanews.com\/#website\"},\"primaryImageOfPage\":{\"@id\":\"https:\/\/www.gaveanews.com\/index.php\/2020\/01\/10\/flamengo-acerta-pendencias-e-fica-proximo-de-anunciar-seu-quarto-reforco\/#primaryimage\"},\"image\":{\"@id\":\"https:\/\/www.gaveanews.com\/index.php\/2020\/01\/10\/flamengo-acerta-pendencias-e-fica-proximo-de-anunciar-seu-quarto-reforco\/#primaryimage\"},\"thumbnailUrl\":\"https:\/\/www.gaveanews.com\/wp-content\/uploads\/michael.webp\",\"datePublished\":\"2020-01-10T16:07:40+00:00\",\"dateModified\":\"2020-01-10T16:08:59+00:00\",\"author\":{\"@id\":\"https:\/\/www.gaveanews.com\/#\/schema\/person\/2ec14f73fb96be2caf28f91afb14749d\"},\"breadcrumb\":{\"@id\":\"https:\/\/www.gaveanews.com\/index.php\/2020\/01\/10\/flamengo-acerta-pendencias-e-fica-proximo-de-anunciar-seu-quarto-reforco\/#breadcrumb\"},\"inLanguage\":\"pt-BR\",\"potentialAction\":[{\"@type\":\"ReadAction\",\"target\":[\"https:\/\/www.gaveanews.com\/index.php\/2020\/01\/10\/flamengo-acerta-pendencias-e-fica-proximo-de-anunciar-seu-quarto-reforco\/\"]}]},{\"@type\":\"ImageObject\",\"inLanguage\":\"pt-BR\",\"@id\":\"https:\/\/www.gaveanews.com\/index.php\/2020\/01\/10\/flamengo-acerta-pendencias-e-fica-proximo-de-anunciar-seu-quarto-reforco\/#primaryimage\",\"url\":\"https:\/\/www.gaveanews.com\/wp-content\/uploads\/michael.webp\",\"contentUrl\":\"https:\/\/www.gaveanews.com\/wp-content\/uploads\/michael.webp\",\"width\":2047,\"height\":1247},{\"@type\":\"BreadcrumbList\",\"@id\":\"https:\/\/www.gaveanews.com\/index.php\/2020\/01\/10\/flamengo-acerta-pendencias-e-fica-proximo-de-anunciar-seu-quarto-reforco\/#breadcrumb\",\"itemListElement\":[{\"@type\":\"ListItem\",\"position\":1,\"name\":\"Home\",\"item\":\"https:\/\/www.gaveanews.com\/\"},{\"@type\":\"ListItem\",\"position\":2,\"name\":\"Flamengo acerta a contrata\u00e7\u00e3o de seu quarto refor\u00e7o\"}]},{\"@type\":\"WebSite\",\"@id\":\"https:\/\/www.gaveanews.com\/#website\",\"url\":\"https:\/\/www.gaveanews.com\/\",\"name\":\"G\u00e1vea News\",\"description\":\"Veja todas as not\u00edcias sobre o Flamengo: Contrata\u00e7\u00f5es, categorias de base, resultados das partidas, tabela de classifica\u00e7\u00e3o, pr\u00f3ximos jogos!\",\"potentialAction\":[{\"@type\":\"SearchAction\",\"target\":{\"@type\":\"EntryPoint\",\"urlTemplate\":\"https:\/\/www.gaveanews.com\/?s={search_term_string}\"},\"query-input\":{\"@type\":\"PropertyValueSpecification\",\"valueRequired\":true,\"valueName\":\"search_term_string\"}}],\"inLanguage\":\"pt-BR\"},{\"@type\":\"Person\",\"@id\":\"https:\/\/www.gaveanews.com\/#\/schema\/person\/2ec14f73fb96be2caf28f91afb14749d\",\"name\":\"Equipe G\u00e1vea News\",\"image\":{\"@type\":\"ImageObject\",\"inLanguage\":\"pt-BR\",\"@id\":\"https:\/\/www.gaveanews.com\/#\/schema\/person\/image\/\",\"url\":\"https:\/\/secure.gravatar.com\/avatar\/1e1956f1facbffd3f8fa53a326721950116b3b9dc9bd44939c01180fd4a745a9?s=96&d=mm&r=g\",\"contentUrl\":\"https:\/\/secure.gravatar.com\/avatar\/1e1956f1facbffd3f8fa53a326721950116b3b9dc9bd44939c01180fd4a745a9?s=96&d=mm&r=g\",\"caption\":\"Equipe G\u00e1vea News\"}}]}<\/script>\n<!-- \/ Yoast SEO Premium plugin. -->","yoast_head_json":{"title":"Flamengo acerta a contrata\u00e7\u00e3o de seu quarto refor\u00e7o","robots":{"index":"index","follow":"follow","max-snippet":"max-snippet:-1","max-image-preview":"max-image-preview:large","max-video-preview":"max-video-preview:-1"},"canonical":"https:\/\/www.gaveanews.com\/index.php\/2020\/01\/10\/flamengo-acerta-pendencias-e-fica-proximo-de-anunciar-seu-quarto-reforco\/","og_locale":"pt_BR","og_type":"article","og_title":"Flamengo acerta a contrata\u00e7\u00e3o de seu quarto refor\u00e7o","og_description":"Michael vai vestir rubro-negro em 2020. O Flamengo, Goi\u00e1s e o empres\u00e1rio resolveram as \u00faltimas pend\u00eancias nesta sexta-feira parra contrata\u00e7\u00e3o do jogador, de 23 anos, eleito a revela\u00e7\u00e3o do \u00faltimo Campeonato Brasileiro. Agora, s\u00f3 falta as partes oficializarem. Michael foi um dos destaques do \u00faltimo Campeonato Brasileiro pelo Goi\u00e1s, com nove gols em 35 jogos [&hellip;]","og_url":"https:\/\/www.gaveanews.com\/index.php\/2020\/01\/10\/flamengo-acerta-pendencias-e-fica-proximo-de-anunciar-seu-quarto-reforco\/","og_site_name":"G\u00e1vea News","article_publisher":"https:\/\/facebook.com\/gaveaNews\/","article_published_time":"2020-01-10T16:07:40+00:00","article_modified_time":"2020-01-10T16:08:59+00:00","og_image":[{"width":2047,"height":1247,"url":"https:\/\/www.gaveanews.com\/wp-content\/uploads\/michael.webp","type":"image\/jpeg"}],"author":"Equipe G\u00e1vea News","twitter_card":"summary_large_image","twitter_misc":{"Escrito por":"Equipe G\u00e1vea News","Est. tempo de leitura":"1 minuto"},"schema":{"@context":"https:\/\/schema.org","@graph":[{"@type":"NewsArticle","@id":"https:\/\/www.gaveanews.com\/index.php\/2020\/01\/10\/flamengo-acerta-pendencias-e-fica-proximo-de-anunciar-seu-quarto-reforco\/#article","isPartOf":{"@id":"https:\/\/www.gaveanews.com\/index.php\/2020\/01\/10\/flamengo-acerta-pendencias-e-fica-proximo-de-anunciar-seu-quarto-reforco\/"},"author":{"name":"Equipe G\u00e1vea News","@id":"https:\/\/www.gaveanews.com\/#\/schema\/person\/2ec14f73fb96be2caf28f91afb14749d"},"headline":"Flamengo acerta a contrata\u00e7\u00e3o de seu quarto refor\u00e7o","datePublished":"2020-01-10T16:07:40+00:00","dateModified":"2020-01-10T16:08:59+00:00","mainEntityOfPage":{"@id":"https:\/\/www.gaveanews.com\/index.php\/2020\/01\/10\/flamengo-acerta-pendencias-e-fica-proximo-de-anunciar-seu-quarto-reforco\/"},"wordCount":131,"commentCount":57,"image":{"@id":"https:\/\/www.gaveanews.com\/index.php\/2020\/01\/10\/flamengo-acerta-pendencias-e-fica-proximo-de-anunciar-seu-quarto-reforco\/#primaryimage"},"thumbnailUrl":"https:\/\/www.gaveanews.com\/wp-content\/uploads\/michael.webp","articleSection":["Flamengo"],"inLanguage":"pt-BR","potentialAction":[{"@type":"CommentAction","name":"Comment","target":["https:\/\/www.gaveanews.com\/index.php\/2020\/01\/10\/flamengo-acerta-pendencias-e-fica-proximo-de-anunciar-seu-quarto-reforco\/#respond"]}],"copyrightYear":"2020","copyrightHolder":{"@id":"https:\/\/www.gaveanews.com\/#organization"}},{"@type":"WebPage","@id":"https:\/\/www.gaveanews.com\/index.php\/2020\/01\/10\/flamengo-acerta-pendencias-e-fica-proximo-de-anunciar-seu-quarto-reforco\/","url":"https:\/\/www.gaveanews.com\/index.php\/2020\/01\/10\/flamengo-acerta-pendencias-e-fica-proximo-de-anunciar-seu-quarto-reforco\/","name":"Flamengo acerta a contrata\u00e7\u00e3o de seu quarto refor\u00e7o","isPartOf":{"@id":"https:\/\/www.gaveanews.com\/#website"},"primaryImageOfPage":{"@id":"https:\/\/www.gaveanews.com\/index.php\/2020\/01\/10\/flamengo-acerta-pendencias-e-fica-proximo-de-anunciar-seu-quarto-reforco\/#primaryimage"},"image":{"@id":"https:\/\/www.gaveanews.com\/index.php\/2020\/01\/10\/flamengo-acerta-pendencias-e-fica-proximo-de-anunciar-seu-quarto-reforco\/#primaryimage"},"thumbnailUrl":"https:\/\/www.gaveanews.com\/wp-content\/uploads\/michael.webp","datePublished":"2020-01-10T16:07:40+00:00","dateModified":"2020-01-10T16:08:59+00:00","author":{"@id":"https:\/\/www.gaveanews.com\/#\/schema\/person\/2ec14f73fb96be2caf28f91afb14749d"},"breadcrumb":{"@id":"https:\/\/www.gaveanews.com\/index.php\/2020\/01\/10\/flamengo-acerta-pendencias-e-fica-proximo-de-anunciar-seu-quarto-reforco\/#breadcrumb"},"inLanguage":"pt-BR","potentialAction":[{"@type":"ReadAction","target":["https:\/\/www.gaveanews.com\/index.php\/2020\/01\/10\/flamengo-acerta-pendencias-e-fica-proximo-de-anunciar-seu-quarto-reforco\/"]}]},{"@type":"ImageObject","inLanguage":"pt-BR","@id":"https:\/\/www.gaveanews.com\/index.php\/2020\/01\/10\/flamengo-acerta-pendencias-e-fica-proximo-de-anunciar-seu-quarto-reforco\/#primaryimage","url":"https:\/\/www.gaveanews.com\/wp-content\/uploads\/michael.webp","contentUrl":"https:\/\/www.gaveanews.com\/wp-content\/uploads\/michael.webp","width":2047,"height":1247},{"@type":"BreadcrumbList","@id":"https:\/\/www.gaveanews.com\/index.php\/2020\/01\/10\/flamengo-acerta-pendencias-e-fica-proximo-de-anunciar-seu-quarto-reforco\/#breadcrumb","itemListElement":[{"@type":"ListItem","position":1,"name":"Home","item":"https:\/\/www.gaveanews.com\/"},{"@type":"ListItem","position":2,"name":"Flamengo acerta a contrata\u00e7\u00e3o de seu quarto refor\u00e7o"}]},{"@type":"WebSite","@id":"https:\/\/www.gaveanews.com\/#website","url":"https:\/\/www.gaveanews.com\/","name":"G\u00e1vea News","description":"Veja todas as not\u00edcias sobre o Flamengo: Contrata\u00e7\u00f5es, categorias de base, resultados das partidas, tabela de classifica\u00e7\u00e3o, pr\u00f3ximos jogos!","potentialAction":[{"@type":"SearchAction","target":{"@type":"EntryPoint","urlTemplate":"https:\/\/www.gaveanews.com\/?s={search_term_string}"},"query-input":{"@type":"PropertyValueSpecification","valueRequired":true,"valueName":"search_term_string"}}],"inLanguage":"pt-BR"},{"@type":"Person","@id":"https:\/\/www.gaveanews.com\/#\/schema\/person\/2ec14f73fb96be2caf28f91afb14749d","name":"Equipe G\u00e1vea News","image":{"@type":"ImageObject","inLanguage":"pt-BR","@id":"https:\/\/www.gaveanews.com\/#\/schema\/person\/image\/","url":"https:\/\/secure.gravatar.com\/avatar\/1e1956f1facbffd3f8fa53a326721950116b3b9dc9bd44939c01180fd4a745a9?s=96&d=mm&r=g","contentUrl":"https:\/\/secure.gravatar.com\/avatar\/1e1956f1facbffd3f8fa53a326721950116b3b9dc9bd44939c01180fd4a745a9?s=96&d=mm&r=g","caption":"Equipe G\u00e1vea News"}}]}},"_links":{"self":[{"href":"https:\/\/www.gaveanews.com\/index.php\/wp-json\/wp\/v2\/posts\/35269","targetHints":{"allow":["GET"]}}],"collection":[{"href":"https:\/\/www.gaveanews.com\/index.php\/wp-json\/wp\/v2\/posts"}],"about":[{"href":"https:\/\/www.gaveanews.com\/index.php\/wp-json\/wp\/v2\/types\/post"}],"author":[{"embeddable":true,"href":"https:\/\/www.gaveanews.com\/index.php\/wp-json\/wp\/v2\/users\/1"}],"replies":[{"embeddable":true,"href":"https:\/\/www.gaveanews.com\/index.php\/wp-json\/wp\/v2\/comments?post=35269"}],"version-history":[{"count":0,"href":"https:\/\/www.gaveanews.com\/index.php\/wp-json\/wp\/v2\/posts\/35269\/revisions"}],"wp:featuredmedia":[{"embeddable":true,"href":"https:\/\/www.gaveanews.com\/index.php\/wp-json\/wp\/v2\/media\/34231"}],"wp:attachment":[{"href":"https:\/\/www.gaveanews.com\/index.php\/wp-json\/wp\/v2\/media?parent=35269"}],"wp:term":[{"taxonomy":"category","embeddable":true,"href":"https:\/\/www.gaveanews.com\/index.php\/wp-json\/wp\/v2\/categories?post=35269"},{"taxonomy":"post_tag","embeddable":true,"href":"https:\/\/www.gaveanews.com\/index.php\/wp-json\/wp\/v2\/tags?post=35269"}],"curies":[{"name":"wp","href":"https:\/\/api.w.org\/{rel}","templated":true}]}}