{"id":35351,"date":"2020-01-12T20:35:57","date_gmt":"2020-01-12T23:35:57","guid":{"rendered":"http:\/\/www.gaveanews.com\/?p=35351"},"modified":"2024-04-06T23:05:26","modified_gmt":"2024-04-07T02:05:26","slug":"mauro-cezar-pereira-critica-postura-do-treinador-jorge-jesus-reacao-muito-estranha","status":"publish","type":"post","link":"https:\/\/www.gaveanews.com\/index.php\/2020\/01\/12\/mauro-cezar-pereira-critica-postura-do-treinador-jorge-jesus-reacao-muito-estranha\/","title":{"rendered":"Mauro Cezar Pereira critica postura do treinador Jorge Jesus: &#8216;Rea\u00e7\u00e3o muito estranha&#8217;"},"content":{"rendered":"\n<p>O comentarista da ESPN Mauro Cezar Pereira discordou da posi\u00e7\u00e3o de Jorge Jesus em rela\u00e7\u00e3o \u00e0 venda de Reinier. Em seu canal no youtube, o jornalista afirmou que o treinador errou ao comparar a realidade do Brasil com Portugal.<\/p>\n\n\n\n<p>&#8220;Achei muito estranha essa rea\u00e7\u00e3o do Jorge Jesus, pois na realidade essa \u00e9 a situa\u00e7\u00e3o do futebol brasileiro. Ele comparou com o Benfica, mas o time fica em Portugal, que fica na Europa. Jogador que atua no Benfica j\u00e1 est\u00e1 no mercado europeu e vale muito mais do que o que joga na Am\u00e9rica do Sul. Funciona dessa maneira. Achei a cr\u00edtica totalmente fora da realidade. O Cu\u00e9llar, por exemplo, foi vendido por cerca de oito milh\u00f5es de euros e ningu\u00e9m pagaria mais do que isso. Acho que as vendas foram boas dentro daquilo que se pode fazer&#8221;, declarou Mauro.<\/p>\n\n\n\n<p>Em entrevista recente, Jesus criticou os n\u00fameros da venda de Reinier. Segundo ele, um jogador desse n\u00edvel n\u00e3o pode ser vendido por &#8220;apenas&#8221; 30 milh\u00f5es de euros (cerca de R$ 136 milh\u00f5es).<\/p>\n\n\n\n<p>Retirado de: O Dia<\/p>\n","protected":false},"excerpt":{"rendered":"<p>O comentarista da ESPN Mauro Cezar Pereira discordou da posi\u00e7\u00e3o de Jorge Jesus em rela\u00e7\u00e3o \u00e0 venda de Reinier. Em seu canal no youtube, o jornalista afirmou que o treinador errou ao comparar a realidade do Brasil com Portugal. &#8220;Achei muito estranha essa rea\u00e7\u00e3o do Jorge Jesus, pois na realidade essa \u00e9 a situa\u00e7\u00e3o do [&hellip;]<\/p>\n","protected":false},"author":1,"featured_media":23323,"comment_status":"open","ping_status":"closed","sticky":false,"template":"","format":"standard","meta":{"footnotes":""},"categories":[47],"tags":[170],"class_list":["post-35351","post","type-post","status-publish","format-standard","has-post-thumbnail","hentry","category-destaques","tag-mauro-cezar-pereira"],"yoast_head":"<!-- This site is optimized with the Yoast SEO Premium plugin v24.2 (Yoast SEO v26.9) - https:\/\/yoast.com\/product\/yoast-seo-premium-wordpress\/ -->\n<title>Mauro Cezar Pereira critica postura do treinador Jorge Jesus: &#039;Rea\u00e7\u00e3o muito estranha&#039;<\/title>\n<meta name=\"robots\" content=\"index, follow, max-snippet:-1, max-image-preview:large, max-video-preview:-1\" \/>\n<link rel=\"canonical\" href=\"https:\/\/www.gaveanews.com\/index.php\/2020\/01\/12\/mauro-cezar-pereira-critica-postura-do-treinador-jorge-jesus-reacao-muito-estranha\/\" \/>\n<meta property=\"og:locale\" content=\"pt_BR\" \/>\n<meta property=\"og:type\" content=\"article\" \/>\n<meta property=\"og:title\" content=\"Mauro Cezar Pereira critica postura do treinador Jorge Jesus: &#039;Rea\u00e7\u00e3o muito estranha&#039;\" \/>\n<meta property=\"og:description\" content=\"O comentarista da ESPN Mauro Cezar Pereira discordou da posi\u00e7\u00e3o de Jorge Jesus em rela\u00e7\u00e3o \u00e0 venda de Reinier. Em seu canal no youtube, o jornalista afirmou que o treinador errou ao comparar a realidade do Brasil com Portugal. &#8220;Achei muito estranha essa rea\u00e7\u00e3o do Jorge Jesus, pois na realidade essa \u00e9 a situa\u00e7\u00e3o do [&hellip;]\" \/>\n<meta property=\"og:url\" content=\"https:\/\/www.gaveanews.com\/index.php\/2020\/01\/12\/mauro-cezar-pereira-critica-postura-do-treinador-jorge-jesus-reacao-muito-estranha\/\" \/>\n<meta property=\"og:site_name\" content=\"G\u00e1vea News\" \/>\n<meta property=\"article:publisher\" content=\"https:\/\/facebook.com\/gaveaNews\/\" \/>\n<meta property=\"article:published_time\" content=\"2020-01-12T23:35:57+00:00\" \/>\n<meta property=\"article:modified_time\" content=\"2024-04-07T02:05:26+00:00\" \/>\n<meta property=\"og:image\" content=\"https:\/\/www.gaveanews.com\/wp-content\/uploads\/2019\/07\/Jorge-Jesus-durante-uma-partida-do-Flamengo-no-Maracana.webp\" \/>\n\t<meta property=\"og:image:width\" content=\"1\" \/>\n\t<meta property=\"og:image:height\" content=\"1\" \/>\n\t<meta property=\"og:image:type\" content=\"image\/jpeg\" \/>\n<meta name=\"author\" content=\"Equipe G\u00e1vea News\" \/>\n<meta name=\"twitter:card\" content=\"summary_large_image\" \/>\n<meta name=\"twitter:label1\" content=\"Escrito por\" \/>\n\t<meta name=\"twitter:data1\" content=\"Equipe G\u00e1vea News\" \/>\n\t<meta name=\"twitter:label2\" content=\"Est. tempo de leitura\" \/>\n\t<meta name=\"twitter:data2\" content=\"1 minuto\" \/>\n<script type=\"application\/ld+json\" class=\"yoast-schema-graph\">{\"@context\":\"https:\/\/schema.org\",\"@graph\":[{\"@type\":\"NewsArticle\",\"@id\":\"https:\/\/www.gaveanews.com\/index.php\/2020\/01\/12\/mauro-cezar-pereira-critica-postura-do-treinador-jorge-jesus-reacao-muito-estranha\/#article\",\"isPartOf\":{\"@id\":\"https:\/\/www.gaveanews.com\/index.php\/2020\/01\/12\/mauro-cezar-pereira-critica-postura-do-treinador-jorge-jesus-reacao-muito-estranha\/\"},\"author\":{\"name\":\"Equipe G\u00e1vea News\",\"@id\":\"https:\/\/www.gaveanews.com\/#\/schema\/person\/2ec14f73fb96be2caf28f91afb14749d\"},\"headline\":\"Mauro Cezar Pereira critica postura do treinador Jorge Jesus: &#8216;Rea\u00e7\u00e3o muito estranha&#8217;\",\"datePublished\":\"2020-01-12T23:35:57+00:00\",\"dateModified\":\"2024-04-07T02:05:26+00:00\",\"mainEntityOfPage\":{\"@id\":\"https:\/\/www.gaveanews.com\/index.php\/2020\/01\/12\/mauro-cezar-pereira-critica-postura-do-treinador-jorge-jesus-reacao-muito-estranha\/\"},\"wordCount\":198,\"commentCount\":36,\"image\":{\"@id\":\"https:\/\/www.gaveanews.com\/index.php\/2020\/01\/12\/mauro-cezar-pereira-critica-postura-do-treinador-jorge-jesus-reacao-muito-estranha\/#primaryimage\"},\"thumbnailUrl\":\"https:\/\/www.gaveanews.com\/wp-content\/uploads\/2019\/07\/Jorge-Jesus-durante-uma-partida-do-Flamengo-no-Maracana.webp\",\"keywords\":[\"Mauro Cezar Pereira\"],\"articleSection\":[\"Destaques\"],\"inLanguage\":\"pt-BR\",\"potentialAction\":[{\"@type\":\"CommentAction\",\"name\":\"Comment\",\"target\":[\"https:\/\/www.gaveanews.com\/index.php\/2020\/01\/12\/mauro-cezar-pereira-critica-postura-do-treinador-jorge-jesus-reacao-muito-estranha\/#respond\"]}],\"copyrightYear\":\"2020\",\"copyrightHolder\":{\"@id\":\"https:\/\/www.gaveanews.com\/#organization\"}},{\"@type\":\"WebPage\",\"@id\":\"https:\/\/www.gaveanews.com\/index.php\/2020\/01\/12\/mauro-cezar-pereira-critica-postura-do-treinador-jorge-jesus-reacao-muito-estranha\/\",\"url\":\"https:\/\/www.gaveanews.com\/index.php\/2020\/01\/12\/mauro-cezar-pereira-critica-postura-do-treinador-jorge-jesus-reacao-muito-estranha\/\",\"name\":\"Mauro Cezar Pereira critica postura do treinador Jorge Jesus: 'Rea\u00e7\u00e3o muito estranha'\",\"isPartOf\":{\"@id\":\"https:\/\/www.gaveanews.com\/#website\"},\"primaryImageOfPage\":{\"@id\":\"https:\/\/www.gaveanews.com\/index.php\/2020\/01\/12\/mauro-cezar-pereira-critica-postura-do-treinador-jorge-jesus-reacao-muito-estranha\/#primaryimage\"},\"image\":{\"@id\":\"https:\/\/www.gaveanews.com\/index.php\/2020\/01\/12\/mauro-cezar-pereira-critica-postura-do-treinador-jorge-jesus-reacao-muito-estranha\/#primaryimage\"},\"thumbnailUrl\":\"https:\/\/www.gaveanews.com\/wp-content\/uploads\/2019\/07\/Jorge-Jesus-durante-uma-partida-do-Flamengo-no-Maracana.webp\",\"datePublished\":\"2020-01-12T23:35:57+00:00\",\"dateModified\":\"2024-04-07T02:05:26+00:00\",\"author\":{\"@id\":\"https:\/\/www.gaveanews.com\/#\/schema\/person\/2ec14f73fb96be2caf28f91afb14749d\"},\"breadcrumb\":{\"@id\":\"https:\/\/www.gaveanews.com\/index.php\/2020\/01\/12\/mauro-cezar-pereira-critica-postura-do-treinador-jorge-jesus-reacao-muito-estranha\/#breadcrumb\"},\"inLanguage\":\"pt-BR\",\"potentialAction\":[{\"@type\":\"ReadAction\",\"target\":[\"https:\/\/www.gaveanews.com\/index.php\/2020\/01\/12\/mauro-cezar-pereira-critica-postura-do-treinador-jorge-jesus-reacao-muito-estranha\/\"]}]},{\"@type\":\"ImageObject\",\"inLanguage\":\"pt-BR\",\"@id\":\"https:\/\/www.gaveanews.com\/index.php\/2020\/01\/12\/mauro-cezar-pereira-critica-postura-do-treinador-jorge-jesus-reacao-muito-estranha\/#primaryimage\",\"url\":\"https:\/\/www.gaveanews.com\/wp-content\/uploads\/2019\/07\/Jorge-Jesus-durante-uma-partida-do-Flamengo-no-Maracana.webp\",\"contentUrl\":\"https:\/\/www.gaveanews.com\/wp-content\/uploads\/2019\/07\/Jorge-Jesus-durante-uma-partida-do-Flamengo-no-Maracana.webp\",\"width\":901,\"height\":600,\"caption\":\"Jorge Jesus durante uma partida do Flamengo no Maracan\u00e3 (Foto: Alexandre Vidal\/Flamengo)\"},{\"@type\":\"BreadcrumbList\",\"@id\":\"https:\/\/www.gaveanews.com\/index.php\/2020\/01\/12\/mauro-cezar-pereira-critica-postura-do-treinador-jorge-jesus-reacao-muito-estranha\/#breadcrumb\",\"itemListElement\":[{\"@type\":\"ListItem\",\"position\":1,\"name\":\"Home\",\"item\":\"https:\/\/www.gaveanews.com\/\"},{\"@type\":\"ListItem\",\"position\":2,\"name\":\"Mauro Cezar Pereira critica postura do treinador Jorge Jesus: &#8216;Rea\u00e7\u00e3o muito estranha&#8217;\"}]},{\"@type\":\"WebSite\",\"@id\":\"https:\/\/www.gaveanews.com\/#website\",\"url\":\"https:\/\/www.gaveanews.com\/\",\"name\":\"G\u00e1vea News\",\"description\":\"Veja todas as not\u00edcias sobre o Flamengo: Contrata\u00e7\u00f5es, categorias de base, resultados das partidas, tabela de classifica\u00e7\u00e3o, pr\u00f3ximos jogos!\",\"potentialAction\":[{\"@type\":\"SearchAction\",\"target\":{\"@type\":\"EntryPoint\",\"urlTemplate\":\"https:\/\/www.gaveanews.com\/?s={search_term_string}\"},\"query-input\":{\"@type\":\"PropertyValueSpecification\",\"valueRequired\":true,\"valueName\":\"search_term_string\"}}],\"inLanguage\":\"pt-BR\"},{\"@type\":\"Person\",\"@id\":\"https:\/\/www.gaveanews.com\/#\/schema\/person\/2ec14f73fb96be2caf28f91afb14749d\",\"name\":\"Equipe G\u00e1vea News\",\"image\":{\"@type\":\"ImageObject\",\"inLanguage\":\"pt-BR\",\"@id\":\"https:\/\/www.gaveanews.com\/#\/schema\/person\/image\/\",\"url\":\"https:\/\/secure.gravatar.com\/avatar\/1e1956f1facbffd3f8fa53a326721950116b3b9dc9bd44939c01180fd4a745a9?s=96&d=mm&r=g\",\"contentUrl\":\"https:\/\/secure.gravatar.com\/avatar\/1e1956f1facbffd3f8fa53a326721950116b3b9dc9bd44939c01180fd4a745a9?s=96&d=mm&r=g\",\"caption\":\"Equipe G\u00e1vea News\"}}]}<\/script>\n<!-- \/ Yoast SEO Premium plugin. -->","yoast_head_json":{"title":"Mauro Cezar Pereira critica postura do treinador Jorge Jesus: 'Rea\u00e7\u00e3o muito estranha'","robots":{"index":"index","follow":"follow","max-snippet":"max-snippet:-1","max-image-preview":"max-image-preview:large","max-video-preview":"max-video-preview:-1"},"canonical":"https:\/\/www.gaveanews.com\/index.php\/2020\/01\/12\/mauro-cezar-pereira-critica-postura-do-treinador-jorge-jesus-reacao-muito-estranha\/","og_locale":"pt_BR","og_type":"article","og_title":"Mauro Cezar Pereira critica postura do treinador Jorge Jesus: 'Rea\u00e7\u00e3o muito estranha'","og_description":"O comentarista da ESPN Mauro Cezar Pereira discordou da posi\u00e7\u00e3o de Jorge Jesus em rela\u00e7\u00e3o \u00e0 venda de Reinier. Em seu canal no youtube, o jornalista afirmou que o treinador errou ao comparar a realidade do Brasil com Portugal. &#8220;Achei muito estranha essa rea\u00e7\u00e3o do Jorge Jesus, pois na realidade essa \u00e9 a situa\u00e7\u00e3o do [&hellip;]","og_url":"https:\/\/www.gaveanews.com\/index.php\/2020\/01\/12\/mauro-cezar-pereira-critica-postura-do-treinador-jorge-jesus-reacao-muito-estranha\/","og_site_name":"G\u00e1vea News","article_publisher":"https:\/\/facebook.com\/gaveaNews\/","article_published_time":"2020-01-12T23:35:57+00:00","article_modified_time":"2024-04-07T02:05:26+00:00","og_image":[{"url":"https:\/\/www.gaveanews.com\/wp-content\/uploads\/2019\/07\/Jorge-Jesus-durante-uma-partida-do-Flamengo-no-Maracana.webp","width":1,"height":1,"type":"image\/jpeg"}],"author":"Equipe G\u00e1vea News","twitter_card":"summary_large_image","twitter_misc":{"Escrito por":"Equipe G\u00e1vea News","Est. tempo de leitura":"1 minuto"},"schema":{"@context":"https:\/\/schema.org","@graph":[{"@type":"NewsArticle","@id":"https:\/\/www.gaveanews.com\/index.php\/2020\/01\/12\/mauro-cezar-pereira-critica-postura-do-treinador-jorge-jesus-reacao-muito-estranha\/#article","isPartOf":{"@id":"https:\/\/www.gaveanews.com\/index.php\/2020\/01\/12\/mauro-cezar-pereira-critica-postura-do-treinador-jorge-jesus-reacao-muito-estranha\/"},"author":{"name":"Equipe G\u00e1vea News","@id":"https:\/\/www.gaveanews.com\/#\/schema\/person\/2ec14f73fb96be2caf28f91afb14749d"},"headline":"Mauro Cezar Pereira critica postura do treinador Jorge Jesus: &#8216;Rea\u00e7\u00e3o muito estranha&#8217;","datePublished":"2020-01-12T23:35:57+00:00","dateModified":"2024-04-07T02:05:26+00:00","mainEntityOfPage":{"@id":"https:\/\/www.gaveanews.com\/index.php\/2020\/01\/12\/mauro-cezar-pereira-critica-postura-do-treinador-jorge-jesus-reacao-muito-estranha\/"},"wordCount":198,"commentCount":36,"image":{"@id":"https:\/\/www.gaveanews.com\/index.php\/2020\/01\/12\/mauro-cezar-pereira-critica-postura-do-treinador-jorge-jesus-reacao-muito-estranha\/#primaryimage"},"thumbnailUrl":"https:\/\/www.gaveanews.com\/wp-content\/uploads\/2019\/07\/Jorge-Jesus-durante-uma-partida-do-Flamengo-no-Maracana.webp","keywords":["Mauro Cezar Pereira"],"articleSection":["Destaques"],"inLanguage":"pt-BR","potentialAction":[{"@type":"CommentAction","name":"Comment","target":["https:\/\/www.gaveanews.com\/index.php\/2020\/01\/12\/mauro-cezar-pereira-critica-postura-do-treinador-jorge-jesus-reacao-muito-estranha\/#respond"]}],"copyrightYear":"2020","copyrightHolder":{"@id":"https:\/\/www.gaveanews.com\/#organization"}},{"@type":"WebPage","@id":"https:\/\/www.gaveanews.com\/index.php\/2020\/01\/12\/mauro-cezar-pereira-critica-postura-do-treinador-jorge-jesus-reacao-muito-estranha\/","url":"https:\/\/www.gaveanews.com\/index.php\/2020\/01\/12\/mauro-cezar-pereira-critica-postura-do-treinador-jorge-jesus-reacao-muito-estranha\/","name":"Mauro Cezar Pereira critica postura do treinador Jorge Jesus: 'Rea\u00e7\u00e3o muito estranha'","isPartOf":{"@id":"https:\/\/www.gaveanews.com\/#website"},"primaryImageOfPage":{"@id":"https:\/\/www.gaveanews.com\/index.php\/2020\/01\/12\/mauro-cezar-pereira-critica-postura-do-treinador-jorge-jesus-reacao-muito-estranha\/#primaryimage"},"image":{"@id":"https:\/\/www.gaveanews.com\/index.php\/2020\/01\/12\/mauro-cezar-pereira-critica-postura-do-treinador-jorge-jesus-reacao-muito-estranha\/#primaryimage"},"thumbnailUrl":"https:\/\/www.gaveanews.com\/wp-content\/uploads\/2019\/07\/Jorge-Jesus-durante-uma-partida-do-Flamengo-no-Maracana.webp","datePublished":"2020-01-12T23:35:57+00:00","dateModified":"2024-04-07T02:05:26+00:00","author":{"@id":"https:\/\/www.gaveanews.com\/#\/schema\/person\/2ec14f73fb96be2caf28f91afb14749d"},"breadcrumb":{"@id":"https:\/\/www.gaveanews.com\/index.php\/2020\/01\/12\/mauro-cezar-pereira-critica-postura-do-treinador-jorge-jesus-reacao-muito-estranha\/#breadcrumb"},"inLanguage":"pt-BR","potentialAction":[{"@type":"ReadAction","target":["https:\/\/www.gaveanews.com\/index.php\/2020\/01\/12\/mauro-cezar-pereira-critica-postura-do-treinador-jorge-jesus-reacao-muito-estranha\/"]}]},{"@type":"ImageObject","inLanguage":"pt-BR","@id":"https:\/\/www.gaveanews.com\/index.php\/2020\/01\/12\/mauro-cezar-pereira-critica-postura-do-treinador-jorge-jesus-reacao-muito-estranha\/#primaryimage","url":"https:\/\/www.gaveanews.com\/wp-content\/uploads\/2019\/07\/Jorge-Jesus-durante-uma-partida-do-Flamengo-no-Maracana.webp","contentUrl":"https:\/\/www.gaveanews.com\/wp-content\/uploads\/2019\/07\/Jorge-Jesus-durante-uma-partida-do-Flamengo-no-Maracana.webp","width":901,"height":600,"caption":"Jorge Jesus durante uma partida do Flamengo no Maracan\u00e3 (Foto: Alexandre Vidal\/Flamengo)"},{"@type":"BreadcrumbList","@id":"https:\/\/www.gaveanews.com\/index.php\/2020\/01\/12\/mauro-cezar-pereira-critica-postura-do-treinador-jorge-jesus-reacao-muito-estranha\/#breadcrumb","itemListElement":[{"@type":"ListItem","position":1,"name":"Home","item":"https:\/\/www.gaveanews.com\/"},{"@type":"ListItem","position":2,"name":"Mauro Cezar Pereira critica postura do treinador Jorge Jesus: &#8216;Rea\u00e7\u00e3o muito estranha&#8217;"}]},{"@type":"WebSite","@id":"https:\/\/www.gaveanews.com\/#website","url":"https:\/\/www.gaveanews.com\/","name":"G\u00e1vea News","description":"Veja todas as not\u00edcias sobre o Flamengo: Contrata\u00e7\u00f5es, categorias de base, resultados das partidas, tabela de classifica\u00e7\u00e3o, pr\u00f3ximos jogos!","potentialAction":[{"@type":"SearchAction","target":{"@type":"EntryPoint","urlTemplate":"https:\/\/www.gaveanews.com\/?s={search_term_string}"},"query-input":{"@type":"PropertyValueSpecification","valueRequired":true,"valueName":"search_term_string"}}],"inLanguage":"pt-BR"},{"@type":"Person","@id":"https:\/\/www.gaveanews.com\/#\/schema\/person\/2ec14f73fb96be2caf28f91afb14749d","name":"Equipe G\u00e1vea News","image":{"@type":"ImageObject","inLanguage":"pt-BR","@id":"https:\/\/www.gaveanews.com\/#\/schema\/person\/image\/","url":"https:\/\/secure.gravatar.com\/avatar\/1e1956f1facbffd3f8fa53a326721950116b3b9dc9bd44939c01180fd4a745a9?s=96&d=mm&r=g","contentUrl":"https:\/\/secure.gravatar.com\/avatar\/1e1956f1facbffd3f8fa53a326721950116b3b9dc9bd44939c01180fd4a745a9?s=96&d=mm&r=g","caption":"Equipe G\u00e1vea News"}}]}},"_links":{"self":[{"href":"https:\/\/www.gaveanews.com\/index.php\/wp-json\/wp\/v2\/posts\/35351","targetHints":{"allow":["GET"]}}],"collection":[{"href":"https:\/\/www.gaveanews.com\/index.php\/wp-json\/wp\/v2\/posts"}],"about":[{"href":"https:\/\/www.gaveanews.com\/index.php\/wp-json\/wp\/v2\/types\/post"}],"author":[{"embeddable":true,"href":"https:\/\/www.gaveanews.com\/index.php\/wp-json\/wp\/v2\/users\/1"}],"replies":[{"embeddable":true,"href":"https:\/\/www.gaveanews.com\/index.php\/wp-json\/wp\/v2\/comments?post=35351"}],"version-history":[{"count":1,"href":"https:\/\/www.gaveanews.com\/index.php\/wp-json\/wp\/v2\/posts\/35351\/revisions"}],"predecessor-version":[{"id":134614,"href":"https:\/\/www.gaveanews.com\/index.php\/wp-json\/wp\/v2\/posts\/35351\/revisions\/134614"}],"wp:featuredmedia":[{"embeddable":true,"href":"https:\/\/www.gaveanews.com\/index.php\/wp-json\/wp\/v2\/media\/23323"}],"wp:attachment":[{"href":"https:\/\/www.gaveanews.com\/index.php\/wp-json\/wp\/v2\/media?parent=35351"}],"wp:term":[{"taxonomy":"category","embeddable":true,"href":"https:\/\/www.gaveanews.com\/index.php\/wp-json\/wp\/v2\/categories?post=35351"},{"taxonomy":"post_tag","embeddable":true,"href":"https:\/\/www.gaveanews.com\/index.php\/wp-json\/wp\/v2\/tags?post=35351"}],"curies":[{"name":"wp","href":"https:\/\/api.w.org\/{rel}","templated":true}]}}