{"id":35698,"date":"2020-01-20T22:23:31","date_gmt":"2020-01-21T01:23:31","guid":{"rendered":"http:\/\/www.gaveanews.com\/?p=35698"},"modified":"2020-01-20T23:08:51","modified_gmt":"2020-01-21T02:08:51","slug":"onde-entra-reinier-confira-as-20-maiores-vendas-do-futebol-brasileiro-de-todos-os-temposs","status":"publish","type":"post","link":"https:\/\/www.gaveanews.com\/index.php\/2020\/01\/20\/onde-entra-reinier-confira-as-20-maiores-vendas-do-futebol-brasileiro-de-todos-os-temposs\/","title":{"rendered":"Onde entra Reinier? Confira as 20 maiores vendas do futebol brasileiro de todos os tempos"},"content":{"rendered":"\n<p>N\u00e3o h\u00e1 como negar: hoje o futebol brasileiro \u00e9 um exportador de talentos, especialmente para a Europa.<\/p>\n\n\n\n<p>Grandes craques, ou at\u00e9 mesmo jogadores que se colocam apenas como promessas, est\u00e3o sempre na mira das transfer\u00eancias, e se os torcedores ficam tristes com as despedidas em alguns casos a venda rende grande valor para as nossas equipes.<\/p>\n\n\n\n<p>O ranking presente abaixo tamb\u00e9m ajuda a mostrar o quanto os grandes clubes europeus buscam, cada vez mais, talentos jovens .<\/p>\n\n\n\n<p>Durante muito tempo a maior venda na hist\u00f3ria do nosso futebol foi a sa\u00edda de Den\u00edlson para o Real B\u00e9tis, da Espanha, em 1998. Na \u00e9poca, o jogador do S\u00e3o Paulo tinha 21 anos; Neymar, que muitos anos depois ficaria com a vaga no topo, deixou o Santos com 22 primaveras completadas. J\u00e1 Rodrygo e Vin\u00edcius J\u00fanior, que dividem a segunda posi\u00e7\u00e3o, foram para o Real Madrid com menos de 20 anos.<\/p>\n\n\n\n<p>Tamb\u00e9m \u00e9 not\u00e1vel a maior presen\u00e7a de clubes espanh\u00f3is neste Top 10. O Real Madrid (quatro negocia\u00e7\u00f5es) se coloca como o maior comprador, com o Barcelona acompanhando com tr\u00eas transa\u00e7\u00f5es.<\/p>\n\n\n\n<p>O Santos negociou quatro dos jogadores listados, se colocando como maior vendedor de talentos para a nata do futebol europeu; o Flamengo, com tr\u00eas, ocupa a vice-lideran\u00e7a neste ranking ao lado do Internacional e o S\u00e3o Paulo completa o Top 3 com as vendas de Den\u00edlson e Lucas Moura.<\/p>\n\n\n\n<p>O \u00faltimo jogador a integrar a lista foi o meia-atacante Reinier, que neste janeiro de 2020 foi confirmado como refor\u00e7o do Real Madrid.<\/p>\n\n\n\n<style type=\"text\/css\">table.tableizer-table {\t\tfont-size: 12px;\t\tborder: 1px solid #CCC; \t\tfont-family: Helvetica, Arial, sans-serif;text-align:center;\t} \t.tableizer-table td {\t\tpadding: 4px;\t\tmargin: 3px;\t\tborder: 1px solid #CCC;\t}\t.tableizer-table th {\t\tbackground-color: #B90000; \t\tcolor: #FFF;\t\tfont-weight: bold;\t}<\/style><table class=\"tableizer-table\" style=\"width:100%;\">\t<thead>\t\t<tr class=\"tableizer-firstrow\">\t\t\t<th scope=\"row\">POS.<\/th>\t\t\t<th>JOGADOR<\/th>\t\t\t<th>CLUBE VENDEDOR<\/th>\t\t\t<th>CLUBE COMPRADOR<\/th>\t\t\t<th>VALOR (\u20ac)<\/th>\t\t\t<th>ANO<\/th>\t\t<\/tr>\t<\/thead>\t<tbody>\t\t<tr>\t\t\t<th scope=\"row\" style=\"text-align: center;\">1<\/th>\t\t\t<td>Neymar<\/td>\t\t\t<td>Santos<\/td>\t\t\t<td>Barcelona<\/td>\t\t\t<td>\u200e88,4 milh\u00f5es<\/td>\t\t\t<td>2013<\/td>\t\t<\/tr>\t\t<tr>\t\t\t<th scope=\"row\" style=\"text-align: center;\">2<\/th>\t\t\t<td>Vin\u00edcius J\u00fanior<\/td>\t\t\t<td>Flamengo<\/td>\t\t\t<td>Real Madrid<\/td>\t\t\t<td>45 milh\u00f5es<\/td>\t\t\t<td>2018<\/td>\t\t<\/tr>\t\t<tr>\t\t\t<th scope=\"row\" style=\"text-align: center;\">2<\/th>\t\t\t<td>Rodrygo<\/td>\t\t\t<td>Santos<\/td>\t\t\t<td>Real Madrid<\/td>\t\t\t<td>45 milh\u00f5es<\/td>\t\t\t<td>2017<\/td>\t\t<\/tr>\t\t<tr>\t\t\t<th scope=\"row\" style=\"text-align: center;\">4<\/th>\t\t\t<td>Lucas Moura<\/td>\t\t\t<td>S\u00e3o Paulo<\/td>\t\t\t<td>PSG<\/td>\t\t\t<td>43 milh\u00f5es<\/td>\t\t\t<td>2012<\/td>\t\t<\/tr>\t\t<tr>\t\t\t<th scope=\"row\" style=\"text-align: center;\">5<\/th>\t\t\t<td>Arthur<\/td>\t\t\t<td>Gr\u00eamio<\/td>\t\t\t<td>Barcelona<\/td>\t\t\t<td>40 milh\u00f5es<\/td>\t\t\t<td>2018<\/td>\t\t<\/tr>\t\t<tr>\t\t\t<th scope=\"row\" style=\"text-align: center;\">6<\/th>\t\t\t<td>Lucas Paquet\u00e1<\/td>\t\t\t<td>Flamengo<\/td>\t\t\t<td>Milan<\/td>\t\t\t<td>35 milh\u00f5es<\/td>\t\t\t<td>2018<\/td>\t\t<\/tr>\t\t<tr>\t\t\t<th scope=\"row\" style=\"text-align: center;\">7<\/th>\t\t\t<td>Gabriel Jesus<\/td>\t\t\t<td>Palmeiras<\/td>\t\t\t<td>Manchester City<\/td>\t\t\t<td>32,7 milh\u00f5es<\/td>\t\t\t<td>2016<\/td>\t\t<\/tr>\t\t<tr>\t\t\t<th scope=\"row\" style=\"text-align: center;\">8<\/th>\t\t\t<td>Oscar<\/td>\t\t\t<td>Internacional<\/td>\t\t\t<td>Chelsea<\/td>\t\t\t<td>31,9 milh\u00f5es<\/td>\t\t\t<td>2012<\/td>\t\t<\/tr>\t\t<tr>\t\t\t<th scope=\"row\" style=\"text-align: center;\">9<\/th>\t\t\t<td>Den\u00edlson<\/td>\t\t\t<td>S\u00e3o Paulo<\/td>\t\t\t<td>Real B\u00e9tis<\/td>\t\t\t<td>31,5 milh\u00f5es<\/td>\t\t\t<td>1998<\/td>\t\t<\/tr>\t\t<tr>\t\t\t<th scope=\"row\" style=\"text-align: center;\">10<\/th>\t\t\t<td>Reinier<\/td>\t\t\t<td>Flamengo<\/td>\t\t\t<td>Real Madrid<\/td>\t\t\t<td>30 milh\u00f5es<\/td>\t\t\t<td>2020<\/td>\t\t<\/tr>\t\t<tr>\t\t\t<th scope=\"row\" style=\"text-align: center;\">11<\/th>\t\t\t<td>Bernard<\/td>\t\t\t<td>Atl\u00e9tico-MG<\/td>\t\t\t<td>Shakhtar<\/td>\t\t\t<td>25 milh\u00f5es<\/td>\t\t\t<td>2013<\/td>\t\t<\/tr>\t\t<tr>\t\t\t<th scope=\"row\" style=\"text-align: center;\">11<\/th>\t\t\t<td>Gabigol<\/td>\t\t\t<td>Santos<\/td>\t\t\t<td>Inter de Mil\u00e3o<\/td>\t\t\t<td>25 milh\u00f5es<\/td>\t\t\t<td>2016<\/td>\t\t<\/tr>\t\t<tr>\t\t\t<th scope=\"row\" style=\"text-align: center;\">13<\/th>\t\t\t<td>Robinho<\/td>\t\t\t<td>Santos<\/td>\t\t\t<td>Real Madrid<\/td>\t\t\t<td>24 milh\u00f5es<\/td>\t\t\t<td>2005<\/td>\t\t<\/tr>\t\t<tr>\t\t\t<th scope=\"row\" style=\"text-align: center;\">14<\/th>\t\t\t<td>Alexandre Pato<\/td>\t\t\t<td>Internacional<\/td>\t\t\t<td>Milan<\/td>\t\t\t<td>22 milh\u00f5es<\/td>\t\t\t<td>2007<\/td>\t\t<\/tr>\t\t<tr>\t\t\t<th scope=\"row\" style=\"text-align: center;\">15<\/th>\t\t\t<td>Lucas Severino<\/td>\t\t\t<td>Athletico-PR<\/td>\t\t\t<td>Rennes<\/td>\t\t\t<td>21,3 milh\u00f5es<\/td>\t\t\t<td>2001<\/td>\t\t<\/tr>\t\t<tr>\t\t\t<th scope=\"row\" style=\"text-align: center;\">16<\/th>\t\t\t<td>Renan Lodi<\/td>\t\t\t<td>Athletico-PR<\/td>\t\t\t<td>Atl\u00e9tico de Madrid<\/td>\t\t\t<td>20 milh\u00f5es<\/td>\t\t\t<td>2019<\/td>\t\t<\/tr>\t\t<tr>\t\t\t<th scope=\"row\" style=\"text-align: center;\">16<\/th>\t\t\t<td>Paulinho<\/td>\t\t\t<td>Corinthians<\/td>\t\t\t<td>Tottenham<\/td>\t\t\t<td>20 milh\u00f5es<\/td>\t\t\t<td>2013<\/td>\t\t<\/tr>\t\t<tr>\t\t\t<th scope=\"row\" style=\"text-align: center;\">16<\/th>\t\t\t<td>Paulinho<\/td>\t\t\t<td>Vasco da Gama<\/td>\t\t\t<td>Leverkusen<\/td>\t\t\t<td>20 milh\u00f5es<\/td>\t\t\t<td>2018<\/td>\t\t<\/tr>\t\t<tr>\t\t\t<th scope=\"row\" style=\"text-align: center;\">19<\/th>\t\t\t<td>Nilmar<\/td>\t\t\t<td>Internacional<\/td>\t\t\t<td>Villarreal<\/td>\t\t\t<td>16,5 milh\u00f5es<\/td>\t\t\t<td>2009<\/td>\t\t<\/tr>\t\t<tr>\t\t\t<th scope=\"row\" style=\"text-align: center;\">20<\/th>\t\t\t<td>Geovanni<\/td>\t\t\t<td>Cruzeiro<\/a><\/td>\t\t\t<td>Barcelona<\/td>\t\t\t<td>16 milh\u00f5es<\/td>\t\t\t<td>2001<\/td>\t\t<\/tr>\t\t<tr>\t\t\t<th scope=\"row\" style=\"text-align: center;\">20<\/th>\t\t\t<td>Gerson<\/td>\t\t\t<td>Fluminense<\/td>\t\t\t<td>Roma<\/td>\t\t\t<td>16 milh\u00f5es<\/td>\t\t\t<td>2015<\/td>\t\t<\/tr>\t<\/tbody><\/table>\n","protected":false},"excerpt":{"rendered":"<p>N\u00e3o h\u00e1 como negar: hoje o futebol brasileiro \u00e9 um exportador de talentos, especialmente para a Europa. Grandes craques, ou at\u00e9 mesmo jogadores que se colocam apenas como promessas, est\u00e3o sempre na mira das transfer\u00eancias, e se os torcedores ficam tristes com as despedidas em alguns casos a venda rende grande valor para as nossas [&hellip;]<\/p>\n","protected":false},"author":1,"featured_media":28968,"comment_status":"open","ping_status":"closed","sticky":false,"template":"","format":"standard","meta":{"footnotes":""},"categories":[1],"tags":[],"class_list":["post-35698","post","type-post","status-publish","format-standard","has-post-thumbnail","hentry","category-flamengo"],"yoast_head":"<!-- This site is optimized with the Yoast SEO Premium plugin v24.2 (Yoast SEO v26.9) - https:\/\/yoast.com\/product\/yoast-seo-premium-wordpress\/ -->\n<title>Onde entra Reinier? Confira as 20 maiores vendas do futebol brasileiro de todos os tempos<\/title>\n<meta name=\"robots\" content=\"index, follow, max-snippet:-1, max-image-preview:large, max-video-preview:-1\" \/>\n<link rel=\"canonical\" href=\"https:\/\/www.gaveanews.com\/index.php\/2020\/01\/20\/onde-entra-reinier-confira-as-20-maiores-vendas-do-futebol-brasileiro-de-todos-os-temposs\/\" \/>\n<meta property=\"og:locale\" content=\"pt_BR\" \/>\n<meta property=\"og:type\" content=\"article\" \/>\n<meta property=\"og:title\" content=\"Onde entra Reinier? Confira as 20 maiores vendas do futebol brasileiro de todos os tempos\" \/>\n<meta property=\"og:description\" content=\"N\u00e3o h\u00e1 como negar: hoje o futebol brasileiro \u00e9 um exportador de talentos, especialmente para a Europa. Grandes craques, ou at\u00e9 mesmo jogadores que se colocam apenas como promessas, est\u00e3o sempre na mira das transfer\u00eancias, e se os torcedores ficam tristes com as despedidas em alguns casos a venda rende grande valor para as nossas [&hellip;]\" \/>\n<meta property=\"og:url\" content=\"https:\/\/www.gaveanews.com\/index.php\/2020\/01\/20\/onde-entra-reinier-confira-as-20-maiores-vendas-do-futebol-brasileiro-de-todos-os-temposs\/\" \/>\n<meta property=\"og:site_name\" content=\"G\u00e1vea News\" \/>\n<meta property=\"article:publisher\" content=\"https:\/\/facebook.com\/gaveaNews\/\" \/>\n<meta property=\"article:published_time\" content=\"2020-01-21T01:23:31+00:00\" \/>\n<meta property=\"article:modified_time\" content=\"2020-01-21T02:08:51+00:00\" \/>\n<meta property=\"og:image\" content=\"https:\/\/www.gaveanews.com\/wp-content\/uploads\/Reinier-em-acao-durante-uma-partida-do-Flamengo.webp\" \/>\n\t<meta property=\"og:image:width\" content=\"1\" \/>\n\t<meta property=\"og:image:height\" content=\"1\" \/>\n\t<meta property=\"og:image:type\" content=\"image\/jpeg\" \/>\n<meta name=\"author\" content=\"Equipe G\u00e1vea News\" \/>\n<meta name=\"twitter:card\" content=\"summary_large_image\" \/>\n<meta name=\"twitter:label1\" content=\"Escrito por\" \/>\n\t<meta name=\"twitter:data1\" content=\"Equipe G\u00e1vea News\" \/>\n\t<meta name=\"twitter:label2\" content=\"Est. tempo de leitura\" \/>\n\t<meta name=\"twitter:data2\" content=\"2 minutos\" \/>\n<script type=\"application\/ld+json\" class=\"yoast-schema-graph\">{\"@context\":\"https:\/\/schema.org\",\"@graph\":[{\"@type\":\"NewsArticle\",\"@id\":\"https:\/\/www.gaveanews.com\/index.php\/2020\/01\/20\/onde-entra-reinier-confira-as-20-maiores-vendas-do-futebol-brasileiro-de-todos-os-temposs\/#article\",\"isPartOf\":{\"@id\":\"https:\/\/www.gaveanews.com\/index.php\/2020\/01\/20\/onde-entra-reinier-confira-as-20-maiores-vendas-do-futebol-brasileiro-de-todos-os-temposs\/\"},\"author\":{\"name\":\"Equipe G\u00e1vea News\",\"@id\":\"https:\/\/www.gaveanews.com\/#\/schema\/person\/2ec14f73fb96be2caf28f91afb14749d\"},\"headline\":\"Onde entra Reinier? Confira as 20 maiores vendas do futebol brasileiro de todos os tempos\",\"datePublished\":\"2020-01-21T01:23:31+00:00\",\"dateModified\":\"2020-01-21T02:08:51+00:00\",\"mainEntityOfPage\":{\"@id\":\"https:\/\/www.gaveanews.com\/index.php\/2020\/01\/20\/onde-entra-reinier-confira-as-20-maiores-vendas-do-futebol-brasileiro-de-todos-os-temposs\/\"},\"wordCount\":423,\"commentCount\":4,\"image\":{\"@id\":\"https:\/\/www.gaveanews.com\/index.php\/2020\/01\/20\/onde-entra-reinier-confira-as-20-maiores-vendas-do-futebol-brasileiro-de-todos-os-temposs\/#primaryimage\"},\"thumbnailUrl\":\"https:\/\/www.gaveanews.com\/wp-content\/uploads\/Reinier-em-acao-durante-uma-partida-do-Flamengo.webp\",\"articleSection\":[\"Flamengo\"],\"inLanguage\":\"pt-BR\",\"potentialAction\":[{\"@type\":\"CommentAction\",\"name\":\"Comment\",\"target\":[\"https:\/\/www.gaveanews.com\/index.php\/2020\/01\/20\/onde-entra-reinier-confira-as-20-maiores-vendas-do-futebol-brasileiro-de-todos-os-temposs\/#respond\"]}],\"copyrightYear\":\"2020\",\"copyrightHolder\":{\"@id\":\"https:\/\/www.gaveanews.com\/#organization\"}},{\"@type\":\"WebPage\",\"@id\":\"https:\/\/www.gaveanews.com\/index.php\/2020\/01\/20\/onde-entra-reinier-confira-as-20-maiores-vendas-do-futebol-brasileiro-de-todos-os-temposs\/\",\"url\":\"https:\/\/www.gaveanews.com\/index.php\/2020\/01\/20\/onde-entra-reinier-confira-as-20-maiores-vendas-do-futebol-brasileiro-de-todos-os-temposs\/\",\"name\":\"Onde entra Reinier? Confira as 20 maiores vendas do futebol brasileiro de todos os tempos\",\"isPartOf\":{\"@id\":\"https:\/\/www.gaveanews.com\/#website\"},\"primaryImageOfPage\":{\"@id\":\"https:\/\/www.gaveanews.com\/index.php\/2020\/01\/20\/onde-entra-reinier-confira-as-20-maiores-vendas-do-futebol-brasileiro-de-todos-os-temposs\/#primaryimage\"},\"image\":{\"@id\":\"https:\/\/www.gaveanews.com\/index.php\/2020\/01\/20\/onde-entra-reinier-confira-as-20-maiores-vendas-do-futebol-brasileiro-de-todos-os-temposs\/#primaryimage\"},\"thumbnailUrl\":\"https:\/\/www.gaveanews.com\/wp-content\/uploads\/Reinier-em-acao-durante-uma-partida-do-Flamengo.webp\",\"datePublished\":\"2020-01-21T01:23:31+00:00\",\"dateModified\":\"2020-01-21T02:08:51+00:00\",\"author\":{\"@id\":\"https:\/\/www.gaveanews.com\/#\/schema\/person\/2ec14f73fb96be2caf28f91afb14749d\"},\"breadcrumb\":{\"@id\":\"https:\/\/www.gaveanews.com\/index.php\/2020\/01\/20\/onde-entra-reinier-confira-as-20-maiores-vendas-do-futebol-brasileiro-de-todos-os-temposs\/#breadcrumb\"},\"inLanguage\":\"pt-BR\",\"potentialAction\":[{\"@type\":\"ReadAction\",\"target\":[\"https:\/\/www.gaveanews.com\/index.php\/2020\/01\/20\/onde-entra-reinier-confira-as-20-maiores-vendas-do-futebol-brasileiro-de-todos-os-temposs\/\"]}]},{\"@type\":\"ImageObject\",\"inLanguage\":\"pt-BR\",\"@id\":\"https:\/\/www.gaveanews.com\/index.php\/2020\/01\/20\/onde-entra-reinier-confira-as-20-maiores-vendas-do-futebol-brasileiro-de-todos-os-temposs\/#primaryimage\",\"url\":\"https:\/\/www.gaveanews.com\/wp-content\/uploads\/Reinier-em-acao-durante-uma-partida-do-Flamengo.webp\",\"contentUrl\":\"https:\/\/www.gaveanews.com\/wp-content\/uploads\/Reinier-em-acao-durante-uma-partida-do-Flamengo.webp\",\"caption\":\"Reinier em a\u00e7\u00e3o durante uma partida do Flamengo (Foto: Marcelo Cortes\/Flamengo)\"},{\"@type\":\"BreadcrumbList\",\"@id\":\"https:\/\/www.gaveanews.com\/index.php\/2020\/01\/20\/onde-entra-reinier-confira-as-20-maiores-vendas-do-futebol-brasileiro-de-todos-os-temposs\/#breadcrumb\",\"itemListElement\":[{\"@type\":\"ListItem\",\"position\":1,\"name\":\"Home\",\"item\":\"https:\/\/www.gaveanews.com\/\"},{\"@type\":\"ListItem\",\"position\":2,\"name\":\"Onde entra Reinier? Confira as 20 maiores vendas do futebol brasileiro de todos os tempos\"}]},{\"@type\":\"WebSite\",\"@id\":\"https:\/\/www.gaveanews.com\/#website\",\"url\":\"https:\/\/www.gaveanews.com\/\",\"name\":\"G\u00e1vea News\",\"description\":\"Veja todas as not\u00edcias sobre o Flamengo: Contrata\u00e7\u00f5es, categorias de base, resultados das partidas, tabela de classifica\u00e7\u00e3o, pr\u00f3ximos jogos!\",\"potentialAction\":[{\"@type\":\"SearchAction\",\"target\":{\"@type\":\"EntryPoint\",\"urlTemplate\":\"https:\/\/www.gaveanews.com\/?s={search_term_string}\"},\"query-input\":{\"@type\":\"PropertyValueSpecification\",\"valueRequired\":true,\"valueName\":\"search_term_string\"}}],\"inLanguage\":\"pt-BR\"},{\"@type\":\"Person\",\"@id\":\"https:\/\/www.gaveanews.com\/#\/schema\/person\/2ec14f73fb96be2caf28f91afb14749d\",\"name\":\"Equipe G\u00e1vea News\",\"image\":{\"@type\":\"ImageObject\",\"inLanguage\":\"pt-BR\",\"@id\":\"https:\/\/www.gaveanews.com\/#\/schema\/person\/image\/\",\"url\":\"https:\/\/secure.gravatar.com\/avatar\/1e1956f1facbffd3f8fa53a326721950116b3b9dc9bd44939c01180fd4a745a9?s=96&d=mm&r=g\",\"contentUrl\":\"https:\/\/secure.gravatar.com\/avatar\/1e1956f1facbffd3f8fa53a326721950116b3b9dc9bd44939c01180fd4a745a9?s=96&d=mm&r=g\",\"caption\":\"Equipe G\u00e1vea News\"}}]}<\/script>\n<!-- \/ Yoast SEO Premium plugin. -->","yoast_head_json":{"title":"Onde entra Reinier? Confira as 20 maiores vendas do futebol brasileiro de todos os tempos","robots":{"index":"index","follow":"follow","max-snippet":"max-snippet:-1","max-image-preview":"max-image-preview:large","max-video-preview":"max-video-preview:-1"},"canonical":"https:\/\/www.gaveanews.com\/index.php\/2020\/01\/20\/onde-entra-reinier-confira-as-20-maiores-vendas-do-futebol-brasileiro-de-todos-os-temposs\/","og_locale":"pt_BR","og_type":"article","og_title":"Onde entra Reinier? Confira as 20 maiores vendas do futebol brasileiro de todos os tempos","og_description":"N\u00e3o h\u00e1 como negar: hoje o futebol brasileiro \u00e9 um exportador de talentos, especialmente para a Europa. Grandes craques, ou at\u00e9 mesmo jogadores que se colocam apenas como promessas, est\u00e3o sempre na mira das transfer\u00eancias, e se os torcedores ficam tristes com as despedidas em alguns casos a venda rende grande valor para as nossas [&hellip;]","og_url":"https:\/\/www.gaveanews.com\/index.php\/2020\/01\/20\/onde-entra-reinier-confira-as-20-maiores-vendas-do-futebol-brasileiro-de-todos-os-temposs\/","og_site_name":"G\u00e1vea News","article_publisher":"https:\/\/facebook.com\/gaveaNews\/","article_published_time":"2020-01-21T01:23:31+00:00","article_modified_time":"2020-01-21T02:08:51+00:00","og_image":[{"url":"https:\/\/www.gaveanews.com\/wp-content\/uploads\/Reinier-em-acao-durante-uma-partida-do-Flamengo.webp","width":1,"height":1,"type":"image\/jpeg"}],"author":"Equipe G\u00e1vea News","twitter_card":"summary_large_image","twitter_misc":{"Escrito por":"Equipe G\u00e1vea News","Est. tempo de leitura":"2 minutos"},"schema":{"@context":"https:\/\/schema.org","@graph":[{"@type":"NewsArticle","@id":"https:\/\/www.gaveanews.com\/index.php\/2020\/01\/20\/onde-entra-reinier-confira-as-20-maiores-vendas-do-futebol-brasileiro-de-todos-os-temposs\/#article","isPartOf":{"@id":"https:\/\/www.gaveanews.com\/index.php\/2020\/01\/20\/onde-entra-reinier-confira-as-20-maiores-vendas-do-futebol-brasileiro-de-todos-os-temposs\/"},"author":{"name":"Equipe G\u00e1vea News","@id":"https:\/\/www.gaveanews.com\/#\/schema\/person\/2ec14f73fb96be2caf28f91afb14749d"},"headline":"Onde entra Reinier? Confira as 20 maiores vendas do futebol brasileiro de todos os tempos","datePublished":"2020-01-21T01:23:31+00:00","dateModified":"2020-01-21T02:08:51+00:00","mainEntityOfPage":{"@id":"https:\/\/www.gaveanews.com\/index.php\/2020\/01\/20\/onde-entra-reinier-confira-as-20-maiores-vendas-do-futebol-brasileiro-de-todos-os-temposs\/"},"wordCount":423,"commentCount":4,"image":{"@id":"https:\/\/www.gaveanews.com\/index.php\/2020\/01\/20\/onde-entra-reinier-confira-as-20-maiores-vendas-do-futebol-brasileiro-de-todos-os-temposs\/#primaryimage"},"thumbnailUrl":"https:\/\/www.gaveanews.com\/wp-content\/uploads\/Reinier-em-acao-durante-uma-partida-do-Flamengo.webp","articleSection":["Flamengo"],"inLanguage":"pt-BR","potentialAction":[{"@type":"CommentAction","name":"Comment","target":["https:\/\/www.gaveanews.com\/index.php\/2020\/01\/20\/onde-entra-reinier-confira-as-20-maiores-vendas-do-futebol-brasileiro-de-todos-os-temposs\/#respond"]}],"copyrightYear":"2020","copyrightHolder":{"@id":"https:\/\/www.gaveanews.com\/#organization"}},{"@type":"WebPage","@id":"https:\/\/www.gaveanews.com\/index.php\/2020\/01\/20\/onde-entra-reinier-confira-as-20-maiores-vendas-do-futebol-brasileiro-de-todos-os-temposs\/","url":"https:\/\/www.gaveanews.com\/index.php\/2020\/01\/20\/onde-entra-reinier-confira-as-20-maiores-vendas-do-futebol-brasileiro-de-todos-os-temposs\/","name":"Onde entra Reinier? Confira as 20 maiores vendas do futebol brasileiro de todos os tempos","isPartOf":{"@id":"https:\/\/www.gaveanews.com\/#website"},"primaryImageOfPage":{"@id":"https:\/\/www.gaveanews.com\/index.php\/2020\/01\/20\/onde-entra-reinier-confira-as-20-maiores-vendas-do-futebol-brasileiro-de-todos-os-temposs\/#primaryimage"},"image":{"@id":"https:\/\/www.gaveanews.com\/index.php\/2020\/01\/20\/onde-entra-reinier-confira-as-20-maiores-vendas-do-futebol-brasileiro-de-todos-os-temposs\/#primaryimage"},"thumbnailUrl":"https:\/\/www.gaveanews.com\/wp-content\/uploads\/Reinier-em-acao-durante-uma-partida-do-Flamengo.webp","datePublished":"2020-01-21T01:23:31+00:00","dateModified":"2020-01-21T02:08:51+00:00","author":{"@id":"https:\/\/www.gaveanews.com\/#\/schema\/person\/2ec14f73fb96be2caf28f91afb14749d"},"breadcrumb":{"@id":"https:\/\/www.gaveanews.com\/index.php\/2020\/01\/20\/onde-entra-reinier-confira-as-20-maiores-vendas-do-futebol-brasileiro-de-todos-os-temposs\/#breadcrumb"},"inLanguage":"pt-BR","potentialAction":[{"@type":"ReadAction","target":["https:\/\/www.gaveanews.com\/index.php\/2020\/01\/20\/onde-entra-reinier-confira-as-20-maiores-vendas-do-futebol-brasileiro-de-todos-os-temposs\/"]}]},{"@type":"ImageObject","inLanguage":"pt-BR","@id":"https:\/\/www.gaveanews.com\/index.php\/2020\/01\/20\/onde-entra-reinier-confira-as-20-maiores-vendas-do-futebol-brasileiro-de-todos-os-temposs\/#primaryimage","url":"https:\/\/www.gaveanews.com\/wp-content\/uploads\/Reinier-em-acao-durante-uma-partida-do-Flamengo.webp","contentUrl":"https:\/\/www.gaveanews.com\/wp-content\/uploads\/Reinier-em-acao-durante-uma-partida-do-Flamengo.webp","caption":"Reinier em a\u00e7\u00e3o durante uma partida do Flamengo (Foto: Marcelo Cortes\/Flamengo)"},{"@type":"BreadcrumbList","@id":"https:\/\/www.gaveanews.com\/index.php\/2020\/01\/20\/onde-entra-reinier-confira-as-20-maiores-vendas-do-futebol-brasileiro-de-todos-os-temposs\/#breadcrumb","itemListElement":[{"@type":"ListItem","position":1,"name":"Home","item":"https:\/\/www.gaveanews.com\/"},{"@type":"ListItem","position":2,"name":"Onde entra Reinier? Confira as 20 maiores vendas do futebol brasileiro de todos os tempos"}]},{"@type":"WebSite","@id":"https:\/\/www.gaveanews.com\/#website","url":"https:\/\/www.gaveanews.com\/","name":"G\u00e1vea News","description":"Veja todas as not\u00edcias sobre o Flamengo: Contrata\u00e7\u00f5es, categorias de base, resultados das partidas, tabela de classifica\u00e7\u00e3o, pr\u00f3ximos jogos!","potentialAction":[{"@type":"SearchAction","target":{"@type":"EntryPoint","urlTemplate":"https:\/\/www.gaveanews.com\/?s={search_term_string}"},"query-input":{"@type":"PropertyValueSpecification","valueRequired":true,"valueName":"search_term_string"}}],"inLanguage":"pt-BR"},{"@type":"Person","@id":"https:\/\/www.gaveanews.com\/#\/schema\/person\/2ec14f73fb96be2caf28f91afb14749d","name":"Equipe G\u00e1vea News","image":{"@type":"ImageObject","inLanguage":"pt-BR","@id":"https:\/\/www.gaveanews.com\/#\/schema\/person\/image\/","url":"https:\/\/secure.gravatar.com\/avatar\/1e1956f1facbffd3f8fa53a326721950116b3b9dc9bd44939c01180fd4a745a9?s=96&d=mm&r=g","contentUrl":"https:\/\/secure.gravatar.com\/avatar\/1e1956f1facbffd3f8fa53a326721950116b3b9dc9bd44939c01180fd4a745a9?s=96&d=mm&r=g","caption":"Equipe G\u00e1vea News"}}]}},"_links":{"self":[{"href":"https:\/\/www.gaveanews.com\/index.php\/wp-json\/wp\/v2\/posts\/35698","targetHints":{"allow":["GET"]}}],"collection":[{"href":"https:\/\/www.gaveanews.com\/index.php\/wp-json\/wp\/v2\/posts"}],"about":[{"href":"https:\/\/www.gaveanews.com\/index.php\/wp-json\/wp\/v2\/types\/post"}],"author":[{"embeddable":true,"href":"https:\/\/www.gaveanews.com\/index.php\/wp-json\/wp\/v2\/users\/1"}],"replies":[{"embeddable":true,"href":"https:\/\/www.gaveanews.com\/index.php\/wp-json\/wp\/v2\/comments?post=35698"}],"version-history":[{"count":0,"href":"https:\/\/www.gaveanews.com\/index.php\/wp-json\/wp\/v2\/posts\/35698\/revisions"}],"wp:featuredmedia":[{"embeddable":true,"href":"https:\/\/www.gaveanews.com\/index.php\/wp-json\/wp\/v2\/media\/28968"}],"wp:attachment":[{"href":"https:\/\/www.gaveanews.com\/index.php\/wp-json\/wp\/v2\/media?parent=35698"}],"wp:term":[{"taxonomy":"category","embeddable":true,"href":"https:\/\/www.gaveanews.com\/index.php\/wp-json\/wp\/v2\/categories?post=35698"},{"taxonomy":"post_tag","embeddable":true,"href":"https:\/\/www.gaveanews.com\/index.php\/wp-json\/wp\/v2\/tags?post=35698"}],"curies":[{"name":"wp","href":"https:\/\/api.w.org\/{rel}","templated":true}]}}