{"id":36302,"date":"2020-01-30T17:11:15","date_gmt":"2020-01-30T20:11:15","guid":{"rendered":"http:\/\/www.gaveanews.com\/?p=36302"},"modified":"2020-01-30T17:11:19","modified_gmt":"2020-01-30T20:11:19","slug":"fluminense-emite-nota-oficial-sobre-canticos-com-o-termo-time-assassino","status":"publish","type":"post","link":"https:\/\/www.gaveanews.com\/index.php\/2020\/01\/30\/fluminense-emite-nota-oficial-sobre-canticos-com-o-termo-time-assassino\/","title":{"rendered":"Fluminense emite nota oficial sobre c\u00e2nticos com o termo \u201ctime assassino\u201d"},"content":{"rendered":"\n<p>Durante a vit\u00f3ria sobre o Flamengo, por 1 a 0, na noite da \u00faltima quarta-feira (29), no Maracan\u00e3, alguns torcedores do Fluminense entoaram c\u00e2nticos com o termo \u201ctime assassino\u201d para os rubro-negros. <\/p>\n\n\n\n<p>Uma refer\u00eancia ao inc\u00eandio que matou dez jovens atletas da base do clube da G\u00e1vea no Ninho do Urubu em fevereiro de 2019.<\/p>\n\n\n\n<p>Nesta quinta (30), o Flu se pronunciou em nota oficial. Repudiando a atitude dos f\u00e3s, o Tricolor pediu para que outros torcedores n\u00e3o repitam o ato considerado pelo clube das Laranjeiras como excessivo.<\/p>\n\n\n\n<figure class=\"wp-block-video\"><video controls poster=\"https:\/\/1.bp.blogspot.com\/-e5AyzizXkXo\/XjJPh_03KgI\/AAAAAAAAcuM\/_3NMlkKaTCMWBChDxQXSPgcE_Yh3LRimgCLcBGAsYHQ\/s1600\/Captura%2Bde%2BTela%2B%252834%2529.webp\" src=\"http:\/\/www.gaveanews.com\/wp-content\/uploads\/Torcida-do-Fluminense-grita-time-assassino.mp4\"><\/video><\/figure>\n\n\n\n<h3 class=\"wp-block-heading\"><strong>Confira na \u00edntegra a nota oficial do Fluminense<\/strong>:<\/h3>\n\n\n\n<p><em>\u201cO Fluminense Football Club manifestou desde o primeiro momento sua solidariedade com as v\u00edtimas da trag\u00e9dia ocorrida no Ninho do Urubu. Portanto, n\u00e3o pode deixar de registrar a inadequa\u00e7\u00e3o da manifesta\u00e7\u00e3o de parte de sua torcida ontem, no Fla-Flu, pois soou excessiva ao chamar o Flamengo de time de assassinos.<\/em><\/p>\n\n\n\n<p><em>O fato do clube da G\u00e1vea ainda n\u00e3o ter resolvido a quest\u00e3o com todas as fam\u00edlias, o que n\u00e3o deve ser avaliado por n\u00f3s, mas sim pelos \u00f3rg\u00e3os competentes, n\u00e3o nos d\u00e1 o direito de manifesta\u00e7\u00f5es ofensivas neste sentido, at\u00e9 mesmo porque temos a certeza de que independentemente da responsabiliza\u00e7\u00e3o da institui\u00e7\u00e3o na esfera legal, n\u00e3o houve qualquer conduta intencional no triste incidente ocorrido.<\/em><\/p>\n\n\n\n<p><em>Ali\u00e1s temos a certeza de que n\u00e3o s\u00f3 as fam\u00edlias sofrem com o que ocorreu. O clube sofre, os funcion\u00e1rios sofrem e os dirigentes tamb\u00e9m. Seremos sempre solid\u00e1rios.<\/em><\/p>\n\n\n\n<p><em>O fortalecimento do futebol brasileiro passa pelo entendimento de que a paix\u00e3o verdadeira, embora inevitavelmente distanciada da estrita racionalidade, n\u00e3o pode naturalizar a ofensa como forma de manifesta\u00e7\u00e3o.<\/em><\/p>\n\n\n\n<p><em>Mas, sem abrir m\u00e3o do pedido de desculpas em nome de sua torcida, o Fluminense aproveita o fato para fazer um apelo de que cessem atitudes semelhantes por parte de todas as torcidas.<\/em><\/p>\n\n\n\n<p><em>Sem nos estendermos, devemos lembrar casos passados e que n\u00e3o envolveram o Fluminense. Lembrar tamb\u00e9m de casos atuais. Em jogo recente contra o Flamengo, parte da torcida do Vasco entoou o mesmo c\u00e2ntico repetido ontem por parte da nossa torcida e n\u00e3o vimos qualquer repercuss\u00e3o ou cobran\u00e7a da opini\u00e3o p\u00fablica e das m\u00eddias esportivas sobre o fato. Em s\u00edntese, n\u00e3o aceitamos que o Fluminense seja mais uma vez rotulado num caso onde todas as torcidas, sem exce\u00e7\u00e3o, est\u00e3o envolvidas. Sem falar no racismo, na homofobia ou no insulto \u00e0 honra que s\u00e3o costumeiros nos est\u00e1dios por todo o mundo.<\/em><\/p>\n\n\n\n<p><em>O futebol vive da paix\u00e3o, mas assim como na vida, n\u00e3o pode se deixar capturar por ela de forma a justificar todo o tipo de atitude inadequada.\u201d<\/em><\/p>\n\n\n\n<p><em>Por fim, ap\u00f3s relembrar que casos como o de ontem s\u00e3o corriqueiros em todas a torcidas, rogamos para que os olhos e ouvidos da opini\u00e3o p\u00fablica e especialmente da imprensa esportiva, estejam sempre abertos e atentos a este tipo de conduta que envolva todo e qualquer clube de futebol.\u201d<\/em><\/p>\n\n\n\n<p>Retirado de: Torcedores<\/p>\n","protected":false},"excerpt":{"rendered":"<p>Durante a vit\u00f3ria sobre o Flamengo, por 1 a 0, na noite da \u00faltima quarta-feira (29), no Maracan\u00e3, alguns torcedores do Fluminense entoaram c\u00e2nticos com o termo \u201ctime assassino\u201d para os rubro-negros. Uma refer\u00eancia ao inc\u00eandio que matou dez jovens atletas da base do clube da G\u00e1vea no Ninho do Urubu em fevereiro de 2019. [&hellip;]<\/p>\n","protected":false},"author":1,"featured_media":15081,"comment_status":"open","ping_status":"closed","sticky":false,"template":"","format":"standard","meta":{"footnotes":""},"categories":[1],"tags":[],"class_list":["post-36302","post","type-post","status-publish","format-standard","has-post-thumbnail","hentry","category-flamengo"],"yoast_head":"<!-- This site is optimized with the Yoast SEO Premium plugin v24.2 (Yoast SEO v26.9) - https:\/\/yoast.com\/product\/yoast-seo-premium-wordpress\/ -->\n<title>Fluminense emite nota oficial sobre c\u00e2nticos com o termo \u201ctime assassino\u201d<\/title>\n<meta name=\"robots\" content=\"index, follow, max-snippet:-1, max-image-preview:large, max-video-preview:-1\" \/>\n<link rel=\"canonical\" href=\"https:\/\/www.gaveanews.com\/index.php\/2020\/01\/30\/fluminense-emite-nota-oficial-sobre-canticos-com-o-termo-time-assassino\/\" \/>\n<meta property=\"og:locale\" content=\"pt_BR\" \/>\n<meta property=\"og:type\" content=\"article\" \/>\n<meta property=\"og:title\" content=\"Fluminense emite nota oficial sobre c\u00e2nticos com o termo \u201ctime assassino\u201d\" \/>\n<meta property=\"og:description\" content=\"Durante a vit\u00f3ria sobre o Flamengo, por 1 a 0, na noite da \u00faltima quarta-feira (29), no Maracan\u00e3, alguns torcedores do Fluminense entoaram c\u00e2nticos com o termo \u201ctime assassino\u201d para os rubro-negros. Uma refer\u00eancia ao inc\u00eandio que matou dez jovens atletas da base do clube da G\u00e1vea no Ninho do Urubu em fevereiro de 2019. [&hellip;]\" \/>\n<meta property=\"og:url\" content=\"https:\/\/www.gaveanews.com\/index.php\/2020\/01\/30\/fluminense-emite-nota-oficial-sobre-canticos-com-o-termo-time-assassino\/\" \/>\n<meta property=\"og:site_name\" content=\"G\u00e1vea News\" \/>\n<meta property=\"article:publisher\" content=\"https:\/\/facebook.com\/gaveaNews\/\" \/>\n<meta property=\"article:published_time\" content=\"2020-01-30T20:11:15+00:00\" \/>\n<meta property=\"article:modified_time\" content=\"2020-01-30T20:11:19+00:00\" \/>\n<meta property=\"og:image\" content=\"https:\/\/www.gaveanews.com\/wp-content\/uploads\/2019\/03\/Escudo-do-Flamengo-e-exposto-proximo-a-um-dos-gols-no-gramado-do-Maracana.webp\" \/>\n\t<meta property=\"og:image:width\" content=\"1\" \/>\n\t<meta property=\"og:image:height\" content=\"1\" \/>\n\t<meta property=\"og:image:type\" content=\"image\/jpeg\" \/>\n<meta name=\"author\" content=\"Equipe G\u00e1vea News\" \/>\n<meta name=\"twitter:card\" content=\"summary_large_image\" \/>\n<meta name=\"twitter:label1\" content=\"Escrito por\" \/>\n\t<meta name=\"twitter:data1\" content=\"Equipe G\u00e1vea News\" \/>\n\t<meta name=\"twitter:label2\" content=\"Est. tempo de leitura\" \/>\n\t<meta name=\"twitter:data2\" content=\"3 minutos\" \/>\n<script type=\"application\/ld+json\" class=\"yoast-schema-graph\">{\"@context\":\"https:\/\/schema.org\",\"@graph\":[{\"@type\":\"NewsArticle\",\"@id\":\"https:\/\/www.gaveanews.com\/index.php\/2020\/01\/30\/fluminense-emite-nota-oficial-sobre-canticos-com-o-termo-time-assassino\/#article\",\"isPartOf\":{\"@id\":\"https:\/\/www.gaveanews.com\/index.php\/2020\/01\/30\/fluminense-emite-nota-oficial-sobre-canticos-com-o-termo-time-assassino\/\"},\"author\":{\"name\":\"Equipe G\u00e1vea News\",\"@id\":\"https:\/\/www.gaveanews.com\/#\/schema\/person\/2ec14f73fb96be2caf28f91afb14749d\"},\"headline\":\"Fluminense emite nota oficial sobre c\u00e2nticos com o termo \u201ctime assassino\u201d\",\"datePublished\":\"2020-01-30T20:11:15+00:00\",\"dateModified\":\"2020-01-30T20:11:19+00:00\",\"mainEntityOfPage\":{\"@id\":\"https:\/\/www.gaveanews.com\/index.php\/2020\/01\/30\/fluminense-emite-nota-oficial-sobre-canticos-com-o-termo-time-assassino\/\"},\"wordCount\":538,\"commentCount\":33,\"image\":{\"@id\":\"https:\/\/www.gaveanews.com\/index.php\/2020\/01\/30\/fluminense-emite-nota-oficial-sobre-canticos-com-o-termo-time-assassino\/#primaryimage\"},\"thumbnailUrl\":\"https:\/\/www.gaveanews.com\/wp-content\/uploads\/2019\/03\/Escudo-do-Flamengo-e-exposto-proximo-a-um-dos-gols-no-gramado-do-Maracana.webp\",\"articleSection\":[\"Flamengo\"],\"inLanguage\":\"pt-BR\",\"potentialAction\":[{\"@type\":\"CommentAction\",\"name\":\"Comment\",\"target\":[\"https:\/\/www.gaveanews.com\/index.php\/2020\/01\/30\/fluminense-emite-nota-oficial-sobre-canticos-com-o-termo-time-assassino\/#respond\"]}],\"copyrightYear\":\"2020\",\"copyrightHolder\":{\"@id\":\"https:\/\/www.gaveanews.com\/#organization\"}},{\"@type\":\"WebPage\",\"@id\":\"https:\/\/www.gaveanews.com\/index.php\/2020\/01\/30\/fluminense-emite-nota-oficial-sobre-canticos-com-o-termo-time-assassino\/\",\"url\":\"https:\/\/www.gaveanews.com\/index.php\/2020\/01\/30\/fluminense-emite-nota-oficial-sobre-canticos-com-o-termo-time-assassino\/\",\"name\":\"Fluminense emite nota oficial sobre c\u00e2nticos com o termo \u201ctime assassino\u201d\",\"isPartOf\":{\"@id\":\"https:\/\/www.gaveanews.com\/#website\"},\"primaryImageOfPage\":{\"@id\":\"https:\/\/www.gaveanews.com\/index.php\/2020\/01\/30\/fluminense-emite-nota-oficial-sobre-canticos-com-o-termo-time-assassino\/#primaryimage\"},\"image\":{\"@id\":\"https:\/\/www.gaveanews.com\/index.php\/2020\/01\/30\/fluminense-emite-nota-oficial-sobre-canticos-com-o-termo-time-assassino\/#primaryimage\"},\"thumbnailUrl\":\"https:\/\/www.gaveanews.com\/wp-content\/uploads\/2019\/03\/Escudo-do-Flamengo-e-exposto-proximo-a-um-dos-gols-no-gramado-do-Maracana.webp\",\"datePublished\":\"2020-01-30T20:11:15+00:00\",\"dateModified\":\"2020-01-30T20:11:19+00:00\",\"author\":{\"@id\":\"https:\/\/www.gaveanews.com\/#\/schema\/person\/2ec14f73fb96be2caf28f91afb14749d\"},\"breadcrumb\":{\"@id\":\"https:\/\/www.gaveanews.com\/index.php\/2020\/01\/30\/fluminense-emite-nota-oficial-sobre-canticos-com-o-termo-time-assassino\/#breadcrumb\"},\"inLanguage\":\"pt-BR\",\"potentialAction\":[{\"@type\":\"ReadAction\",\"target\":[\"https:\/\/www.gaveanews.com\/index.php\/2020\/01\/30\/fluminense-emite-nota-oficial-sobre-canticos-com-o-termo-time-assassino\/\"]}]},{\"@type\":\"ImageObject\",\"inLanguage\":\"pt-BR\",\"@id\":\"https:\/\/www.gaveanews.com\/index.php\/2020\/01\/30\/fluminense-emite-nota-oficial-sobre-canticos-com-o-termo-time-assassino\/#primaryimage\",\"url\":\"https:\/\/www.gaveanews.com\/wp-content\/uploads\/2019\/03\/Escudo-do-Flamengo-e-exposto-proximo-a-um-dos-gols-no-gramado-do-Maracana.webp\",\"contentUrl\":\"https:\/\/www.gaveanews.com\/wp-content\/uploads\/2019\/03\/Escudo-do-Flamengo-e-exposto-proximo-a-um-dos-gols-no-gramado-do-Maracana.webp\",\"caption\":\"Escudo do Flamengo \u00e9 exposto pr\u00f3ximo a um dos gols, no gramado do Maracan\u00e3 (Foto: Daniel Castelo Branco)\"},{\"@type\":\"BreadcrumbList\",\"@id\":\"https:\/\/www.gaveanews.com\/index.php\/2020\/01\/30\/fluminense-emite-nota-oficial-sobre-canticos-com-o-termo-time-assassino\/#breadcrumb\",\"itemListElement\":[{\"@type\":\"ListItem\",\"position\":1,\"name\":\"Home\",\"item\":\"https:\/\/www.gaveanews.com\/\"},{\"@type\":\"ListItem\",\"position\":2,\"name\":\"Fluminense emite nota oficial sobre c\u00e2nticos com o termo \u201ctime assassino\u201d\"}]},{\"@type\":\"WebSite\",\"@id\":\"https:\/\/www.gaveanews.com\/#website\",\"url\":\"https:\/\/www.gaveanews.com\/\",\"name\":\"G\u00e1vea News\",\"description\":\"Veja todas as not\u00edcias sobre o Flamengo: Contrata\u00e7\u00f5es, categorias de base, resultados das partidas, tabela de classifica\u00e7\u00e3o, pr\u00f3ximos jogos!\",\"potentialAction\":[{\"@type\":\"SearchAction\",\"target\":{\"@type\":\"EntryPoint\",\"urlTemplate\":\"https:\/\/www.gaveanews.com\/?s={search_term_string}\"},\"query-input\":{\"@type\":\"PropertyValueSpecification\",\"valueRequired\":true,\"valueName\":\"search_term_string\"}}],\"inLanguage\":\"pt-BR\"},{\"@type\":\"Person\",\"@id\":\"https:\/\/www.gaveanews.com\/#\/schema\/person\/2ec14f73fb96be2caf28f91afb14749d\",\"name\":\"Equipe G\u00e1vea News\",\"image\":{\"@type\":\"ImageObject\",\"inLanguage\":\"pt-BR\",\"@id\":\"https:\/\/www.gaveanews.com\/#\/schema\/person\/image\/\",\"url\":\"https:\/\/secure.gravatar.com\/avatar\/1e1956f1facbffd3f8fa53a326721950116b3b9dc9bd44939c01180fd4a745a9?s=96&d=mm&r=g\",\"contentUrl\":\"https:\/\/secure.gravatar.com\/avatar\/1e1956f1facbffd3f8fa53a326721950116b3b9dc9bd44939c01180fd4a745a9?s=96&d=mm&r=g\",\"caption\":\"Equipe G\u00e1vea News\"}}]}<\/script>\n<!-- \/ Yoast SEO Premium plugin. -->","yoast_head_json":{"title":"Fluminense emite nota oficial sobre c\u00e2nticos com o termo \u201ctime assassino\u201d","robots":{"index":"index","follow":"follow","max-snippet":"max-snippet:-1","max-image-preview":"max-image-preview:large","max-video-preview":"max-video-preview:-1"},"canonical":"https:\/\/www.gaveanews.com\/index.php\/2020\/01\/30\/fluminense-emite-nota-oficial-sobre-canticos-com-o-termo-time-assassino\/","og_locale":"pt_BR","og_type":"article","og_title":"Fluminense emite nota oficial sobre c\u00e2nticos com o termo \u201ctime assassino\u201d","og_description":"Durante a vit\u00f3ria sobre o Flamengo, por 1 a 0, na noite da \u00faltima quarta-feira (29), no Maracan\u00e3, alguns torcedores do Fluminense entoaram c\u00e2nticos com o termo \u201ctime assassino\u201d para os rubro-negros. Uma refer\u00eancia ao inc\u00eandio que matou dez jovens atletas da base do clube da G\u00e1vea no Ninho do Urubu em fevereiro de 2019. [&hellip;]","og_url":"https:\/\/www.gaveanews.com\/index.php\/2020\/01\/30\/fluminense-emite-nota-oficial-sobre-canticos-com-o-termo-time-assassino\/","og_site_name":"G\u00e1vea News","article_publisher":"https:\/\/facebook.com\/gaveaNews\/","article_published_time":"2020-01-30T20:11:15+00:00","article_modified_time":"2020-01-30T20:11:19+00:00","og_image":[{"url":"https:\/\/www.gaveanews.com\/wp-content\/uploads\/2019\/03\/Escudo-do-Flamengo-e-exposto-proximo-a-um-dos-gols-no-gramado-do-Maracana.webp","width":1,"height":1,"type":"image\/jpeg"}],"author":"Equipe G\u00e1vea News","twitter_card":"summary_large_image","twitter_misc":{"Escrito por":"Equipe G\u00e1vea News","Est. tempo de leitura":"3 minutos"},"schema":{"@context":"https:\/\/schema.org","@graph":[{"@type":"NewsArticle","@id":"https:\/\/www.gaveanews.com\/index.php\/2020\/01\/30\/fluminense-emite-nota-oficial-sobre-canticos-com-o-termo-time-assassino\/#article","isPartOf":{"@id":"https:\/\/www.gaveanews.com\/index.php\/2020\/01\/30\/fluminense-emite-nota-oficial-sobre-canticos-com-o-termo-time-assassino\/"},"author":{"name":"Equipe G\u00e1vea News","@id":"https:\/\/www.gaveanews.com\/#\/schema\/person\/2ec14f73fb96be2caf28f91afb14749d"},"headline":"Fluminense emite nota oficial sobre c\u00e2nticos com o termo \u201ctime assassino\u201d","datePublished":"2020-01-30T20:11:15+00:00","dateModified":"2020-01-30T20:11:19+00:00","mainEntityOfPage":{"@id":"https:\/\/www.gaveanews.com\/index.php\/2020\/01\/30\/fluminense-emite-nota-oficial-sobre-canticos-com-o-termo-time-assassino\/"},"wordCount":538,"commentCount":33,"image":{"@id":"https:\/\/www.gaveanews.com\/index.php\/2020\/01\/30\/fluminense-emite-nota-oficial-sobre-canticos-com-o-termo-time-assassino\/#primaryimage"},"thumbnailUrl":"https:\/\/www.gaveanews.com\/wp-content\/uploads\/2019\/03\/Escudo-do-Flamengo-e-exposto-proximo-a-um-dos-gols-no-gramado-do-Maracana.webp","articleSection":["Flamengo"],"inLanguage":"pt-BR","potentialAction":[{"@type":"CommentAction","name":"Comment","target":["https:\/\/www.gaveanews.com\/index.php\/2020\/01\/30\/fluminense-emite-nota-oficial-sobre-canticos-com-o-termo-time-assassino\/#respond"]}],"copyrightYear":"2020","copyrightHolder":{"@id":"https:\/\/www.gaveanews.com\/#organization"}},{"@type":"WebPage","@id":"https:\/\/www.gaveanews.com\/index.php\/2020\/01\/30\/fluminense-emite-nota-oficial-sobre-canticos-com-o-termo-time-assassino\/","url":"https:\/\/www.gaveanews.com\/index.php\/2020\/01\/30\/fluminense-emite-nota-oficial-sobre-canticos-com-o-termo-time-assassino\/","name":"Fluminense emite nota oficial sobre c\u00e2nticos com o termo \u201ctime assassino\u201d","isPartOf":{"@id":"https:\/\/www.gaveanews.com\/#website"},"primaryImageOfPage":{"@id":"https:\/\/www.gaveanews.com\/index.php\/2020\/01\/30\/fluminense-emite-nota-oficial-sobre-canticos-com-o-termo-time-assassino\/#primaryimage"},"image":{"@id":"https:\/\/www.gaveanews.com\/index.php\/2020\/01\/30\/fluminense-emite-nota-oficial-sobre-canticos-com-o-termo-time-assassino\/#primaryimage"},"thumbnailUrl":"https:\/\/www.gaveanews.com\/wp-content\/uploads\/2019\/03\/Escudo-do-Flamengo-e-exposto-proximo-a-um-dos-gols-no-gramado-do-Maracana.webp","datePublished":"2020-01-30T20:11:15+00:00","dateModified":"2020-01-30T20:11:19+00:00","author":{"@id":"https:\/\/www.gaveanews.com\/#\/schema\/person\/2ec14f73fb96be2caf28f91afb14749d"},"breadcrumb":{"@id":"https:\/\/www.gaveanews.com\/index.php\/2020\/01\/30\/fluminense-emite-nota-oficial-sobre-canticos-com-o-termo-time-assassino\/#breadcrumb"},"inLanguage":"pt-BR","potentialAction":[{"@type":"ReadAction","target":["https:\/\/www.gaveanews.com\/index.php\/2020\/01\/30\/fluminense-emite-nota-oficial-sobre-canticos-com-o-termo-time-assassino\/"]}]},{"@type":"ImageObject","inLanguage":"pt-BR","@id":"https:\/\/www.gaveanews.com\/index.php\/2020\/01\/30\/fluminense-emite-nota-oficial-sobre-canticos-com-o-termo-time-assassino\/#primaryimage","url":"https:\/\/www.gaveanews.com\/wp-content\/uploads\/2019\/03\/Escudo-do-Flamengo-e-exposto-proximo-a-um-dos-gols-no-gramado-do-Maracana.webp","contentUrl":"https:\/\/www.gaveanews.com\/wp-content\/uploads\/2019\/03\/Escudo-do-Flamengo-e-exposto-proximo-a-um-dos-gols-no-gramado-do-Maracana.webp","caption":"Escudo do Flamengo \u00e9 exposto pr\u00f3ximo a um dos gols, no gramado do Maracan\u00e3 (Foto: Daniel Castelo Branco)"},{"@type":"BreadcrumbList","@id":"https:\/\/www.gaveanews.com\/index.php\/2020\/01\/30\/fluminense-emite-nota-oficial-sobre-canticos-com-o-termo-time-assassino\/#breadcrumb","itemListElement":[{"@type":"ListItem","position":1,"name":"Home","item":"https:\/\/www.gaveanews.com\/"},{"@type":"ListItem","position":2,"name":"Fluminense emite nota oficial sobre c\u00e2nticos com o termo \u201ctime assassino\u201d"}]},{"@type":"WebSite","@id":"https:\/\/www.gaveanews.com\/#website","url":"https:\/\/www.gaveanews.com\/","name":"G\u00e1vea News","description":"Veja todas as not\u00edcias sobre o Flamengo: Contrata\u00e7\u00f5es, categorias de base, resultados das partidas, tabela de classifica\u00e7\u00e3o, pr\u00f3ximos jogos!","potentialAction":[{"@type":"SearchAction","target":{"@type":"EntryPoint","urlTemplate":"https:\/\/www.gaveanews.com\/?s={search_term_string}"},"query-input":{"@type":"PropertyValueSpecification","valueRequired":true,"valueName":"search_term_string"}}],"inLanguage":"pt-BR"},{"@type":"Person","@id":"https:\/\/www.gaveanews.com\/#\/schema\/person\/2ec14f73fb96be2caf28f91afb14749d","name":"Equipe G\u00e1vea News","image":{"@type":"ImageObject","inLanguage":"pt-BR","@id":"https:\/\/www.gaveanews.com\/#\/schema\/person\/image\/","url":"https:\/\/secure.gravatar.com\/avatar\/1e1956f1facbffd3f8fa53a326721950116b3b9dc9bd44939c01180fd4a745a9?s=96&d=mm&r=g","contentUrl":"https:\/\/secure.gravatar.com\/avatar\/1e1956f1facbffd3f8fa53a326721950116b3b9dc9bd44939c01180fd4a745a9?s=96&d=mm&r=g","caption":"Equipe G\u00e1vea News"}}]}},"_links":{"self":[{"href":"https:\/\/www.gaveanews.com\/index.php\/wp-json\/wp\/v2\/posts\/36302","targetHints":{"allow":["GET"]}}],"collection":[{"href":"https:\/\/www.gaveanews.com\/index.php\/wp-json\/wp\/v2\/posts"}],"about":[{"href":"https:\/\/www.gaveanews.com\/index.php\/wp-json\/wp\/v2\/types\/post"}],"author":[{"embeddable":true,"href":"https:\/\/www.gaveanews.com\/index.php\/wp-json\/wp\/v2\/users\/1"}],"replies":[{"embeddable":true,"href":"https:\/\/www.gaveanews.com\/index.php\/wp-json\/wp\/v2\/comments?post=36302"}],"version-history":[{"count":0,"href":"https:\/\/www.gaveanews.com\/index.php\/wp-json\/wp\/v2\/posts\/36302\/revisions"}],"wp:featuredmedia":[{"embeddable":true,"href":"https:\/\/www.gaveanews.com\/index.php\/wp-json\/wp\/v2\/media\/15081"}],"wp:attachment":[{"href":"https:\/\/www.gaveanews.com\/index.php\/wp-json\/wp\/v2\/media?parent=36302"}],"wp:term":[{"taxonomy":"category","embeddable":true,"href":"https:\/\/www.gaveanews.com\/index.php\/wp-json\/wp\/v2\/categories?post=36302"},{"taxonomy":"post_tag","embeddable":true,"href":"https:\/\/www.gaveanews.com\/index.php\/wp-json\/wp\/v2\/tags?post=36302"}],"curies":[{"name":"wp","href":"https:\/\/api.w.org\/{rel}","templated":true}]}}