{"id":37103,"date":"2020-02-17T07:04:08","date_gmt":"2020-02-17T10:04:08","guid":{"rendered":"http:\/\/www.gaveanews.com\/?p=37103"},"modified":"2020-02-17T07:04:10","modified_gmt":"2020-02-17T10:04:10","slug":"treinador-jorge-jesus-admite-dificuldade-para-escalar-reforcos-no-flamengo","status":"publish","type":"post","link":"https:\/\/www.gaveanews.com\/index.php\/2020\/02\/17\/treinador-jorge-jesus-admite-dificuldade-para-escalar-reforcos-no-flamengo\/","title":{"rendered":"Treinador Jorge Jesus admite dificuldade para escalar refor\u00e7os no Flamengo"},"content":{"rendered":"\n<p>O Flamengo conquistou a Supercopa do Brasil neste domingo (16) ao derrotar o Athletico Paranaense por 3 a 0 no Est\u00e1dio Man\u00e9 Garrincha, em Bras\u00edlia, e apesar de contar com nomes como Michael, Pedro e Pedro Rocha no elenco, os gols do t\u00edtulo foram marcados por velhos conhecidos da torcida rubro-negra: Bruno Henrique, Gabigol e Arrascaeta.<\/p>\n\n\n\n<p>Em entrevista coletiva ap\u00f3s a partida, ao ser questionado sobre a utiliza\u00e7\u00e3o dos atacantes Pedro e Pedro Rocha, o t\u00e9cnico Jorge Jesus falou sobre o aproveitamento dos refor\u00e7os contratados para a temporada. De todos jogadores rec\u00e9m-chegados que estavam \u00e0 disposi\u00e7\u00e3o, apenas o zagueiro Gustavo Henrique foi titular e Michael entrou em campo no segundo tempo. Os atacantes Pedro e Pedro Rocha, al\u00e9m do volante Thiago Maia, ficaram como op\u00e7\u00f5es no banco de reservas.<\/p>\n\n\n\n<p>\u201cN\u00e3o \u00e9 f\u00e1cil entrar neste time. N\u00e3o s\u00f3 pela qualidade, mas estes jogadores que jogam t\u00eam oito meses comigo. Trabalhamos n\u00e3o s\u00f3 a t\u00e9cnica, mas componentes t\u00e1ticos e movimenta\u00e7\u00f5es, que s\u00e3o importantes. Essa equipe t\u00eam muito tempo e joga j\u00e1 quase de olhos fechados. Estes novos ainda n\u00e3o sabem a movimenta\u00e7\u00e3o da equipe. De pouco a pouco vamos introduzindo. Alguns jogadores que chegaram v\u00e3o ter que esperar mais tempo. Mas o crescimento e a aprendizagem devem estar mais pr\u00f3ximos para que possam jogar\u2019, explicou.<\/p>\n\n\n\n<p>O treinador portugu\u00eas ainda destacou a dedica\u00e7\u00e3o do elenco rubro-negro. \u201cEstou seguro de que j\u00e1 tive oportunidade de dizer que nunca trabalhei com jogadores que fossem t\u00e3o apaixonados, dedicados e profissionais, que acreditassem tanto no l\u00edder que trabalha com eles.\u201d<\/p>\n\n\n\n<p>Ap\u00f3s a conquista, o Flamengo j\u00e1 volta suas aten\u00e7\u00f5es para a disputa da partida de ida da Recopa Sul-Americana, contra o Independiente Del Valle, atual campe\u00e3o da Copa Sul-Americana. A partida ser\u00e1 disputada nesta quarta-feira (19), \u00e0s 22h30 (de Bras\u00edlia), no Est\u00e1dio Ol\u00edmpico Atahualpa, no Equador.<\/p>\n\n\n\n<p>Retirado de: Torcedores<\/p>\n","protected":false},"excerpt":{"rendered":"<p>O Flamengo conquistou a Supercopa do Brasil neste domingo (16) ao derrotar o Athletico Paranaense por 3 a 0 no Est\u00e1dio Man\u00e9 Garrincha, em Bras\u00edlia, e apesar de contar com nomes como Michael, Pedro e Pedro Rocha no elenco, os gols do t\u00edtulo foram marcados por velhos conhecidos da torcida rubro-negra: Bruno Henrique, Gabigol e [&hellip;]<\/p>\n","protected":false},"author":1,"featured_media":28886,"comment_status":"open","ping_status":"closed","sticky":false,"template":"","format":"standard","meta":{"footnotes":""},"categories":[1],"tags":[],"class_list":["post-37103","post","type-post","status-publish","format-standard","has-post-thumbnail","hentry","category-flamengo"],"yoast_head":"<!-- This site is optimized with the Yoast SEO Premium plugin v24.2 (Yoast SEO v26.9) - https:\/\/yoast.com\/product\/yoast-seo-premium-wordpress\/ -->\n<title>Treinador Jorge Jesus admite dificuldade para escalar refor\u00e7os no Flamengo<\/title>\n<meta name=\"robots\" content=\"index, follow, max-snippet:-1, max-image-preview:large, max-video-preview:-1\" \/>\n<link rel=\"canonical\" href=\"https:\/\/www.gaveanews.com\/index.php\/2020\/02\/17\/treinador-jorge-jesus-admite-dificuldade-para-escalar-reforcos-no-flamengo\/\" \/>\n<meta property=\"og:locale\" content=\"pt_BR\" \/>\n<meta property=\"og:type\" content=\"article\" \/>\n<meta property=\"og:title\" content=\"Treinador Jorge Jesus admite dificuldade para escalar refor\u00e7os no Flamengo\" \/>\n<meta property=\"og:description\" content=\"O Flamengo conquistou a Supercopa do Brasil neste domingo (16) ao derrotar o Athletico Paranaense por 3 a 0 no Est\u00e1dio Man\u00e9 Garrincha, em Bras\u00edlia, e apesar de contar com nomes como Michael, Pedro e Pedro Rocha no elenco, os gols do t\u00edtulo foram marcados por velhos conhecidos da torcida rubro-negra: Bruno Henrique, Gabigol e [&hellip;]\" \/>\n<meta property=\"og:url\" content=\"https:\/\/www.gaveanews.com\/index.php\/2020\/02\/17\/treinador-jorge-jesus-admite-dificuldade-para-escalar-reforcos-no-flamengo\/\" \/>\n<meta property=\"og:site_name\" content=\"G\u00e1vea News\" \/>\n<meta property=\"article:publisher\" content=\"https:\/\/facebook.com\/gaveaNews\/\" \/>\n<meta property=\"article:published_time\" content=\"2020-02-17T10:04:08+00:00\" \/>\n<meta property=\"article:modified_time\" content=\"2020-02-17T10:04:10+00:00\" \/>\n<meta property=\"og:image\" content=\"https:\/\/www.gaveanews.com\/wp-content\/uploads\/Jorge-Jesus-durante-uma-partida-do-Flamengo.webp\" \/>\n\t<meta property=\"og:image:width\" content=\"900\" \/>\n\t<meta property=\"og:image:height\" content=\"600\" \/>\n\t<meta property=\"og:image:type\" content=\"image\/jpeg\" \/>\n<meta name=\"author\" content=\"Equipe G\u00e1vea News\" \/>\n<meta name=\"twitter:card\" content=\"summary_large_image\" \/>\n<meta name=\"twitter:label1\" content=\"Escrito por\" \/>\n\t<meta name=\"twitter:data1\" content=\"Equipe G\u00e1vea News\" \/>\n\t<meta name=\"twitter:label2\" content=\"Est. tempo de leitura\" \/>\n\t<meta name=\"twitter:data2\" content=\"2 minutos\" \/>\n<script type=\"application\/ld+json\" class=\"yoast-schema-graph\">{\"@context\":\"https:\/\/schema.org\",\"@graph\":[{\"@type\":\"NewsArticle\",\"@id\":\"https:\/\/www.gaveanews.com\/index.php\/2020\/02\/17\/treinador-jorge-jesus-admite-dificuldade-para-escalar-reforcos-no-flamengo\/#article\",\"isPartOf\":{\"@id\":\"https:\/\/www.gaveanews.com\/index.php\/2020\/02\/17\/treinador-jorge-jesus-admite-dificuldade-para-escalar-reforcos-no-flamengo\/\"},\"author\":{\"name\":\"Equipe G\u00e1vea News\",\"@id\":\"https:\/\/www.gaveanews.com\/#\/schema\/person\/2ec14f73fb96be2caf28f91afb14749d\"},\"headline\":\"Treinador Jorge Jesus admite dificuldade para escalar refor\u00e7os no Flamengo\",\"datePublished\":\"2020-02-17T10:04:08+00:00\",\"dateModified\":\"2020-02-17T10:04:10+00:00\",\"mainEntityOfPage\":{\"@id\":\"https:\/\/www.gaveanews.com\/index.php\/2020\/02\/17\/treinador-jorge-jesus-admite-dificuldade-para-escalar-reforcos-no-flamengo\/\"},\"wordCount\":342,\"commentCount\":25,\"image\":{\"@id\":\"https:\/\/www.gaveanews.com\/index.php\/2020\/02\/17\/treinador-jorge-jesus-admite-dificuldade-para-escalar-reforcos-no-flamengo\/#primaryimage\"},\"thumbnailUrl\":\"https:\/\/www.gaveanews.com\/wp-content\/uploads\/Jorge-Jesus-durante-uma-partida-do-Flamengo.webp\",\"articleSection\":[\"Flamengo\"],\"inLanguage\":\"pt-BR\",\"potentialAction\":[{\"@type\":\"CommentAction\",\"name\":\"Comment\",\"target\":[\"https:\/\/www.gaveanews.com\/index.php\/2020\/02\/17\/treinador-jorge-jesus-admite-dificuldade-para-escalar-reforcos-no-flamengo\/#respond\"]}],\"copyrightYear\":\"2020\",\"copyrightHolder\":{\"@id\":\"https:\/\/www.gaveanews.com\/#organization\"}},{\"@type\":\"WebPage\",\"@id\":\"https:\/\/www.gaveanews.com\/index.php\/2020\/02\/17\/treinador-jorge-jesus-admite-dificuldade-para-escalar-reforcos-no-flamengo\/\",\"url\":\"https:\/\/www.gaveanews.com\/index.php\/2020\/02\/17\/treinador-jorge-jesus-admite-dificuldade-para-escalar-reforcos-no-flamengo\/\",\"name\":\"Treinador Jorge Jesus admite dificuldade para escalar refor\u00e7os no Flamengo\",\"isPartOf\":{\"@id\":\"https:\/\/www.gaveanews.com\/#website\"},\"primaryImageOfPage\":{\"@id\":\"https:\/\/www.gaveanews.com\/index.php\/2020\/02\/17\/treinador-jorge-jesus-admite-dificuldade-para-escalar-reforcos-no-flamengo\/#primaryimage\"},\"image\":{\"@id\":\"https:\/\/www.gaveanews.com\/index.php\/2020\/02\/17\/treinador-jorge-jesus-admite-dificuldade-para-escalar-reforcos-no-flamengo\/#primaryimage\"},\"thumbnailUrl\":\"https:\/\/www.gaveanews.com\/wp-content\/uploads\/Jorge-Jesus-durante-uma-partida-do-Flamengo.webp\",\"datePublished\":\"2020-02-17T10:04:08+00:00\",\"dateModified\":\"2020-02-17T10:04:10+00:00\",\"author\":{\"@id\":\"https:\/\/www.gaveanews.com\/#\/schema\/person\/2ec14f73fb96be2caf28f91afb14749d\"},\"breadcrumb\":{\"@id\":\"https:\/\/www.gaveanews.com\/index.php\/2020\/02\/17\/treinador-jorge-jesus-admite-dificuldade-para-escalar-reforcos-no-flamengo\/#breadcrumb\"},\"inLanguage\":\"pt-BR\",\"potentialAction\":[{\"@type\":\"ReadAction\",\"target\":[\"https:\/\/www.gaveanews.com\/index.php\/2020\/02\/17\/treinador-jorge-jesus-admite-dificuldade-para-escalar-reforcos-no-flamengo\/\"]}]},{\"@type\":\"ImageObject\",\"inLanguage\":\"pt-BR\",\"@id\":\"https:\/\/www.gaveanews.com\/index.php\/2020\/02\/17\/treinador-jorge-jesus-admite-dificuldade-para-escalar-reforcos-no-flamengo\/#primaryimage\",\"url\":\"https:\/\/www.gaveanews.com\/wp-content\/uploads\/Jorge-Jesus-durante-uma-partida-do-Flamengo.webp\",\"contentUrl\":\"https:\/\/www.gaveanews.com\/wp-content\/uploads\/Jorge-Jesus-durante-uma-partida-do-Flamengo.webp\",\"width\":900,\"height\":600,\"caption\":\"Jorge Jesus durante uma partida do Flamengo (Foto: Alexandre Vidal\/Flamengo)\"},{\"@type\":\"BreadcrumbList\",\"@id\":\"https:\/\/www.gaveanews.com\/index.php\/2020\/02\/17\/treinador-jorge-jesus-admite-dificuldade-para-escalar-reforcos-no-flamengo\/#breadcrumb\",\"itemListElement\":[{\"@type\":\"ListItem\",\"position\":1,\"name\":\"Home\",\"item\":\"https:\/\/www.gaveanews.com\/\"},{\"@type\":\"ListItem\",\"position\":2,\"name\":\"Treinador Jorge Jesus admite dificuldade para escalar refor\u00e7os no Flamengo\"}]},{\"@type\":\"WebSite\",\"@id\":\"https:\/\/www.gaveanews.com\/#website\",\"url\":\"https:\/\/www.gaveanews.com\/\",\"name\":\"G\u00e1vea News\",\"description\":\"Veja todas as not\u00edcias sobre o Flamengo: Contrata\u00e7\u00f5es, categorias de base, resultados das partidas, tabela de classifica\u00e7\u00e3o, pr\u00f3ximos jogos!\",\"potentialAction\":[{\"@type\":\"SearchAction\",\"target\":{\"@type\":\"EntryPoint\",\"urlTemplate\":\"https:\/\/www.gaveanews.com\/?s={search_term_string}\"},\"query-input\":{\"@type\":\"PropertyValueSpecification\",\"valueRequired\":true,\"valueName\":\"search_term_string\"}}],\"inLanguage\":\"pt-BR\"},{\"@type\":\"Person\",\"@id\":\"https:\/\/www.gaveanews.com\/#\/schema\/person\/2ec14f73fb96be2caf28f91afb14749d\",\"name\":\"Equipe G\u00e1vea News\",\"image\":{\"@type\":\"ImageObject\",\"inLanguage\":\"pt-BR\",\"@id\":\"https:\/\/www.gaveanews.com\/#\/schema\/person\/image\/\",\"url\":\"https:\/\/secure.gravatar.com\/avatar\/1e1956f1facbffd3f8fa53a326721950116b3b9dc9bd44939c01180fd4a745a9?s=96&d=mm&r=g\",\"contentUrl\":\"https:\/\/secure.gravatar.com\/avatar\/1e1956f1facbffd3f8fa53a326721950116b3b9dc9bd44939c01180fd4a745a9?s=96&d=mm&r=g\",\"caption\":\"Equipe G\u00e1vea News\"}}]}<\/script>\n<!-- \/ Yoast SEO Premium plugin. -->","yoast_head_json":{"title":"Treinador Jorge Jesus admite dificuldade para escalar refor\u00e7os no Flamengo","robots":{"index":"index","follow":"follow","max-snippet":"max-snippet:-1","max-image-preview":"max-image-preview:large","max-video-preview":"max-video-preview:-1"},"canonical":"https:\/\/www.gaveanews.com\/index.php\/2020\/02\/17\/treinador-jorge-jesus-admite-dificuldade-para-escalar-reforcos-no-flamengo\/","og_locale":"pt_BR","og_type":"article","og_title":"Treinador Jorge Jesus admite dificuldade para escalar refor\u00e7os no Flamengo","og_description":"O Flamengo conquistou a Supercopa do Brasil neste domingo (16) ao derrotar o Athletico Paranaense por 3 a 0 no Est\u00e1dio Man\u00e9 Garrincha, em Bras\u00edlia, e apesar de contar com nomes como Michael, Pedro e Pedro Rocha no elenco, os gols do t\u00edtulo foram marcados por velhos conhecidos da torcida rubro-negra: Bruno Henrique, Gabigol e [&hellip;]","og_url":"https:\/\/www.gaveanews.com\/index.php\/2020\/02\/17\/treinador-jorge-jesus-admite-dificuldade-para-escalar-reforcos-no-flamengo\/","og_site_name":"G\u00e1vea News","article_publisher":"https:\/\/facebook.com\/gaveaNews\/","article_published_time":"2020-02-17T10:04:08+00:00","article_modified_time":"2020-02-17T10:04:10+00:00","og_image":[{"width":900,"height":600,"url":"https:\/\/www.gaveanews.com\/wp-content\/uploads\/Jorge-Jesus-durante-uma-partida-do-Flamengo.webp","type":"image\/jpeg"}],"author":"Equipe G\u00e1vea News","twitter_card":"summary_large_image","twitter_misc":{"Escrito por":"Equipe G\u00e1vea News","Est. tempo de leitura":"2 minutos"},"schema":{"@context":"https:\/\/schema.org","@graph":[{"@type":"NewsArticle","@id":"https:\/\/www.gaveanews.com\/index.php\/2020\/02\/17\/treinador-jorge-jesus-admite-dificuldade-para-escalar-reforcos-no-flamengo\/#article","isPartOf":{"@id":"https:\/\/www.gaveanews.com\/index.php\/2020\/02\/17\/treinador-jorge-jesus-admite-dificuldade-para-escalar-reforcos-no-flamengo\/"},"author":{"name":"Equipe G\u00e1vea News","@id":"https:\/\/www.gaveanews.com\/#\/schema\/person\/2ec14f73fb96be2caf28f91afb14749d"},"headline":"Treinador Jorge Jesus admite dificuldade para escalar refor\u00e7os no Flamengo","datePublished":"2020-02-17T10:04:08+00:00","dateModified":"2020-02-17T10:04:10+00:00","mainEntityOfPage":{"@id":"https:\/\/www.gaveanews.com\/index.php\/2020\/02\/17\/treinador-jorge-jesus-admite-dificuldade-para-escalar-reforcos-no-flamengo\/"},"wordCount":342,"commentCount":25,"image":{"@id":"https:\/\/www.gaveanews.com\/index.php\/2020\/02\/17\/treinador-jorge-jesus-admite-dificuldade-para-escalar-reforcos-no-flamengo\/#primaryimage"},"thumbnailUrl":"https:\/\/www.gaveanews.com\/wp-content\/uploads\/Jorge-Jesus-durante-uma-partida-do-Flamengo.webp","articleSection":["Flamengo"],"inLanguage":"pt-BR","potentialAction":[{"@type":"CommentAction","name":"Comment","target":["https:\/\/www.gaveanews.com\/index.php\/2020\/02\/17\/treinador-jorge-jesus-admite-dificuldade-para-escalar-reforcos-no-flamengo\/#respond"]}],"copyrightYear":"2020","copyrightHolder":{"@id":"https:\/\/www.gaveanews.com\/#organization"}},{"@type":"WebPage","@id":"https:\/\/www.gaveanews.com\/index.php\/2020\/02\/17\/treinador-jorge-jesus-admite-dificuldade-para-escalar-reforcos-no-flamengo\/","url":"https:\/\/www.gaveanews.com\/index.php\/2020\/02\/17\/treinador-jorge-jesus-admite-dificuldade-para-escalar-reforcos-no-flamengo\/","name":"Treinador Jorge Jesus admite dificuldade para escalar refor\u00e7os no Flamengo","isPartOf":{"@id":"https:\/\/www.gaveanews.com\/#website"},"primaryImageOfPage":{"@id":"https:\/\/www.gaveanews.com\/index.php\/2020\/02\/17\/treinador-jorge-jesus-admite-dificuldade-para-escalar-reforcos-no-flamengo\/#primaryimage"},"image":{"@id":"https:\/\/www.gaveanews.com\/index.php\/2020\/02\/17\/treinador-jorge-jesus-admite-dificuldade-para-escalar-reforcos-no-flamengo\/#primaryimage"},"thumbnailUrl":"https:\/\/www.gaveanews.com\/wp-content\/uploads\/Jorge-Jesus-durante-uma-partida-do-Flamengo.webp","datePublished":"2020-02-17T10:04:08+00:00","dateModified":"2020-02-17T10:04:10+00:00","author":{"@id":"https:\/\/www.gaveanews.com\/#\/schema\/person\/2ec14f73fb96be2caf28f91afb14749d"},"breadcrumb":{"@id":"https:\/\/www.gaveanews.com\/index.php\/2020\/02\/17\/treinador-jorge-jesus-admite-dificuldade-para-escalar-reforcos-no-flamengo\/#breadcrumb"},"inLanguage":"pt-BR","potentialAction":[{"@type":"ReadAction","target":["https:\/\/www.gaveanews.com\/index.php\/2020\/02\/17\/treinador-jorge-jesus-admite-dificuldade-para-escalar-reforcos-no-flamengo\/"]}]},{"@type":"ImageObject","inLanguage":"pt-BR","@id":"https:\/\/www.gaveanews.com\/index.php\/2020\/02\/17\/treinador-jorge-jesus-admite-dificuldade-para-escalar-reforcos-no-flamengo\/#primaryimage","url":"https:\/\/www.gaveanews.com\/wp-content\/uploads\/Jorge-Jesus-durante-uma-partida-do-Flamengo.webp","contentUrl":"https:\/\/www.gaveanews.com\/wp-content\/uploads\/Jorge-Jesus-durante-uma-partida-do-Flamengo.webp","width":900,"height":600,"caption":"Jorge Jesus durante uma partida do Flamengo (Foto: Alexandre Vidal\/Flamengo)"},{"@type":"BreadcrumbList","@id":"https:\/\/www.gaveanews.com\/index.php\/2020\/02\/17\/treinador-jorge-jesus-admite-dificuldade-para-escalar-reforcos-no-flamengo\/#breadcrumb","itemListElement":[{"@type":"ListItem","position":1,"name":"Home","item":"https:\/\/www.gaveanews.com\/"},{"@type":"ListItem","position":2,"name":"Treinador Jorge Jesus admite dificuldade para escalar refor\u00e7os no Flamengo"}]},{"@type":"WebSite","@id":"https:\/\/www.gaveanews.com\/#website","url":"https:\/\/www.gaveanews.com\/","name":"G\u00e1vea News","description":"Veja todas as not\u00edcias sobre o Flamengo: Contrata\u00e7\u00f5es, categorias de base, resultados das partidas, tabela de classifica\u00e7\u00e3o, pr\u00f3ximos jogos!","potentialAction":[{"@type":"SearchAction","target":{"@type":"EntryPoint","urlTemplate":"https:\/\/www.gaveanews.com\/?s={search_term_string}"},"query-input":{"@type":"PropertyValueSpecification","valueRequired":true,"valueName":"search_term_string"}}],"inLanguage":"pt-BR"},{"@type":"Person","@id":"https:\/\/www.gaveanews.com\/#\/schema\/person\/2ec14f73fb96be2caf28f91afb14749d","name":"Equipe G\u00e1vea News","image":{"@type":"ImageObject","inLanguage":"pt-BR","@id":"https:\/\/www.gaveanews.com\/#\/schema\/person\/image\/","url":"https:\/\/secure.gravatar.com\/avatar\/1e1956f1facbffd3f8fa53a326721950116b3b9dc9bd44939c01180fd4a745a9?s=96&d=mm&r=g","contentUrl":"https:\/\/secure.gravatar.com\/avatar\/1e1956f1facbffd3f8fa53a326721950116b3b9dc9bd44939c01180fd4a745a9?s=96&d=mm&r=g","caption":"Equipe G\u00e1vea News"}}]}},"_links":{"self":[{"href":"https:\/\/www.gaveanews.com\/index.php\/wp-json\/wp\/v2\/posts\/37103","targetHints":{"allow":["GET"]}}],"collection":[{"href":"https:\/\/www.gaveanews.com\/index.php\/wp-json\/wp\/v2\/posts"}],"about":[{"href":"https:\/\/www.gaveanews.com\/index.php\/wp-json\/wp\/v2\/types\/post"}],"author":[{"embeddable":true,"href":"https:\/\/www.gaveanews.com\/index.php\/wp-json\/wp\/v2\/users\/1"}],"replies":[{"embeddable":true,"href":"https:\/\/www.gaveanews.com\/index.php\/wp-json\/wp\/v2\/comments?post=37103"}],"version-history":[{"count":0,"href":"https:\/\/www.gaveanews.com\/index.php\/wp-json\/wp\/v2\/posts\/37103\/revisions"}],"wp:featuredmedia":[{"embeddable":true,"href":"https:\/\/www.gaveanews.com\/index.php\/wp-json\/wp\/v2\/media\/28886"}],"wp:attachment":[{"href":"https:\/\/www.gaveanews.com\/index.php\/wp-json\/wp\/v2\/media?parent=37103"}],"wp:term":[{"taxonomy":"category","embeddable":true,"href":"https:\/\/www.gaveanews.com\/index.php\/wp-json\/wp\/v2\/categories?post=37103"},{"taxonomy":"post_tag","embeddable":true,"href":"https:\/\/www.gaveanews.com\/index.php\/wp-json\/wp\/v2\/tags?post=37103"}],"curies":[{"name":"wp","href":"https:\/\/api.w.org\/{rel}","templated":true}]}}