{"id":37109,"date":"2020-02-17T10:53:25","date_gmt":"2020-02-17T13:53:25","guid":{"rendered":"http:\/\/www.gaveanews.com\/?p=37109"},"modified":"2020-02-17T10:53:27","modified_gmt":"2020-02-17T13:53:27","slug":"trio-de-ataque-do-flamengo-tera-que-ser-desfeito-na-primeira-partida-da-recopa","status":"publish","type":"post","link":"https:\/\/www.gaveanews.com\/index.php\/2020\/02\/17\/trio-de-ataque-do-flamengo-tera-que-ser-desfeito-na-primeira-partida-da-recopa\/","title":{"rendered":"Trio de ataque do Flamengo ter\u00e1 que ser desfeito na primeira partida da Recopa"},"content":{"rendered":"\n<p>Bruno Henrique, Gabigol e Arrascaeta. O trio segue fren\u00e9tico e a toada de 2019, quando conduziu o Flamengo aos t\u00edtulos do Carioca, do Brasileiro e da Libertadores. Neste domingo, diante do Athletico-PR, a vit\u00f3ria por 3 a 0 se deu gra\u00e7as a um gol de cada e levou o time \u00e0 in\u00e9dita ta\u00e7a da Supercopa do Brasil.<\/p>\n\n\n\n<p>No entanto, o trio ter\u00e1 que ser desfeito para a partida de ida da Recopa Sul-Americana, a ocorrer nesta quarta-feira, \u00e0s 22h30 (de Bras\u00edlia), no Est\u00e1dio Ol\u00edmpico Atahualpa, em Quito. Isso porque, Gabigol cumprir\u00e1 suspens\u00e3o autom\u00e1tica &#8211; uma vez que foi expulso na decis\u00e3o da Libertadores-2020.<\/p>\n\n\n\n<p>Em entrevista coletiva, Jorge Jesus n\u00e3o quis apontar se Pedro, centroavante de of\u00edcio, ser\u00e1 o substituto de Gabigol pela decis\u00e3o continental.<\/p>\n\n\n\n<p>\u2014 Vamos ver como os jogadores v\u00e3o se recuperar nesses tr\u00eas dias. Se tivermos que mudar mais do que estamos acostumados, vamos fazer &#8211; comentou.<\/p>\n\n\n\n<p>Ainda \u00e9 cedo para dimensionar a aus\u00eancia de Gabigol, que estar\u00e1 \u00e0 disposi\u00e7\u00e3o para a final\u00edssima, dia 26, no Maracan\u00e3. Na temporada passada, cabe sublinhar, o trio em quest\u00e3o participou de 142 jogadas entre gols e assist\u00eancias.<\/p>\n\n\n\n<p>Gabigol anotou 43 gols e 12 assist\u00eancias em 59 jogos. J\u00e1 Bruno Henrique marcou 35 vezes e deu 15 passes certeiros em 62 partidas. Arrascaeta, por sua vez, conseguiu balan\u00e7ar as redes em 18 ocasi\u00f5es, al\u00e9m de ter dado 19 passes para gols em 52 duelos somados.<\/p>\n\n\n\n<p>Neste ano, em quatro jogos do grupo principal, s\u00e3o 12 participa\u00e7\u00f5es diretas. Gabriel permanece \u00e0 frente quanto aos gols: quatro, al\u00e9m de duas assist\u00eancias. Bruno possui tr\u00eas tentos e uma assist\u00eancia, assim como o uruguaio, que marcou uma vez at\u00e9 aqui &#8211; justamente neste domingo.<\/p>\n\n\n\n<p>A respeito do not\u00e1vel entrosamento com Gabigol e Arrascaeta, Bruno Henrique externou a sua vers\u00e3o para o sucesso, ratificado em mais um jogo decisivo.<\/p>\n\n\n\n<p>\u2014 Eu, Gabriel, Arrascaeta, Everton, Diego\u2026 O time todo, a gente se identifica muito bem. Claro que n\u00f3s, do ataque, somos fundamentais para dar essa alavanca no time, nos entendemos muito bem, e muito gra\u00e7as aos trabalhos fortes nos treinos. Fazemos de tudo para chegarmos aos jogos super bem.<\/p>\n\n\n\n<p>Retirado de: Lance<\/p>\n","protected":false},"excerpt":{"rendered":"<p>Bruno Henrique, Gabigol e Arrascaeta. O trio segue fren\u00e9tico e a toada de 2019, quando conduziu o Flamengo aos t\u00edtulos do Carioca, do Brasileiro e da Libertadores. Neste domingo, diante do Athletico-PR, a vit\u00f3ria por 3 a 0 se deu gra\u00e7as a um gol de cada e levou o time \u00e0 in\u00e9dita ta\u00e7a da Supercopa [&hellip;]<\/p>\n","protected":false},"author":1,"featured_media":36483,"comment_status":"open","ping_status":"closed","sticky":false,"template":"","format":"standard","meta":{"footnotes":""},"categories":[1],"tags":[],"class_list":["post-37109","post","type-post","status-publish","format-standard","has-post-thumbnail","hentry","category-flamengo"],"yoast_head":"<!-- This site is optimized with the Yoast SEO Premium plugin v24.2 (Yoast SEO v26.9) - https:\/\/yoast.com\/product\/yoast-seo-premium-wordpress\/ -->\n<title>Trio de ataque do Flamengo ter\u00e1 que ser desfeito na primeira partida da Recopa<\/title>\n<meta name=\"robots\" content=\"index, follow, max-snippet:-1, max-image-preview:large, max-video-preview:-1\" \/>\n<link rel=\"canonical\" href=\"https:\/\/www.gaveanews.com\/index.php\/2020\/02\/17\/trio-de-ataque-do-flamengo-tera-que-ser-desfeito-na-primeira-partida-da-recopa\/\" \/>\n<meta property=\"og:locale\" content=\"pt_BR\" \/>\n<meta property=\"og:type\" content=\"article\" \/>\n<meta property=\"og:title\" content=\"Trio de ataque do Flamengo ter\u00e1 que ser desfeito na primeira partida da Recopa\" \/>\n<meta property=\"og:description\" content=\"Bruno Henrique, Gabigol e Arrascaeta. O trio segue fren\u00e9tico e a toada de 2019, quando conduziu o Flamengo aos t\u00edtulos do Carioca, do Brasileiro e da Libertadores. Neste domingo, diante do Athletico-PR, a vit\u00f3ria por 3 a 0 se deu gra\u00e7as a um gol de cada e levou o time \u00e0 in\u00e9dita ta\u00e7a da Supercopa [&hellip;]\" \/>\n<meta property=\"og:url\" content=\"https:\/\/www.gaveanews.com\/index.php\/2020\/02\/17\/trio-de-ataque-do-flamengo-tera-que-ser-desfeito-na-primeira-partida-da-recopa\/\" \/>\n<meta property=\"og:site_name\" content=\"G\u00e1vea News\" \/>\n<meta property=\"article:publisher\" content=\"https:\/\/facebook.com\/gaveaNews\/\" \/>\n<meta property=\"article:published_time\" content=\"2020-02-17T13:53:25+00:00\" \/>\n<meta property=\"article:modified_time\" content=\"2020-02-17T13:53:27+00:00\" \/>\n<meta property=\"og:image\" content=\"https:\/\/www.gaveanews.com\/wp-content\/uploads\/Gabigol-em-acao-pelo-Flamengo.webp\" \/>\n\t<meta property=\"og:image:width\" content=\"1\" \/>\n\t<meta property=\"og:image:height\" content=\"1\" \/>\n\t<meta property=\"og:image:type\" content=\"image\/jpeg\" \/>\n<meta name=\"author\" content=\"Equipe G\u00e1vea News\" \/>\n<meta name=\"twitter:card\" content=\"summary_large_image\" \/>\n<meta name=\"twitter:label1\" content=\"Escrito por\" \/>\n\t<meta name=\"twitter:data1\" content=\"Equipe G\u00e1vea News\" \/>\n\t<meta name=\"twitter:label2\" content=\"Est. tempo de leitura\" \/>\n\t<meta name=\"twitter:data2\" content=\"2 minutos\" \/>\n<script type=\"application\/ld+json\" class=\"yoast-schema-graph\">{\"@context\":\"https:\/\/schema.org\",\"@graph\":[{\"@type\":\"NewsArticle\",\"@id\":\"https:\/\/www.gaveanews.com\/index.php\/2020\/02\/17\/trio-de-ataque-do-flamengo-tera-que-ser-desfeito-na-primeira-partida-da-recopa\/#article\",\"isPartOf\":{\"@id\":\"https:\/\/www.gaveanews.com\/index.php\/2020\/02\/17\/trio-de-ataque-do-flamengo-tera-que-ser-desfeito-na-primeira-partida-da-recopa\/\"},\"author\":{\"name\":\"Equipe G\u00e1vea News\",\"@id\":\"https:\/\/www.gaveanews.com\/#\/schema\/person\/2ec14f73fb96be2caf28f91afb14749d\"},\"headline\":\"Trio de ataque do Flamengo ter\u00e1 que ser desfeito na primeira partida da Recopa\",\"datePublished\":\"2020-02-17T13:53:25+00:00\",\"dateModified\":\"2020-02-17T13:53:27+00:00\",\"mainEntityOfPage\":{\"@id\":\"https:\/\/www.gaveanews.com\/index.php\/2020\/02\/17\/trio-de-ataque-do-flamengo-tera-que-ser-desfeito-na-primeira-partida-da-recopa\/\"},\"wordCount\":383,\"commentCount\":28,\"image\":{\"@id\":\"https:\/\/www.gaveanews.com\/index.php\/2020\/02\/17\/trio-de-ataque-do-flamengo-tera-que-ser-desfeito-na-primeira-partida-da-recopa\/#primaryimage\"},\"thumbnailUrl\":\"https:\/\/www.gaveanews.com\/wp-content\/uploads\/Gabigol-em-acao-pelo-Flamengo.webp\",\"articleSection\":[\"Flamengo\"],\"inLanguage\":\"pt-BR\",\"potentialAction\":[{\"@type\":\"CommentAction\",\"name\":\"Comment\",\"target\":[\"https:\/\/www.gaveanews.com\/index.php\/2020\/02\/17\/trio-de-ataque-do-flamengo-tera-que-ser-desfeito-na-primeira-partida-da-recopa\/#respond\"]}],\"copyrightYear\":\"2020\",\"copyrightHolder\":{\"@id\":\"https:\/\/www.gaveanews.com\/#organization\"}},{\"@type\":\"WebPage\",\"@id\":\"https:\/\/www.gaveanews.com\/index.php\/2020\/02\/17\/trio-de-ataque-do-flamengo-tera-que-ser-desfeito-na-primeira-partida-da-recopa\/\",\"url\":\"https:\/\/www.gaveanews.com\/index.php\/2020\/02\/17\/trio-de-ataque-do-flamengo-tera-que-ser-desfeito-na-primeira-partida-da-recopa\/\",\"name\":\"Trio de ataque do Flamengo ter\u00e1 que ser desfeito na primeira partida da Recopa\",\"isPartOf\":{\"@id\":\"https:\/\/www.gaveanews.com\/#website\"},\"primaryImageOfPage\":{\"@id\":\"https:\/\/www.gaveanews.com\/index.php\/2020\/02\/17\/trio-de-ataque-do-flamengo-tera-que-ser-desfeito-na-primeira-partida-da-recopa\/#primaryimage\"},\"image\":{\"@id\":\"https:\/\/www.gaveanews.com\/index.php\/2020\/02\/17\/trio-de-ataque-do-flamengo-tera-que-ser-desfeito-na-primeira-partida-da-recopa\/#primaryimage\"},\"thumbnailUrl\":\"https:\/\/www.gaveanews.com\/wp-content\/uploads\/Gabigol-em-acao-pelo-Flamengo.webp\",\"datePublished\":\"2020-02-17T13:53:25+00:00\",\"dateModified\":\"2020-02-17T13:53:27+00:00\",\"author\":{\"@id\":\"https:\/\/www.gaveanews.com\/#\/schema\/person\/2ec14f73fb96be2caf28f91afb14749d\"},\"breadcrumb\":{\"@id\":\"https:\/\/www.gaveanews.com\/index.php\/2020\/02\/17\/trio-de-ataque-do-flamengo-tera-que-ser-desfeito-na-primeira-partida-da-recopa\/#breadcrumb\"},\"inLanguage\":\"pt-BR\",\"potentialAction\":[{\"@type\":\"ReadAction\",\"target\":[\"https:\/\/www.gaveanews.com\/index.php\/2020\/02\/17\/trio-de-ataque-do-flamengo-tera-que-ser-desfeito-na-primeira-partida-da-recopa\/\"]}]},{\"@type\":\"ImageObject\",\"inLanguage\":\"pt-BR\",\"@id\":\"https:\/\/www.gaveanews.com\/index.php\/2020\/02\/17\/trio-de-ataque-do-flamengo-tera-que-ser-desfeito-na-primeira-partida-da-recopa\/#primaryimage\",\"url\":\"https:\/\/www.gaveanews.com\/wp-content\/uploads\/Gabigol-em-acao-pelo-Flamengo.webp\",\"contentUrl\":\"https:\/\/www.gaveanews.com\/wp-content\/uploads\/Gabigol-em-acao-pelo-Flamengo.webp\",\"caption\":\"Gabigol em a\u00e7\u00e3o pelo Flamengo (Foto: Alexandre Vidal)\"},{\"@type\":\"BreadcrumbList\",\"@id\":\"https:\/\/www.gaveanews.com\/index.php\/2020\/02\/17\/trio-de-ataque-do-flamengo-tera-que-ser-desfeito-na-primeira-partida-da-recopa\/#breadcrumb\",\"itemListElement\":[{\"@type\":\"ListItem\",\"position\":1,\"name\":\"Home\",\"item\":\"https:\/\/www.gaveanews.com\/\"},{\"@type\":\"ListItem\",\"position\":2,\"name\":\"Trio de ataque do Flamengo ter\u00e1 que ser desfeito na primeira partida da Recopa\"}]},{\"@type\":\"WebSite\",\"@id\":\"https:\/\/www.gaveanews.com\/#website\",\"url\":\"https:\/\/www.gaveanews.com\/\",\"name\":\"G\u00e1vea News\",\"description\":\"Veja todas as not\u00edcias sobre o Flamengo: Contrata\u00e7\u00f5es, categorias de base, resultados das partidas, tabela de classifica\u00e7\u00e3o, pr\u00f3ximos jogos!\",\"potentialAction\":[{\"@type\":\"SearchAction\",\"target\":{\"@type\":\"EntryPoint\",\"urlTemplate\":\"https:\/\/www.gaveanews.com\/?s={search_term_string}\"},\"query-input\":{\"@type\":\"PropertyValueSpecification\",\"valueRequired\":true,\"valueName\":\"search_term_string\"}}],\"inLanguage\":\"pt-BR\"},{\"@type\":\"Person\",\"@id\":\"https:\/\/www.gaveanews.com\/#\/schema\/person\/2ec14f73fb96be2caf28f91afb14749d\",\"name\":\"Equipe G\u00e1vea News\",\"image\":{\"@type\":\"ImageObject\",\"inLanguage\":\"pt-BR\",\"@id\":\"https:\/\/www.gaveanews.com\/#\/schema\/person\/image\/\",\"url\":\"https:\/\/secure.gravatar.com\/avatar\/1e1956f1facbffd3f8fa53a326721950116b3b9dc9bd44939c01180fd4a745a9?s=96&d=mm&r=g\",\"contentUrl\":\"https:\/\/secure.gravatar.com\/avatar\/1e1956f1facbffd3f8fa53a326721950116b3b9dc9bd44939c01180fd4a745a9?s=96&d=mm&r=g\",\"caption\":\"Equipe G\u00e1vea News\"}}]}<\/script>\n<!-- \/ Yoast SEO Premium plugin. -->","yoast_head_json":{"title":"Trio de ataque do Flamengo ter\u00e1 que ser desfeito na primeira partida da Recopa","robots":{"index":"index","follow":"follow","max-snippet":"max-snippet:-1","max-image-preview":"max-image-preview:large","max-video-preview":"max-video-preview:-1"},"canonical":"https:\/\/www.gaveanews.com\/index.php\/2020\/02\/17\/trio-de-ataque-do-flamengo-tera-que-ser-desfeito-na-primeira-partida-da-recopa\/","og_locale":"pt_BR","og_type":"article","og_title":"Trio de ataque do Flamengo ter\u00e1 que ser desfeito na primeira partida da Recopa","og_description":"Bruno Henrique, Gabigol e Arrascaeta. O trio segue fren\u00e9tico e a toada de 2019, quando conduziu o Flamengo aos t\u00edtulos do Carioca, do Brasileiro e da Libertadores. Neste domingo, diante do Athletico-PR, a vit\u00f3ria por 3 a 0 se deu gra\u00e7as a um gol de cada e levou o time \u00e0 in\u00e9dita ta\u00e7a da Supercopa [&hellip;]","og_url":"https:\/\/www.gaveanews.com\/index.php\/2020\/02\/17\/trio-de-ataque-do-flamengo-tera-que-ser-desfeito-na-primeira-partida-da-recopa\/","og_site_name":"G\u00e1vea News","article_publisher":"https:\/\/facebook.com\/gaveaNews\/","article_published_time":"2020-02-17T13:53:25+00:00","article_modified_time":"2020-02-17T13:53:27+00:00","og_image":[{"url":"https:\/\/www.gaveanews.com\/wp-content\/uploads\/Gabigol-em-acao-pelo-Flamengo.webp","width":1,"height":1,"type":"image\/jpeg"}],"author":"Equipe G\u00e1vea News","twitter_card":"summary_large_image","twitter_misc":{"Escrito por":"Equipe G\u00e1vea News","Est. tempo de leitura":"2 minutos"},"schema":{"@context":"https:\/\/schema.org","@graph":[{"@type":"NewsArticle","@id":"https:\/\/www.gaveanews.com\/index.php\/2020\/02\/17\/trio-de-ataque-do-flamengo-tera-que-ser-desfeito-na-primeira-partida-da-recopa\/#article","isPartOf":{"@id":"https:\/\/www.gaveanews.com\/index.php\/2020\/02\/17\/trio-de-ataque-do-flamengo-tera-que-ser-desfeito-na-primeira-partida-da-recopa\/"},"author":{"name":"Equipe G\u00e1vea News","@id":"https:\/\/www.gaveanews.com\/#\/schema\/person\/2ec14f73fb96be2caf28f91afb14749d"},"headline":"Trio de ataque do Flamengo ter\u00e1 que ser desfeito na primeira partida da Recopa","datePublished":"2020-02-17T13:53:25+00:00","dateModified":"2020-02-17T13:53:27+00:00","mainEntityOfPage":{"@id":"https:\/\/www.gaveanews.com\/index.php\/2020\/02\/17\/trio-de-ataque-do-flamengo-tera-que-ser-desfeito-na-primeira-partida-da-recopa\/"},"wordCount":383,"commentCount":28,"image":{"@id":"https:\/\/www.gaveanews.com\/index.php\/2020\/02\/17\/trio-de-ataque-do-flamengo-tera-que-ser-desfeito-na-primeira-partida-da-recopa\/#primaryimage"},"thumbnailUrl":"https:\/\/www.gaveanews.com\/wp-content\/uploads\/Gabigol-em-acao-pelo-Flamengo.webp","articleSection":["Flamengo"],"inLanguage":"pt-BR","potentialAction":[{"@type":"CommentAction","name":"Comment","target":["https:\/\/www.gaveanews.com\/index.php\/2020\/02\/17\/trio-de-ataque-do-flamengo-tera-que-ser-desfeito-na-primeira-partida-da-recopa\/#respond"]}],"copyrightYear":"2020","copyrightHolder":{"@id":"https:\/\/www.gaveanews.com\/#organization"}},{"@type":"WebPage","@id":"https:\/\/www.gaveanews.com\/index.php\/2020\/02\/17\/trio-de-ataque-do-flamengo-tera-que-ser-desfeito-na-primeira-partida-da-recopa\/","url":"https:\/\/www.gaveanews.com\/index.php\/2020\/02\/17\/trio-de-ataque-do-flamengo-tera-que-ser-desfeito-na-primeira-partida-da-recopa\/","name":"Trio de ataque do Flamengo ter\u00e1 que ser desfeito na primeira partida da Recopa","isPartOf":{"@id":"https:\/\/www.gaveanews.com\/#website"},"primaryImageOfPage":{"@id":"https:\/\/www.gaveanews.com\/index.php\/2020\/02\/17\/trio-de-ataque-do-flamengo-tera-que-ser-desfeito-na-primeira-partida-da-recopa\/#primaryimage"},"image":{"@id":"https:\/\/www.gaveanews.com\/index.php\/2020\/02\/17\/trio-de-ataque-do-flamengo-tera-que-ser-desfeito-na-primeira-partida-da-recopa\/#primaryimage"},"thumbnailUrl":"https:\/\/www.gaveanews.com\/wp-content\/uploads\/Gabigol-em-acao-pelo-Flamengo.webp","datePublished":"2020-02-17T13:53:25+00:00","dateModified":"2020-02-17T13:53:27+00:00","author":{"@id":"https:\/\/www.gaveanews.com\/#\/schema\/person\/2ec14f73fb96be2caf28f91afb14749d"},"breadcrumb":{"@id":"https:\/\/www.gaveanews.com\/index.php\/2020\/02\/17\/trio-de-ataque-do-flamengo-tera-que-ser-desfeito-na-primeira-partida-da-recopa\/#breadcrumb"},"inLanguage":"pt-BR","potentialAction":[{"@type":"ReadAction","target":["https:\/\/www.gaveanews.com\/index.php\/2020\/02\/17\/trio-de-ataque-do-flamengo-tera-que-ser-desfeito-na-primeira-partida-da-recopa\/"]}]},{"@type":"ImageObject","inLanguage":"pt-BR","@id":"https:\/\/www.gaveanews.com\/index.php\/2020\/02\/17\/trio-de-ataque-do-flamengo-tera-que-ser-desfeito-na-primeira-partida-da-recopa\/#primaryimage","url":"https:\/\/www.gaveanews.com\/wp-content\/uploads\/Gabigol-em-acao-pelo-Flamengo.webp","contentUrl":"https:\/\/www.gaveanews.com\/wp-content\/uploads\/Gabigol-em-acao-pelo-Flamengo.webp","caption":"Gabigol em a\u00e7\u00e3o pelo Flamengo (Foto: Alexandre Vidal)"},{"@type":"BreadcrumbList","@id":"https:\/\/www.gaveanews.com\/index.php\/2020\/02\/17\/trio-de-ataque-do-flamengo-tera-que-ser-desfeito-na-primeira-partida-da-recopa\/#breadcrumb","itemListElement":[{"@type":"ListItem","position":1,"name":"Home","item":"https:\/\/www.gaveanews.com\/"},{"@type":"ListItem","position":2,"name":"Trio de ataque do Flamengo ter\u00e1 que ser desfeito na primeira partida da Recopa"}]},{"@type":"WebSite","@id":"https:\/\/www.gaveanews.com\/#website","url":"https:\/\/www.gaveanews.com\/","name":"G\u00e1vea News","description":"Veja todas as not\u00edcias sobre o Flamengo: Contrata\u00e7\u00f5es, categorias de base, resultados das partidas, tabela de classifica\u00e7\u00e3o, pr\u00f3ximos jogos!","potentialAction":[{"@type":"SearchAction","target":{"@type":"EntryPoint","urlTemplate":"https:\/\/www.gaveanews.com\/?s={search_term_string}"},"query-input":{"@type":"PropertyValueSpecification","valueRequired":true,"valueName":"search_term_string"}}],"inLanguage":"pt-BR"},{"@type":"Person","@id":"https:\/\/www.gaveanews.com\/#\/schema\/person\/2ec14f73fb96be2caf28f91afb14749d","name":"Equipe G\u00e1vea News","image":{"@type":"ImageObject","inLanguage":"pt-BR","@id":"https:\/\/www.gaveanews.com\/#\/schema\/person\/image\/","url":"https:\/\/secure.gravatar.com\/avatar\/1e1956f1facbffd3f8fa53a326721950116b3b9dc9bd44939c01180fd4a745a9?s=96&d=mm&r=g","contentUrl":"https:\/\/secure.gravatar.com\/avatar\/1e1956f1facbffd3f8fa53a326721950116b3b9dc9bd44939c01180fd4a745a9?s=96&d=mm&r=g","caption":"Equipe G\u00e1vea News"}}]}},"_links":{"self":[{"href":"https:\/\/www.gaveanews.com\/index.php\/wp-json\/wp\/v2\/posts\/37109","targetHints":{"allow":["GET"]}}],"collection":[{"href":"https:\/\/www.gaveanews.com\/index.php\/wp-json\/wp\/v2\/posts"}],"about":[{"href":"https:\/\/www.gaveanews.com\/index.php\/wp-json\/wp\/v2\/types\/post"}],"author":[{"embeddable":true,"href":"https:\/\/www.gaveanews.com\/index.php\/wp-json\/wp\/v2\/users\/1"}],"replies":[{"embeddable":true,"href":"https:\/\/www.gaveanews.com\/index.php\/wp-json\/wp\/v2\/comments?post=37109"}],"version-history":[{"count":0,"href":"https:\/\/www.gaveanews.com\/index.php\/wp-json\/wp\/v2\/posts\/37109\/revisions"}],"wp:featuredmedia":[{"embeddable":true,"href":"https:\/\/www.gaveanews.com\/index.php\/wp-json\/wp\/v2\/media\/36483"}],"wp:attachment":[{"href":"https:\/\/www.gaveanews.com\/index.php\/wp-json\/wp\/v2\/media?parent=37109"}],"wp:term":[{"taxonomy":"category","embeddable":true,"href":"https:\/\/www.gaveanews.com\/index.php\/wp-json\/wp\/v2\/categories?post=37109"},{"taxonomy":"post_tag","embeddable":true,"href":"https:\/\/www.gaveanews.com\/index.php\/wp-json\/wp\/v2\/tags?post=37109"}],"curies":[{"name":"wp","href":"https:\/\/api.w.org\/{rel}","templated":true}]}}